{"id":10078,"date":"2019-08-04T10:30:39","date_gmt":"2019-08-04T13:30:39","guid":{"rendered":"http:\/\/srv.portalnpm.com.br\/?p=10078"},"modified":"2019-08-04T10:30:39","modified_gmt":"2019-08-04T13:30:39","slug":"picos-deficiente-fisico-tem-cadeira-de-rodas-furtada-no-bairro-morada-nova","status":"publish","type":"post","link":"https:\/\/portalnpm.com\/index.php\/2019\/08\/04\/picos-deficiente-fisico-tem-cadeira-de-rodas-furtada-no-bairro-morada-nova\/","title":{"rendered":"PICOS | Deficiente f\u00edsico tem cadeira de rodas furtada no bairro Morada Nova"},"content":{"rendered":"<p>Foto em destaque: Reprodu\u00e7\u00e3o<\/p>\n<p style=\"text-align: justify;\">Devido a um acidente de tr\u00e2nsito, o senhor Jos\u00e9 Rodrigues, ficou com uma defici\u00eancia nas pernas, \u00e9 o que o faz andar de cadeira de rodas. Na madrugada deste s\u00e1bado (3), ele teve sua cadeira de rodas furtada no bairro Morada Nova. O cadeirante disse para a nossa reportagem que deixou a cadeira de rodas no quintal da casa de sua namorada, e quando retornou para buscar, a cadeira n\u00e3o estava mais no local. At\u00e9 o momento ningu\u00e9m tem informa\u00e7\u00f5es de quem levou a cadeira de rodas.<\/p>\n<p style=\"text-align: justify;\">\u201c\u00c0 pessoa que tem coragem de roubar uma cadeira de um deficiente n\u00e3o \u00e9 cidad\u00e3o, n\u00e3o \u00e9 crist\u00e3o, eu gostava tanto da minha cadeirinha, de eu andar, eu vendia galinha com ela na feira, eu n\u00e3o caminho ainda devido ao acidente\u201d, contou.<\/p>\n<p style=\"text-align: justify;\">Rodrigues ganhou a cadeira de rodas logo ap\u00f3s ter sofrido o acidente, ele faz um apelo para quem furtou a sua cadeira que entregue, pois o mesmo precisa da cadeira para trabalhar. \u201c Eu botava umas galinhas e pintinhos em uma gaiola e saia vendendo na rua, minha cadeirinha \u00e9 meu ganha p\u00e3o\u201d.<\/p>\n<p style=\"text-align: justify;\">O cadeirante faz um alerta quem souber de algu\u00e9m vendendo uma cadeira de rodas simples, de cama de ar e com enrolamento, procurar a pol\u00edcia.<\/p>\n<p style=\"text-align: justify;\"><strong>FONTE: Grande Picos<\/strong><\/p>\n","protected":false},"excerpt":{"rendered":"<p>Foto em destaque: Reprodu\u00e7\u00e3o Devido a um acidente de tr\u00e2nsito, o senhor Jos\u00e9 Rodrigues, ficou com uma defici\u00eancia nas pernas, \u00e9 o que o faz andar de cadeira de rodas. Na madrugada deste s\u00e1bado (3), ele teve sua cadeira de rodas furtada no bairro Morada Nova. O cadeirante disse para a nossa reportagem que deixou &hellip;<\/p>\n","protected":false},"author":3,"featured_media":10079,"comment_status":"open","ping_status":"open","sticky":false,"template":"","format":"standard","meta":{"content-type":"","rop_custom_images_group":[],"rop_custom_messages_group":[],"rop_publish_now":"initial","rop_publish_now_accounts":{"facebook_2648258775420054_1618374048415101":""},"rop_publish_now_history":[],"rop_publish_now_status":"pending","footnotes":"","_jetpack_memberships_contains_paid_content":false},"categories":[125,127],"tags":[3142,128,3143],"yoast_head":"<!-- This site is optimized with the Yoast SEO plugin v22.3 - https:\/\/yoast.com\/wordpress\/plugins\/seo\/ -->\n<title>PICOS | Deficiente f\u00edsico tem cadeira de rodas furtada no bairro Morada Nova - Portal NPM<\/title>\n<meta name=\"robots\" content=\"index, follow, max-snippet:-1, max-image-preview:large, max-video-preview:-1\" \/>\n<link rel=\"canonical\" href=\"https:\/\/portalnpm.com\/index.php\/2019\/08\/04\/picos-deficiente-fisico-tem-cadeira-de-rodas-furtada-no-bairro-morada-nova\/\" \/>\n<meta property=\"og:locale\" content=\"pt_BR\" \/>\n<meta property=\"og:type\" content=\"article\" \/>\n<meta property=\"og:title\" content=\"PICOS | Deficiente f\u00edsico tem cadeira de rodas furtada no bairro Morada Nova - Portal NPM\" \/>\n<meta property=\"og:description\" content=\"Foto em destaque: Reprodu\u00e7\u00e3o Devido a um acidente de tr\u00e2nsito, o senhor Jos\u00e9 Rodrigues, ficou com uma defici\u00eancia nas pernas, \u00e9 o que o faz andar de cadeira de rodas. Na madrugada deste s\u00e1bado (3), ele teve sua cadeira de rodas furtada no bairro Morada Nova. O cadeirante disse para a nossa reportagem que deixou &hellip;\" \/>\n<meta property=\"og:url\" content=\"https:\/\/portalnpm.com\/index.php\/2019\/08\/04\/picos-deficiente-fisico-tem-cadeira-de-rodas-furtada-no-bairro-morada-nova\/\" \/>\n<meta property=\"og:site_name\" content=\"Portal NPM\" \/>\n<meta property=\"article:published_time\" content=\"2019-08-04T13:30:39+00:00\" \/>\n<meta name=\"author\" content=\"Luis Alberto\" \/>\n<meta name=\"twitter:card\" content=\"summary_large_image\" \/>\n<meta name=\"twitter:label1\" content=\"Escrito por\" \/>\n\t<meta name=\"twitter:data1\" content=\"Luis Alberto\" \/>\n\t<meta name=\"twitter:label2\" content=\"Est. tempo de leitura\" \/>\n\t<meta name=\"twitter:data2\" content=\"1 minuto\" \/>\n<script type=\"application\/ld+json\" class=\"yoast-schema-graph\">{\"@context\":\"https:\/\/schema.org\",\"@graph\":[{\"@type\":\"WebPage\",\"@id\":\"https:\/\/portalnpm.com\/index.php\/2019\/08\/04\/picos-deficiente-fisico-tem-cadeira-de-rodas-furtada-no-bairro-morada-nova\/\",\"url\":\"https:\/\/portalnpm.com\/index.php\/2019\/08\/04\/picos-deficiente-fisico-tem-cadeira-de-rodas-furtada-no-bairro-morada-nova\/\",\"name\":\"PICOS | Deficiente f\u00edsico tem cadeira de rodas furtada no bairro Morada Nova - Portal NPM\",\"isPartOf\":{\"@id\":\"https:\/\/portalnpm.com\/#website\"},\"primaryImageOfPage\":{\"@id\":\"https:\/\/portalnpm.com\/index.php\/2019\/08\/04\/picos-deficiente-fisico-tem-cadeira-de-rodas-furtada-no-bairro-morada-nova\/#primaryimage\"},\"image\":{\"@id\":\"https:\/\/portalnpm.com\/index.php\/2019\/08\/04\/picos-deficiente-fisico-tem-cadeira-de-rodas-furtada-no-bairro-morada-nova\/#primaryimage\"},\"thumbnailUrl\":\"\",\"datePublished\":\"2019-08-04T13:30:39+00:00\",\"dateModified\":\"2019-08-04T13:30:39+00:00\",\"author\":{\"@id\":\"https:\/\/portalnpm.com\/#\/schema\/person\/5c8006acdf71774cd4e7a5ab98482152\"},\"breadcrumb\":{\"@id\":\"https:\/\/portalnpm.com\/index.php\/2019\/08\/04\/picos-deficiente-fisico-tem-cadeira-de-rodas-furtada-no-bairro-morada-nova\/#breadcrumb\"},\"inLanguage\":\"pt-BR\",\"potentialAction\":[{\"@type\":\"ReadAction\",\"target\":[\"https:\/\/portalnpm.com\/index.php\/2019\/08\/04\/picos-deficiente-fisico-tem-cadeira-de-rodas-furtada-no-bairro-morada-nova\/\"]}]},{\"@type\":\"ImageObject\",\"inLanguage\":\"pt-BR\",\"@id\":\"https:\/\/portalnpm.com\/index.php\/2019\/08\/04\/picos-deficiente-fisico-tem-cadeira-de-rodas-furtada-no-bairro-morada-nova\/#primaryimage\",\"url\":\"\",\"contentUrl\":\"\"},{\"@type\":\"BreadcrumbList\",\"@id\":\"https:\/\/portalnpm.com\/index.php\/2019\/08\/04\/picos-deficiente-fisico-tem-cadeira-de-rodas-furtada-no-bairro-morada-nova\/#breadcrumb\",\"itemListElement\":[{\"@type\":\"ListItem\",\"position\":1,\"name\":\"In\u00edcio\",\"item\":\"https:\/\/portalnpm.com\/\"},{\"@type\":\"ListItem\",\"position\":2,\"name\":\"PICOS | Deficiente f\u00edsico tem cadeira de rodas furtada no bairro Morada Nova\"}]},{\"@type\":\"WebSite\",\"@id\":\"https:\/\/portalnpm.com\/#website\",\"url\":\"https:\/\/portalnpm.com\/\",\"name\":\"Portal NPM\",\"description\":\"Not\u00edcias em Primeira M\u00e3o\",\"potentialAction\":[{\"@type\":\"SearchAction\",\"target\":{\"@type\":\"EntryPoint\",\"urlTemplate\":\"https:\/\/portalnpm.com\/?s={search_term_string}\"},\"query-input\":\"required name=search_term_string\"}],\"inLanguage\":\"pt-BR\"},{\"@type\":\"Person\",\"@id\":\"https:\/\/portalnpm.com\/#\/schema\/person\/5c8006acdf71774cd4e7a5ab98482152\",\"name\":\"Luis Alberto\",\"image\":{\"@type\":\"ImageObject\",\"inLanguage\":\"pt-BR\",\"@id\":\"https:\/\/portalnpm.com\/#\/schema\/person\/image\/\",\"url\":\"https:\/\/portalnpm.com\/wp-content\/uploads\/2024\/12\/avatar_user_3_1734699769-96x96.jpeg\",\"contentUrl\":\"https:\/\/portalnpm.com\/wp-content\/uploads\/2024\/12\/avatar_user_3_1734699769-96x96.jpeg\",\"caption\":\"Luis Alberto\"},\"description\":\"Editor-geral do Portal NPM, \u00e9 formado como T\u00e9cnico em Seguran\u00e7a do Trabalho pela Escola Metropolitana de Cursos T\u00e9cnicos. Det\u00e9m ainda licenciatura em Educa\u00e7\u00e3o F\u00edsica e bacharelado em Ci\u00eancias Pol\u00edticas, ambos obtidos pela institui\u00e7\u00e3o Anhanguera\/UNOPAR.\",\"url\":\"https:\/\/portalnpm.com\/index.php\/author\/pereira\/\"}]}<\/script>\n<!-- \/ Yoast SEO plugin. -->","yoast_head_json":{"title":"PICOS | Deficiente f\u00edsico tem cadeira de rodas furtada no bairro Morada Nova - Portal NPM","robots":{"index":"index","follow":"follow","max-snippet":"max-snippet:-1","max-image-preview":"max-image-preview:large","max-video-preview":"max-video-preview:-1"},"canonical":"https:\/\/portalnpm.com\/index.php\/2019\/08\/04\/picos-deficiente-fisico-tem-cadeira-de-rodas-furtada-no-bairro-morada-nova\/","og_locale":"pt_BR","og_type":"article","og_title":"PICOS | Deficiente f\u00edsico tem cadeira de rodas furtada no bairro Morada Nova - Portal NPM","og_description":"Foto em destaque: Reprodu\u00e7\u00e3o Devido a um acidente de tr\u00e2nsito, o senhor Jos\u00e9 Rodrigues, ficou com uma defici\u00eancia nas pernas, \u00e9 o que o faz andar de cadeira de rodas. Na madrugada deste s\u00e1bado (3), ele teve sua cadeira de rodas furtada no bairro Morada Nova. O cadeirante disse para a nossa reportagem que deixou &hellip;","og_url":"https:\/\/portalnpm.com\/index.php\/2019\/08\/04\/picos-deficiente-fisico-tem-cadeira-de-rodas-furtada-no-bairro-morada-nova\/","og_site_name":"Portal NPM","article_published_time":"2019-08-04T13:30:39+00:00","author":"Luis Alberto","twitter_card":"summary_large_image","twitter_misc":{"Escrito por":"Luis Alberto","Est. tempo de leitura":"1 minuto"},"schema":{"@context":"https:\/\/schema.org","@graph":[{"@type":"WebPage","@id":"https:\/\/portalnpm.com\/index.php\/2019\/08\/04\/picos-deficiente-fisico-tem-cadeira-de-rodas-furtada-no-bairro-morada-nova\/","url":"https:\/\/portalnpm.com\/index.php\/2019\/08\/04\/picos-deficiente-fisico-tem-cadeira-de-rodas-furtada-no-bairro-morada-nova\/","name":"PICOS | Deficiente f\u00edsico tem cadeira de rodas furtada no bairro Morada Nova - Portal NPM","isPartOf":{"@id":"https:\/\/portalnpm.com\/#website"},"primaryImageOfPage":{"@id":"https:\/\/portalnpm.com\/index.php\/2019\/08\/04\/picos-deficiente-fisico-tem-cadeira-de-rodas-furtada-no-bairro-morada-nova\/#primaryimage"},"image":{"@id":"https:\/\/portalnpm.com\/index.php\/2019\/08\/04\/picos-deficiente-fisico-tem-cadeira-de-rodas-furtada-no-bairro-morada-nova\/#primaryimage"},"thumbnailUrl":"","datePublished":"2019-08-04T13:30:39+00:00","dateModified":"2019-08-04T13:30:39+00:00","author":{"@id":"https:\/\/portalnpm.com\/#\/schema\/person\/5c8006acdf71774cd4e7a5ab98482152"},"breadcrumb":{"@id":"https:\/\/portalnpm.com\/index.php\/2019\/08\/04\/picos-deficiente-fisico-tem-cadeira-de-rodas-furtada-no-bairro-morada-nova\/#breadcrumb"},"inLanguage":"pt-BR","potentialAction":[{"@type":"ReadAction","target":["https:\/\/portalnpm.com\/index.php\/2019\/08\/04\/picos-deficiente-fisico-tem-cadeira-de-rodas-furtada-no-bairro-morada-nova\/"]}]},{"@type":"ImageObject","inLanguage":"pt-BR","@id":"https:\/\/portalnpm.com\/index.php\/2019\/08\/04\/picos-deficiente-fisico-tem-cadeira-de-rodas-furtada-no-bairro-morada-nova\/#primaryimage","url":"","contentUrl":""},{"@type":"BreadcrumbList","@id":"https:\/\/portalnpm.com\/index.php\/2019\/08\/04\/picos-deficiente-fisico-tem-cadeira-de-rodas-furtada-no-bairro-morada-nova\/#breadcrumb","itemListElement":[{"@type":"ListItem","position":1,"name":"In\u00edcio","item":"https:\/\/portalnpm.com\/"},{"@type":"ListItem","position":2,"name":"PICOS | Deficiente f\u00edsico tem cadeira de rodas furtada no bairro Morada Nova"}]},{"@type":"WebSite","@id":"https:\/\/portalnpm.com\/#website","url":"https:\/\/portalnpm.com\/","name":"Portal NPM","description":"Not\u00edcias em Primeira M\u00e3o","potentialAction":[{"@type":"SearchAction","target":{"@type":"EntryPoint","urlTemplate":"https:\/\/portalnpm.com\/?s={search_term_string}"},"query-input":"required name=search_term_string"}],"inLanguage":"pt-BR"},{"@type":"Person","@id":"https:\/\/portalnpm.com\/#\/schema\/person\/5c8006acdf71774cd4e7a5ab98482152","name":"Luis Alberto","image":{"@type":"ImageObject","inLanguage":"pt-BR","@id":"https:\/\/portalnpm.com\/#\/schema\/person\/image\/","url":"https:\/\/portalnpm.com\/wp-content\/uploads\/2024\/12\/avatar_user_3_1734699769-96x96.jpeg","contentUrl":"https:\/\/portalnpm.com\/wp-content\/uploads\/2024\/12\/avatar_user_3_1734699769-96x96.jpeg","caption":"Luis Alberto"},"description":"Editor-geral do Portal NPM, \u00e9 formado como T\u00e9cnico em Seguran\u00e7a do Trabalho pela Escola Metropolitana de Cursos T\u00e9cnicos. Det\u00e9m ainda licenciatura em Educa\u00e7\u00e3o F\u00edsica e bacharelado em Ci\u00eancias Pol\u00edticas, ambos obtidos pela institui\u00e7\u00e3o Anhanguera\/UNOPAR.","url":"https:\/\/portalnpm.com\/index.php\/author\/pereira\/"}]}},"jetpack_sharing_enabled":true,"jetpack_featured_media_url":"","_links":{"self":[{"href":"https:\/\/portalnpm.com\/index.php\/wp-json\/wp\/v2\/posts\/10078"}],"collection":[{"href":"https:\/\/portalnpm.com\/index.php\/wp-json\/wp\/v2\/posts"}],"about":[{"href":"https:\/\/portalnpm.com\/index.php\/wp-json\/wp\/v2\/types\/post"}],"author":[{"embeddable":true,"href":"https:\/\/portalnpm.com\/index.php\/wp-json\/wp\/v2\/users\/3"}],"replies":[{"embeddable":true,"href":"https:\/\/portalnpm.com\/index.php\/wp-json\/wp\/v2\/comments?post=10078"}],"version-history":[{"count":0,"href":"https:\/\/portalnpm.com\/index.php\/wp-json\/wp\/v2\/posts\/10078\/revisions"}],"wp:featuredmedia":[{"embeddable":true,"href":"https:\/\/portalnpm.com\/index.php\/wp-json\/"}],"wp:attachment":[{"href":"https:\/\/portalnpm.com\/index.php\/wp-json\/wp\/v2\/media?parent=10078"}],"wp:term":[{"taxonomy":"category","embeddable":true,"href":"https:\/\/portalnpm.com\/index.php\/wp-json\/wp\/v2\/categories?post=10078"},{"taxonomy":"post_tag","embeddable":true,"href":"https:\/\/portalnpm.com\/index.php\/wp-json\/wp\/v2\/tags?post=10078"}],"curies":[{"name":"wp","href":"https:\/\/api.w.org\/{rel}","templated":true}]}}