{"id":10135,"date":"2019-08-07T11:57:31","date_gmt":"2019-08-07T14:57:31","guid":{"rendered":"http:\/\/srv.portalnpm.com.br\/?p=10135"},"modified":"2019-08-07T11:57:31","modified_gmt":"2019-08-07T14:57:31","slug":"caso-importado-de-sarampo-e-detectado-em-crianca-de-campo-grande-do-piaui","status":"publish","type":"post","link":"https:\/\/portalnpm.com\/index.php\/2019\/08\/07\/caso-importado-de-sarampo-e-detectado-em-crianca-de-campo-grande-do-piaui\/","title":{"rendered":"Caso importado de sarampo \u00e9 detectado em crian\u00e7a de Campo Grande do Piau\u00ed"},"content":{"rendered":"<figure id=\"attachment_10137\" aria-describedby=\"caption-attachment-10137\" style=\"width: 800px\" class=\"wp-caption alignnone\"><img fetchpriority=\"high\" decoding=\"async\" class=\"size-full wp-image-10137\" src=\"http:\/\/portalnpm.com\/wp-content\/uploads\/2019\/08\/10-53-05-P40G-IMG-e4729d628ca8c0e67f-800x445-1.jpg\" alt=\"\" width=\"800\" height=\"445\" \/><figcaption id=\"caption-attachment-10137\" class=\"wp-caption-text\">Reprodu\u00e7\u00e3o<\/figcaption><\/figure>\n<p style=\"text-align: justify;\">Membros da \u00e1rea t\u00e9cnica da Secretaria de Estado da Sa\u00fade (Sesapi) tomaram conhecimento nesta ter\u00e7a-feira (06) de um caso de sarampo no munic\u00edpio de Campo Grande, na regi\u00e3o Sudeste do Piau\u00ed, onde os exames indicaram uma infec\u00e7\u00e3o recente. No entanto, o caso n\u00e3o \u00e9 pr\u00f3prio do estado, uma vez que a crian\u00e7a de um ano de idade foi infectada pelo v\u00edrus durante a sua estadia recente no estado de S\u00e3o Paulo.<\/p>\n<p style=\"text-align: justify;\">Segundo pesquisa da secretaria, a crian\u00e7a e sua m\u00e3e teriam retornado de S\u00e3o Paulo e ao chegarem no munic\u00edpio de Campo Grande, onde residem, a crian\u00e7a teria come\u00e7ado a apresentar os sintomas da doen\u00e7a, com um quadro de febre, tosse e corisa. A crian\u00e7a foi levada para a Unidade Mista de Campo Grande e ent\u00e3o encaminhada para o Hospital Regional de Picos. Ap\u00f3s a realiza\u00e7\u00e3o dos exames, foi comprovada uma infec\u00e7\u00e3o recente pelo v\u00edrus.<\/p>\n<p style=\"text-align: justify;\">Am\u00e9lia Costa, coordenadora de epidemiologia da Sesapi, explica que este \u00e9 o 5\u00b0 caso suspeito de sarampo mas o primeiro confirmado, no entanto, ela chama a aten\u00e7\u00e3o para o fato do caso se tratar de um caso importado, onde a infec\u00e7\u00e3o n\u00e3o aconteceu no Piau\u00ed e sim em S\u00e3o Paulo, proveniente do v\u00edrus que atualmente circula na Venezuela.<\/p>\n<p style=\"text-align: justify;\">\u201cAl\u00e9m de a crian\u00e7a j\u00e1 retornar para o Piau\u00ed tendo sido infectada pelo v\u00edrus em S\u00e3o Paulo, ela tamb\u00e9m n\u00e3o foi imunizada. N\u00f3s tomamos ci\u00eancia da situa\u00e7\u00e3o atrav\u00e9s do hospital de Picos, e a Sesapi j\u00e1 tomou as medidas de fiscaliza\u00e7\u00e3o e acompanhamentos necess\u00e1rio do caso, fazendo o bloqueio de todas as \u00e1reas onde a crian\u00e7a transitou no estado\u201d, fala Am\u00e9lia. Bloqueio se refere ao fato de promover a vacina\u00e7\u00e3o em todos os locais onde a crian\u00e7a esteve presente, a fim de evitar o surgimento de novos casos.<\/p>\n<p style=\"text-align: justify;\">\u201cAs a\u00e7\u00f5es de controle j\u00e1 foram todas executadas. \u00c9 preciso refor\u00e7ar ainda que n\u00e3o existe a necessidade de uma vacina\u00e7\u00e3o em massa, a vacina \u00e9 sim importante para o grupo de risco e pessoas que v\u00e3o viajar para localidades onde existem casos confirmados, mas n\u00e3o existe uma necessidade de urg\u00eancia para todos se vacinarem\u201d, refor\u00e7a a coordenadora.<\/p>\n<p style=\"text-align: justify;\"><strong>Vacina\u00e7\u00e3o<\/strong><\/p>\n<p style=\"text-align: justify;\">A vacina\u00e7\u00e3o \u00e9 realizada com a vacina Tr\u00edplice Viral e o Piau\u00ed recebeu do Minist\u00e9rio da Sa\u00fade vacinas suficientes para atender sua popula\u00e7\u00e3o. Caso a pessoa queira, ela pode buscar a unidade de sa\u00fade com seu cart\u00e3o de vacina\u00e7\u00e3o em m\u00e3os, ela ser\u00e1 avaliada e caso necess\u00e1rio receber\u00e1 a imuniza\u00e7\u00e3o.<\/p>\n<p style=\"text-align: justify;\">\u00c9 precisa chamar aten\u00e7\u00e3o ainda que, para os pais que est\u00e3o vacinando suas crian\u00e7as pela primeira vez, \u00e9 preciso cumprir o calend\u00e1rio e aplicar a segunda dose da vacina, para garantir a imuniza\u00e7\u00e3o completa contra a doen\u00e7a. A indica\u00e7\u00e3o \u00e9 que a Vacina\u00e7\u00e3o em beb\u00eas aconte\u00e7a aos 12 meses, e aos 15 meses aconte\u00e7a a aplica\u00e7\u00e3o da segunda dose da vacina.<\/p>\n<p style=\"text-align: justify;\">\u201cAs pessoas n\u00e3o est\u00e3o buscando a 2\u00b0 dose da vacina, precisamos mudar isso, para evitar que ocorra casos de infec\u00e7\u00e3o dentro do estado\u201d, destaca Am\u00e9lia Costa.<\/p>\n<p style=\"text-align: justify;\"><strong>FONTE: Picos 40 graus<\/strong><\/p>\n","protected":false},"excerpt":{"rendered":"<p>Membros da \u00e1rea t\u00e9cnica da Secretaria de Estado da Sa\u00fade (Sesapi) tomaram conhecimento nesta ter\u00e7a-feira (06) de um caso de sarampo no munic\u00edpio de Campo Grande, na regi\u00e3o Sudeste do Piau\u00ed, onde os exames indicaram uma infec\u00e7\u00e3o recente. No entanto, o caso n\u00e3o \u00e9 pr\u00f3prio do estado, uma vez que a crian\u00e7a de um ano &hellip;<\/p>\n","protected":false},"author":3,"featured_media":10136,"comment_status":"open","ping_status":"open","sticky":false,"template":"","format":"standard","meta":{"content-type":"","rop_custom_images_group":[],"rop_custom_messages_group":[],"rop_publish_now":"initial","rop_publish_now_accounts":{"facebook_2648258775420054_1618374048415101":""},"rop_publish_now_history":[],"rop_publish_now_status":"pending","footnotes":"","_jetpack_memberships_contains_paid_content":false},"categories":[138,113,109],"tags":[1660,131,558],"yoast_head":"<!-- This site is optimized with the Yoast SEO plugin v22.3 - https:\/\/yoast.com\/wordpress\/plugins\/seo\/ -->\n<title>Caso importado de sarampo \u00e9 detectado em crian\u00e7a de Campo Grande do Piau\u00ed - Portal NPM<\/title>\n<meta name=\"robots\" content=\"index, follow, max-snippet:-1, max-image-preview:large, max-video-preview:-1\" \/>\n<link rel=\"canonical\" href=\"https:\/\/portalnpm.com\/index.php\/2019\/08\/07\/caso-importado-de-sarampo-e-detectado-em-crianca-de-campo-grande-do-piaui\/\" \/>\n<meta property=\"og:locale\" content=\"pt_BR\" \/>\n<meta property=\"og:type\" content=\"article\" \/>\n<meta property=\"og:title\" content=\"Caso importado de sarampo \u00e9 detectado em crian\u00e7a de Campo Grande do Piau\u00ed - Portal NPM\" \/>\n<meta property=\"og:description\" content=\"Membros da \u00e1rea t\u00e9cnica da Secretaria de Estado da Sa\u00fade (Sesapi) tomaram conhecimento nesta ter\u00e7a-feira (06) de um caso de sarampo no munic\u00edpio de Campo Grande, na regi\u00e3o Sudeste do Piau\u00ed, onde os exames indicaram uma infec\u00e7\u00e3o recente. No entanto, o caso n\u00e3o \u00e9 pr\u00f3prio do estado, uma vez que a crian\u00e7a de um ano &hellip;\" \/>\n<meta property=\"og:url\" content=\"https:\/\/portalnpm.com\/index.php\/2019\/08\/07\/caso-importado-de-sarampo-e-detectado-em-crianca-de-campo-grande-do-piaui\/\" \/>\n<meta property=\"og:site_name\" content=\"Portal NPM\" \/>\n<meta property=\"article:published_time\" content=\"2019-08-07T14:57:31+00:00\" \/>\n<meta name=\"author\" content=\"Luis Alberto\" \/>\n<meta name=\"twitter:card\" content=\"summary_large_image\" \/>\n<meta name=\"twitter:label1\" content=\"Escrito por\" \/>\n\t<meta name=\"twitter:data1\" content=\"Luis Alberto\" \/>\n\t<meta name=\"twitter:label2\" content=\"Est. tempo de leitura\" \/>\n\t<meta name=\"twitter:data2\" content=\"3 minutos\" \/>\n<script type=\"application\/ld+json\" class=\"yoast-schema-graph\">{\"@context\":\"https:\/\/schema.org\",\"@graph\":[{\"@type\":\"WebPage\",\"@id\":\"https:\/\/portalnpm.com\/index.php\/2019\/08\/07\/caso-importado-de-sarampo-e-detectado-em-crianca-de-campo-grande-do-piaui\/\",\"url\":\"https:\/\/portalnpm.com\/index.php\/2019\/08\/07\/caso-importado-de-sarampo-e-detectado-em-crianca-de-campo-grande-do-piaui\/\",\"name\":\"Caso importado de sarampo \u00e9 detectado em crian\u00e7a de Campo Grande do Piau\u00ed - Portal NPM\",\"isPartOf\":{\"@id\":\"https:\/\/portalnpm.com\/#website\"},\"primaryImageOfPage\":{\"@id\":\"https:\/\/portalnpm.com\/index.php\/2019\/08\/07\/caso-importado-de-sarampo-e-detectado-em-crianca-de-campo-grande-do-piaui\/#primaryimage\"},\"image\":{\"@id\":\"https:\/\/portalnpm.com\/index.php\/2019\/08\/07\/caso-importado-de-sarampo-e-detectado-em-crianca-de-campo-grande-do-piaui\/#primaryimage\"},\"thumbnailUrl\":\"\",\"datePublished\":\"2019-08-07T14:57:31+00:00\",\"dateModified\":\"2019-08-07T14:57:31+00:00\",\"author\":{\"@id\":\"https:\/\/portalnpm.com\/#\/schema\/person\/5c8006acdf71774cd4e7a5ab98482152\"},\"breadcrumb\":{\"@id\":\"https:\/\/portalnpm.com\/index.php\/2019\/08\/07\/caso-importado-de-sarampo-e-detectado-em-crianca-de-campo-grande-do-piaui\/#breadcrumb\"},\"inLanguage\":\"pt-BR\",\"potentialAction\":[{\"@type\":\"ReadAction\",\"target\":[\"https:\/\/portalnpm.com\/index.php\/2019\/08\/07\/caso-importado-de-sarampo-e-detectado-em-crianca-de-campo-grande-do-piaui\/\"]}]},{\"@type\":\"ImageObject\",\"inLanguage\":\"pt-BR\",\"@id\":\"https:\/\/portalnpm.com\/index.php\/2019\/08\/07\/caso-importado-de-sarampo-e-detectado-em-crianca-de-campo-grande-do-piaui\/#primaryimage\",\"url\":\"\",\"contentUrl\":\"\"},{\"@type\":\"BreadcrumbList\",\"@id\":\"https:\/\/portalnpm.com\/index.php\/2019\/08\/07\/caso-importado-de-sarampo-e-detectado-em-crianca-de-campo-grande-do-piaui\/#breadcrumb\",\"itemListElement\":[{\"@type\":\"ListItem\",\"position\":1,\"name\":\"In\u00edcio\",\"item\":\"https:\/\/portalnpm.com\/\"},{\"@type\":\"ListItem\",\"position\":2,\"name\":\"Caso importado de sarampo \u00e9 detectado em crian\u00e7a de Campo Grande do Piau\u00ed\"}]},{\"@type\":\"WebSite\",\"@id\":\"https:\/\/portalnpm.com\/#website\",\"url\":\"https:\/\/portalnpm.com\/\",\"name\":\"Portal NPM\",\"description\":\"Not\u00edcias em Primeira M\u00e3o\",\"potentialAction\":[{\"@type\":\"SearchAction\",\"target\":{\"@type\":\"EntryPoint\",\"urlTemplate\":\"https:\/\/portalnpm.com\/?s={search_term_string}\"},\"query-input\":\"required name=search_term_string\"}],\"inLanguage\":\"pt-BR\"},{\"@type\":\"Person\",\"@id\":\"https:\/\/portalnpm.com\/#\/schema\/person\/5c8006acdf71774cd4e7a5ab98482152\",\"name\":\"Luis Alberto\",\"image\":{\"@type\":\"ImageObject\",\"inLanguage\":\"pt-BR\",\"@id\":\"https:\/\/portalnpm.com\/#\/schema\/person\/image\/\",\"url\":\"https:\/\/portalnpm.com\/wp-content\/uploads\/2024\/12\/avatar_user_3_1734699769-96x96.jpeg\",\"contentUrl\":\"https:\/\/portalnpm.com\/wp-content\/uploads\/2024\/12\/avatar_user_3_1734699769-96x96.jpeg\",\"caption\":\"Luis Alberto\"},\"description\":\"Editor-geral do Portal NPM, \u00e9 formado como T\u00e9cnico em Seguran\u00e7a do Trabalho pela Escola Metropolitana de Cursos T\u00e9cnicos. Det\u00e9m ainda licenciatura em Educa\u00e7\u00e3o F\u00edsica e bacharelado em Ci\u00eancias Pol\u00edticas, ambos obtidos pela institui\u00e7\u00e3o Anhanguera\/UNOPAR.\",\"url\":\"https:\/\/portalnpm.com\/index.php\/author\/pereira\/\"}]}<\/script>\n<!-- \/ Yoast SEO plugin. -->","yoast_head_json":{"title":"Caso importado de sarampo \u00e9 detectado em crian\u00e7a de Campo Grande do Piau\u00ed - Portal NPM","robots":{"index":"index","follow":"follow","max-snippet":"max-snippet:-1","max-image-preview":"max-image-preview:large","max-video-preview":"max-video-preview:-1"},"canonical":"https:\/\/portalnpm.com\/index.php\/2019\/08\/07\/caso-importado-de-sarampo-e-detectado-em-crianca-de-campo-grande-do-piaui\/","og_locale":"pt_BR","og_type":"article","og_title":"Caso importado de sarampo \u00e9 detectado em crian\u00e7a de Campo Grande do Piau\u00ed - Portal NPM","og_description":"Membros da \u00e1rea t\u00e9cnica da Secretaria de Estado da Sa\u00fade (Sesapi) tomaram conhecimento nesta ter\u00e7a-feira (06) de um caso de sarampo no munic\u00edpio de Campo Grande, na regi\u00e3o Sudeste do Piau\u00ed, onde os exames indicaram uma infec\u00e7\u00e3o recente. No entanto, o caso n\u00e3o \u00e9 pr\u00f3prio do estado, uma vez que a crian\u00e7a de um ano &hellip;","og_url":"https:\/\/portalnpm.com\/index.php\/2019\/08\/07\/caso-importado-de-sarampo-e-detectado-em-crianca-de-campo-grande-do-piaui\/","og_site_name":"Portal NPM","article_published_time":"2019-08-07T14:57:31+00:00","author":"Luis Alberto","twitter_card":"summary_large_image","twitter_misc":{"Escrito por":"Luis Alberto","Est. tempo de leitura":"3 minutos"},"schema":{"@context":"https:\/\/schema.org","@graph":[{"@type":"WebPage","@id":"https:\/\/portalnpm.com\/index.php\/2019\/08\/07\/caso-importado-de-sarampo-e-detectado-em-crianca-de-campo-grande-do-piaui\/","url":"https:\/\/portalnpm.com\/index.php\/2019\/08\/07\/caso-importado-de-sarampo-e-detectado-em-crianca-de-campo-grande-do-piaui\/","name":"Caso importado de sarampo \u00e9 detectado em crian\u00e7a de Campo Grande do Piau\u00ed - Portal NPM","isPartOf":{"@id":"https:\/\/portalnpm.com\/#website"},"primaryImageOfPage":{"@id":"https:\/\/portalnpm.com\/index.php\/2019\/08\/07\/caso-importado-de-sarampo-e-detectado-em-crianca-de-campo-grande-do-piaui\/#primaryimage"},"image":{"@id":"https:\/\/portalnpm.com\/index.php\/2019\/08\/07\/caso-importado-de-sarampo-e-detectado-em-crianca-de-campo-grande-do-piaui\/#primaryimage"},"thumbnailUrl":"","datePublished":"2019-08-07T14:57:31+00:00","dateModified":"2019-08-07T14:57:31+00:00","author":{"@id":"https:\/\/portalnpm.com\/#\/schema\/person\/5c8006acdf71774cd4e7a5ab98482152"},"breadcrumb":{"@id":"https:\/\/portalnpm.com\/index.php\/2019\/08\/07\/caso-importado-de-sarampo-e-detectado-em-crianca-de-campo-grande-do-piaui\/#breadcrumb"},"inLanguage":"pt-BR","potentialAction":[{"@type":"ReadAction","target":["https:\/\/portalnpm.com\/index.php\/2019\/08\/07\/caso-importado-de-sarampo-e-detectado-em-crianca-de-campo-grande-do-piaui\/"]}]},{"@type":"ImageObject","inLanguage":"pt-BR","@id":"https:\/\/portalnpm.com\/index.php\/2019\/08\/07\/caso-importado-de-sarampo-e-detectado-em-crianca-de-campo-grande-do-piaui\/#primaryimage","url":"","contentUrl":""},{"@type":"BreadcrumbList","@id":"https:\/\/portalnpm.com\/index.php\/2019\/08\/07\/caso-importado-de-sarampo-e-detectado-em-crianca-de-campo-grande-do-piaui\/#breadcrumb","itemListElement":[{"@type":"ListItem","position":1,"name":"In\u00edcio","item":"https:\/\/portalnpm.com\/"},{"@type":"ListItem","position":2,"name":"Caso importado de sarampo \u00e9 detectado em crian\u00e7a de Campo Grande do Piau\u00ed"}]},{"@type":"WebSite","@id":"https:\/\/portalnpm.com\/#website","url":"https:\/\/portalnpm.com\/","name":"Portal NPM","description":"Not\u00edcias em Primeira M\u00e3o","potentialAction":[{"@type":"SearchAction","target":{"@type":"EntryPoint","urlTemplate":"https:\/\/portalnpm.com\/?s={search_term_string}"},"query-input":"required name=search_term_string"}],"inLanguage":"pt-BR"},{"@type":"Person","@id":"https:\/\/portalnpm.com\/#\/schema\/person\/5c8006acdf71774cd4e7a5ab98482152","name":"Luis Alberto","image":{"@type":"ImageObject","inLanguage":"pt-BR","@id":"https:\/\/portalnpm.com\/#\/schema\/person\/image\/","url":"https:\/\/portalnpm.com\/wp-content\/uploads\/2024\/12\/avatar_user_3_1734699769-96x96.jpeg","contentUrl":"https:\/\/portalnpm.com\/wp-content\/uploads\/2024\/12\/avatar_user_3_1734699769-96x96.jpeg","caption":"Luis Alberto"},"description":"Editor-geral do Portal NPM, \u00e9 formado como T\u00e9cnico em Seguran\u00e7a do Trabalho pela Escola Metropolitana de Cursos T\u00e9cnicos. Det\u00e9m ainda licenciatura em Educa\u00e7\u00e3o F\u00edsica e bacharelado em Ci\u00eancias Pol\u00edticas, ambos obtidos pela institui\u00e7\u00e3o Anhanguera\/UNOPAR.","url":"https:\/\/portalnpm.com\/index.php\/author\/pereira\/"}]}},"jetpack_sharing_enabled":true,"jetpack_featured_media_url":"","_links":{"self":[{"href":"https:\/\/portalnpm.com\/index.php\/wp-json\/wp\/v2\/posts\/10135"}],"collection":[{"href":"https:\/\/portalnpm.com\/index.php\/wp-json\/wp\/v2\/posts"}],"about":[{"href":"https:\/\/portalnpm.com\/index.php\/wp-json\/wp\/v2\/types\/post"}],"author":[{"embeddable":true,"href":"https:\/\/portalnpm.com\/index.php\/wp-json\/wp\/v2\/users\/3"}],"replies":[{"embeddable":true,"href":"https:\/\/portalnpm.com\/index.php\/wp-json\/wp\/v2\/comments?post=10135"}],"version-history":[{"count":0,"href":"https:\/\/portalnpm.com\/index.php\/wp-json\/wp\/v2\/posts\/10135\/revisions"}],"wp:featuredmedia":[{"embeddable":true,"href":"https:\/\/portalnpm.com\/index.php\/wp-json\/"}],"wp:attachment":[{"href":"https:\/\/portalnpm.com\/index.php\/wp-json\/wp\/v2\/media?parent=10135"}],"wp:term":[{"taxonomy":"category","embeddable":true,"href":"https:\/\/portalnpm.com\/index.php\/wp-json\/wp\/v2\/categories?post=10135"},{"taxonomy":"post_tag","embeddable":true,"href":"https:\/\/portalnpm.com\/index.php\/wp-json\/wp\/v2\/tags?post=10135"}],"curies":[{"name":"wp","href":"https:\/\/api.w.org\/{rel}","templated":true}]}}