{"id":10178,"date":"2019-08-12T10:00:14","date_gmt":"2019-08-12T13:00:14","guid":{"rendered":"http:\/\/srv.portalnpm.com.br\/?p=10178"},"modified":"2019-08-12T10:00:14","modified_gmt":"2019-08-12T13:00:14","slug":"candidato-conservador-de-direita-e-eleito-presidente-da-guatemala","status":"publish","type":"post","link":"https:\/\/portalnpm.com\/index.php\/2019\/08\/12\/candidato-conservador-de-direita-e-eleito-presidente-da-guatemala\/","title":{"rendered":"Candidato conservador de direita \u00e9 eleito presidente da Guatemala"},"content":{"rendered":"<p style=\"text-align: justify;\">O candidato conservador Alejandro Giammattei celebra a vit\u00f3ria no segundo turno presidencial da Guatemala, realizado em 11 de agosto de 2019, ao vencer a candidata Sandra Torres.<\/p>\n<p style=\"text-align: justify;\">De acordo com o an\u00fancio j\u00e1 foram 97,80% das urnas apuradas, Giammattei, 63 anos, tinha 58,41% dos votos, contra 41,6% da ex-primeira-dama social-democrata Sandra Torres, anunciou o Tribunal Supremo Eleitoral (TSE), que classificou os resultados como \u201cirrevers\u00edveis\u201d.<\/p>\n<p style=\"text-align: justify;\">Antes mesmo do an\u00fancio do TSE, Giammattei reivindicou a vit\u00f3ria e prometeu que n\u00e3o ser\u00e1 um presidente afastado do povo, o partido Vamos sai vencedor nas urnas nesse segundo turno na Guatemala.<\/p>\n<figure id=\"attachment_10179\" aria-describedby=\"caption-attachment-10179\" style=\"width: 190px\" class=\"wp-caption alignnone\"><img fetchpriority=\"high\" decoding=\"async\" class=\"size-full wp-image-10179\" src=\"http:\/\/portalnpm.com\/wp-content\/uploads\/2019\/08\/08-53-31-download-31.jpg\" alt=\"\" width=\"190\" height=\"266\" \/><figcaption id=\"caption-attachment-10179\" class=\"wp-caption-text\">Alejandro Giammattei \u00e9 eleito presidente<\/figcaption><\/figure>\n<p style=\"text-align: justify;\">Alejandro Giammattei, \u00e9 m\u00e9dico, ex-diretor de pres\u00eddios que passou pela cadeia e que ganhou a presid\u00eancia do pa\u00eds na quarta tentativa, se consagrando vencedor nessas elei\u00e7\u00f5es com cerca de 58% dos votos.<\/p>\n<p style=\"text-align: justify;\"><strong>FONTE: Terra<\/strong><\/p>\n","protected":false},"excerpt":{"rendered":"<p>O candidato conservador Alejandro Giammattei celebra a vit\u00f3ria no segundo turno presidencial da Guatemala, realizado em 11 de agosto de 2019, ao vencer a candidata Sandra Torres. De acordo com o an\u00fancio j\u00e1 foram 97,80% das urnas apuradas, Giammattei, 63 anos, tinha 58,41% dos votos, contra 41,6% da ex-primeira-dama social-democrata Sandra Torres, anunciou o Tribunal &hellip;<\/p>\n","protected":false},"author":3,"featured_media":10180,"comment_status":"open","ping_status":"open","sticky":false,"template":"","format":"standard","meta":{"content-type":"","rop_custom_images_group":[],"rop_custom_messages_group":[],"rop_publish_now":"initial","rop_publish_now_accounts":{"facebook_2648258775420054_1618374048415101":""},"rop_publish_now_history":[],"rop_publish_now_status":"pending","footnotes":"","_jetpack_memberships_contains_paid_content":false},"categories":[901],"tags":[3156,531,140],"yoast_head":"<!-- This site is optimized with the Yoast SEO plugin v22.3 - https:\/\/yoast.com\/wordpress\/plugins\/seo\/ -->\n<title>Candidato conservador de direita \u00e9 eleito presidente da Guatemala - Portal NPM<\/title>\n<meta name=\"robots\" content=\"index, follow, max-snippet:-1, max-image-preview:large, max-video-preview:-1\" \/>\n<link rel=\"canonical\" href=\"https:\/\/portalnpm.com\/index.php\/2019\/08\/12\/candidato-conservador-de-direita-e-eleito-presidente-da-guatemala\/\" \/>\n<meta property=\"og:locale\" content=\"pt_BR\" \/>\n<meta property=\"og:type\" content=\"article\" \/>\n<meta property=\"og:title\" content=\"Candidato conservador de direita \u00e9 eleito presidente da Guatemala - Portal NPM\" \/>\n<meta property=\"og:description\" content=\"O candidato conservador Alejandro Giammattei celebra a vit\u00f3ria no segundo turno presidencial da Guatemala, realizado em 11 de agosto de 2019, ao vencer a candidata Sandra Torres. De acordo com o an\u00fancio j\u00e1 foram 97,80% das urnas apuradas, Giammattei, 63 anos, tinha 58,41% dos votos, contra 41,6% da ex-primeira-dama social-democrata Sandra Torres, anunciou o Tribunal &hellip;\" \/>\n<meta property=\"og:url\" content=\"https:\/\/portalnpm.com\/index.php\/2019\/08\/12\/candidato-conservador-de-direita-e-eleito-presidente-da-guatemala\/\" \/>\n<meta property=\"og:site_name\" content=\"Portal NPM\" \/>\n<meta property=\"article:published_time\" content=\"2019-08-12T13:00:14+00:00\" \/>\n<meta name=\"author\" content=\"Luis Alberto\" \/>\n<meta name=\"twitter:card\" content=\"summary_large_image\" \/>\n<meta name=\"twitter:label1\" content=\"Escrito por\" \/>\n\t<meta name=\"twitter:data1\" content=\"Luis Alberto\" \/>\n\t<meta name=\"twitter:label2\" content=\"Est. tempo de leitura\" \/>\n\t<meta name=\"twitter:data2\" content=\"1 minuto\" \/>\n<script type=\"application\/ld+json\" class=\"yoast-schema-graph\">{\"@context\":\"https:\/\/schema.org\",\"@graph\":[{\"@type\":\"WebPage\",\"@id\":\"https:\/\/portalnpm.com\/index.php\/2019\/08\/12\/candidato-conservador-de-direita-e-eleito-presidente-da-guatemala\/\",\"url\":\"https:\/\/portalnpm.com\/index.php\/2019\/08\/12\/candidato-conservador-de-direita-e-eleito-presidente-da-guatemala\/\",\"name\":\"Candidato conservador de direita \u00e9 eleito presidente da Guatemala - Portal NPM\",\"isPartOf\":{\"@id\":\"https:\/\/portalnpm.com\/#website\"},\"primaryImageOfPage\":{\"@id\":\"https:\/\/portalnpm.com\/index.php\/2019\/08\/12\/candidato-conservador-de-direita-e-eleito-presidente-da-guatemala\/#primaryimage\"},\"image\":{\"@id\":\"https:\/\/portalnpm.com\/index.php\/2019\/08\/12\/candidato-conservador-de-direita-e-eleito-presidente-da-guatemala\/#primaryimage\"},\"thumbnailUrl\":\"\",\"datePublished\":\"2019-08-12T13:00:14+00:00\",\"dateModified\":\"2019-08-12T13:00:14+00:00\",\"author\":{\"@id\":\"https:\/\/portalnpm.com\/#\/schema\/person\/5c8006acdf71774cd4e7a5ab98482152\"},\"breadcrumb\":{\"@id\":\"https:\/\/portalnpm.com\/index.php\/2019\/08\/12\/candidato-conservador-de-direita-e-eleito-presidente-da-guatemala\/#breadcrumb\"},\"inLanguage\":\"pt-BR\",\"potentialAction\":[{\"@type\":\"ReadAction\",\"target\":[\"https:\/\/portalnpm.com\/index.php\/2019\/08\/12\/candidato-conservador-de-direita-e-eleito-presidente-da-guatemala\/\"]}]},{\"@type\":\"ImageObject\",\"inLanguage\":\"pt-BR\",\"@id\":\"https:\/\/portalnpm.com\/index.php\/2019\/08\/12\/candidato-conservador-de-direita-e-eleito-presidente-da-guatemala\/#primaryimage\",\"url\":\"\",\"contentUrl\":\"\"},{\"@type\":\"BreadcrumbList\",\"@id\":\"https:\/\/portalnpm.com\/index.php\/2019\/08\/12\/candidato-conservador-de-direita-e-eleito-presidente-da-guatemala\/#breadcrumb\",\"itemListElement\":[{\"@type\":\"ListItem\",\"position\":1,\"name\":\"In\u00edcio\",\"item\":\"https:\/\/portalnpm.com\/\"},{\"@type\":\"ListItem\",\"position\":2,\"name\":\"Candidato conservador de direita \u00e9 eleito presidente da Guatemala\"}]},{\"@type\":\"WebSite\",\"@id\":\"https:\/\/portalnpm.com\/#website\",\"url\":\"https:\/\/portalnpm.com\/\",\"name\":\"Portal NPM\",\"description\":\"Not\u00edcias em Primeira M\u00e3o\",\"potentialAction\":[{\"@type\":\"SearchAction\",\"target\":{\"@type\":\"EntryPoint\",\"urlTemplate\":\"https:\/\/portalnpm.com\/?s={search_term_string}\"},\"query-input\":\"required name=search_term_string\"}],\"inLanguage\":\"pt-BR\"},{\"@type\":\"Person\",\"@id\":\"https:\/\/portalnpm.com\/#\/schema\/person\/5c8006acdf71774cd4e7a5ab98482152\",\"name\":\"Luis Alberto\",\"image\":{\"@type\":\"ImageObject\",\"inLanguage\":\"pt-BR\",\"@id\":\"https:\/\/portalnpm.com\/#\/schema\/person\/image\/\",\"url\":\"https:\/\/portalnpm.com\/wp-content\/uploads\/2024\/12\/avatar_user_3_1734699769-96x96.jpeg\",\"contentUrl\":\"https:\/\/portalnpm.com\/wp-content\/uploads\/2024\/12\/avatar_user_3_1734699769-96x96.jpeg\",\"caption\":\"Luis Alberto\"},\"description\":\"Editor-geral do Portal NPM, \u00e9 formado como T\u00e9cnico em Seguran\u00e7a do Trabalho pela Escola Metropolitana de Cursos T\u00e9cnicos. Det\u00e9m ainda licenciatura em Educa\u00e7\u00e3o F\u00edsica e bacharelado em Ci\u00eancias Pol\u00edticas, ambos obtidos pela institui\u00e7\u00e3o Anhanguera\/UNOPAR.\",\"url\":\"https:\/\/portalnpm.com\/index.php\/author\/pereira\/\"}]}<\/script>\n<!-- \/ Yoast SEO plugin. -->","yoast_head_json":{"title":"Candidato conservador de direita \u00e9 eleito presidente da Guatemala - Portal NPM","robots":{"index":"index","follow":"follow","max-snippet":"max-snippet:-1","max-image-preview":"max-image-preview:large","max-video-preview":"max-video-preview:-1"},"canonical":"https:\/\/portalnpm.com\/index.php\/2019\/08\/12\/candidato-conservador-de-direita-e-eleito-presidente-da-guatemala\/","og_locale":"pt_BR","og_type":"article","og_title":"Candidato conservador de direita \u00e9 eleito presidente da Guatemala - Portal NPM","og_description":"O candidato conservador Alejandro Giammattei celebra a vit\u00f3ria no segundo turno presidencial da Guatemala, realizado em 11 de agosto de 2019, ao vencer a candidata Sandra Torres. De acordo com o an\u00fancio j\u00e1 foram 97,80% das urnas apuradas, Giammattei, 63 anos, tinha 58,41% dos votos, contra 41,6% da ex-primeira-dama social-democrata Sandra Torres, anunciou o Tribunal &hellip;","og_url":"https:\/\/portalnpm.com\/index.php\/2019\/08\/12\/candidato-conservador-de-direita-e-eleito-presidente-da-guatemala\/","og_site_name":"Portal NPM","article_published_time":"2019-08-12T13:00:14+00:00","author":"Luis Alberto","twitter_card":"summary_large_image","twitter_misc":{"Escrito por":"Luis Alberto","Est. tempo de leitura":"1 minuto"},"schema":{"@context":"https:\/\/schema.org","@graph":[{"@type":"WebPage","@id":"https:\/\/portalnpm.com\/index.php\/2019\/08\/12\/candidato-conservador-de-direita-e-eleito-presidente-da-guatemala\/","url":"https:\/\/portalnpm.com\/index.php\/2019\/08\/12\/candidato-conservador-de-direita-e-eleito-presidente-da-guatemala\/","name":"Candidato conservador de direita \u00e9 eleito presidente da Guatemala - Portal NPM","isPartOf":{"@id":"https:\/\/portalnpm.com\/#website"},"primaryImageOfPage":{"@id":"https:\/\/portalnpm.com\/index.php\/2019\/08\/12\/candidato-conservador-de-direita-e-eleito-presidente-da-guatemala\/#primaryimage"},"image":{"@id":"https:\/\/portalnpm.com\/index.php\/2019\/08\/12\/candidato-conservador-de-direita-e-eleito-presidente-da-guatemala\/#primaryimage"},"thumbnailUrl":"","datePublished":"2019-08-12T13:00:14+00:00","dateModified":"2019-08-12T13:00:14+00:00","author":{"@id":"https:\/\/portalnpm.com\/#\/schema\/person\/5c8006acdf71774cd4e7a5ab98482152"},"breadcrumb":{"@id":"https:\/\/portalnpm.com\/index.php\/2019\/08\/12\/candidato-conservador-de-direita-e-eleito-presidente-da-guatemala\/#breadcrumb"},"inLanguage":"pt-BR","potentialAction":[{"@type":"ReadAction","target":["https:\/\/portalnpm.com\/index.php\/2019\/08\/12\/candidato-conservador-de-direita-e-eleito-presidente-da-guatemala\/"]}]},{"@type":"ImageObject","inLanguage":"pt-BR","@id":"https:\/\/portalnpm.com\/index.php\/2019\/08\/12\/candidato-conservador-de-direita-e-eleito-presidente-da-guatemala\/#primaryimage","url":"","contentUrl":""},{"@type":"BreadcrumbList","@id":"https:\/\/portalnpm.com\/index.php\/2019\/08\/12\/candidato-conservador-de-direita-e-eleito-presidente-da-guatemala\/#breadcrumb","itemListElement":[{"@type":"ListItem","position":1,"name":"In\u00edcio","item":"https:\/\/portalnpm.com\/"},{"@type":"ListItem","position":2,"name":"Candidato conservador de direita \u00e9 eleito presidente da Guatemala"}]},{"@type":"WebSite","@id":"https:\/\/portalnpm.com\/#website","url":"https:\/\/portalnpm.com\/","name":"Portal NPM","description":"Not\u00edcias em Primeira M\u00e3o","potentialAction":[{"@type":"SearchAction","target":{"@type":"EntryPoint","urlTemplate":"https:\/\/portalnpm.com\/?s={search_term_string}"},"query-input":"required name=search_term_string"}],"inLanguage":"pt-BR"},{"@type":"Person","@id":"https:\/\/portalnpm.com\/#\/schema\/person\/5c8006acdf71774cd4e7a5ab98482152","name":"Luis Alberto","image":{"@type":"ImageObject","inLanguage":"pt-BR","@id":"https:\/\/portalnpm.com\/#\/schema\/person\/image\/","url":"https:\/\/portalnpm.com\/wp-content\/uploads\/2024\/12\/avatar_user_3_1734699769-96x96.jpeg","contentUrl":"https:\/\/portalnpm.com\/wp-content\/uploads\/2024\/12\/avatar_user_3_1734699769-96x96.jpeg","caption":"Luis Alberto"},"description":"Editor-geral do Portal NPM, \u00e9 formado como T\u00e9cnico em Seguran\u00e7a do Trabalho pela Escola Metropolitana de Cursos T\u00e9cnicos. Det\u00e9m ainda licenciatura em Educa\u00e7\u00e3o F\u00edsica e bacharelado em Ci\u00eancias Pol\u00edticas, ambos obtidos pela institui\u00e7\u00e3o Anhanguera\/UNOPAR.","url":"https:\/\/portalnpm.com\/index.php\/author\/pereira\/"}]}},"jetpack_sharing_enabled":true,"jetpack_featured_media_url":"","_links":{"self":[{"href":"https:\/\/portalnpm.com\/index.php\/wp-json\/wp\/v2\/posts\/10178"}],"collection":[{"href":"https:\/\/portalnpm.com\/index.php\/wp-json\/wp\/v2\/posts"}],"about":[{"href":"https:\/\/portalnpm.com\/index.php\/wp-json\/wp\/v2\/types\/post"}],"author":[{"embeddable":true,"href":"https:\/\/portalnpm.com\/index.php\/wp-json\/wp\/v2\/users\/3"}],"replies":[{"embeddable":true,"href":"https:\/\/portalnpm.com\/index.php\/wp-json\/wp\/v2\/comments?post=10178"}],"version-history":[{"count":0,"href":"https:\/\/portalnpm.com\/index.php\/wp-json\/wp\/v2\/posts\/10178\/revisions"}],"wp:featuredmedia":[{"embeddable":true,"href":"https:\/\/portalnpm.com\/index.php\/wp-json\/"}],"wp:attachment":[{"href":"https:\/\/portalnpm.com\/index.php\/wp-json\/wp\/v2\/media?parent=10178"}],"wp:term":[{"taxonomy":"category","embeddable":true,"href":"https:\/\/portalnpm.com\/index.php\/wp-json\/wp\/v2\/categories?post=10178"},{"taxonomy":"post_tag","embeddable":true,"href":"https:\/\/portalnpm.com\/index.php\/wp-json\/wp\/v2\/tags?post=10178"}],"curies":[{"name":"wp","href":"https:\/\/api.w.org\/{rel}","templated":true}]}}