{"id":10186,"date":"2019-08-12T16:06:39","date_gmt":"2019-08-12T19:06:39","guid":{"rendered":"http:\/\/srv.portalnpm.com.br\/?p=10186"},"modified":"2019-08-12T16:06:39","modified_gmt":"2019-08-12T19:06:39","slug":"em-alegrete-lider-politico-manoel-filho-se-reune-com-deputada-dra-marina-e-garante-recursos-para-o-municipio","status":"publish","type":"post","link":"https:\/\/portalnpm.com\/index.php\/2019\/08\/12\/em-alegrete-lider-politico-manoel-filho-se-reune-com-deputada-dra-marina-e-garante-recursos-para-o-municipio\/","title":{"rendered":"Em Alegrete, L\u00edder Pol\u00edtico Manoel Filho se re\u00fane com Deputada Dra. Marina e garante recursos para o munic\u00edpio"},"content":{"rendered":"<p style=\"text-align: justify;\">O L\u00edder Pol\u00edtico Manoel Filho segue na busca por recursos para investimentos que beneficiem a popula\u00e7\u00e3o de Alegrete do Piau\u00ed. Ao longo da manh\u00e3 deste s\u00e1bado, 10 de agosto, o pol\u00edtico, acompanhado de sua esposa, esteve se reunido com a deputada federal Dra. Marina na cidade de Picos-PI.<\/p>\n<p style=\"text-align: justify;\">Na oportunidade a deputada reafirmou o compromisso de continuar buscando melhorias para o munic\u00edpio, e\u00a0se colocou \u00e0 disposi\u00e7\u00e3o para garantir a vinda de recursos para o munic\u00edpio.<\/p>\n<p style=\"text-align: justify;\">Durante a reuni\u00e3o, a representante do legislativo federal comunicou a indica\u00e7\u00e3o de emenda parlamentar por meio da Associa\u00e7\u00e3o dos Produtores Rurais do Munic\u00edpio de Alegrete (APRMA), para constru\u00e7\u00e3o de Passagens Molhadas e Quadras Esportivas para o ano de 2020.<\/p>\n<p><img fetchpriority=\"high\" decoding=\"async\" class=\"alignnone size-full wp-image-10187\" src=\"http:\/\/portalnpm.com\/wp-content\/uploads\/2019\/08\/14-59-07-C4602572-F8A7-4BE1-B5A3-7909CD9D067B-1050x525.jpeg\" alt=\"\" width=\"1050\" height=\"525\" \/><\/p>\n<p style=\"text-align: justify;\">Al\u00e9m das obras em infraestrutura, Dra. Marina anunciou a destina\u00e7\u00e3o de um trator agr\u00edcola com o objetivo de fortalecer as condi\u00e7\u00f5es de trabalho do homem do campo na produ\u00e7\u00e3o rural.<\/p>\n<figure id=\"attachment_10188\" aria-describedby=\"caption-attachment-10188\" style=\"width: 300px\" class=\"wp-caption alignnone\"><img decoding=\"async\" class=\"size-full wp-image-10188\" src=\"http:\/\/portalnpm.com\/wp-content\/uploads\/2019\/08\/15-01-17-Sem-t\u00c3\u00adtulo-7-300x200.png\" alt=\"\" width=\"300\" height=\"200\" \/><figcaption id=\"caption-attachment-10188\" class=\"wp-caption-text\">Foto Ilustrativa<\/figcaption><\/figure>\n<p style=\"text-align: justify;\">Em conversa, Manoel Filho destacou a import\u00e2ncia dos recursos. \u201cEstamos trabalhando no sentido de buscar investimentos para fomentar o setor agr\u00e1rio\u00a0e promover o crescimento e desenvolvimento do munic\u00edpio na \u00e1rea de infraestrutura, priorizando a\u00e7\u00f5es para a zona rural. O nosso objetivo \u00e9 garantir o bem-estar da popula\u00e7\u00e3o, a diminui\u00e7\u00e3o dos custos de produ\u00e7\u00e3o e o aumento de emprego e renda na nossa cidade\u201d. Disse.<\/p>\n<p style=\"text-align: justify;\">O L\u00edder Pol\u00edtico priorizou a destina\u00e7\u00e3o do Trator Agr\u00edcola para o munic\u00edpio. \u201cA destina\u00e7\u00e3o do Trator Agr\u00edcola \u00e9 mais uma contribui\u00e7\u00e3o que tem como objetivo auxiliar os pequenos produtores rurais em suas atividades. A chegada do trator vai melhorar produtividade dos nossos produtores e fortalecer as condi\u00e7\u00f5es de trabalho\u201d. Finalizou.<\/p>\n<p style=\"text-align: justify;\"><b>FONTE: Infonewss<\/b><\/p>\n","protected":false},"excerpt":{"rendered":"<p>O L\u00edder Pol\u00edtico Manoel Filho segue na busca por recursos para investimentos que beneficiem a popula\u00e7\u00e3o de Alegrete do Piau\u00ed. Ao longo da manh\u00e3 deste s\u00e1bado, 10 de agosto, o pol\u00edtico, acompanhado de sua esposa, esteve se reunido com a deputada federal Dra. Marina na cidade de Picos-PI. Na oportunidade a deputada reafirmou o compromisso &hellip;<\/p>\n","protected":false},"author":3,"featured_media":10189,"comment_status":"open","ping_status":"open","sticky":false,"template":"","format":"standard","meta":{"content-type":"","rop_custom_images_group":[],"rop_custom_messages_group":[],"rop_publish_now":"initial","rop_publish_now_accounts":{"facebook_2648258775420054_1618374048415101":""},"rop_publish_now_history":[],"rop_publish_now_status":"pending","footnotes":"","_jetpack_memberships_contains_paid_content":false},"categories":[110,113,109],"tags":[111,3158,3159],"yoast_head":"<!-- This site is optimized with the Yoast SEO plugin v22.3 - https:\/\/yoast.com\/wordpress\/plugins\/seo\/ -->\n<title>Em Alegrete, L\u00edder Pol\u00edtico Manoel Filho se re\u00fane com Deputada Dra. Marina e garante recursos para o munic\u00edpio - Portal NPM<\/title>\n<meta name=\"robots\" content=\"index, follow, max-snippet:-1, max-image-preview:large, max-video-preview:-1\" \/>\n<link rel=\"canonical\" href=\"https:\/\/portalnpm.com\/index.php\/2019\/08\/12\/em-alegrete-lider-politico-manoel-filho-se-reune-com-deputada-dra-marina-e-garante-recursos-para-o-municipio\/\" \/>\n<meta property=\"og:locale\" content=\"pt_BR\" \/>\n<meta property=\"og:type\" content=\"article\" \/>\n<meta property=\"og:title\" content=\"Em Alegrete, L\u00edder Pol\u00edtico Manoel Filho se re\u00fane com Deputada Dra. Marina e garante recursos para o munic\u00edpio - Portal NPM\" \/>\n<meta property=\"og:description\" content=\"O L\u00edder Pol\u00edtico Manoel Filho segue na busca por recursos para investimentos que beneficiem a popula\u00e7\u00e3o de Alegrete do Piau\u00ed. Ao longo da manh\u00e3 deste s\u00e1bado, 10 de agosto, o pol\u00edtico, acompanhado de sua esposa, esteve se reunido com a deputada federal Dra. Marina na cidade de Picos-PI. Na oportunidade a deputada reafirmou o compromisso &hellip;\" \/>\n<meta property=\"og:url\" content=\"https:\/\/portalnpm.com\/index.php\/2019\/08\/12\/em-alegrete-lider-politico-manoel-filho-se-reune-com-deputada-dra-marina-e-garante-recursos-para-o-municipio\/\" \/>\n<meta property=\"og:site_name\" content=\"Portal NPM\" \/>\n<meta property=\"article:published_time\" content=\"2019-08-12T19:06:39+00:00\" \/>\n<meta name=\"author\" content=\"Luis Alberto\" \/>\n<meta name=\"twitter:card\" content=\"summary_large_image\" \/>\n<meta name=\"twitter:label1\" content=\"Escrito por\" \/>\n\t<meta name=\"twitter:data1\" content=\"Luis Alberto\" \/>\n\t<meta name=\"twitter:label2\" content=\"Est. tempo de leitura\" \/>\n\t<meta name=\"twitter:data2\" content=\"2 minutos\" \/>\n<script type=\"application\/ld+json\" class=\"yoast-schema-graph\">{\"@context\":\"https:\/\/schema.org\",\"@graph\":[{\"@type\":\"WebPage\",\"@id\":\"https:\/\/portalnpm.com\/index.php\/2019\/08\/12\/em-alegrete-lider-politico-manoel-filho-se-reune-com-deputada-dra-marina-e-garante-recursos-para-o-municipio\/\",\"url\":\"https:\/\/portalnpm.com\/index.php\/2019\/08\/12\/em-alegrete-lider-politico-manoel-filho-se-reune-com-deputada-dra-marina-e-garante-recursos-para-o-municipio\/\",\"name\":\"Em Alegrete, L\u00edder Pol\u00edtico Manoel Filho se re\u00fane com Deputada Dra. Marina e garante recursos para o munic\u00edpio - Portal NPM\",\"isPartOf\":{\"@id\":\"https:\/\/portalnpm.com\/#website\"},\"primaryImageOfPage\":{\"@id\":\"https:\/\/portalnpm.com\/index.php\/2019\/08\/12\/em-alegrete-lider-politico-manoel-filho-se-reune-com-deputada-dra-marina-e-garante-recursos-para-o-municipio\/#primaryimage\"},\"image\":{\"@id\":\"https:\/\/portalnpm.com\/index.php\/2019\/08\/12\/em-alegrete-lider-politico-manoel-filho-se-reune-com-deputada-dra-marina-e-garante-recursos-para-o-municipio\/#primaryimage\"},\"thumbnailUrl\":\"\",\"datePublished\":\"2019-08-12T19:06:39+00:00\",\"dateModified\":\"2019-08-12T19:06:39+00:00\",\"author\":{\"@id\":\"https:\/\/portalnpm.com\/#\/schema\/person\/5c8006acdf71774cd4e7a5ab98482152\"},\"breadcrumb\":{\"@id\":\"https:\/\/portalnpm.com\/index.php\/2019\/08\/12\/em-alegrete-lider-politico-manoel-filho-se-reune-com-deputada-dra-marina-e-garante-recursos-para-o-municipio\/#breadcrumb\"},\"inLanguage\":\"pt-BR\",\"potentialAction\":[{\"@type\":\"ReadAction\",\"target\":[\"https:\/\/portalnpm.com\/index.php\/2019\/08\/12\/em-alegrete-lider-politico-manoel-filho-se-reune-com-deputada-dra-marina-e-garante-recursos-para-o-municipio\/\"]}]},{\"@type\":\"ImageObject\",\"inLanguage\":\"pt-BR\",\"@id\":\"https:\/\/portalnpm.com\/index.php\/2019\/08\/12\/em-alegrete-lider-politico-manoel-filho-se-reune-com-deputada-dra-marina-e-garante-recursos-para-o-municipio\/#primaryimage\",\"url\":\"\",\"contentUrl\":\"\"},{\"@type\":\"BreadcrumbList\",\"@id\":\"https:\/\/portalnpm.com\/index.php\/2019\/08\/12\/em-alegrete-lider-politico-manoel-filho-se-reune-com-deputada-dra-marina-e-garante-recursos-para-o-municipio\/#breadcrumb\",\"itemListElement\":[{\"@type\":\"ListItem\",\"position\":1,\"name\":\"In\u00edcio\",\"item\":\"https:\/\/portalnpm.com\/\"},{\"@type\":\"ListItem\",\"position\":2,\"name\":\"Em Alegrete, L\u00edder Pol\u00edtico Manoel Filho se re\u00fane com Deputada Dra. Marina e garante recursos para o munic\u00edpio\"}]},{\"@type\":\"WebSite\",\"@id\":\"https:\/\/portalnpm.com\/#website\",\"url\":\"https:\/\/portalnpm.com\/\",\"name\":\"Portal NPM\",\"description\":\"Not\u00edcias em Primeira M\u00e3o\",\"potentialAction\":[{\"@type\":\"SearchAction\",\"target\":{\"@type\":\"EntryPoint\",\"urlTemplate\":\"https:\/\/portalnpm.com\/?s={search_term_string}\"},\"query-input\":\"required name=search_term_string\"}],\"inLanguage\":\"pt-BR\"},{\"@type\":\"Person\",\"@id\":\"https:\/\/portalnpm.com\/#\/schema\/person\/5c8006acdf71774cd4e7a5ab98482152\",\"name\":\"Luis Alberto\",\"image\":{\"@type\":\"ImageObject\",\"inLanguage\":\"pt-BR\",\"@id\":\"https:\/\/portalnpm.com\/#\/schema\/person\/image\/\",\"url\":\"https:\/\/portalnpm.com\/wp-content\/uploads\/2024\/12\/avatar_user_3_1734699769-96x96.jpeg\",\"contentUrl\":\"https:\/\/portalnpm.com\/wp-content\/uploads\/2024\/12\/avatar_user_3_1734699769-96x96.jpeg\",\"caption\":\"Luis Alberto\"},\"description\":\"Editor-geral do Portal NPM, \u00e9 formado como T\u00e9cnico em Seguran\u00e7a do Trabalho pela Escola Metropolitana de Cursos T\u00e9cnicos. Det\u00e9m ainda licenciatura em Educa\u00e7\u00e3o F\u00edsica e bacharelado em Ci\u00eancias Pol\u00edticas, ambos obtidos pela institui\u00e7\u00e3o Anhanguera\/UNOPAR.\",\"url\":\"https:\/\/portalnpm.com\/index.php\/author\/pereira\/\"}]}<\/script>\n<!-- \/ Yoast SEO plugin. -->","yoast_head_json":{"title":"Em Alegrete, L\u00edder Pol\u00edtico Manoel Filho se re\u00fane com Deputada Dra. Marina e garante recursos para o munic\u00edpio - Portal NPM","robots":{"index":"index","follow":"follow","max-snippet":"max-snippet:-1","max-image-preview":"max-image-preview:large","max-video-preview":"max-video-preview:-1"},"canonical":"https:\/\/portalnpm.com\/index.php\/2019\/08\/12\/em-alegrete-lider-politico-manoel-filho-se-reune-com-deputada-dra-marina-e-garante-recursos-para-o-municipio\/","og_locale":"pt_BR","og_type":"article","og_title":"Em Alegrete, L\u00edder Pol\u00edtico Manoel Filho se re\u00fane com Deputada Dra. Marina e garante recursos para o munic\u00edpio - Portal NPM","og_description":"O L\u00edder Pol\u00edtico Manoel Filho segue na busca por recursos para investimentos que beneficiem a popula\u00e7\u00e3o de Alegrete do Piau\u00ed. Ao longo da manh\u00e3 deste s\u00e1bado, 10 de agosto, o pol\u00edtico, acompanhado de sua esposa, esteve se reunido com a deputada federal Dra. Marina na cidade de Picos-PI. Na oportunidade a deputada reafirmou o compromisso &hellip;","og_url":"https:\/\/portalnpm.com\/index.php\/2019\/08\/12\/em-alegrete-lider-politico-manoel-filho-se-reune-com-deputada-dra-marina-e-garante-recursos-para-o-municipio\/","og_site_name":"Portal NPM","article_published_time":"2019-08-12T19:06:39+00:00","author":"Luis Alberto","twitter_card":"summary_large_image","twitter_misc":{"Escrito por":"Luis Alberto","Est. tempo de leitura":"2 minutos"},"schema":{"@context":"https:\/\/schema.org","@graph":[{"@type":"WebPage","@id":"https:\/\/portalnpm.com\/index.php\/2019\/08\/12\/em-alegrete-lider-politico-manoel-filho-se-reune-com-deputada-dra-marina-e-garante-recursos-para-o-municipio\/","url":"https:\/\/portalnpm.com\/index.php\/2019\/08\/12\/em-alegrete-lider-politico-manoel-filho-se-reune-com-deputada-dra-marina-e-garante-recursos-para-o-municipio\/","name":"Em Alegrete, L\u00edder Pol\u00edtico Manoel Filho se re\u00fane com Deputada Dra. Marina e garante recursos para o munic\u00edpio - Portal NPM","isPartOf":{"@id":"https:\/\/portalnpm.com\/#website"},"primaryImageOfPage":{"@id":"https:\/\/portalnpm.com\/index.php\/2019\/08\/12\/em-alegrete-lider-politico-manoel-filho-se-reune-com-deputada-dra-marina-e-garante-recursos-para-o-municipio\/#primaryimage"},"image":{"@id":"https:\/\/portalnpm.com\/index.php\/2019\/08\/12\/em-alegrete-lider-politico-manoel-filho-se-reune-com-deputada-dra-marina-e-garante-recursos-para-o-municipio\/#primaryimage"},"thumbnailUrl":"","datePublished":"2019-08-12T19:06:39+00:00","dateModified":"2019-08-12T19:06:39+00:00","author":{"@id":"https:\/\/portalnpm.com\/#\/schema\/person\/5c8006acdf71774cd4e7a5ab98482152"},"breadcrumb":{"@id":"https:\/\/portalnpm.com\/index.php\/2019\/08\/12\/em-alegrete-lider-politico-manoel-filho-se-reune-com-deputada-dra-marina-e-garante-recursos-para-o-municipio\/#breadcrumb"},"inLanguage":"pt-BR","potentialAction":[{"@type":"ReadAction","target":["https:\/\/portalnpm.com\/index.php\/2019\/08\/12\/em-alegrete-lider-politico-manoel-filho-se-reune-com-deputada-dra-marina-e-garante-recursos-para-o-municipio\/"]}]},{"@type":"ImageObject","inLanguage":"pt-BR","@id":"https:\/\/portalnpm.com\/index.php\/2019\/08\/12\/em-alegrete-lider-politico-manoel-filho-se-reune-com-deputada-dra-marina-e-garante-recursos-para-o-municipio\/#primaryimage","url":"","contentUrl":""},{"@type":"BreadcrumbList","@id":"https:\/\/portalnpm.com\/index.php\/2019\/08\/12\/em-alegrete-lider-politico-manoel-filho-se-reune-com-deputada-dra-marina-e-garante-recursos-para-o-municipio\/#breadcrumb","itemListElement":[{"@type":"ListItem","position":1,"name":"In\u00edcio","item":"https:\/\/portalnpm.com\/"},{"@type":"ListItem","position":2,"name":"Em Alegrete, L\u00edder Pol\u00edtico Manoel Filho se re\u00fane com Deputada Dra. Marina e garante recursos para o munic\u00edpio"}]},{"@type":"WebSite","@id":"https:\/\/portalnpm.com\/#website","url":"https:\/\/portalnpm.com\/","name":"Portal NPM","description":"Not\u00edcias em Primeira M\u00e3o","potentialAction":[{"@type":"SearchAction","target":{"@type":"EntryPoint","urlTemplate":"https:\/\/portalnpm.com\/?s={search_term_string}"},"query-input":"required name=search_term_string"}],"inLanguage":"pt-BR"},{"@type":"Person","@id":"https:\/\/portalnpm.com\/#\/schema\/person\/5c8006acdf71774cd4e7a5ab98482152","name":"Luis Alberto","image":{"@type":"ImageObject","inLanguage":"pt-BR","@id":"https:\/\/portalnpm.com\/#\/schema\/person\/image\/","url":"https:\/\/portalnpm.com\/wp-content\/uploads\/2024\/12\/avatar_user_3_1734699769-96x96.jpeg","contentUrl":"https:\/\/portalnpm.com\/wp-content\/uploads\/2024\/12\/avatar_user_3_1734699769-96x96.jpeg","caption":"Luis Alberto"},"description":"Editor-geral do Portal NPM, \u00e9 formado como T\u00e9cnico em Seguran\u00e7a do Trabalho pela Escola Metropolitana de Cursos T\u00e9cnicos. Det\u00e9m ainda licenciatura em Educa\u00e7\u00e3o F\u00edsica e bacharelado em Ci\u00eancias Pol\u00edticas, ambos obtidos pela institui\u00e7\u00e3o Anhanguera\/UNOPAR.","url":"https:\/\/portalnpm.com\/index.php\/author\/pereira\/"}]}},"jetpack_sharing_enabled":true,"jetpack_featured_media_url":"","_links":{"self":[{"href":"https:\/\/portalnpm.com\/index.php\/wp-json\/wp\/v2\/posts\/10186"}],"collection":[{"href":"https:\/\/portalnpm.com\/index.php\/wp-json\/wp\/v2\/posts"}],"about":[{"href":"https:\/\/portalnpm.com\/index.php\/wp-json\/wp\/v2\/types\/post"}],"author":[{"embeddable":true,"href":"https:\/\/portalnpm.com\/index.php\/wp-json\/wp\/v2\/users\/3"}],"replies":[{"embeddable":true,"href":"https:\/\/portalnpm.com\/index.php\/wp-json\/wp\/v2\/comments?post=10186"}],"version-history":[{"count":0,"href":"https:\/\/portalnpm.com\/index.php\/wp-json\/wp\/v2\/posts\/10186\/revisions"}],"wp:featuredmedia":[{"embeddable":true,"href":"https:\/\/portalnpm.com\/index.php\/wp-json\/"}],"wp:attachment":[{"href":"https:\/\/portalnpm.com\/index.php\/wp-json\/wp\/v2\/media?parent=10186"}],"wp:term":[{"taxonomy":"category","embeddable":true,"href":"https:\/\/portalnpm.com\/index.php\/wp-json\/wp\/v2\/categories?post=10186"},{"taxonomy":"post_tag","embeddable":true,"href":"https:\/\/portalnpm.com\/index.php\/wp-json\/wp\/v2\/tags?post=10186"}],"curies":[{"name":"wp","href":"https:\/\/api.w.org\/{rel}","templated":true}]}}