{"id":10201,"date":"2019-08-13T12:01:30","date_gmt":"2019-08-13T15:01:30","guid":{"rendered":"http:\/\/srv.portalnpm.com.br\/?p=10201"},"modified":"2019-08-13T12:01:30","modified_gmt":"2019-08-13T15:01:30","slug":"gabigol-torce-por-final-feliz-com-balotelli-no-flamengo-espero-que-venha","status":"publish","type":"post","link":"https:\/\/portalnpm.com\/index.php\/2019\/08\/13\/gabigol-torce-por-final-feliz-com-balotelli-no-flamengo-espero-que-venha\/","title":{"rendered":"Gabigol torce por final feliz com Balotelli no Flamengo: \u201cEspero que venha\u201d"},"content":{"rendered":"<div class=\"mc-column mc-side-item__container\" data-block-type=\"ads\" data-block-id=\"0\">\n<div class=\"mc-side-item mc-side-item--right content-ads content-ads--side-ad\">\n<div id=\"banner_materia1\" class=\"tag-manager-publicidade-container tag-manager-publicidade-banner_materia1 tag-manager-publicidade-container--carregado tag-manager-publicidade-container--visivel\" data-google-query-id=\"CKHZ__j6_-MCFYN2wQod0xoILw\" data-cid=\"138281214538\" data-lid=\"5139998798\">\n<div id=\"google_ads_iframe_\/95377733\/tvg_GE\/Futebol\/Times\/Flamengo_1__container__\" style=\"text-align: justify;\">Se depender de Gabigol, Balotelli tem boa chance de fechar com o Flamengo. O atacante mant\u00e9m contato com o italiano e demonstrou entusiasmo com a possibilidade de formar uma dupla no ataque rubro-negro.<\/div>\n<\/div>\n<\/div>\n<\/div>\n<div class=\"wall protected-content\">\n<div class=\"mc-column content-text active-extra-styles \" style=\"text-align: justify;\" data-block-type=\"unstyled\" data-block-weight=\"50\" data-block-id=\"2\">\n<p class=\"content-text__container \" data-track-category=\"Link no Texto\" data-track-links=\"\">\u201cConversamos por redes sociais, depois por telefone. Ele pergunta como estou aqui, como ele est\u00e1 l\u00e1. Agora, sabendo que o Marcos est\u00e1 l\u00e1, torcemos por um final feliz. Que seja uma decis\u00e3o do cora\u00e7\u00e3o dele. Tem se mostrado uma pessoa humilde, tranquila. Espero que venha\u201d,\u00a0 disse Gabigol.<\/p>\n<\/div>\n<div class=\"mc-column content-text active-extra-styles \" style=\"text-align: justify;\" data-block-type=\"unstyled\" data-block-weight=\"16\" data-block-id=\"3\">\n<p class=\"content-text__container \" data-track-category=\"Link no Texto\" data-track-links=\"\">O atacante rubro-negro, por\u00e9m, disse que n\u00e3o precisou fazer muita propaganda do Flamengo para Balotelli.<\/p>\n<p class=\"content-text__container \" data-track-category=\"Link no Texto\" data-track-links=\"\">\u201cFlamengo \u00e9 muito grande, e hoje tem internet para ele tirar as d\u00favidas. Conversamos como amigos. Claro que falamos sobre Flamengo, Rio de Janeiro\u2026 sobre coisas normais de pessoas que podem vir a jogar juntos\u201d.<\/p>\n<\/div>\n<div class=\"mc-column content-text active-extra-styles \" style=\"text-align: justify;\" data-block-type=\"unstyled\" data-block-weight=\"31\" data-block-id=\"5\">\n<p class=\"content-text__container \" data-track-category=\"Link no Texto\" data-track-links=\"\">Desfalque do Flamengo nos \u00faltimos dois jogos, Gabigol se disse recuperado da les\u00e3o na coxa. Ele est\u00e1 \u00e0 disposi\u00e7\u00e3o para a partida contra o Vasco, no s\u00e1bado, pelo Campeonato Brasileiro.<\/p>\n<\/div>\n<div class=\"mc-column content-text active-extra-styles \" style=\"text-align: justify;\" data-block-type=\"unstyled\" data-block-weight=\"4\" data-block-id=\"6\">\n<p class=\"content-text__container \" data-track-category=\"Link no Texto\" data-track-links=\"\">\u201cEstou 200% preparado\u201d.<\/p>\n<\/div>\n<div class=\"row medium-uncollapsed content-media content-photo\" style=\"text-align: justify;\" data-block-type=\"backstage-photo\" data-block-id=\"7\">\n<div class=\"mc-column content-media__container\">\n<div class=\"progressive-img can-open-lightbox\" data-min-size=\"1008x756\" data-min-size-url=\"https:\/\/s2.glbimg.com\/F54VJ3hvYJKHBEtZhBqg62nOFSM=\/0x0:360x270\/1008x0\/smart\/filters:strip_icc()\/i.s3.glbimg.com\/v1\/AUTH_bc8228b6673f488aa253bbcb03c80ec5\/internal_photos\/bs\/2019\/K\/x\/293YW7QHudTh4T1wAKSA\/gabigol.jfif\" data-max-size=\"1600x1200\" data-max-size-url=\"https:\/\/s2.glbimg.com\/_JtC8mm6KmNR_IV1G1x8urhjGmQ=\/0x0:360x270\/1600x0\/smart\/filters:strip_icc()\/i.s3.glbimg.com\/v1\/AUTH_bc8228b6673f488aa253bbcb03c80ec5\/internal_photos\/bs\/2019\/K\/x\/293YW7QHudTh4T1wAKSA\/gabigol.jfif\" data-media-index=\"0\"><picture><source srcset=\"https:\/\/s2.glbimg.com\/I0rQHOQPDwBe8lx_wkew6OUgQdU=\/0x0:360x270\/600x0\/smart\/filters:strip_icc()\/i.s3.glbimg.com\/v1\/AUTH_bc8228b6673f488aa253bbcb03c80ec5\/internal_photos\/bs\/2019\/K\/x\/293YW7QHudTh4T1wAKSA\/gabigol.jfif 1x, https:\/\/s2.glbimg.com\/Wjz_aH4NRc79RGOQO7Zw2pDWRr0=\/0x0:360x270\/1200x0\/smart\/filters:strip_icc()\/i.s3.glbimg.com\/v1\/AUTH_bc8228b6673f488aa253bbcb03c80ec5\/internal_photos\/bs\/2019\/K\/x\/293YW7QHudTh4T1wAKSA\/gabigol.jfif 2x\" media=\"(max-width: 1024px)\" data-src=\"https:\/\/s2.glbimg.com\/I0rQHOQPDwBe8lx_wkew6OUgQdU=\/0x0:360x270\/600x0\/smart\/filters:strip_icc()\/i.s3.glbimg.com\/v1\/AUTH_bc8228b6673f488aa253bbcb03c80ec5\/internal_photos\/bs\/2019\/K\/x\/293YW7QHudTh4T1wAKSA\/gabigol.jfif 1x, https:\/\/s2.glbimg.com\/Wjz_aH4NRc79RGOQO7Zw2pDWRr0=\/0x0:360x270\/1200x0\/smart\/filters:strip_icc()\/i.s3.glbimg.com\/v1\/AUTH_bc8228b6673f488aa253bbcb03c80ec5\/internal_photos\/bs\/2019\/K\/x\/293YW7QHudTh4T1wAKSA\/gabigol.jfif 2x\" \/><source srcset=\"https:\/\/s2.glbimg.com\/evkY5iysx8_RUyZ4EJLTckxZlVQ=\/0x0:360x270\/640x0\/smart\/filters:strip_icc()\/i.s3.glbimg.com\/v1\/AUTH_bc8228b6673f488aa253bbcb03c80ec5\/internal_photos\/bs\/2019\/K\/x\/293YW7QHudTh4T1wAKSA\/gabigol.jfif 1x, https:\/\/s2.glbimg.com\/NvCzjocjYpb0tlanA2sR-Ev1Yhw=\/0x0:360x270\/1280x0\/smart\/filters:strip_icc()\/i.s3.glbimg.com\/v1\/AUTH_bc8228b6673f488aa253bbcb03c80ec5\/internal_photos\/bs\/2019\/K\/x\/293YW7QHudTh4T1wAKSA\/gabigol.jfif 2x\" media=\"(max-width: 1280px)\" data-src=\"https:\/\/s2.glbimg.com\/evkY5iysx8_RUyZ4EJLTckxZlVQ=\/0x0:360x270\/640x0\/smart\/filters:strip_icc()\/i.s3.glbimg.com\/v1\/AUTH_bc8228b6673f488aa253bbcb03c80ec5\/internal_photos\/bs\/2019\/K\/x\/293YW7QHudTh4T1wAKSA\/gabigol.jfif 1x, https:\/\/s2.glbimg.com\/NvCzjocjYpb0tlanA2sR-Ev1Yhw=\/0x0:360x270\/1280x0\/smart\/filters:strip_icc()\/i.s3.glbimg.com\/v1\/AUTH_bc8228b6673f488aa253bbcb03c80ec5\/internal_photos\/bs\/2019\/K\/x\/293YW7QHudTh4T1wAKSA\/gabigol.jfif 2x\" \/><source srcset=\"https:\/\/s2.glbimg.com\/c3Lkd7CMNs-csXbr9hzy5fbcetU=\/0x0:360x270\/984x0\/smart\/filters:strip_icc()\/i.s3.glbimg.com\/v1\/AUTH_bc8228b6673f488aa253bbcb03c80ec5\/internal_photos\/bs\/2019\/K\/x\/293YW7QHudTh4T1wAKSA\/gabigol.jfif 1x, https:\/\/s2.glbimg.com\/lVnlYkbGBXz_Tt1sLbs1yPYWa_c=\/0x0:360x270\/1968x0\/smart\/filters:strip_icc()\/i.s3.glbimg.com\/v1\/AUTH_bc8228b6673f488aa253bbcb03c80ec5\/internal_photos\/bs\/2019\/K\/x\/293YW7QHudTh4T1wAKSA\/gabigol.jfif 2x\" media=\"(max-width: 1360px)\" data-src=\"https:\/\/s2.glbimg.com\/c3Lkd7CMNs-csXbr9hzy5fbcetU=\/0x0:360x270\/984x0\/smart\/filters:strip_icc()\/i.s3.glbimg.com\/v1\/AUTH_bc8228b6673f488aa253bbcb03c80ec5\/internal_photos\/bs\/2019\/K\/x\/293YW7QHudTh4T1wAKSA\/gabigol.jfif 1x, https:\/\/s2.glbimg.com\/lVnlYkbGBXz_Tt1sLbs1yPYWa_c=\/0x0:360x270\/1968x0\/smart\/filters:strip_icc()\/i.s3.glbimg.com\/v1\/AUTH_bc8228b6673f488aa253bbcb03c80ec5\/internal_photos\/bs\/2019\/K\/x\/293YW7QHudTh4T1wAKSA\/gabigol.jfif 2x\" \/><source srcset=\"https:\/\/s2.glbimg.com\/b2ozCia8C-QU9UVHMmrUDzX5cBE=\/0x0:360x270\/1000x0\/smart\/filters:strip_icc()\/i.s3.glbimg.com\/v1\/AUTH_bc8228b6673f488aa253bbcb03c80ec5\/internal_photos\/bs\/2019\/K\/x\/293YW7QHudTh4T1wAKSA\/gabigol.jfif 1x, https:\/\/s2.glbimg.com\/OBMqnrOVwluHX_-foeIRZC15Vco=\/0x0:360x270\/2000x0\/smart\/filters:strip_icc()\/i.s3.glbimg.com\/v1\/AUTH_bc8228b6673f488aa253bbcb03c80ec5\/internal_photos\/bs\/2019\/K\/x\/293YW7QHudTh4T1wAKSA\/gabigol.jfif 2x\" media=\"(min-width: 1361px)\" data-src=\"https:\/\/s2.glbimg.com\/b2ozCia8C-QU9UVHMmrUDzX5cBE=\/0x0:360x270\/1000x0\/smart\/filters:strip_icc()\/i.s3.glbimg.com\/v1\/AUTH_bc8228b6673f488aa253bbcb03c80ec5\/internal_photos\/bs\/2019\/K\/x\/293YW7QHudTh4T1wAKSA\/gabigol.jfif 1x, https:\/\/s2.glbimg.com\/OBMqnrOVwluHX_-foeIRZC15Vco=\/0x0:360x270\/2000x0\/smart\/filters:strip_icc()\/i.s3.glbimg.com\/v1\/AUTH_bc8228b6673f488aa253bbcb03c80ec5\/internal_photos\/bs\/2019\/K\/x\/293YW7QHudTh4T1wAKSA\/gabigol.jfif 2x\" \/><source srcset=\"https:\/\/s2.glbimg.com\/c3Lkd7CMNs-csXbr9hzy5fbcetU=\/0x0:360x270\/984x0\/smart\/filters:strip_icc()\/i.s3.glbimg.com\/v1\/AUTH_bc8228b6673f488aa253bbcb03c80ec5\/internal_photos\/bs\/2019\/K\/x\/293YW7QHudTh4T1wAKSA\/gabigol.jfif\" data-src=\"https:\/\/s2.glbimg.com\/c3Lkd7CMNs-csXbr9hzy5fbcetU=\/0x0:360x270\/984x0\/smart\/filters:strip_icc()\/i.s3.glbimg.com\/v1\/AUTH_bc8228b6673f488aa253bbcb03c80ec5\/internal_photos\/bs\/2019\/K\/x\/293YW7QHudTh4T1wAKSA\/gabigol.jfif\" \/><\/picture><\/div>\n<\/div>\n<\/div>\n<div class=\"mc-column content-text active-extra-styles \" style=\"text-align: justify;\" data-block-type=\"unstyled\" data-block-weight=\"7\" data-block-id=\"8\">\n<p class=\"content-text__container \" data-track-category=\"Link no Texto\" data-track-links=\"\">Apelido de Gabigol<\/p>\n<\/div>\n<div class=\"mc-column content-text active-extra-styles \" style=\"text-align: justify;\" data-block-type=\"unstyled\" data-block-weight=\"30\" data-block-id=\"10\">\n<p class=\"content-text__container \" data-track-category=\"Link no Texto\" data-track-links=\"\">\u201cRespeito a opini\u00e3o de todo mundo. N\u00e3o vejo problema de me chamarem de Gabriel, Gabriel Barbosa, Gabi\u2026 N\u00e3o entro em pol\u00eamica. Meus n\u00fameros falam mais do que qualquer coisa\u201d.<\/p>\n<\/div>\n<div class=\"mc-column content-text active-extra-styles \" style=\"text-align: justify;\" data-block-type=\"unstyled\" data-block-weight=\"5\" data-block-id=\"12\">\n<p class=\"content-text__container \" data-track-category=\"Link no Texto\" data-track-links=\"\">Chance de permanecer no Flamengo<\/p>\n<p class=\"content-text__container \" data-track-category=\"Link no Texto\" data-track-links=\"\">\u201cS\u00e3o decis\u00f5es que v\u00e3o acontecer durante o ano. N\u00e3o tem nada definido ainda se fico ou vou. Estou focado no jogo de s\u00e1bado. Estou muito feliz no Flamengo, tenho contrato com a Inter de Mil\u00e3o tamb\u00e9m\u201d.<\/p>\n<\/div>\n<div class=\"mc-column content-text active-extra-styles \" style=\"text-align: justify;\" data-block-type=\"unstyled\" data-block-weight=\"2\" data-block-id=\"14\">\n<p class=\"content-text__container \" data-track-category=\"Link no Texto\" data-track-links=\"\">Sele\u00e7\u00e3o brasileira<\/p>\n<\/div>\n<div class=\"mc-column content-text active-extra-styles \" style=\"text-align: justify;\" data-block-type=\"unstyled\" data-block-weight=\"45\" data-block-id=\"15\">\n<p class=\"content-text__container \" data-track-category=\"Link no Texto\" data-track-links=\"\">\u201cNo Santos tive um ano especial. Por tudo que estou vivendo aqui, acho que \u00e9 meu melhor momento. O mister tem que feito crescer. Sim, \u00e9 meu melhor momento. Minha expectativa \u00e9 boa (por Sele\u00e7\u00e3o), mas deixo isso com Tite. \u00c9 um sonho voltar\u201d.<\/p>\n<\/div>\n<div class=\"mc-column content-text active-extra-styles \" style=\"text-align: justify;\" data-block-type=\"unstyled\" data-block-weight=\"9\" data-block-id=\"16\">\n<p class=\"content-text__container \" data-track-category=\"Link no Texto\" data-track-links=\"\">Cl\u00e1ssico com o Vasco e duelo com o Inter<\/p>\n<\/div>\n<div class=\"mc-column content-text active-extra-styles \" style=\"text-align: justify;\" data-block-type=\"unstyled\" data-block-weight=\"44\" data-block-id=\"17\">\n<p class=\"content-text__container \" data-track-category=\"Link no Texto\" data-track-links=\"\">\u201cNosso foco \u00e9 no s\u00e1bado. Pensamos no Vasco agora. S\u00e3o dois grandes jogos pela frente. Queremos sair vencedores. Sobre quarta, o Guerrero \u00e9 um grande jogador. Sou muito f\u00e3 dele. N\u00e3o temos caracter\u00edsticas parecidas, \u00e9 dif\u00edcil de comparar. Ele \u00e9 mais de \u00e1rea\u201d.<\/p>\n<\/div>\n<div class=\"mc-column content-text active-extra-styles \" style=\"text-align: justify;\" data-block-type=\"unstyled\" data-block-weight=\"4\" data-block-id=\"18\">\n<p class=\"content-text__container \" data-track-category=\"Link no Texto\" data-track-links=\"\">Melhor momento na carreira<\/p>\n<\/div>\n<div class=\"mc-column content-text active-extra-styles \" data-block-type=\"unstyled\" data-block-weight=\"48\" data-block-id=\"19\">\n<p class=\"content-text__container \" style=\"text-align: justify;\" data-track-category=\"Link no Texto\" data-track-links=\"\">\u201cAno passado foi muito especial ap\u00f3s n\u00e3o jogar muito na Inter e Benfica. Mas por tudo que tenho vivido aqui, acho que tem sido meu melhor momento. At\u00e9 por tudo que t\u00eam me ajudado, pelo Mister. Atuo com jogadores que nunca imaginei. Sim, \u00e9 meu melhor momento\u201d.<\/p>\n<p style=\"text-align: justify;\" data-track-category=\"Link no Texto\" data-track-links=\"\"><strong>FONTE<\/strong>: Globo Esporte<\/p>\n<\/div>\n<\/div>\n","protected":false},"excerpt":{"rendered":"<p>Se depender de Gabigol, Balotelli tem boa chance de fechar com o Flamengo. O atacante mant\u00e9m contato com o italiano e demonstrou entusiasmo com a possibilidade de formar uma dupla no ataque rubro-negro. \u201cConversamos por redes sociais, depois por telefone. Ele pergunta como estou aqui, como ele est\u00e1 l\u00e1. Agora, sabendo que o Marcos est\u00e1 &hellip;<\/p>\n","protected":false},"author":8,"featured_media":10202,"comment_status":"open","ping_status":"open","sticky":false,"template":"","format":"standard","meta":{"content-type":"","rop_custom_images_group":[],"rop_custom_messages_group":[],"rop_publish_now":"initial","rop_publish_now_accounts":{"facebook_2648258775420054_1618374048415101":""},"rop_publish_now_history":[],"rop_publish_now_status":"pending","footnotes":"","_jetpack_memberships_contains_paid_content":false},"categories":[108],"tags":[3165,3166,3167],"yoast_head":"<!-- This site is optimized with the Yoast SEO plugin v22.3 - https:\/\/yoast.com\/wordpress\/plugins\/seo\/ -->\n<title>Gabigol torce por final feliz com Balotelli no Flamengo: \u201cEspero que venha\u201d - Portal NPM<\/title>\n<meta name=\"robots\" content=\"index, follow, max-snippet:-1, max-image-preview:large, max-video-preview:-1\" \/>\n<link rel=\"canonical\" href=\"https:\/\/portalnpm.com\/index.php\/2019\/08\/13\/gabigol-torce-por-final-feliz-com-balotelli-no-flamengo-espero-que-venha\/\" \/>\n<meta property=\"og:locale\" content=\"pt_BR\" \/>\n<meta property=\"og:type\" content=\"article\" \/>\n<meta property=\"og:title\" content=\"Gabigol torce por final feliz com Balotelli no Flamengo: \u201cEspero que venha\u201d - Portal NPM\" \/>\n<meta property=\"og:description\" content=\"Se depender de Gabigol, Balotelli tem boa chance de fechar com o Flamengo. O atacante mant\u00e9m contato com o italiano e demonstrou entusiasmo com a possibilidade de formar uma dupla no ataque rubro-negro. \u201cConversamos por redes sociais, depois por telefone. Ele pergunta como estou aqui, como ele est\u00e1 l\u00e1. Agora, sabendo que o Marcos est\u00e1 &hellip;\" \/>\n<meta property=\"og:url\" content=\"https:\/\/portalnpm.com\/index.php\/2019\/08\/13\/gabigol-torce-por-final-feliz-com-balotelli-no-flamengo-espero-que-venha\/\" \/>\n<meta property=\"og:site_name\" content=\"Portal NPM\" \/>\n<meta property=\"article:published_time\" content=\"2019-08-13T15:01:30+00:00\" \/>\n<meta name=\"author\" content=\"Zenilton Lima\" \/>\n<meta name=\"twitter:card\" content=\"summary_large_image\" \/>\n<meta name=\"twitter:label1\" content=\"Escrito por\" \/>\n\t<meta name=\"twitter:data1\" content=\"Zenilton Lima\" \/>\n\t<meta name=\"twitter:label2\" content=\"Est. tempo de leitura\" \/>\n\t<meta name=\"twitter:data2\" content=\"2 minutos\" \/>\n<script type=\"application\/ld+json\" class=\"yoast-schema-graph\">{\"@context\":\"https:\/\/schema.org\",\"@graph\":[{\"@type\":\"WebPage\",\"@id\":\"https:\/\/portalnpm.com\/index.php\/2019\/08\/13\/gabigol-torce-por-final-feliz-com-balotelli-no-flamengo-espero-que-venha\/\",\"url\":\"https:\/\/portalnpm.com\/index.php\/2019\/08\/13\/gabigol-torce-por-final-feliz-com-balotelli-no-flamengo-espero-que-venha\/\",\"name\":\"Gabigol torce por final feliz com Balotelli no Flamengo: \u201cEspero que venha\u201d - Portal NPM\",\"isPartOf\":{\"@id\":\"https:\/\/portalnpm.com\/#website\"},\"primaryImageOfPage\":{\"@id\":\"https:\/\/portalnpm.com\/index.php\/2019\/08\/13\/gabigol-torce-por-final-feliz-com-balotelli-no-flamengo-espero-que-venha\/#primaryimage\"},\"image\":{\"@id\":\"https:\/\/portalnpm.com\/index.php\/2019\/08\/13\/gabigol-torce-por-final-feliz-com-balotelli-no-flamengo-espero-que-venha\/#primaryimage\"},\"thumbnailUrl\":\"\",\"datePublished\":\"2019-08-13T15:01:30+00:00\",\"dateModified\":\"2019-08-13T15:01:30+00:00\",\"author\":{\"@id\":\"https:\/\/portalnpm.com\/#\/schema\/person\/35cb55186eae3f074b6783da6d35591e\"},\"breadcrumb\":{\"@id\":\"https:\/\/portalnpm.com\/index.php\/2019\/08\/13\/gabigol-torce-por-final-feliz-com-balotelli-no-flamengo-espero-que-venha\/#breadcrumb\"},\"inLanguage\":\"pt-BR\",\"potentialAction\":[{\"@type\":\"ReadAction\",\"target\":[\"https:\/\/portalnpm.com\/index.php\/2019\/08\/13\/gabigol-torce-por-final-feliz-com-balotelli-no-flamengo-espero-que-venha\/\"]}]},{\"@type\":\"ImageObject\",\"inLanguage\":\"pt-BR\",\"@id\":\"https:\/\/portalnpm.com\/index.php\/2019\/08\/13\/gabigol-torce-por-final-feliz-com-balotelli-no-flamengo-espero-que-venha\/#primaryimage\",\"url\":\"\",\"contentUrl\":\"\"},{\"@type\":\"BreadcrumbList\",\"@id\":\"https:\/\/portalnpm.com\/index.php\/2019\/08\/13\/gabigol-torce-por-final-feliz-com-balotelli-no-flamengo-espero-que-venha\/#breadcrumb\",\"itemListElement\":[{\"@type\":\"ListItem\",\"position\":1,\"name\":\"In\u00edcio\",\"item\":\"https:\/\/portalnpm.com\/\"},{\"@type\":\"ListItem\",\"position\":2,\"name\":\"Gabigol torce por final feliz com Balotelli no Flamengo: \u201cEspero que venha\u201d\"}]},{\"@type\":\"WebSite\",\"@id\":\"https:\/\/portalnpm.com\/#website\",\"url\":\"https:\/\/portalnpm.com\/\",\"name\":\"Portal NPM\",\"description\":\"Not\u00edcias em Primeira M\u00e3o\",\"potentialAction\":[{\"@type\":\"SearchAction\",\"target\":{\"@type\":\"EntryPoint\",\"urlTemplate\":\"https:\/\/portalnpm.com\/?s={search_term_string}\"},\"query-input\":\"required name=search_term_string\"}],\"inLanguage\":\"pt-BR\"},{\"@type\":\"Person\",\"@id\":\"https:\/\/portalnpm.com\/#\/schema\/person\/35cb55186eae3f074b6783da6d35591e\",\"name\":\"Zenilton Lima\",\"image\":{\"@type\":\"ImageObject\",\"inLanguage\":\"pt-BR\",\"@id\":\"https:\/\/portalnpm.com\/#\/schema\/person\/image\/\",\"url\":\"https:\/\/portalnpm.com\/wp-content\/uploads\/2024\/12\/avatar_user_8_1733658137-96x96.jpeg\",\"contentUrl\":\"https:\/\/portalnpm.com\/wp-content\/uploads\/2024\/12\/avatar_user_8_1733658137-96x96.jpeg\",\"caption\":\"Zenilton Lima\"},\"url\":\"https:\/\/portalnpm.com\/index.php\/author\/zenilton\/\"}]}<\/script>\n<!-- \/ Yoast SEO plugin. -->","yoast_head_json":{"title":"Gabigol torce por final feliz com Balotelli no Flamengo: \u201cEspero que venha\u201d - Portal NPM","robots":{"index":"index","follow":"follow","max-snippet":"max-snippet:-1","max-image-preview":"max-image-preview:large","max-video-preview":"max-video-preview:-1"},"canonical":"https:\/\/portalnpm.com\/index.php\/2019\/08\/13\/gabigol-torce-por-final-feliz-com-balotelli-no-flamengo-espero-que-venha\/","og_locale":"pt_BR","og_type":"article","og_title":"Gabigol torce por final feliz com Balotelli no Flamengo: \u201cEspero que venha\u201d - Portal NPM","og_description":"Se depender de Gabigol, Balotelli tem boa chance de fechar com o Flamengo. O atacante mant\u00e9m contato com o italiano e demonstrou entusiasmo com a possibilidade de formar uma dupla no ataque rubro-negro. \u201cConversamos por redes sociais, depois por telefone. Ele pergunta como estou aqui, como ele est\u00e1 l\u00e1. Agora, sabendo que o Marcos est\u00e1 &hellip;","og_url":"https:\/\/portalnpm.com\/index.php\/2019\/08\/13\/gabigol-torce-por-final-feliz-com-balotelli-no-flamengo-espero-que-venha\/","og_site_name":"Portal NPM","article_published_time":"2019-08-13T15:01:30+00:00","author":"Zenilton Lima","twitter_card":"summary_large_image","twitter_misc":{"Escrito por":"Zenilton Lima","Est. tempo de leitura":"2 minutos"},"schema":{"@context":"https:\/\/schema.org","@graph":[{"@type":"WebPage","@id":"https:\/\/portalnpm.com\/index.php\/2019\/08\/13\/gabigol-torce-por-final-feliz-com-balotelli-no-flamengo-espero-que-venha\/","url":"https:\/\/portalnpm.com\/index.php\/2019\/08\/13\/gabigol-torce-por-final-feliz-com-balotelli-no-flamengo-espero-que-venha\/","name":"Gabigol torce por final feliz com Balotelli no Flamengo: \u201cEspero que venha\u201d - Portal NPM","isPartOf":{"@id":"https:\/\/portalnpm.com\/#website"},"primaryImageOfPage":{"@id":"https:\/\/portalnpm.com\/index.php\/2019\/08\/13\/gabigol-torce-por-final-feliz-com-balotelli-no-flamengo-espero-que-venha\/#primaryimage"},"image":{"@id":"https:\/\/portalnpm.com\/index.php\/2019\/08\/13\/gabigol-torce-por-final-feliz-com-balotelli-no-flamengo-espero-que-venha\/#primaryimage"},"thumbnailUrl":"","datePublished":"2019-08-13T15:01:30+00:00","dateModified":"2019-08-13T15:01:30+00:00","author":{"@id":"https:\/\/portalnpm.com\/#\/schema\/person\/35cb55186eae3f074b6783da6d35591e"},"breadcrumb":{"@id":"https:\/\/portalnpm.com\/index.php\/2019\/08\/13\/gabigol-torce-por-final-feliz-com-balotelli-no-flamengo-espero-que-venha\/#breadcrumb"},"inLanguage":"pt-BR","potentialAction":[{"@type":"ReadAction","target":["https:\/\/portalnpm.com\/index.php\/2019\/08\/13\/gabigol-torce-por-final-feliz-com-balotelli-no-flamengo-espero-que-venha\/"]}]},{"@type":"ImageObject","inLanguage":"pt-BR","@id":"https:\/\/portalnpm.com\/index.php\/2019\/08\/13\/gabigol-torce-por-final-feliz-com-balotelli-no-flamengo-espero-que-venha\/#primaryimage","url":"","contentUrl":""},{"@type":"BreadcrumbList","@id":"https:\/\/portalnpm.com\/index.php\/2019\/08\/13\/gabigol-torce-por-final-feliz-com-balotelli-no-flamengo-espero-que-venha\/#breadcrumb","itemListElement":[{"@type":"ListItem","position":1,"name":"In\u00edcio","item":"https:\/\/portalnpm.com\/"},{"@type":"ListItem","position":2,"name":"Gabigol torce por final feliz com Balotelli no Flamengo: \u201cEspero que venha\u201d"}]},{"@type":"WebSite","@id":"https:\/\/portalnpm.com\/#website","url":"https:\/\/portalnpm.com\/","name":"Portal NPM","description":"Not\u00edcias em Primeira M\u00e3o","potentialAction":[{"@type":"SearchAction","target":{"@type":"EntryPoint","urlTemplate":"https:\/\/portalnpm.com\/?s={search_term_string}"},"query-input":"required name=search_term_string"}],"inLanguage":"pt-BR"},{"@type":"Person","@id":"https:\/\/portalnpm.com\/#\/schema\/person\/35cb55186eae3f074b6783da6d35591e","name":"Zenilton Lima","image":{"@type":"ImageObject","inLanguage":"pt-BR","@id":"https:\/\/portalnpm.com\/#\/schema\/person\/image\/","url":"https:\/\/portalnpm.com\/wp-content\/uploads\/2024\/12\/avatar_user_8_1733658137-96x96.jpeg","contentUrl":"https:\/\/portalnpm.com\/wp-content\/uploads\/2024\/12\/avatar_user_8_1733658137-96x96.jpeg","caption":"Zenilton Lima"},"url":"https:\/\/portalnpm.com\/index.php\/author\/zenilton\/"}]}},"jetpack_sharing_enabled":true,"jetpack_featured_media_url":"","_links":{"self":[{"href":"https:\/\/portalnpm.com\/index.php\/wp-json\/wp\/v2\/posts\/10201"}],"collection":[{"href":"https:\/\/portalnpm.com\/index.php\/wp-json\/wp\/v2\/posts"}],"about":[{"href":"https:\/\/portalnpm.com\/index.php\/wp-json\/wp\/v2\/types\/post"}],"author":[{"embeddable":true,"href":"https:\/\/portalnpm.com\/index.php\/wp-json\/wp\/v2\/users\/8"}],"replies":[{"embeddable":true,"href":"https:\/\/portalnpm.com\/index.php\/wp-json\/wp\/v2\/comments?post=10201"}],"version-history":[{"count":0,"href":"https:\/\/portalnpm.com\/index.php\/wp-json\/wp\/v2\/posts\/10201\/revisions"}],"wp:featuredmedia":[{"embeddable":true,"href":"https:\/\/portalnpm.com\/index.php\/wp-json\/"}],"wp:attachment":[{"href":"https:\/\/portalnpm.com\/index.php\/wp-json\/wp\/v2\/media?parent=10201"}],"wp:term":[{"taxonomy":"category","embeddable":true,"href":"https:\/\/portalnpm.com\/index.php\/wp-json\/wp\/v2\/categories?post=10201"},{"taxonomy":"post_tag","embeddable":true,"href":"https:\/\/portalnpm.com\/index.php\/wp-json\/wp\/v2\/tags?post=10201"}],"curies":[{"name":"wp","href":"https:\/\/api.w.org\/{rel}","templated":true}]}}