{"id":10213,"date":"2019-08-14T14:04:14","date_gmt":"2019-08-14T17:04:14","guid":{"rendered":"http:\/\/srv.portalnpm.com.br\/?p=10213"},"modified":"2019-08-14T14:04:14","modified_gmt":"2019-08-14T17:04:14","slug":"tumulos-viram-alvo-de-ladroes-na-cidade-de-picos","status":"publish","type":"post","link":"https:\/\/portalnpm.com\/index.php\/2019\/08\/14\/tumulos-viram-alvo-de-ladroes-na-cidade-de-picos\/","title":{"rendered":"T\u00famulos viram alvo de ladr\u00f5es na cidade de Picos"},"content":{"rendered":"<p style=\"text-align: justify;\">Ant\u00f4nio Taveira, denunciou na manh\u00e3 desta ter\u00e7a-feira, 13, a viola\u00e7\u00e3o e furto do t\u00famulo em que seu pai est\u00e1 sepultado. A jazida, localizada no cemit\u00e9rio S\u00e3o Pedro de Alc\u00e2ntara, teve o port\u00e3o furtado, al\u00e9m disso criminosos levaram o cristo e argolas.<\/p>\n<p style=\"text-align: justify;\">\u201cN\u00e3o foi apenas o do meu pai, s\u00e3o v\u00e1rios t\u00famulos que est\u00e3o sendo furtados e as autoridades n\u00e3o tomam provid\u00eancias. Quando o fato aconteceu procurei a garagem da Prefeitura de Picos e relatei a necessidade de seguran\u00e7a no local. O prefeito precisa aumentar os muros e trocar os port\u00f5es\u201d, disse Ant\u00f4nio.<\/p>\n<p style=\"text-align: justify;\">Ainda segundo o denunciante, na lateral do cemit\u00e9rio p\u00fablico existem port\u00f5es particulares, onde apenas algumas fam\u00edlias tem as chaves.<\/p>\n<p style=\"text-align: justify;\">\u201cEles s\u00f3 limpam o cemit\u00e9rio no dia de finados, agora mesmo no dia dos pais o local estava tomado de mato. Pe\u00e7o as autoridades que cuidem mais do local, onde est\u00e3o os nossos entes queridos. Os v\u00e2ndalos v\u00e3o \u00e0 noite, quando voc\u00ea chega de manh\u00e3 tem preservativo, t\u00famulos roubados e muitos problemas\u201d, ressaltou Taveira.<\/p>\n<p style=\"text-align: justify;\"><strong>FONTE<\/strong>: Picos 40 Graus<\/p>\n","protected":false},"excerpt":{"rendered":"<p>Ant\u00f4nio Taveira, denunciou na manh\u00e3 desta ter\u00e7a-feira, 13, a viola\u00e7\u00e3o e furto do t\u00famulo em que seu pai est\u00e1 sepultado. A jazida, localizada no cemit\u00e9rio S\u00e3o Pedro de Alc\u00e2ntara, teve o port\u00e3o furtado, al\u00e9m disso criminosos levaram o cristo e argolas. \u201cN\u00e3o foi apenas o do meu pai, s\u00e3o v\u00e1rios t\u00famulos que est\u00e3o sendo furtados &hellip;<\/p>\n","protected":false},"author":8,"featured_media":10214,"comment_status":"open","ping_status":"open","sticky":false,"template":"","format":"standard","meta":{"content-type":"","rop_custom_images_group":[],"rop_custom_messages_group":[],"rop_publish_now":"initial","rop_publish_now_accounts":{"facebook_2648258775420054_1618374048415101":""},"rop_publish_now_history":[],"rop_publish_now_status":"pending","footnotes":"","_jetpack_memberships_contains_paid_content":false},"categories":[127],"tags":[3170,3171,3172,3173],"yoast_head":"<!-- This site is optimized with the Yoast SEO plugin v22.3 - https:\/\/yoast.com\/wordpress\/plugins\/seo\/ -->\n<title>T\u00famulos viram alvo de ladr\u00f5es na cidade de Picos - Portal NPM<\/title>\n<meta name=\"robots\" content=\"index, follow, max-snippet:-1, max-image-preview:large, max-video-preview:-1\" \/>\n<link rel=\"canonical\" href=\"https:\/\/portalnpm.com\/index.php\/2019\/08\/14\/tumulos-viram-alvo-de-ladroes-na-cidade-de-picos\/\" \/>\n<meta property=\"og:locale\" content=\"pt_BR\" \/>\n<meta property=\"og:type\" content=\"article\" \/>\n<meta property=\"og:title\" content=\"T\u00famulos viram alvo de ladr\u00f5es na cidade de Picos - Portal NPM\" \/>\n<meta property=\"og:description\" content=\"Ant\u00f4nio Taveira, denunciou na manh\u00e3 desta ter\u00e7a-feira, 13, a viola\u00e7\u00e3o e furto do t\u00famulo em que seu pai est\u00e1 sepultado. A jazida, localizada no cemit\u00e9rio S\u00e3o Pedro de Alc\u00e2ntara, teve o port\u00e3o furtado, al\u00e9m disso criminosos levaram o cristo e argolas. \u201cN\u00e3o foi apenas o do meu pai, s\u00e3o v\u00e1rios t\u00famulos que est\u00e3o sendo furtados &hellip;\" \/>\n<meta property=\"og:url\" content=\"https:\/\/portalnpm.com\/index.php\/2019\/08\/14\/tumulos-viram-alvo-de-ladroes-na-cidade-de-picos\/\" \/>\n<meta property=\"og:site_name\" content=\"Portal NPM\" \/>\n<meta property=\"article:published_time\" content=\"2019-08-14T17:04:14+00:00\" \/>\n<meta name=\"author\" content=\"Zenilton Lima\" \/>\n<meta name=\"twitter:card\" content=\"summary_large_image\" \/>\n<meta name=\"twitter:label1\" content=\"Escrito por\" \/>\n\t<meta name=\"twitter:data1\" content=\"Zenilton Lima\" \/>\n\t<meta name=\"twitter:label2\" content=\"Est. tempo de leitura\" \/>\n\t<meta name=\"twitter:data2\" content=\"1 minuto\" \/>\n<script type=\"application\/ld+json\" class=\"yoast-schema-graph\">{\"@context\":\"https:\/\/schema.org\",\"@graph\":[{\"@type\":\"WebPage\",\"@id\":\"https:\/\/portalnpm.com\/index.php\/2019\/08\/14\/tumulos-viram-alvo-de-ladroes-na-cidade-de-picos\/\",\"url\":\"https:\/\/portalnpm.com\/index.php\/2019\/08\/14\/tumulos-viram-alvo-de-ladroes-na-cidade-de-picos\/\",\"name\":\"T\u00famulos viram alvo de ladr\u00f5es na cidade de Picos - Portal NPM\",\"isPartOf\":{\"@id\":\"https:\/\/portalnpm.com\/#website\"},\"primaryImageOfPage\":{\"@id\":\"https:\/\/portalnpm.com\/index.php\/2019\/08\/14\/tumulos-viram-alvo-de-ladroes-na-cidade-de-picos\/#primaryimage\"},\"image\":{\"@id\":\"https:\/\/portalnpm.com\/index.php\/2019\/08\/14\/tumulos-viram-alvo-de-ladroes-na-cidade-de-picos\/#primaryimage\"},\"thumbnailUrl\":\"\",\"datePublished\":\"2019-08-14T17:04:14+00:00\",\"dateModified\":\"2019-08-14T17:04:14+00:00\",\"author\":{\"@id\":\"https:\/\/portalnpm.com\/#\/schema\/person\/35cb55186eae3f074b6783da6d35591e\"},\"breadcrumb\":{\"@id\":\"https:\/\/portalnpm.com\/index.php\/2019\/08\/14\/tumulos-viram-alvo-de-ladroes-na-cidade-de-picos\/#breadcrumb\"},\"inLanguage\":\"pt-BR\",\"potentialAction\":[{\"@type\":\"ReadAction\",\"target\":[\"https:\/\/portalnpm.com\/index.php\/2019\/08\/14\/tumulos-viram-alvo-de-ladroes-na-cidade-de-picos\/\"]}]},{\"@type\":\"ImageObject\",\"inLanguage\":\"pt-BR\",\"@id\":\"https:\/\/portalnpm.com\/index.php\/2019\/08\/14\/tumulos-viram-alvo-de-ladroes-na-cidade-de-picos\/#primaryimage\",\"url\":\"\",\"contentUrl\":\"\"},{\"@type\":\"BreadcrumbList\",\"@id\":\"https:\/\/portalnpm.com\/index.php\/2019\/08\/14\/tumulos-viram-alvo-de-ladroes-na-cidade-de-picos\/#breadcrumb\",\"itemListElement\":[{\"@type\":\"ListItem\",\"position\":1,\"name\":\"In\u00edcio\",\"item\":\"https:\/\/portalnpm.com\/\"},{\"@type\":\"ListItem\",\"position\":2,\"name\":\"T\u00famulos viram alvo de ladr\u00f5es na cidade de Picos\"}]},{\"@type\":\"WebSite\",\"@id\":\"https:\/\/portalnpm.com\/#website\",\"url\":\"https:\/\/portalnpm.com\/\",\"name\":\"Portal NPM\",\"description\":\"Not\u00edcias em Primeira M\u00e3o\",\"potentialAction\":[{\"@type\":\"SearchAction\",\"target\":{\"@type\":\"EntryPoint\",\"urlTemplate\":\"https:\/\/portalnpm.com\/?s={search_term_string}\"},\"query-input\":\"required name=search_term_string\"}],\"inLanguage\":\"pt-BR\"},{\"@type\":\"Person\",\"@id\":\"https:\/\/portalnpm.com\/#\/schema\/person\/35cb55186eae3f074b6783da6d35591e\",\"name\":\"Zenilton Lima\",\"image\":{\"@type\":\"ImageObject\",\"inLanguage\":\"pt-BR\",\"@id\":\"https:\/\/portalnpm.com\/#\/schema\/person\/image\/\",\"url\":\"https:\/\/portalnpm.com\/wp-content\/uploads\/2024\/12\/avatar_user_8_1733658137-96x96.jpeg\",\"contentUrl\":\"https:\/\/portalnpm.com\/wp-content\/uploads\/2024\/12\/avatar_user_8_1733658137-96x96.jpeg\",\"caption\":\"Zenilton Lima\"},\"url\":\"https:\/\/portalnpm.com\/index.php\/author\/zenilton\/\"}]}<\/script>\n<!-- \/ Yoast SEO plugin. -->","yoast_head_json":{"title":"T\u00famulos viram alvo de ladr\u00f5es na cidade de Picos - Portal NPM","robots":{"index":"index","follow":"follow","max-snippet":"max-snippet:-1","max-image-preview":"max-image-preview:large","max-video-preview":"max-video-preview:-1"},"canonical":"https:\/\/portalnpm.com\/index.php\/2019\/08\/14\/tumulos-viram-alvo-de-ladroes-na-cidade-de-picos\/","og_locale":"pt_BR","og_type":"article","og_title":"T\u00famulos viram alvo de ladr\u00f5es na cidade de Picos - Portal NPM","og_description":"Ant\u00f4nio Taveira, denunciou na manh\u00e3 desta ter\u00e7a-feira, 13, a viola\u00e7\u00e3o e furto do t\u00famulo em que seu pai est\u00e1 sepultado. A jazida, localizada no cemit\u00e9rio S\u00e3o Pedro de Alc\u00e2ntara, teve o port\u00e3o furtado, al\u00e9m disso criminosos levaram o cristo e argolas. \u201cN\u00e3o foi apenas o do meu pai, s\u00e3o v\u00e1rios t\u00famulos que est\u00e3o sendo furtados &hellip;","og_url":"https:\/\/portalnpm.com\/index.php\/2019\/08\/14\/tumulos-viram-alvo-de-ladroes-na-cidade-de-picos\/","og_site_name":"Portal NPM","article_published_time":"2019-08-14T17:04:14+00:00","author":"Zenilton Lima","twitter_card":"summary_large_image","twitter_misc":{"Escrito por":"Zenilton Lima","Est. tempo de leitura":"1 minuto"},"schema":{"@context":"https:\/\/schema.org","@graph":[{"@type":"WebPage","@id":"https:\/\/portalnpm.com\/index.php\/2019\/08\/14\/tumulos-viram-alvo-de-ladroes-na-cidade-de-picos\/","url":"https:\/\/portalnpm.com\/index.php\/2019\/08\/14\/tumulos-viram-alvo-de-ladroes-na-cidade-de-picos\/","name":"T\u00famulos viram alvo de ladr\u00f5es na cidade de Picos - Portal NPM","isPartOf":{"@id":"https:\/\/portalnpm.com\/#website"},"primaryImageOfPage":{"@id":"https:\/\/portalnpm.com\/index.php\/2019\/08\/14\/tumulos-viram-alvo-de-ladroes-na-cidade-de-picos\/#primaryimage"},"image":{"@id":"https:\/\/portalnpm.com\/index.php\/2019\/08\/14\/tumulos-viram-alvo-de-ladroes-na-cidade-de-picos\/#primaryimage"},"thumbnailUrl":"","datePublished":"2019-08-14T17:04:14+00:00","dateModified":"2019-08-14T17:04:14+00:00","author":{"@id":"https:\/\/portalnpm.com\/#\/schema\/person\/35cb55186eae3f074b6783da6d35591e"},"breadcrumb":{"@id":"https:\/\/portalnpm.com\/index.php\/2019\/08\/14\/tumulos-viram-alvo-de-ladroes-na-cidade-de-picos\/#breadcrumb"},"inLanguage":"pt-BR","potentialAction":[{"@type":"ReadAction","target":["https:\/\/portalnpm.com\/index.php\/2019\/08\/14\/tumulos-viram-alvo-de-ladroes-na-cidade-de-picos\/"]}]},{"@type":"ImageObject","inLanguage":"pt-BR","@id":"https:\/\/portalnpm.com\/index.php\/2019\/08\/14\/tumulos-viram-alvo-de-ladroes-na-cidade-de-picos\/#primaryimage","url":"","contentUrl":""},{"@type":"BreadcrumbList","@id":"https:\/\/portalnpm.com\/index.php\/2019\/08\/14\/tumulos-viram-alvo-de-ladroes-na-cidade-de-picos\/#breadcrumb","itemListElement":[{"@type":"ListItem","position":1,"name":"In\u00edcio","item":"https:\/\/portalnpm.com\/"},{"@type":"ListItem","position":2,"name":"T\u00famulos viram alvo de ladr\u00f5es na cidade de Picos"}]},{"@type":"WebSite","@id":"https:\/\/portalnpm.com\/#website","url":"https:\/\/portalnpm.com\/","name":"Portal NPM","description":"Not\u00edcias em Primeira M\u00e3o","potentialAction":[{"@type":"SearchAction","target":{"@type":"EntryPoint","urlTemplate":"https:\/\/portalnpm.com\/?s={search_term_string}"},"query-input":"required name=search_term_string"}],"inLanguage":"pt-BR"},{"@type":"Person","@id":"https:\/\/portalnpm.com\/#\/schema\/person\/35cb55186eae3f074b6783da6d35591e","name":"Zenilton Lima","image":{"@type":"ImageObject","inLanguage":"pt-BR","@id":"https:\/\/portalnpm.com\/#\/schema\/person\/image\/","url":"https:\/\/portalnpm.com\/wp-content\/uploads\/2024\/12\/avatar_user_8_1733658137-96x96.jpeg","contentUrl":"https:\/\/portalnpm.com\/wp-content\/uploads\/2024\/12\/avatar_user_8_1733658137-96x96.jpeg","caption":"Zenilton Lima"},"url":"https:\/\/portalnpm.com\/index.php\/author\/zenilton\/"}]}},"jetpack_sharing_enabled":true,"jetpack_featured_media_url":"","_links":{"self":[{"href":"https:\/\/portalnpm.com\/index.php\/wp-json\/wp\/v2\/posts\/10213"}],"collection":[{"href":"https:\/\/portalnpm.com\/index.php\/wp-json\/wp\/v2\/posts"}],"about":[{"href":"https:\/\/portalnpm.com\/index.php\/wp-json\/wp\/v2\/types\/post"}],"author":[{"embeddable":true,"href":"https:\/\/portalnpm.com\/index.php\/wp-json\/wp\/v2\/users\/8"}],"replies":[{"embeddable":true,"href":"https:\/\/portalnpm.com\/index.php\/wp-json\/wp\/v2\/comments?post=10213"}],"version-history":[{"count":0,"href":"https:\/\/portalnpm.com\/index.php\/wp-json\/wp\/v2\/posts\/10213\/revisions"}],"wp:featuredmedia":[{"embeddable":true,"href":"https:\/\/portalnpm.com\/index.php\/wp-json\/"}],"wp:attachment":[{"href":"https:\/\/portalnpm.com\/index.php\/wp-json\/wp\/v2\/media?parent=10213"}],"wp:term":[{"taxonomy":"category","embeddable":true,"href":"https:\/\/portalnpm.com\/index.php\/wp-json\/wp\/v2\/categories?post=10213"},{"taxonomy":"post_tag","embeddable":true,"href":"https:\/\/portalnpm.com\/index.php\/wp-json\/wp\/v2\/tags?post=10213"}],"curies":[{"name":"wp","href":"https:\/\/api.w.org\/{rel}","templated":true}]}}