{"id":10237,"date":"2019-08-16T13:56:05","date_gmt":"2019-08-16T16:56:05","guid":{"rendered":"http:\/\/srv.portalnpm.com.br\/?p=10237"},"modified":"2019-08-16T13:56:05","modified_gmt":"2019-08-16T16:56:05","slug":"tite-convoca-selecao-para-amistosos-com-neymar-bruno-henrique-e-vinicius-junior","status":"publish","type":"post","link":"https:\/\/portalnpm.com\/index.php\/2019\/08\/16\/tite-convoca-selecao-para-amistosos-com-neymar-bruno-henrique-e-vinicius-junior\/","title":{"rendered":"Tite convoca sele\u00e7\u00e3o para amistosos com Neymar, Bruno Henrique e Vinicius Junior"},"content":{"rendered":"<p style=\"text-align: justify;\">O t\u00e9cnico Tite anunciou, nesta sexta-feira, uma lista de convocados com algumas novidades para amistosos diante de Col\u00f4mbia e Peru, nos dias 6 e 10 de setembro, respectivamente, ambos nos Estados Unidos. O treinador, que chamou Neymar, apostou em caras novas como o zagueiro Samir, o lateral Jorge, os atacantes Bruno Henrique e Vinicius Junior e o goleiro Ivan.<\/p>\n<p style=\"text-align: justify;\">Al\u00e9m desses cinco jogadores e de Neymar, outras novidades em rela\u00e7\u00e3o ao time que conquistou o t\u00edtulo da Copa Am\u00e9rica presentes nesta convoca\u00e7\u00e3o foram o goleiro Weverton e o meio-campista Fabinho.<\/p>\n<p style=\"text-align: justify;\">Neymar, em lit\u00edgio com o Paris Saint-Germain e sem atuar desde amistoso entre a sele\u00e7\u00e3o brasileira e a do Catar, em 5 de junho, quando sofreu les\u00e3o que impediu a sua participa\u00e7\u00e3o na Copa Am\u00e9rica, foi convocado mesmo com o seu futuro incerto. Outro jogador que tamb\u00e9m pode trocar de clubes nas pr\u00f3ximas semanas, mas tamb\u00e9m est\u00e1 na lista, \u00e9 Philippe Coutinho, hoje no Barcelona<\/p>\n<p style=\"text-align: justify;\">A convoca\u00e7\u00e3o foi a primeira da sele\u00e7\u00e3o ap\u00f3s a conquista do t\u00edtulo da Copa Am\u00e9rica, com Tite come\u00e7ando a pensar nas Eliminat\u00f3rias Sul-Americanas para a Copa do Mundo de 2022. Por isso, apresentou como novidades jogadores que at\u00e9 j\u00e1 estavam no seu radar, mas n\u00e3o tinham sido lembrados para o torneio.<\/p>\n<p style=\"text-align: justify;\">Tite tamb\u00e9m precisou apostar em novidades por causa de desfalques. No gol, o titular Alisson est\u00e1 machucado. No ataque, Gabriel Jesus est\u00e1 suspenso por dois meses. E o treinador tamb\u00e9m optou por n\u00e3o chamar jogadores dos semifinalistas da Copa do Brasil \u2013 o Gr\u00eamio de Everton Cebolinha, Athletico-PR, Cruzeiro e Internacional -, pois os duelos de volta est\u00e3o agendados para 4 de setembro. O primeiro duelo da final ser\u00e1 no dia 11.<\/p>\n<p style=\"text-align: justify;\">O treinador ainda indicou com essa convoca\u00e7\u00e3o uma renova\u00e7\u00e3o gradual da sele\u00e7\u00e3o, algo que vem tentando fazer desde o fim da Copa do Mundo da R\u00fassia. Assim, jogadores mais rodados e que estiveram na Copa Am\u00e9rica perderam espa\u00e7o. O zagueiro Miranda, o volante Fernandinho e o atacante Willian, que s\u00f3 foi chamado para a Copa Am\u00e9rica ap\u00f3s corte de Neymar, ficaram de fora da rela\u00e7\u00e3o. E isso abriu espa\u00e7o para nomes como Samir, da Udinese, e Vinicius Junior, do Real Madrid.<\/p>\n<p style=\"text-align: justify;\">Com a aus\u00eancia de Alisson, Ederson ser\u00e1 o goleiro titular da sele\u00e7\u00e3o. E os seus suplentes s\u00e3o de clubes do Pa\u00eds, ainda mais que Neto, rec\u00e9m-contratado pelo Barcelona, sofreu fratura na m\u00e3o esquerda e n\u00e3o p\u00f4de ser convocado. E agora, ent\u00e3o, Tite apostou em Weverton, do Palmeiras, e Ivan, da Ponte Preta.<\/p>\n<p style=\"text-align: justify;\">Outros jogadores que atuam no Brasil tamb\u00e9m foram chamados, casos do lateral-esquerdo Jorge, do Santos, e do atacante Bruno Henrique, do Flamengo.<\/p>\n<p style=\"text-align: justify;\">Antes da convoca\u00e7\u00e3o, o coordenador de sele\u00e7\u00f5es Juninho Paulista anunciou que o ex-jogador C\u00e9sar Sampaio ser\u00e1 o auxiliar t\u00e9cnico pontual da equipe nesses compromissos nos Estados Unidos.<\/p>\n<p style=\"text-align: justify;\">Confira a lista de convocados do Brasil para os amistosos contra as sele\u00e7\u00f5es colombiana, em Miami, e peruana, em Los Angeles:<\/p>\n<p style=\"text-align: justify;\">Goleiros \u2013 Ederson (Manchester City), Weverton (Palmeiras) e Ivan (Ponte Preta).<\/p>\n<p style=\"text-align: justify;\">Laterais \u2013 Daniel Alves (S\u00e3o Paulo), Alex Sandro (Juventus), Fagner (Corinthians) e Jorge (Santos).<\/p>\n<p style=\"text-align: justify;\">Zagueiros \u2013 Marquinhos (Paris Saint-Germain), Thiago Silva (Paris Saint-Germain), Samir (Udinese) e \u00c9der Milit\u00e3o (Real Madrid).<\/p>\n<p style=\"text-align: justify;\"><em><strong>FONTE<\/strong>: Estad\u00e3o Conte\u00fado<\/em><\/p>\n","protected":false},"excerpt":{"rendered":"<p>O t\u00e9cnico Tite anunciou, nesta sexta-feira, uma lista de convocados com algumas novidades para amistosos diante de Col\u00f4mbia e Peru, nos dias 6 e 10 de setembro, respectivamente, ambos nos Estados Unidos. O treinador, que chamou Neymar, apostou em caras novas como o zagueiro Samir, o lateral Jorge, os atacantes Bruno Henrique e Vinicius Junior &hellip;<\/p>\n","protected":false},"author":8,"featured_media":10238,"comment_status":"open","ping_status":"open","sticky":false,"template":"","format":"standard","meta":{"content-type":"","rop_custom_images_group":[],"rop_custom_messages_group":[],"rop_publish_now":"initial","rop_publish_now_accounts":{"facebook_2648258775420054_1618374048415101":""},"rop_publish_now_history":[],"rop_publish_now_status":"pending","footnotes":"","_jetpack_memberships_contains_paid_content":false},"categories":[108],"tags":[3180,1160,1077],"yoast_head":"<!-- This site is optimized with the Yoast SEO plugin v22.3 - https:\/\/yoast.com\/wordpress\/plugins\/seo\/ -->\n<title>Tite convoca sele\u00e7\u00e3o para amistosos com Neymar, Bruno Henrique e Vinicius Junior - Portal NPM<\/title>\n<meta name=\"robots\" content=\"index, follow, max-snippet:-1, max-image-preview:large, max-video-preview:-1\" \/>\n<link rel=\"canonical\" href=\"https:\/\/portalnpm.com\/index.php\/2019\/08\/16\/tite-convoca-selecao-para-amistosos-com-neymar-bruno-henrique-e-vinicius-junior\/\" \/>\n<meta property=\"og:locale\" content=\"pt_BR\" \/>\n<meta property=\"og:type\" content=\"article\" \/>\n<meta property=\"og:title\" content=\"Tite convoca sele\u00e7\u00e3o para amistosos com Neymar, Bruno Henrique e Vinicius Junior - Portal NPM\" \/>\n<meta property=\"og:description\" content=\"O t\u00e9cnico Tite anunciou, nesta sexta-feira, uma lista de convocados com algumas novidades para amistosos diante de Col\u00f4mbia e Peru, nos dias 6 e 10 de setembro, respectivamente, ambos nos Estados Unidos. O treinador, que chamou Neymar, apostou em caras novas como o zagueiro Samir, o lateral Jorge, os atacantes Bruno Henrique e Vinicius Junior &hellip;\" \/>\n<meta property=\"og:url\" content=\"https:\/\/portalnpm.com\/index.php\/2019\/08\/16\/tite-convoca-selecao-para-amistosos-com-neymar-bruno-henrique-e-vinicius-junior\/\" \/>\n<meta property=\"og:site_name\" content=\"Portal NPM\" \/>\n<meta property=\"article:published_time\" content=\"2019-08-16T16:56:05+00:00\" \/>\n<meta name=\"author\" content=\"Zenilton Lima\" \/>\n<meta name=\"twitter:card\" content=\"summary_large_image\" \/>\n<meta name=\"twitter:label1\" content=\"Escrito por\" \/>\n\t<meta name=\"twitter:data1\" content=\"Zenilton Lima\" \/>\n\t<meta name=\"twitter:label2\" content=\"Est. tempo de leitura\" \/>\n\t<meta name=\"twitter:data2\" content=\"3 minutos\" \/>\n<script type=\"application\/ld+json\" class=\"yoast-schema-graph\">{\"@context\":\"https:\/\/schema.org\",\"@graph\":[{\"@type\":\"WebPage\",\"@id\":\"https:\/\/portalnpm.com\/index.php\/2019\/08\/16\/tite-convoca-selecao-para-amistosos-com-neymar-bruno-henrique-e-vinicius-junior\/\",\"url\":\"https:\/\/portalnpm.com\/index.php\/2019\/08\/16\/tite-convoca-selecao-para-amistosos-com-neymar-bruno-henrique-e-vinicius-junior\/\",\"name\":\"Tite convoca sele\u00e7\u00e3o para amistosos com Neymar, Bruno Henrique e Vinicius Junior - Portal NPM\",\"isPartOf\":{\"@id\":\"https:\/\/portalnpm.com\/#website\"},\"primaryImageOfPage\":{\"@id\":\"https:\/\/portalnpm.com\/index.php\/2019\/08\/16\/tite-convoca-selecao-para-amistosos-com-neymar-bruno-henrique-e-vinicius-junior\/#primaryimage\"},\"image\":{\"@id\":\"https:\/\/portalnpm.com\/index.php\/2019\/08\/16\/tite-convoca-selecao-para-amistosos-com-neymar-bruno-henrique-e-vinicius-junior\/#primaryimage\"},\"thumbnailUrl\":\"\",\"datePublished\":\"2019-08-16T16:56:05+00:00\",\"dateModified\":\"2019-08-16T16:56:05+00:00\",\"author\":{\"@id\":\"https:\/\/portalnpm.com\/#\/schema\/person\/35cb55186eae3f074b6783da6d35591e\"},\"breadcrumb\":{\"@id\":\"https:\/\/portalnpm.com\/index.php\/2019\/08\/16\/tite-convoca-selecao-para-amistosos-com-neymar-bruno-henrique-e-vinicius-junior\/#breadcrumb\"},\"inLanguage\":\"pt-BR\",\"potentialAction\":[{\"@type\":\"ReadAction\",\"target\":[\"https:\/\/portalnpm.com\/index.php\/2019\/08\/16\/tite-convoca-selecao-para-amistosos-com-neymar-bruno-henrique-e-vinicius-junior\/\"]}]},{\"@type\":\"ImageObject\",\"inLanguage\":\"pt-BR\",\"@id\":\"https:\/\/portalnpm.com\/index.php\/2019\/08\/16\/tite-convoca-selecao-para-amistosos-com-neymar-bruno-henrique-e-vinicius-junior\/#primaryimage\",\"url\":\"\",\"contentUrl\":\"\"},{\"@type\":\"BreadcrumbList\",\"@id\":\"https:\/\/portalnpm.com\/index.php\/2019\/08\/16\/tite-convoca-selecao-para-amistosos-com-neymar-bruno-henrique-e-vinicius-junior\/#breadcrumb\",\"itemListElement\":[{\"@type\":\"ListItem\",\"position\":1,\"name\":\"In\u00edcio\",\"item\":\"https:\/\/portalnpm.com\/\"},{\"@type\":\"ListItem\",\"position\":2,\"name\":\"Tite convoca sele\u00e7\u00e3o para amistosos com Neymar, Bruno Henrique e Vinicius Junior\"}]},{\"@type\":\"WebSite\",\"@id\":\"https:\/\/portalnpm.com\/#website\",\"url\":\"https:\/\/portalnpm.com\/\",\"name\":\"Portal NPM\",\"description\":\"Not\u00edcias em Primeira M\u00e3o\",\"potentialAction\":[{\"@type\":\"SearchAction\",\"target\":{\"@type\":\"EntryPoint\",\"urlTemplate\":\"https:\/\/portalnpm.com\/?s={search_term_string}\"},\"query-input\":\"required name=search_term_string\"}],\"inLanguage\":\"pt-BR\"},{\"@type\":\"Person\",\"@id\":\"https:\/\/portalnpm.com\/#\/schema\/person\/35cb55186eae3f074b6783da6d35591e\",\"name\":\"Zenilton Lima\",\"image\":{\"@type\":\"ImageObject\",\"inLanguage\":\"pt-BR\",\"@id\":\"https:\/\/portalnpm.com\/#\/schema\/person\/image\/\",\"url\":\"https:\/\/portalnpm.com\/wp-content\/uploads\/2024\/12\/avatar_user_8_1733658137-96x96.jpeg\",\"contentUrl\":\"https:\/\/portalnpm.com\/wp-content\/uploads\/2024\/12\/avatar_user_8_1733658137-96x96.jpeg\",\"caption\":\"Zenilton Lima\"},\"url\":\"https:\/\/portalnpm.com\/index.php\/author\/zenilton\/\"}]}<\/script>\n<!-- \/ Yoast SEO plugin. -->","yoast_head_json":{"title":"Tite convoca sele\u00e7\u00e3o para amistosos com Neymar, Bruno Henrique e Vinicius Junior - Portal NPM","robots":{"index":"index","follow":"follow","max-snippet":"max-snippet:-1","max-image-preview":"max-image-preview:large","max-video-preview":"max-video-preview:-1"},"canonical":"https:\/\/portalnpm.com\/index.php\/2019\/08\/16\/tite-convoca-selecao-para-amistosos-com-neymar-bruno-henrique-e-vinicius-junior\/","og_locale":"pt_BR","og_type":"article","og_title":"Tite convoca sele\u00e7\u00e3o para amistosos com Neymar, Bruno Henrique e Vinicius Junior - Portal NPM","og_description":"O t\u00e9cnico Tite anunciou, nesta sexta-feira, uma lista de convocados com algumas novidades para amistosos diante de Col\u00f4mbia e Peru, nos dias 6 e 10 de setembro, respectivamente, ambos nos Estados Unidos. O treinador, que chamou Neymar, apostou em caras novas como o zagueiro Samir, o lateral Jorge, os atacantes Bruno Henrique e Vinicius Junior &hellip;","og_url":"https:\/\/portalnpm.com\/index.php\/2019\/08\/16\/tite-convoca-selecao-para-amistosos-com-neymar-bruno-henrique-e-vinicius-junior\/","og_site_name":"Portal NPM","article_published_time":"2019-08-16T16:56:05+00:00","author":"Zenilton Lima","twitter_card":"summary_large_image","twitter_misc":{"Escrito por":"Zenilton Lima","Est. tempo de leitura":"3 minutos"},"schema":{"@context":"https:\/\/schema.org","@graph":[{"@type":"WebPage","@id":"https:\/\/portalnpm.com\/index.php\/2019\/08\/16\/tite-convoca-selecao-para-amistosos-com-neymar-bruno-henrique-e-vinicius-junior\/","url":"https:\/\/portalnpm.com\/index.php\/2019\/08\/16\/tite-convoca-selecao-para-amistosos-com-neymar-bruno-henrique-e-vinicius-junior\/","name":"Tite convoca sele\u00e7\u00e3o para amistosos com Neymar, Bruno Henrique e Vinicius Junior - Portal NPM","isPartOf":{"@id":"https:\/\/portalnpm.com\/#website"},"primaryImageOfPage":{"@id":"https:\/\/portalnpm.com\/index.php\/2019\/08\/16\/tite-convoca-selecao-para-amistosos-com-neymar-bruno-henrique-e-vinicius-junior\/#primaryimage"},"image":{"@id":"https:\/\/portalnpm.com\/index.php\/2019\/08\/16\/tite-convoca-selecao-para-amistosos-com-neymar-bruno-henrique-e-vinicius-junior\/#primaryimage"},"thumbnailUrl":"","datePublished":"2019-08-16T16:56:05+00:00","dateModified":"2019-08-16T16:56:05+00:00","author":{"@id":"https:\/\/portalnpm.com\/#\/schema\/person\/35cb55186eae3f074b6783da6d35591e"},"breadcrumb":{"@id":"https:\/\/portalnpm.com\/index.php\/2019\/08\/16\/tite-convoca-selecao-para-amistosos-com-neymar-bruno-henrique-e-vinicius-junior\/#breadcrumb"},"inLanguage":"pt-BR","potentialAction":[{"@type":"ReadAction","target":["https:\/\/portalnpm.com\/index.php\/2019\/08\/16\/tite-convoca-selecao-para-amistosos-com-neymar-bruno-henrique-e-vinicius-junior\/"]}]},{"@type":"ImageObject","inLanguage":"pt-BR","@id":"https:\/\/portalnpm.com\/index.php\/2019\/08\/16\/tite-convoca-selecao-para-amistosos-com-neymar-bruno-henrique-e-vinicius-junior\/#primaryimage","url":"","contentUrl":""},{"@type":"BreadcrumbList","@id":"https:\/\/portalnpm.com\/index.php\/2019\/08\/16\/tite-convoca-selecao-para-amistosos-com-neymar-bruno-henrique-e-vinicius-junior\/#breadcrumb","itemListElement":[{"@type":"ListItem","position":1,"name":"In\u00edcio","item":"https:\/\/portalnpm.com\/"},{"@type":"ListItem","position":2,"name":"Tite convoca sele\u00e7\u00e3o para amistosos com Neymar, Bruno Henrique e Vinicius Junior"}]},{"@type":"WebSite","@id":"https:\/\/portalnpm.com\/#website","url":"https:\/\/portalnpm.com\/","name":"Portal NPM","description":"Not\u00edcias em Primeira M\u00e3o","potentialAction":[{"@type":"SearchAction","target":{"@type":"EntryPoint","urlTemplate":"https:\/\/portalnpm.com\/?s={search_term_string}"},"query-input":"required name=search_term_string"}],"inLanguage":"pt-BR"},{"@type":"Person","@id":"https:\/\/portalnpm.com\/#\/schema\/person\/35cb55186eae3f074b6783da6d35591e","name":"Zenilton Lima","image":{"@type":"ImageObject","inLanguage":"pt-BR","@id":"https:\/\/portalnpm.com\/#\/schema\/person\/image\/","url":"https:\/\/portalnpm.com\/wp-content\/uploads\/2024\/12\/avatar_user_8_1733658137-96x96.jpeg","contentUrl":"https:\/\/portalnpm.com\/wp-content\/uploads\/2024\/12\/avatar_user_8_1733658137-96x96.jpeg","caption":"Zenilton Lima"},"url":"https:\/\/portalnpm.com\/index.php\/author\/zenilton\/"}]}},"jetpack_sharing_enabled":true,"jetpack_featured_media_url":"","_links":{"self":[{"href":"https:\/\/portalnpm.com\/index.php\/wp-json\/wp\/v2\/posts\/10237"}],"collection":[{"href":"https:\/\/portalnpm.com\/index.php\/wp-json\/wp\/v2\/posts"}],"about":[{"href":"https:\/\/portalnpm.com\/index.php\/wp-json\/wp\/v2\/types\/post"}],"author":[{"embeddable":true,"href":"https:\/\/portalnpm.com\/index.php\/wp-json\/wp\/v2\/users\/8"}],"replies":[{"embeddable":true,"href":"https:\/\/portalnpm.com\/index.php\/wp-json\/wp\/v2\/comments?post=10237"}],"version-history":[{"count":0,"href":"https:\/\/portalnpm.com\/index.php\/wp-json\/wp\/v2\/posts\/10237\/revisions"}],"wp:featuredmedia":[{"embeddable":true,"href":"https:\/\/portalnpm.com\/index.php\/wp-json\/"}],"wp:attachment":[{"href":"https:\/\/portalnpm.com\/index.php\/wp-json\/wp\/v2\/media?parent=10237"}],"wp:term":[{"taxonomy":"category","embeddable":true,"href":"https:\/\/portalnpm.com\/index.php\/wp-json\/wp\/v2\/categories?post=10237"},{"taxonomy":"post_tag","embeddable":true,"href":"https:\/\/portalnpm.com\/index.php\/wp-json\/wp\/v2\/tags?post=10237"}],"curies":[{"name":"wp","href":"https:\/\/api.w.org\/{rel}","templated":true}]}}