{"id":10248,"date":"2019-08-17T12:35:11","date_gmt":"2019-08-17T15:35:11","guid":{"rendered":"http:\/\/srv.portalnpm.com.br\/?p=10248"},"modified":"2019-08-17T12:35:11","modified_gmt":"2019-08-17T15:35:11","slug":"veiculo-roubado-em-fronteiras-e-recuperado-pela-policia-em-sao-juliao","status":"publish","type":"post","link":"https:\/\/portalnpm.com\/index.php\/2019\/08\/17\/veiculo-roubado-em-fronteiras-e-recuperado-pela-policia-em-sao-juliao\/","title":{"rendered":"Ve\u00edculo roubado em Fronteiras \u00e9 recuperado pela pol\u00edcia em S\u00e3o Juli\u00e3o"},"content":{"rendered":"<p style=\"text-align: justify;\">Um ve\u00edculo modelo Fiat Palio Sporting de cor branca que havia sido roubado em Fronteiras \u2013 PI acaba de ser recuperado pelo Grupamento de Pol\u00edcia Militar de S\u00e3o Juli\u00e3o \u2013 PI.<\/p>\n<figure id=\"attachment_10251\" aria-describedby=\"caption-attachment-10251\" style=\"width: 768px\" class=\"wp-caption alignnone\"><img fetchpriority=\"high\" decoding=\"async\" class=\"size-full wp-image-10251\" src=\"http:\/\/portalnpm.com\/wp-content\/uploads\/2019\/08\/bcea1543-2e9d-448a-9721-b13929f8e053.jpg\" alt=\"\" width=\"768\" height=\"493\" \/><figcaption id=\"caption-attachment-10251\" class=\"wp-caption-text\">Ve\u00edculo roubado em Fronteiras \u00e9 recuperado pela pol\u00edcia em S\u00e3o Juli\u00e3o<\/figcaption><\/figure>\n<p style=\"text-align: justify;\">De acordo com sargento Xavier, comandante do GPM de S\u00e3o Juli\u00e3o, o ve\u00edculo foi localizado por populares na manh\u00e3 deste s\u00e1bado, 17, numa vicinal \u00e0s margens da BR-230, no povoado Mandacaru, distrito de S\u00e3o Juli\u00e3o \u2013 PI.<\/p>\n<p style=\"text-align: justify;\">O carro havia sido roubado na noite desta sexta-feira, 16 de agosto, de uma senhora na Vila Itapissuma, em Fronteiras \u2013 PI, que teve sua resid\u00eancia invadida por tr\u00eas homens.<\/p>\n<figure id=\"attachment_10249\" aria-describedby=\"caption-attachment-10249\" style=\"width: 526px\" class=\"wp-caption aligncenter\"><img decoding=\"async\" class=\"size-full wp-image-10249\" src=\"http:\/\/portalnpm.com\/wp-content\/uploads\/2019\/08\/sgtxavierenoticias.jpg\" alt=\"\" width=\"526\" height=\"480\" \/><figcaption id=\"caption-attachment-10249\" class=\"wp-caption-text\">Sargento Xavier<\/figcaption><\/figure>\n<p style=\"text-align: justify;\">Al\u00e9m do ve\u00edculo, os criminosos reviraram a casa da senhora identificada por \u201cClotilde\u201d e levaram dois televisores, perfumes e outros objetos de pequeno valor.<\/p>\n<p style=\"text-align: justify;\">\u201cJ\u00e1 entramos em contato com os demais Grupamentos de Policia Militar da regi\u00e3o e estamos em dilig\u00eancia no intuito de capturar os criminosos\u201d, disse o comandante do GPM de S\u00e3o Juli\u00e3o,<\/p>\n<figure id=\"attachment_10250\" aria-describedby=\"caption-attachment-10250\" style=\"width: 735px\" class=\"wp-caption aligncenter\"><img decoding=\"async\" class=\"size-full wp-image-10250\" src=\"http:\/\/portalnpm.com\/wp-content\/uploads\/2019\/08\/7e14bf51-0159-41ab-aee9-8a0ba1edf96f.jpg\" alt=\"\" width=\"735\" height=\"562\" \/><figcaption id=\"caption-attachment-10250\" class=\"wp-caption-text\">Ve\u00edculo foi recuperado em S\u00e3o Juli\u00e3o<\/figcaption><\/figure>\n<p><strong>FONTE<\/strong>: Portal \u00c9 Not\u00edcias<\/p>\n","protected":false},"excerpt":{"rendered":"<p>Um ve\u00edculo modelo Fiat Palio Sporting de cor branca que havia sido roubado em Fronteiras \u2013 PI acaba de ser recuperado pelo Grupamento de Pol\u00edcia Militar de S\u00e3o Juli\u00e3o \u2013 PI. De acordo com sargento Xavier, comandante do GPM de S\u00e3o Juli\u00e3o, o ve\u00edculo foi localizado por populares na manh\u00e3 deste s\u00e1bado, 17, numa vicinal &hellip;<\/p>\n","protected":false},"author":8,"featured_media":10250,"comment_status":"open","ping_status":"open","sticky":false,"template":"","format":"standard","meta":{"content-type":"","rop_custom_images_group":[],"rop_custom_messages_group":[],"rop_publish_now":"initial","rop_publish_now_accounts":{"facebook_2648258775420054_1618374048415101":""},"rop_publish_now_history":[],"rop_publish_now_status":"pending","footnotes":"","_jetpack_memberships_contains_paid_content":false},"categories":[136],"tags":[150,3182,1317],"yoast_head":"<!-- This site is optimized with the Yoast SEO plugin v22.3 - https:\/\/yoast.com\/wordpress\/plugins\/seo\/ -->\n<title>Ve\u00edculo roubado em Fronteiras \u00e9 recuperado pela pol\u00edcia em S\u00e3o Juli\u00e3o - Portal NPM<\/title>\n<meta name=\"robots\" content=\"index, follow, max-snippet:-1, max-image-preview:large, max-video-preview:-1\" \/>\n<link rel=\"canonical\" href=\"https:\/\/portalnpm.com\/index.php\/2019\/08\/17\/veiculo-roubado-em-fronteiras-e-recuperado-pela-policia-em-sao-juliao\/\" \/>\n<meta property=\"og:locale\" content=\"pt_BR\" \/>\n<meta property=\"og:type\" content=\"article\" \/>\n<meta property=\"og:title\" content=\"Ve\u00edculo roubado em Fronteiras \u00e9 recuperado pela pol\u00edcia em S\u00e3o Juli\u00e3o - Portal NPM\" \/>\n<meta property=\"og:description\" content=\"Um ve\u00edculo modelo Fiat Palio Sporting de cor branca que havia sido roubado em Fronteiras \u2013 PI acaba de ser recuperado pelo Grupamento de Pol\u00edcia Militar de S\u00e3o Juli\u00e3o \u2013 PI. De acordo com sargento Xavier, comandante do GPM de S\u00e3o Juli\u00e3o, o ve\u00edculo foi localizado por populares na manh\u00e3 deste s\u00e1bado, 17, numa vicinal &hellip;\" \/>\n<meta property=\"og:url\" content=\"https:\/\/portalnpm.com\/index.php\/2019\/08\/17\/veiculo-roubado-em-fronteiras-e-recuperado-pela-policia-em-sao-juliao\/\" \/>\n<meta property=\"og:site_name\" content=\"Portal NPM\" \/>\n<meta property=\"article:published_time\" content=\"2019-08-17T15:35:11+00:00\" \/>\n<meta name=\"author\" content=\"Zenilton Lima\" \/>\n<meta name=\"twitter:card\" content=\"summary_large_image\" \/>\n<meta name=\"twitter:label1\" content=\"Escrito por\" \/>\n\t<meta name=\"twitter:data1\" content=\"Zenilton Lima\" \/>\n\t<meta name=\"twitter:label2\" content=\"Est. tempo de leitura\" \/>\n\t<meta name=\"twitter:data2\" content=\"1 minuto\" \/>\n<script type=\"application\/ld+json\" class=\"yoast-schema-graph\">{\"@context\":\"https:\/\/schema.org\",\"@graph\":[{\"@type\":\"WebPage\",\"@id\":\"https:\/\/portalnpm.com\/index.php\/2019\/08\/17\/veiculo-roubado-em-fronteiras-e-recuperado-pela-policia-em-sao-juliao\/\",\"url\":\"https:\/\/portalnpm.com\/index.php\/2019\/08\/17\/veiculo-roubado-em-fronteiras-e-recuperado-pela-policia-em-sao-juliao\/\",\"name\":\"Ve\u00edculo roubado em Fronteiras \u00e9 recuperado pela pol\u00edcia em S\u00e3o Juli\u00e3o - Portal NPM\",\"isPartOf\":{\"@id\":\"https:\/\/portalnpm.com\/#website\"},\"primaryImageOfPage\":{\"@id\":\"https:\/\/portalnpm.com\/index.php\/2019\/08\/17\/veiculo-roubado-em-fronteiras-e-recuperado-pela-policia-em-sao-juliao\/#primaryimage\"},\"image\":{\"@id\":\"https:\/\/portalnpm.com\/index.php\/2019\/08\/17\/veiculo-roubado-em-fronteiras-e-recuperado-pela-policia-em-sao-juliao\/#primaryimage\"},\"thumbnailUrl\":\"\",\"datePublished\":\"2019-08-17T15:35:11+00:00\",\"dateModified\":\"2019-08-17T15:35:11+00:00\",\"author\":{\"@id\":\"https:\/\/portalnpm.com\/#\/schema\/person\/35cb55186eae3f074b6783da6d35591e\"},\"breadcrumb\":{\"@id\":\"https:\/\/portalnpm.com\/index.php\/2019\/08\/17\/veiculo-roubado-em-fronteiras-e-recuperado-pela-policia-em-sao-juliao\/#breadcrumb\"},\"inLanguage\":\"pt-BR\",\"potentialAction\":[{\"@type\":\"ReadAction\",\"target\":[\"https:\/\/portalnpm.com\/index.php\/2019\/08\/17\/veiculo-roubado-em-fronteiras-e-recuperado-pela-policia-em-sao-juliao\/\"]}]},{\"@type\":\"ImageObject\",\"inLanguage\":\"pt-BR\",\"@id\":\"https:\/\/portalnpm.com\/index.php\/2019\/08\/17\/veiculo-roubado-em-fronteiras-e-recuperado-pela-policia-em-sao-juliao\/#primaryimage\",\"url\":\"\",\"contentUrl\":\"\"},{\"@type\":\"BreadcrumbList\",\"@id\":\"https:\/\/portalnpm.com\/index.php\/2019\/08\/17\/veiculo-roubado-em-fronteiras-e-recuperado-pela-policia-em-sao-juliao\/#breadcrumb\",\"itemListElement\":[{\"@type\":\"ListItem\",\"position\":1,\"name\":\"In\u00edcio\",\"item\":\"https:\/\/portalnpm.com\/\"},{\"@type\":\"ListItem\",\"position\":2,\"name\":\"Ve\u00edculo roubado em Fronteiras \u00e9 recuperado pela pol\u00edcia em S\u00e3o Juli\u00e3o\"}]},{\"@type\":\"WebSite\",\"@id\":\"https:\/\/portalnpm.com\/#website\",\"url\":\"https:\/\/portalnpm.com\/\",\"name\":\"Portal NPM\",\"description\":\"Not\u00edcias em Primeira M\u00e3o\",\"potentialAction\":[{\"@type\":\"SearchAction\",\"target\":{\"@type\":\"EntryPoint\",\"urlTemplate\":\"https:\/\/portalnpm.com\/?s={search_term_string}\"},\"query-input\":\"required name=search_term_string\"}],\"inLanguage\":\"pt-BR\"},{\"@type\":\"Person\",\"@id\":\"https:\/\/portalnpm.com\/#\/schema\/person\/35cb55186eae3f074b6783da6d35591e\",\"name\":\"Zenilton Lima\",\"image\":{\"@type\":\"ImageObject\",\"inLanguage\":\"pt-BR\",\"@id\":\"https:\/\/portalnpm.com\/#\/schema\/person\/image\/\",\"url\":\"https:\/\/portalnpm.com\/wp-content\/uploads\/2024\/12\/avatar_user_8_1733658137-96x96.jpeg\",\"contentUrl\":\"https:\/\/portalnpm.com\/wp-content\/uploads\/2024\/12\/avatar_user_8_1733658137-96x96.jpeg\",\"caption\":\"Zenilton Lima\"},\"url\":\"https:\/\/portalnpm.com\/index.php\/author\/zenilton\/\"}]}<\/script>\n<!-- \/ Yoast SEO plugin. -->","yoast_head_json":{"title":"Ve\u00edculo roubado em Fronteiras \u00e9 recuperado pela pol\u00edcia em S\u00e3o Juli\u00e3o - Portal NPM","robots":{"index":"index","follow":"follow","max-snippet":"max-snippet:-1","max-image-preview":"max-image-preview:large","max-video-preview":"max-video-preview:-1"},"canonical":"https:\/\/portalnpm.com\/index.php\/2019\/08\/17\/veiculo-roubado-em-fronteiras-e-recuperado-pela-policia-em-sao-juliao\/","og_locale":"pt_BR","og_type":"article","og_title":"Ve\u00edculo roubado em Fronteiras \u00e9 recuperado pela pol\u00edcia em S\u00e3o Juli\u00e3o - Portal NPM","og_description":"Um ve\u00edculo modelo Fiat Palio Sporting de cor branca que havia sido roubado em Fronteiras \u2013 PI acaba de ser recuperado pelo Grupamento de Pol\u00edcia Militar de S\u00e3o Juli\u00e3o \u2013 PI. De acordo com sargento Xavier, comandante do GPM de S\u00e3o Juli\u00e3o, o ve\u00edculo foi localizado por populares na manh\u00e3 deste s\u00e1bado, 17, numa vicinal &hellip;","og_url":"https:\/\/portalnpm.com\/index.php\/2019\/08\/17\/veiculo-roubado-em-fronteiras-e-recuperado-pela-policia-em-sao-juliao\/","og_site_name":"Portal NPM","article_published_time":"2019-08-17T15:35:11+00:00","author":"Zenilton Lima","twitter_card":"summary_large_image","twitter_misc":{"Escrito por":"Zenilton Lima","Est. tempo de leitura":"1 minuto"},"schema":{"@context":"https:\/\/schema.org","@graph":[{"@type":"WebPage","@id":"https:\/\/portalnpm.com\/index.php\/2019\/08\/17\/veiculo-roubado-em-fronteiras-e-recuperado-pela-policia-em-sao-juliao\/","url":"https:\/\/portalnpm.com\/index.php\/2019\/08\/17\/veiculo-roubado-em-fronteiras-e-recuperado-pela-policia-em-sao-juliao\/","name":"Ve\u00edculo roubado em Fronteiras \u00e9 recuperado pela pol\u00edcia em S\u00e3o Juli\u00e3o - Portal NPM","isPartOf":{"@id":"https:\/\/portalnpm.com\/#website"},"primaryImageOfPage":{"@id":"https:\/\/portalnpm.com\/index.php\/2019\/08\/17\/veiculo-roubado-em-fronteiras-e-recuperado-pela-policia-em-sao-juliao\/#primaryimage"},"image":{"@id":"https:\/\/portalnpm.com\/index.php\/2019\/08\/17\/veiculo-roubado-em-fronteiras-e-recuperado-pela-policia-em-sao-juliao\/#primaryimage"},"thumbnailUrl":"","datePublished":"2019-08-17T15:35:11+00:00","dateModified":"2019-08-17T15:35:11+00:00","author":{"@id":"https:\/\/portalnpm.com\/#\/schema\/person\/35cb55186eae3f074b6783da6d35591e"},"breadcrumb":{"@id":"https:\/\/portalnpm.com\/index.php\/2019\/08\/17\/veiculo-roubado-em-fronteiras-e-recuperado-pela-policia-em-sao-juliao\/#breadcrumb"},"inLanguage":"pt-BR","potentialAction":[{"@type":"ReadAction","target":["https:\/\/portalnpm.com\/index.php\/2019\/08\/17\/veiculo-roubado-em-fronteiras-e-recuperado-pela-policia-em-sao-juliao\/"]}]},{"@type":"ImageObject","inLanguage":"pt-BR","@id":"https:\/\/portalnpm.com\/index.php\/2019\/08\/17\/veiculo-roubado-em-fronteiras-e-recuperado-pela-policia-em-sao-juliao\/#primaryimage","url":"","contentUrl":""},{"@type":"BreadcrumbList","@id":"https:\/\/portalnpm.com\/index.php\/2019\/08\/17\/veiculo-roubado-em-fronteiras-e-recuperado-pela-policia-em-sao-juliao\/#breadcrumb","itemListElement":[{"@type":"ListItem","position":1,"name":"In\u00edcio","item":"https:\/\/portalnpm.com\/"},{"@type":"ListItem","position":2,"name":"Ve\u00edculo roubado em Fronteiras \u00e9 recuperado pela pol\u00edcia em S\u00e3o Juli\u00e3o"}]},{"@type":"WebSite","@id":"https:\/\/portalnpm.com\/#website","url":"https:\/\/portalnpm.com\/","name":"Portal NPM","description":"Not\u00edcias em Primeira M\u00e3o","potentialAction":[{"@type":"SearchAction","target":{"@type":"EntryPoint","urlTemplate":"https:\/\/portalnpm.com\/?s={search_term_string}"},"query-input":"required name=search_term_string"}],"inLanguage":"pt-BR"},{"@type":"Person","@id":"https:\/\/portalnpm.com\/#\/schema\/person\/35cb55186eae3f074b6783da6d35591e","name":"Zenilton Lima","image":{"@type":"ImageObject","inLanguage":"pt-BR","@id":"https:\/\/portalnpm.com\/#\/schema\/person\/image\/","url":"https:\/\/portalnpm.com\/wp-content\/uploads\/2024\/12\/avatar_user_8_1733658137-96x96.jpeg","contentUrl":"https:\/\/portalnpm.com\/wp-content\/uploads\/2024\/12\/avatar_user_8_1733658137-96x96.jpeg","caption":"Zenilton Lima"},"url":"https:\/\/portalnpm.com\/index.php\/author\/zenilton\/"}]}},"jetpack_sharing_enabled":true,"jetpack_featured_media_url":"","_links":{"self":[{"href":"https:\/\/portalnpm.com\/index.php\/wp-json\/wp\/v2\/posts\/10248"}],"collection":[{"href":"https:\/\/portalnpm.com\/index.php\/wp-json\/wp\/v2\/posts"}],"about":[{"href":"https:\/\/portalnpm.com\/index.php\/wp-json\/wp\/v2\/types\/post"}],"author":[{"embeddable":true,"href":"https:\/\/portalnpm.com\/index.php\/wp-json\/wp\/v2\/users\/8"}],"replies":[{"embeddable":true,"href":"https:\/\/portalnpm.com\/index.php\/wp-json\/wp\/v2\/comments?post=10248"}],"version-history":[{"count":0,"href":"https:\/\/portalnpm.com\/index.php\/wp-json\/wp\/v2\/posts\/10248\/revisions"}],"wp:featuredmedia":[{"embeddable":true,"href":"https:\/\/portalnpm.com\/index.php\/wp-json\/"}],"wp:attachment":[{"href":"https:\/\/portalnpm.com\/index.php\/wp-json\/wp\/v2\/media?parent=10248"}],"wp:term":[{"taxonomy":"category","embeddable":true,"href":"https:\/\/portalnpm.com\/index.php\/wp-json\/wp\/v2\/categories?post=10248"},{"taxonomy":"post_tag","embeddable":true,"href":"https:\/\/portalnpm.com\/index.php\/wp-json\/wp\/v2\/tags?post=10248"}],"curies":[{"name":"wp","href":"https:\/\/api.w.org\/{rel}","templated":true}]}}