{"id":10302,"date":"2019-08-19T16:05:03","date_gmt":"2019-08-19T19:05:03","guid":{"rendered":"http:\/\/srv.portalnpm.com.br\/?p=10302"},"modified":"2019-08-19T16:05:03","modified_gmt":"2019-08-19T19:05:03","slug":"ex-candidato-a-vice-prefeito-articula-pre-candidatura-de-manoel-filho-a-prefeito-de-alegrete-do-piaui","status":"publish","type":"post","link":"https:\/\/portalnpm.com\/index.php\/2019\/08\/19\/ex-candidato-a-vice-prefeito-articula-pre-candidatura-de-manoel-filho-a-prefeito-de-alegrete-do-piaui\/","title":{"rendered":"Ex-candidato a vice-prefeito articula pr\u00e9-candidatura de Manoel Filho a prefeito de Alegrete do Piau\u00ed"},"content":{"rendered":"<p style=\"text-align: justify;\">O ex-candidato a vice-prefeito de Alegrete do Piau\u00ed, D\u00e3o da Quitanda, que disputou o cargo de vice na elei\u00e7\u00e3o de 2016 na chapa da oposi\u00e7\u00e3o, articula a pr\u00e9-candidatura do l\u00edder pol\u00edtico e ex-vereador Manoel Filho (SDD), a prefeitura de Alegrete, pelo campo oposicionista na elei\u00e7\u00e3o do pr\u00f3ximo ano.<\/p>\n<p style=\"text-align: justify;\">Neste fim de semana, o pr\u00e9-candidato a prefeito Manoel Filho foi almo\u00e7ar na localidade\u00a0 Limpo Grande, zona rural de Alegrete, a convite do empres\u00e1rio D\u00e3o da Quitanda.<\/p>\n<p style=\"text-align: justify;\">O almo\u00e7o servi\u00e7o para fortalecer a pr\u00e9-candidatura do l\u00edder oposicionista, pois na ocasi\u00e3o D\u00e3o da Quitanda deixou claro que o nome de Manoel Filho \u00e9 o melhor para Alegrete do Piau\u00ed.<\/p>\n<p style=\"text-align: justify;\">Vale ressaltar que o l\u00edder pol\u00edtico Manoel Filho foi o primeiro nome a se colocar como pr\u00e9-candidato a prefeito da referida cidade na elei\u00e7\u00e3o de 2020.<\/p>\n<p><img fetchpriority=\"high\" decoding=\"async\" class=\"alignnone size-full wp-image-10303\" src=\"http:\/\/portalnpm.com\/wp-content\/uploads\/2019\/08\/FB_IMG_1566240943908.jpg\" alt=\"\" width=\"746\" height=\"960\" \/><img decoding=\"async\" class=\"alignnone size-full wp-image-10304\" src=\"http:\/\/portalnpm.com\/wp-content\/uploads\/2019\/08\/FB_IMG_1566239486396.jpg\" alt=\"\" width=\"937\" height=\"652\" \/> <img decoding=\"async\" class=\"alignnone size-medium wp-image-10305\" src=\"http:\/\/portalnpm.com\/wp-content\/uploads\/2019\/08\/FB_IMG_1566240924915.jpg\" alt=\"\" width=\"960\" height=\"653\" \/> <img loading=\"lazy\" decoding=\"async\" class=\"alignnone size-medium wp-image-10306\" src=\"http:\/\/portalnpm.com\/wp-content\/uploads\/2019\/08\/FB_IMG_1566240937661.jpg\" alt=\"\" width=\"736\" height=\"960\" \/><\/p>\n<p>&nbsp;<\/p>\n<p>&nbsp;<\/p>\n<p>&nbsp;<\/p>\n<p><strong>Reda\u00e7\u00e3o do Portal<\/strong><strong>\u00a0NPM, <em>com informa\u00e7\u00f5es do Jornalista Adauto Ferreira (Portal Novos Tempos)<\/em><\/strong><\/p>\n","protected":false},"excerpt":{"rendered":"<p>O ex-candidato a vice-prefeito de Alegrete do Piau\u00ed, D\u00e3o da Quitanda, que disputou o cargo de vice na elei\u00e7\u00e3o de 2016 na chapa da oposi\u00e7\u00e3o, articula a pr\u00e9-candidatura do l\u00edder pol\u00edtico e ex-vereador Manoel Filho (SDD), a prefeitura de Alegrete, pelo campo oposicionista na elei\u00e7\u00e3o do pr\u00f3ximo ano. Neste fim de semana, o pr\u00e9-candidato a &hellip;<\/p>\n","protected":false},"author":3,"featured_media":10304,"comment_status":"open","ping_status":"open","sticky":false,"template":"","format":"standard","meta":{"content-type":"","rop_custom_images_group":[],"rop_custom_messages_group":[],"rop_publish_now":"initial","rop_publish_now_accounts":{"facebook_2648258775420054_1618374048415101":""},"rop_publish_now_history":[],"rop_publish_now_status":"pending","footnotes":"","_jetpack_memberships_contains_paid_content":false},"categories":[110,113],"tags":[111,3193,3159,153],"yoast_head":"<!-- This site is optimized with the Yoast SEO plugin v22.3 - https:\/\/yoast.com\/wordpress\/plugins\/seo\/ -->\n<title>Ex-candidato a vice-prefeito articula pr\u00e9-candidatura de Manoel Filho a prefeito de Alegrete do Piau\u00ed - Portal NPM<\/title>\n<meta name=\"robots\" content=\"index, follow, max-snippet:-1, max-image-preview:large, max-video-preview:-1\" \/>\n<link rel=\"canonical\" href=\"https:\/\/portalnpm.com\/index.php\/2019\/08\/19\/ex-candidato-a-vice-prefeito-articula-pre-candidatura-de-manoel-filho-a-prefeito-de-alegrete-do-piaui\/\" \/>\n<meta property=\"og:locale\" content=\"pt_BR\" \/>\n<meta property=\"og:type\" content=\"article\" \/>\n<meta property=\"og:title\" content=\"Ex-candidato a vice-prefeito articula pr\u00e9-candidatura de Manoel Filho a prefeito de Alegrete do Piau\u00ed - Portal NPM\" \/>\n<meta property=\"og:description\" content=\"O ex-candidato a vice-prefeito de Alegrete do Piau\u00ed, D\u00e3o da Quitanda, que disputou o cargo de vice na elei\u00e7\u00e3o de 2016 na chapa da oposi\u00e7\u00e3o, articula a pr\u00e9-candidatura do l\u00edder pol\u00edtico e ex-vereador Manoel Filho (SDD), a prefeitura de Alegrete, pelo campo oposicionista na elei\u00e7\u00e3o do pr\u00f3ximo ano. Neste fim de semana, o pr\u00e9-candidato a &hellip;\" \/>\n<meta property=\"og:url\" content=\"https:\/\/portalnpm.com\/index.php\/2019\/08\/19\/ex-candidato-a-vice-prefeito-articula-pre-candidatura-de-manoel-filho-a-prefeito-de-alegrete-do-piaui\/\" \/>\n<meta property=\"og:site_name\" content=\"Portal NPM\" \/>\n<meta property=\"article:published_time\" content=\"2019-08-19T19:05:03+00:00\" \/>\n<meta name=\"author\" content=\"Luis Alberto\" \/>\n<meta name=\"twitter:card\" content=\"summary_large_image\" \/>\n<meta name=\"twitter:label1\" content=\"Escrito por\" \/>\n\t<meta name=\"twitter:data1\" content=\"Luis Alberto\" \/>\n\t<meta name=\"twitter:label2\" content=\"Est. tempo de leitura\" \/>\n\t<meta name=\"twitter:data2\" content=\"1 minuto\" \/>\n<script type=\"application\/ld+json\" class=\"yoast-schema-graph\">{\"@context\":\"https:\/\/schema.org\",\"@graph\":[{\"@type\":\"WebPage\",\"@id\":\"https:\/\/portalnpm.com\/index.php\/2019\/08\/19\/ex-candidato-a-vice-prefeito-articula-pre-candidatura-de-manoel-filho-a-prefeito-de-alegrete-do-piaui\/\",\"url\":\"https:\/\/portalnpm.com\/index.php\/2019\/08\/19\/ex-candidato-a-vice-prefeito-articula-pre-candidatura-de-manoel-filho-a-prefeito-de-alegrete-do-piaui\/\",\"name\":\"Ex-candidato a vice-prefeito articula pr\u00e9-candidatura de Manoel Filho a prefeito de Alegrete do Piau\u00ed - Portal NPM\",\"isPartOf\":{\"@id\":\"https:\/\/portalnpm.com\/#website\"},\"primaryImageOfPage\":{\"@id\":\"https:\/\/portalnpm.com\/index.php\/2019\/08\/19\/ex-candidato-a-vice-prefeito-articula-pre-candidatura-de-manoel-filho-a-prefeito-de-alegrete-do-piaui\/#primaryimage\"},\"image\":{\"@id\":\"https:\/\/portalnpm.com\/index.php\/2019\/08\/19\/ex-candidato-a-vice-prefeito-articula-pre-candidatura-de-manoel-filho-a-prefeito-de-alegrete-do-piaui\/#primaryimage\"},\"thumbnailUrl\":\"\",\"datePublished\":\"2019-08-19T19:05:03+00:00\",\"dateModified\":\"2019-08-19T19:05:03+00:00\",\"author\":{\"@id\":\"https:\/\/portalnpm.com\/#\/schema\/person\/5c8006acdf71774cd4e7a5ab98482152\"},\"breadcrumb\":{\"@id\":\"https:\/\/portalnpm.com\/index.php\/2019\/08\/19\/ex-candidato-a-vice-prefeito-articula-pre-candidatura-de-manoel-filho-a-prefeito-de-alegrete-do-piaui\/#breadcrumb\"},\"inLanguage\":\"pt-BR\",\"potentialAction\":[{\"@type\":\"ReadAction\",\"target\":[\"https:\/\/portalnpm.com\/index.php\/2019\/08\/19\/ex-candidato-a-vice-prefeito-articula-pre-candidatura-de-manoel-filho-a-prefeito-de-alegrete-do-piaui\/\"]}]},{\"@type\":\"ImageObject\",\"inLanguage\":\"pt-BR\",\"@id\":\"https:\/\/portalnpm.com\/index.php\/2019\/08\/19\/ex-candidato-a-vice-prefeito-articula-pre-candidatura-de-manoel-filho-a-prefeito-de-alegrete-do-piaui\/#primaryimage\",\"url\":\"\",\"contentUrl\":\"\"},{\"@type\":\"BreadcrumbList\",\"@id\":\"https:\/\/portalnpm.com\/index.php\/2019\/08\/19\/ex-candidato-a-vice-prefeito-articula-pre-candidatura-de-manoel-filho-a-prefeito-de-alegrete-do-piaui\/#breadcrumb\",\"itemListElement\":[{\"@type\":\"ListItem\",\"position\":1,\"name\":\"In\u00edcio\",\"item\":\"https:\/\/portalnpm.com\/\"},{\"@type\":\"ListItem\",\"position\":2,\"name\":\"Ex-candidato a vice-prefeito articula pr\u00e9-candidatura de Manoel Filho a prefeito de Alegrete do Piau\u00ed\"}]},{\"@type\":\"WebSite\",\"@id\":\"https:\/\/portalnpm.com\/#website\",\"url\":\"https:\/\/portalnpm.com\/\",\"name\":\"Portal NPM\",\"description\":\"Not\u00edcias em Primeira M\u00e3o\",\"potentialAction\":[{\"@type\":\"SearchAction\",\"target\":{\"@type\":\"EntryPoint\",\"urlTemplate\":\"https:\/\/portalnpm.com\/?s={search_term_string}\"},\"query-input\":\"required name=search_term_string\"}],\"inLanguage\":\"pt-BR\"},{\"@type\":\"Person\",\"@id\":\"https:\/\/portalnpm.com\/#\/schema\/person\/5c8006acdf71774cd4e7a5ab98482152\",\"name\":\"Luis Alberto\",\"image\":{\"@type\":\"ImageObject\",\"inLanguage\":\"pt-BR\",\"@id\":\"https:\/\/portalnpm.com\/#\/schema\/person\/image\/\",\"url\":\"https:\/\/portalnpm.com\/wp-content\/uploads\/2024\/12\/avatar_user_3_1734699769-96x96.jpeg\",\"contentUrl\":\"https:\/\/portalnpm.com\/wp-content\/uploads\/2024\/12\/avatar_user_3_1734699769-96x96.jpeg\",\"caption\":\"Luis Alberto\"},\"description\":\"Editor-geral do Portal NPM, \u00e9 formado como T\u00e9cnico em Seguran\u00e7a do Trabalho pela Escola Metropolitana de Cursos T\u00e9cnicos. Det\u00e9m ainda licenciatura em Educa\u00e7\u00e3o F\u00edsica e bacharelado em Ci\u00eancias Pol\u00edticas, ambos obtidos pela institui\u00e7\u00e3o Anhanguera\/UNOPAR.\",\"url\":\"https:\/\/portalnpm.com\/index.php\/author\/pereira\/\"}]}<\/script>\n<!-- \/ Yoast SEO plugin. -->","yoast_head_json":{"title":"Ex-candidato a vice-prefeito articula pr\u00e9-candidatura de Manoel Filho a prefeito de Alegrete do Piau\u00ed - Portal NPM","robots":{"index":"index","follow":"follow","max-snippet":"max-snippet:-1","max-image-preview":"max-image-preview:large","max-video-preview":"max-video-preview:-1"},"canonical":"https:\/\/portalnpm.com\/index.php\/2019\/08\/19\/ex-candidato-a-vice-prefeito-articula-pre-candidatura-de-manoel-filho-a-prefeito-de-alegrete-do-piaui\/","og_locale":"pt_BR","og_type":"article","og_title":"Ex-candidato a vice-prefeito articula pr\u00e9-candidatura de Manoel Filho a prefeito de Alegrete do Piau\u00ed - Portal NPM","og_description":"O ex-candidato a vice-prefeito de Alegrete do Piau\u00ed, D\u00e3o da Quitanda, que disputou o cargo de vice na elei\u00e7\u00e3o de 2016 na chapa da oposi\u00e7\u00e3o, articula a pr\u00e9-candidatura do l\u00edder pol\u00edtico e ex-vereador Manoel Filho (SDD), a prefeitura de Alegrete, pelo campo oposicionista na elei\u00e7\u00e3o do pr\u00f3ximo ano. Neste fim de semana, o pr\u00e9-candidato a &hellip;","og_url":"https:\/\/portalnpm.com\/index.php\/2019\/08\/19\/ex-candidato-a-vice-prefeito-articula-pre-candidatura-de-manoel-filho-a-prefeito-de-alegrete-do-piaui\/","og_site_name":"Portal NPM","article_published_time":"2019-08-19T19:05:03+00:00","author":"Luis Alberto","twitter_card":"summary_large_image","twitter_misc":{"Escrito por":"Luis Alberto","Est. tempo de leitura":"1 minuto"},"schema":{"@context":"https:\/\/schema.org","@graph":[{"@type":"WebPage","@id":"https:\/\/portalnpm.com\/index.php\/2019\/08\/19\/ex-candidato-a-vice-prefeito-articula-pre-candidatura-de-manoel-filho-a-prefeito-de-alegrete-do-piaui\/","url":"https:\/\/portalnpm.com\/index.php\/2019\/08\/19\/ex-candidato-a-vice-prefeito-articula-pre-candidatura-de-manoel-filho-a-prefeito-de-alegrete-do-piaui\/","name":"Ex-candidato a vice-prefeito articula pr\u00e9-candidatura de Manoel Filho a prefeito de Alegrete do Piau\u00ed - Portal NPM","isPartOf":{"@id":"https:\/\/portalnpm.com\/#website"},"primaryImageOfPage":{"@id":"https:\/\/portalnpm.com\/index.php\/2019\/08\/19\/ex-candidato-a-vice-prefeito-articula-pre-candidatura-de-manoel-filho-a-prefeito-de-alegrete-do-piaui\/#primaryimage"},"image":{"@id":"https:\/\/portalnpm.com\/index.php\/2019\/08\/19\/ex-candidato-a-vice-prefeito-articula-pre-candidatura-de-manoel-filho-a-prefeito-de-alegrete-do-piaui\/#primaryimage"},"thumbnailUrl":"","datePublished":"2019-08-19T19:05:03+00:00","dateModified":"2019-08-19T19:05:03+00:00","author":{"@id":"https:\/\/portalnpm.com\/#\/schema\/person\/5c8006acdf71774cd4e7a5ab98482152"},"breadcrumb":{"@id":"https:\/\/portalnpm.com\/index.php\/2019\/08\/19\/ex-candidato-a-vice-prefeito-articula-pre-candidatura-de-manoel-filho-a-prefeito-de-alegrete-do-piaui\/#breadcrumb"},"inLanguage":"pt-BR","potentialAction":[{"@type":"ReadAction","target":["https:\/\/portalnpm.com\/index.php\/2019\/08\/19\/ex-candidato-a-vice-prefeito-articula-pre-candidatura-de-manoel-filho-a-prefeito-de-alegrete-do-piaui\/"]}]},{"@type":"ImageObject","inLanguage":"pt-BR","@id":"https:\/\/portalnpm.com\/index.php\/2019\/08\/19\/ex-candidato-a-vice-prefeito-articula-pre-candidatura-de-manoel-filho-a-prefeito-de-alegrete-do-piaui\/#primaryimage","url":"","contentUrl":""},{"@type":"BreadcrumbList","@id":"https:\/\/portalnpm.com\/index.php\/2019\/08\/19\/ex-candidato-a-vice-prefeito-articula-pre-candidatura-de-manoel-filho-a-prefeito-de-alegrete-do-piaui\/#breadcrumb","itemListElement":[{"@type":"ListItem","position":1,"name":"In\u00edcio","item":"https:\/\/portalnpm.com\/"},{"@type":"ListItem","position":2,"name":"Ex-candidato a vice-prefeito articula pr\u00e9-candidatura de Manoel Filho a prefeito de Alegrete do Piau\u00ed"}]},{"@type":"WebSite","@id":"https:\/\/portalnpm.com\/#website","url":"https:\/\/portalnpm.com\/","name":"Portal NPM","description":"Not\u00edcias em Primeira M\u00e3o","potentialAction":[{"@type":"SearchAction","target":{"@type":"EntryPoint","urlTemplate":"https:\/\/portalnpm.com\/?s={search_term_string}"},"query-input":"required name=search_term_string"}],"inLanguage":"pt-BR"},{"@type":"Person","@id":"https:\/\/portalnpm.com\/#\/schema\/person\/5c8006acdf71774cd4e7a5ab98482152","name":"Luis Alberto","image":{"@type":"ImageObject","inLanguage":"pt-BR","@id":"https:\/\/portalnpm.com\/#\/schema\/person\/image\/","url":"https:\/\/portalnpm.com\/wp-content\/uploads\/2024\/12\/avatar_user_3_1734699769-96x96.jpeg","contentUrl":"https:\/\/portalnpm.com\/wp-content\/uploads\/2024\/12\/avatar_user_3_1734699769-96x96.jpeg","caption":"Luis Alberto"},"description":"Editor-geral do Portal NPM, \u00e9 formado como T\u00e9cnico em Seguran\u00e7a do Trabalho pela Escola Metropolitana de Cursos T\u00e9cnicos. Det\u00e9m ainda licenciatura em Educa\u00e7\u00e3o F\u00edsica e bacharelado em Ci\u00eancias Pol\u00edticas, ambos obtidos pela institui\u00e7\u00e3o Anhanguera\/UNOPAR.","url":"https:\/\/portalnpm.com\/index.php\/author\/pereira\/"}]}},"jetpack_sharing_enabled":true,"jetpack_featured_media_url":"","_links":{"self":[{"href":"https:\/\/portalnpm.com\/index.php\/wp-json\/wp\/v2\/posts\/10302"}],"collection":[{"href":"https:\/\/portalnpm.com\/index.php\/wp-json\/wp\/v2\/posts"}],"about":[{"href":"https:\/\/portalnpm.com\/index.php\/wp-json\/wp\/v2\/types\/post"}],"author":[{"embeddable":true,"href":"https:\/\/portalnpm.com\/index.php\/wp-json\/wp\/v2\/users\/3"}],"replies":[{"embeddable":true,"href":"https:\/\/portalnpm.com\/index.php\/wp-json\/wp\/v2\/comments?post=10302"}],"version-history":[{"count":0,"href":"https:\/\/portalnpm.com\/index.php\/wp-json\/wp\/v2\/posts\/10302\/revisions"}],"wp:featuredmedia":[{"embeddable":true,"href":"https:\/\/portalnpm.com\/index.php\/wp-json\/"}],"wp:attachment":[{"href":"https:\/\/portalnpm.com\/index.php\/wp-json\/wp\/v2\/media?parent=10302"}],"wp:term":[{"taxonomy":"category","embeddable":true,"href":"https:\/\/portalnpm.com\/index.php\/wp-json\/wp\/v2\/categories?post=10302"},{"taxonomy":"post_tag","embeddable":true,"href":"https:\/\/portalnpm.com\/index.php\/wp-json\/wp\/v2\/tags?post=10302"}],"curies":[{"name":"wp","href":"https:\/\/api.w.org\/{rel}","templated":true}]}}