{"id":1046,"date":"2018-08-28T11:26:42","date_gmt":"2018-08-28T14:26:42","guid":{"rendered":"http:\/\/srv.portalnpm.com.br\/?p=1046"},"modified":"2018-08-28T11:26:42","modified_gmt":"2018-08-28T14:26:42","slug":"daniel-alves-muda-numero-de-camisa-para-homenagem-veja","status":"publish","type":"post","link":"https:\/\/portalnpm.com\/index.php\/2018\/08\/28\/daniel-alves-muda-numero-de-camisa-para-homenagem-veja\/","title":{"rendered":"Daniel Alves muda n\u00famero de camisa para homenagem; Veja"},"content":{"rendered":"<p style=\"text-align: justify;\">Daniel Alves mudar\u00e1 de n\u00famero no PSG. Acostumado a jogar com a &#8220;32&#8221;, o lateral passar\u00e1 a usar a &#8220;13&#8221;, em homenagem a Zagallo. A numera\u00e7\u00e3o sempre foi apontada como a da sorte pelo ex-jogador e ex-t\u00e9cnico quatro vezes campe\u00e3o mundial com a sele\u00e7\u00e3o brasileira.<\/p>\n<p style=\"text-align: justify;\">&#8220;Para mim, como voc\u00eas bem sabem, as hist\u00f3rias mais importantes s\u00e3o escritas pelos seus donos, as p\u00e1ginas n\u00e3o s\u00e3o o mais importante e, sim, o que estar\u00e3o escritas nelas&#8221;, escreveu Daniel Alves no Instagram<\/p>\n<p style=\"text-align: justify;\"><ins class=\"adsbygoogle adsbygoogle-noablate\" data-ad-format=\"auto\" data-ad-client=\"ca-pub-2284260510839996\" data-adsbygoogle-status=\"done\"><ins id=\"aswift_1_expand\"><ins id=\"aswift_1_anchor\"><\/ins><\/ins><\/ins>&#8220;Sempre gosto de mudar n\u00fameros e homenagear pessoas que de alguma forma me inspiram, pessoas que tem significado na minha vida&#8230; Dessa vez vai para nosso \u00eddolo e inesquec\u00edvel Velho lobo Zagallo&#8230; Sempre acreditei que qualquer homenagem ela deve ser feita em vida. Uma pessoa que fez o que fez pelo nosso futebol, uma pessoa que sabe o dif\u00edcil que \u00e9 ser exitosos naquilo que fazemos e uma pessoal que torce para outras pessoas sempre merece o meu respeito e minha admira\u00e7\u00e3o&#8221;, completou.<\/p>\n<p style=\"text-align: justify;\">Daniel Alves ainda brincou com o bord\u00e3o &#8220;voc\u00eas v\u00e3o ter que me engolir&#8221;, dito por Zagallo ap\u00f3s o t\u00edtulo da Copa Am\u00e9rica de 1997. &#8220;Ah, s\u00f3 uma coisa, ningu\u00e9m vai ter me engolir n\u00e3o rs, pode que se tentem engasguem&#8221;.<\/p>\n<p style=\"text-align: justify;\">O lateral ainda se recupera da les\u00e3o no joelho que o tirou da Copa do Mundo. O brasileiro ficou fora das tr\u00eas primeiras partidas do PSG pelo Campeonato Franc\u00eas.<\/p>\n<p style=\"text-align: justify;\"><iframe id=\"instagram-embed-0\" class=\"instagram-media instagram-media-rendered\" src=\"https:\/\/www.instagram.com\/p\/BnBS1S-H6VD\/embed\/captioned\/?cr=1&amp;v=9&amp;wp=984&amp;rd=https%3A%2F%2Fcidadeverde.com&amp;rp=%2Fnoticias%2F281031%2Fdaniel-alves-passara-a-usar-a-camisa-13-em-homenagem-a-zagallo&amp;ns=1#%7B%22ci%22%3A0%2C%22os%22%3A1719.2999999970198%7D\" height=\"990\" frameborder=\"0\" scrolling=\"no\" data-instgrm-payload-id=\"instagram-media-payload-0\" data-mce-fragment=\"1\"><\/iframe><\/p>\n<p><strong>Fonte: Cidade Verde\u00a0<\/strong><\/p>\n","protected":false},"excerpt":{"rendered":"<p>Daniel Alves mudar\u00e1 de n\u00famero no PSG. Acostumado a jogar com a &#8220;32&#8221;, o lateral passar\u00e1 a usar a &#8220;13&#8221;, em homenagem a Zagallo. A numera\u00e7\u00e3o sempre foi apontada como a da sorte pelo ex-jogador e ex-t\u00e9cnico quatro vezes campe\u00e3o mundial com a sele\u00e7\u00e3o brasileira. &#8220;Para mim, como voc\u00eas bem sabem, as hist\u00f3rias mais importantes &hellip;<\/p>\n","protected":false},"author":3,"featured_media":1047,"comment_status":"open","ping_status":"open","sticky":false,"template":"","format":"standard","meta":{"content-type":"","rop_custom_images_group":[],"rop_custom_messages_group":[],"rop_publish_now":"initial","rop_publish_now_accounts":{"facebook_2648258775420054_1618374048415101":""},"rop_publish_now_history":[],"rop_publish_now_status":"pending","footnotes":"","_jetpack_memberships_contains_paid_content":false},"categories":[113,108],"tags":[663,664,665],"yoast_head":"<!-- This site is optimized with the Yoast SEO plugin v22.3 - https:\/\/yoast.com\/wordpress\/plugins\/seo\/ -->\n<title>Daniel Alves muda n\u00famero de camisa para homenagem; Veja - Portal NPM<\/title>\n<meta name=\"robots\" content=\"index, follow, max-snippet:-1, max-image-preview:large, max-video-preview:-1\" \/>\n<link rel=\"canonical\" href=\"https:\/\/portalnpm.com\/index.php\/2018\/08\/28\/daniel-alves-muda-numero-de-camisa-para-homenagem-veja\/\" \/>\n<meta property=\"og:locale\" content=\"pt_BR\" \/>\n<meta property=\"og:type\" content=\"article\" \/>\n<meta property=\"og:title\" content=\"Daniel Alves muda n\u00famero de camisa para homenagem; Veja - Portal NPM\" \/>\n<meta property=\"og:description\" content=\"Daniel Alves mudar\u00e1 de n\u00famero no PSG. Acostumado a jogar com a &#8220;32&#8221;, o lateral passar\u00e1 a usar a &#8220;13&#8221;, em homenagem a Zagallo. A numera\u00e7\u00e3o sempre foi apontada como a da sorte pelo ex-jogador e ex-t\u00e9cnico quatro vezes campe\u00e3o mundial com a sele\u00e7\u00e3o brasileira. &#8220;Para mim, como voc\u00eas bem sabem, as hist\u00f3rias mais importantes &hellip;\" \/>\n<meta property=\"og:url\" content=\"https:\/\/portalnpm.com\/index.php\/2018\/08\/28\/daniel-alves-muda-numero-de-camisa-para-homenagem-veja\/\" \/>\n<meta property=\"og:site_name\" content=\"Portal NPM\" \/>\n<meta property=\"article:published_time\" content=\"2018-08-28T14:26:42+00:00\" \/>\n<meta property=\"og:image\" content=\"https:\/\/portalnpm.com\/wp-content\/uploads\/2018\/08\/e1f875803ef13ec12767bd12314cc0aa.jpg\" \/>\n\t<meta property=\"og:image:width\" content=\"750\" \/>\n\t<meta property=\"og:image:height\" content=\"515\" \/>\n\t<meta property=\"og:image:type\" content=\"image\/jpeg\" \/>\n<meta name=\"author\" content=\"Luis Alberto\" \/>\n<meta name=\"twitter:card\" content=\"summary_large_image\" \/>\n<meta name=\"twitter:label1\" content=\"Escrito por\" \/>\n\t<meta name=\"twitter:data1\" content=\"Luis Alberto\" \/>\n\t<meta name=\"twitter:label2\" content=\"Est. tempo de leitura\" \/>\n\t<meta name=\"twitter:data2\" content=\"1 minuto\" \/>\n<script type=\"application\/ld+json\" class=\"yoast-schema-graph\">{\"@context\":\"https:\/\/schema.org\",\"@graph\":[{\"@type\":\"WebPage\",\"@id\":\"https:\/\/portalnpm.com\/index.php\/2018\/08\/28\/daniel-alves-muda-numero-de-camisa-para-homenagem-veja\/\",\"url\":\"https:\/\/portalnpm.com\/index.php\/2018\/08\/28\/daniel-alves-muda-numero-de-camisa-para-homenagem-veja\/\",\"name\":\"Daniel Alves muda n\u00famero de camisa para homenagem; Veja - Portal NPM\",\"isPartOf\":{\"@id\":\"https:\/\/portalnpm.com\/#website\"},\"primaryImageOfPage\":{\"@id\":\"https:\/\/portalnpm.com\/index.php\/2018\/08\/28\/daniel-alves-muda-numero-de-camisa-para-homenagem-veja\/#primaryimage\"},\"image\":{\"@id\":\"https:\/\/portalnpm.com\/index.php\/2018\/08\/28\/daniel-alves-muda-numero-de-camisa-para-homenagem-veja\/#primaryimage\"},\"thumbnailUrl\":\"https:\/\/portalnpm.com\/wp-content\/uploads\/2018\/08\/e1f875803ef13ec12767bd12314cc0aa.jpg\",\"datePublished\":\"2018-08-28T14:26:42+00:00\",\"dateModified\":\"2018-08-28T14:26:42+00:00\",\"author\":{\"@id\":\"https:\/\/portalnpm.com\/#\/schema\/person\/5c8006acdf71774cd4e7a5ab98482152\"},\"breadcrumb\":{\"@id\":\"https:\/\/portalnpm.com\/index.php\/2018\/08\/28\/daniel-alves-muda-numero-de-camisa-para-homenagem-veja\/#breadcrumb\"},\"inLanguage\":\"pt-BR\",\"potentialAction\":[{\"@type\":\"ReadAction\",\"target\":[\"https:\/\/portalnpm.com\/index.php\/2018\/08\/28\/daniel-alves-muda-numero-de-camisa-para-homenagem-veja\/\"]}]},{\"@type\":\"ImageObject\",\"inLanguage\":\"pt-BR\",\"@id\":\"https:\/\/portalnpm.com\/index.php\/2018\/08\/28\/daniel-alves-muda-numero-de-camisa-para-homenagem-veja\/#primaryimage\",\"url\":\"https:\/\/portalnpm.com\/wp-content\/uploads\/2018\/08\/e1f875803ef13ec12767bd12314cc0aa.jpg\",\"contentUrl\":\"https:\/\/portalnpm.com\/wp-content\/uploads\/2018\/08\/e1f875803ef13ec12767bd12314cc0aa.jpg\",\"width\":750,\"height\":515},{\"@type\":\"BreadcrumbList\",\"@id\":\"https:\/\/portalnpm.com\/index.php\/2018\/08\/28\/daniel-alves-muda-numero-de-camisa-para-homenagem-veja\/#breadcrumb\",\"itemListElement\":[{\"@type\":\"ListItem\",\"position\":1,\"name\":\"In\u00edcio\",\"item\":\"https:\/\/portalnpm.com\/\"},{\"@type\":\"ListItem\",\"position\":2,\"name\":\"Daniel Alves muda n\u00famero de camisa para homenagem; Veja\"}]},{\"@type\":\"WebSite\",\"@id\":\"https:\/\/portalnpm.com\/#website\",\"url\":\"https:\/\/portalnpm.com\/\",\"name\":\"Portal NPM\",\"description\":\"Not\u00edcias em Primeira M\u00e3o\",\"potentialAction\":[{\"@type\":\"SearchAction\",\"target\":{\"@type\":\"EntryPoint\",\"urlTemplate\":\"https:\/\/portalnpm.com\/?s={search_term_string}\"},\"query-input\":\"required name=search_term_string\"}],\"inLanguage\":\"pt-BR\"},{\"@type\":\"Person\",\"@id\":\"https:\/\/portalnpm.com\/#\/schema\/person\/5c8006acdf71774cd4e7a5ab98482152\",\"name\":\"Luis Alberto\",\"image\":{\"@type\":\"ImageObject\",\"inLanguage\":\"pt-BR\",\"@id\":\"https:\/\/portalnpm.com\/#\/schema\/person\/image\/\",\"url\":\"https:\/\/portalnpm.com\/wp-content\/uploads\/2024\/12\/avatar_user_3_1734699769-96x96.jpeg\",\"contentUrl\":\"https:\/\/portalnpm.com\/wp-content\/uploads\/2024\/12\/avatar_user_3_1734699769-96x96.jpeg\",\"caption\":\"Luis Alberto\"},\"description\":\"Editor-geral do Portal NPM, \u00e9 formado como T\u00e9cnico em Seguran\u00e7a do Trabalho pela Escola Metropolitana de Cursos T\u00e9cnicos. Det\u00e9m ainda licenciatura em Educa\u00e7\u00e3o F\u00edsica e bacharelado em Ci\u00eancias Pol\u00edticas, ambos obtidos pela institui\u00e7\u00e3o Anhanguera\/UNOPAR.\",\"url\":\"https:\/\/portalnpm.com\/index.php\/author\/pereira\/\"}]}<\/script>\n<!-- \/ Yoast SEO plugin. -->","yoast_head_json":{"title":"Daniel Alves muda n\u00famero de camisa para homenagem; Veja - Portal NPM","robots":{"index":"index","follow":"follow","max-snippet":"max-snippet:-1","max-image-preview":"max-image-preview:large","max-video-preview":"max-video-preview:-1"},"canonical":"https:\/\/portalnpm.com\/index.php\/2018\/08\/28\/daniel-alves-muda-numero-de-camisa-para-homenagem-veja\/","og_locale":"pt_BR","og_type":"article","og_title":"Daniel Alves muda n\u00famero de camisa para homenagem; Veja - Portal NPM","og_description":"Daniel Alves mudar\u00e1 de n\u00famero no PSG. Acostumado a jogar com a &#8220;32&#8221;, o lateral passar\u00e1 a usar a &#8220;13&#8221;, em homenagem a Zagallo. A numera\u00e7\u00e3o sempre foi apontada como a da sorte pelo ex-jogador e ex-t\u00e9cnico quatro vezes campe\u00e3o mundial com a sele\u00e7\u00e3o brasileira. &#8220;Para mim, como voc\u00eas bem sabem, as hist\u00f3rias mais importantes &hellip;","og_url":"https:\/\/portalnpm.com\/index.php\/2018\/08\/28\/daniel-alves-muda-numero-de-camisa-para-homenagem-veja\/","og_site_name":"Portal NPM","article_published_time":"2018-08-28T14:26:42+00:00","og_image":[{"width":750,"height":515,"url":"https:\/\/portalnpm.com\/wp-content\/uploads\/2018\/08\/e1f875803ef13ec12767bd12314cc0aa.jpg","type":"image\/jpeg"}],"author":"Luis Alberto","twitter_card":"summary_large_image","twitter_misc":{"Escrito por":"Luis Alberto","Est. tempo de leitura":"1 minuto"},"schema":{"@context":"https:\/\/schema.org","@graph":[{"@type":"WebPage","@id":"https:\/\/portalnpm.com\/index.php\/2018\/08\/28\/daniel-alves-muda-numero-de-camisa-para-homenagem-veja\/","url":"https:\/\/portalnpm.com\/index.php\/2018\/08\/28\/daniel-alves-muda-numero-de-camisa-para-homenagem-veja\/","name":"Daniel Alves muda n\u00famero de camisa para homenagem; Veja - Portal NPM","isPartOf":{"@id":"https:\/\/portalnpm.com\/#website"},"primaryImageOfPage":{"@id":"https:\/\/portalnpm.com\/index.php\/2018\/08\/28\/daniel-alves-muda-numero-de-camisa-para-homenagem-veja\/#primaryimage"},"image":{"@id":"https:\/\/portalnpm.com\/index.php\/2018\/08\/28\/daniel-alves-muda-numero-de-camisa-para-homenagem-veja\/#primaryimage"},"thumbnailUrl":"https:\/\/portalnpm.com\/wp-content\/uploads\/2018\/08\/e1f875803ef13ec12767bd12314cc0aa.jpg","datePublished":"2018-08-28T14:26:42+00:00","dateModified":"2018-08-28T14:26:42+00:00","author":{"@id":"https:\/\/portalnpm.com\/#\/schema\/person\/5c8006acdf71774cd4e7a5ab98482152"},"breadcrumb":{"@id":"https:\/\/portalnpm.com\/index.php\/2018\/08\/28\/daniel-alves-muda-numero-de-camisa-para-homenagem-veja\/#breadcrumb"},"inLanguage":"pt-BR","potentialAction":[{"@type":"ReadAction","target":["https:\/\/portalnpm.com\/index.php\/2018\/08\/28\/daniel-alves-muda-numero-de-camisa-para-homenagem-veja\/"]}]},{"@type":"ImageObject","inLanguage":"pt-BR","@id":"https:\/\/portalnpm.com\/index.php\/2018\/08\/28\/daniel-alves-muda-numero-de-camisa-para-homenagem-veja\/#primaryimage","url":"https:\/\/portalnpm.com\/wp-content\/uploads\/2018\/08\/e1f875803ef13ec12767bd12314cc0aa.jpg","contentUrl":"https:\/\/portalnpm.com\/wp-content\/uploads\/2018\/08\/e1f875803ef13ec12767bd12314cc0aa.jpg","width":750,"height":515},{"@type":"BreadcrumbList","@id":"https:\/\/portalnpm.com\/index.php\/2018\/08\/28\/daniel-alves-muda-numero-de-camisa-para-homenagem-veja\/#breadcrumb","itemListElement":[{"@type":"ListItem","position":1,"name":"In\u00edcio","item":"https:\/\/portalnpm.com\/"},{"@type":"ListItem","position":2,"name":"Daniel Alves muda n\u00famero de camisa para homenagem; Veja"}]},{"@type":"WebSite","@id":"https:\/\/portalnpm.com\/#website","url":"https:\/\/portalnpm.com\/","name":"Portal NPM","description":"Not\u00edcias em Primeira M\u00e3o","potentialAction":[{"@type":"SearchAction","target":{"@type":"EntryPoint","urlTemplate":"https:\/\/portalnpm.com\/?s={search_term_string}"},"query-input":"required name=search_term_string"}],"inLanguage":"pt-BR"},{"@type":"Person","@id":"https:\/\/portalnpm.com\/#\/schema\/person\/5c8006acdf71774cd4e7a5ab98482152","name":"Luis Alberto","image":{"@type":"ImageObject","inLanguage":"pt-BR","@id":"https:\/\/portalnpm.com\/#\/schema\/person\/image\/","url":"https:\/\/portalnpm.com\/wp-content\/uploads\/2024\/12\/avatar_user_3_1734699769-96x96.jpeg","contentUrl":"https:\/\/portalnpm.com\/wp-content\/uploads\/2024\/12\/avatar_user_3_1734699769-96x96.jpeg","caption":"Luis Alberto"},"description":"Editor-geral do Portal NPM, \u00e9 formado como T\u00e9cnico em Seguran\u00e7a do Trabalho pela Escola Metropolitana de Cursos T\u00e9cnicos. Det\u00e9m ainda licenciatura em Educa\u00e7\u00e3o F\u00edsica e bacharelado em Ci\u00eancias Pol\u00edticas, ambos obtidos pela institui\u00e7\u00e3o Anhanguera\/UNOPAR.","url":"https:\/\/portalnpm.com\/index.php\/author\/pereira\/"}]}},"jetpack_sharing_enabled":true,"jetpack_featured_media_url":"https:\/\/portalnpm.com\/wp-content\/uploads\/2018\/08\/e1f875803ef13ec12767bd12314cc0aa.jpg","_links":{"self":[{"href":"https:\/\/portalnpm.com\/index.php\/wp-json\/wp\/v2\/posts\/1046"}],"collection":[{"href":"https:\/\/portalnpm.com\/index.php\/wp-json\/wp\/v2\/posts"}],"about":[{"href":"https:\/\/portalnpm.com\/index.php\/wp-json\/wp\/v2\/types\/post"}],"author":[{"embeddable":true,"href":"https:\/\/portalnpm.com\/index.php\/wp-json\/wp\/v2\/users\/3"}],"replies":[{"embeddable":true,"href":"https:\/\/portalnpm.com\/index.php\/wp-json\/wp\/v2\/comments?post=1046"}],"version-history":[{"count":0,"href":"https:\/\/portalnpm.com\/index.php\/wp-json\/wp\/v2\/posts\/1046\/revisions"}],"wp:featuredmedia":[{"embeddable":true,"href":"https:\/\/portalnpm.com\/index.php\/wp-json\/wp\/v2\/media\/1047"}],"wp:attachment":[{"href":"https:\/\/portalnpm.com\/index.php\/wp-json\/wp\/v2\/media?parent=1046"}],"wp:term":[{"taxonomy":"category","embeddable":true,"href":"https:\/\/portalnpm.com\/index.php\/wp-json\/wp\/v2\/categories?post=1046"},{"taxonomy":"post_tag","embeddable":true,"href":"https:\/\/portalnpm.com\/index.php\/wp-json\/wp\/v2\/tags?post=1046"}],"curies":[{"name":"wp","href":"https:\/\/api.w.org\/{rel}","templated":true}]}}