{"id":1056,"date":"2018-08-28T18:41:31","date_gmt":"2018-08-28T21:41:31","guid":{"rendered":"http:\/\/srv.portalnpm.com.br\/?p=1056"},"modified":"2018-08-28T18:41:31","modified_gmt":"2018-08-28T21:41:31","slug":"mais-um-prefeito-deixa-base-de-wellington-dias-e-declara-apoio-a-luciano-nunes","status":"publish","type":"post","link":"https:\/\/portalnpm.com\/index.php\/2018\/08\/28\/mais-um-prefeito-deixa-base-de-wellington-dias-e-declara-apoio-a-luciano-nunes\/","title":{"rendered":"Mais um Prefeito deixa base de Wellington Dias e declara apoio a Luciano Nunes"},"content":{"rendered":"<p style=\"text-align: justify;\">O prefeito de Buriti dos Montes, Valmir Soares, filiado ao PSD, sigla aliada ao governador Wellington Dias, declarou apoio ao candidato Luciano Nunes (PSDB).<\/p>\n<p style=\"text-align: justify;\">A ades\u00e3o foi confirmada na manh\u00e3 desta ter\u00e7a-feira, 28, e segundo Luciano Nunes, amplia palanque oposicionista na regi\u00e3o norte do Estado. \u201cEstamos cada dia mais animados com a aceita\u00e7\u00e3o de nossa candidatura ao governo; s\u00e3o muitas ades\u00f5es de norte a sul do Piau\u00ed\u201d, avalia Luciano Nunes.<\/p>\n<p style=\"text-align: justify;\"><strong>Fonte: Cidade Verde\u00a0<\/strong><\/p>\n","protected":false},"excerpt":{"rendered":"<p>O prefeito de Buriti dos Montes, Valmir Soares, filiado ao PSD, sigla aliada ao governador Wellington Dias, declarou apoio ao candidato Luciano Nunes (PSDB). A ades\u00e3o foi confirmada na manh\u00e3 desta ter\u00e7a-feira, 28, e segundo Luciano Nunes, amplia palanque oposicionista na regi\u00e3o norte do Estado. \u201cEstamos cada dia mais animados com a aceita\u00e7\u00e3o de nossa &hellip;<\/p>\n","protected":false},"author":3,"featured_media":1057,"comment_status":"open","ping_status":"open","sticky":false,"template":"","format":"standard","meta":{"content-type":"","rop_custom_images_group":[],"rop_custom_messages_group":[],"rop_publish_now":"initial","rop_publish_now_accounts":{"facebook_2648258775420054_1618374048415101":""},"rop_publish_now_history":[],"rop_publish_now_status":"pending","footnotes":"","_jetpack_memberships_contains_paid_content":false},"categories":[113,130],"tags":[576,530,135],"yoast_head":"<!-- This site is optimized with the Yoast SEO plugin v22.3 - https:\/\/yoast.com\/wordpress\/plugins\/seo\/ -->\n<title>Mais um Prefeito deixa base de Wellington Dias e declara apoio a Luciano Nunes - Portal NPM<\/title>\n<meta name=\"robots\" content=\"index, follow, max-snippet:-1, max-image-preview:large, max-video-preview:-1\" \/>\n<link rel=\"canonical\" href=\"https:\/\/portalnpm.com\/index.php\/2018\/08\/28\/mais-um-prefeito-deixa-base-de-wellington-dias-e-declara-apoio-a-luciano-nunes\/\" \/>\n<meta property=\"og:locale\" content=\"pt_BR\" \/>\n<meta property=\"og:type\" content=\"article\" \/>\n<meta property=\"og:title\" content=\"Mais um Prefeito deixa base de Wellington Dias e declara apoio a Luciano Nunes - Portal NPM\" \/>\n<meta property=\"og:description\" content=\"O prefeito de Buriti dos Montes, Valmir Soares, filiado ao PSD, sigla aliada ao governador Wellington Dias, declarou apoio ao candidato Luciano Nunes (PSDB). A ades\u00e3o foi confirmada na manh\u00e3 desta ter\u00e7a-feira, 28, e segundo Luciano Nunes, amplia palanque oposicionista na regi\u00e3o norte do Estado. \u201cEstamos cada dia mais animados com a aceita\u00e7\u00e3o de nossa &hellip;\" \/>\n<meta property=\"og:url\" content=\"https:\/\/portalnpm.com\/index.php\/2018\/08\/28\/mais-um-prefeito-deixa-base-de-wellington-dias-e-declara-apoio-a-luciano-nunes\/\" \/>\n<meta property=\"og:site_name\" content=\"Portal NPM\" \/>\n<meta property=\"article:published_time\" content=\"2018-08-28T21:41:31+00:00\" \/>\n<meta property=\"og:image\" content=\"https:\/\/portalnpm.com\/wp-content\/uploads\/2018\/08\/f3b545ad-805b-4592-80ab-457683623fff.jpg\" \/>\n\t<meta property=\"og:image:width\" content=\"450\" \/>\n\t<meta property=\"og:image:height\" content=\"400\" \/>\n\t<meta property=\"og:image:type\" content=\"image\/jpeg\" \/>\n<meta name=\"author\" content=\"Luis Alberto\" \/>\n<meta name=\"twitter:card\" content=\"summary_large_image\" \/>\n<meta name=\"twitter:label1\" content=\"Escrito por\" \/>\n\t<meta name=\"twitter:data1\" content=\"Luis Alberto\" \/>\n<script type=\"application\/ld+json\" class=\"yoast-schema-graph\">{\"@context\":\"https:\/\/schema.org\",\"@graph\":[{\"@type\":\"WebPage\",\"@id\":\"https:\/\/portalnpm.com\/index.php\/2018\/08\/28\/mais-um-prefeito-deixa-base-de-wellington-dias-e-declara-apoio-a-luciano-nunes\/\",\"url\":\"https:\/\/portalnpm.com\/index.php\/2018\/08\/28\/mais-um-prefeito-deixa-base-de-wellington-dias-e-declara-apoio-a-luciano-nunes\/\",\"name\":\"Mais um Prefeito deixa base de Wellington Dias e declara apoio a Luciano Nunes - Portal NPM\",\"isPartOf\":{\"@id\":\"https:\/\/portalnpm.com\/#website\"},\"primaryImageOfPage\":{\"@id\":\"https:\/\/portalnpm.com\/index.php\/2018\/08\/28\/mais-um-prefeito-deixa-base-de-wellington-dias-e-declara-apoio-a-luciano-nunes\/#primaryimage\"},\"image\":{\"@id\":\"https:\/\/portalnpm.com\/index.php\/2018\/08\/28\/mais-um-prefeito-deixa-base-de-wellington-dias-e-declara-apoio-a-luciano-nunes\/#primaryimage\"},\"thumbnailUrl\":\"https:\/\/portalnpm.com\/wp-content\/uploads\/2018\/08\/f3b545ad-805b-4592-80ab-457683623fff.jpg\",\"datePublished\":\"2018-08-28T21:41:31+00:00\",\"dateModified\":\"2018-08-28T21:41:31+00:00\",\"author\":{\"@id\":\"https:\/\/portalnpm.com\/#\/schema\/person\/5c8006acdf71774cd4e7a5ab98482152\"},\"breadcrumb\":{\"@id\":\"https:\/\/portalnpm.com\/index.php\/2018\/08\/28\/mais-um-prefeito-deixa-base-de-wellington-dias-e-declara-apoio-a-luciano-nunes\/#breadcrumb\"},\"inLanguage\":\"pt-BR\",\"potentialAction\":[{\"@type\":\"ReadAction\",\"target\":[\"https:\/\/portalnpm.com\/index.php\/2018\/08\/28\/mais-um-prefeito-deixa-base-de-wellington-dias-e-declara-apoio-a-luciano-nunes\/\"]}]},{\"@type\":\"ImageObject\",\"inLanguage\":\"pt-BR\",\"@id\":\"https:\/\/portalnpm.com\/index.php\/2018\/08\/28\/mais-um-prefeito-deixa-base-de-wellington-dias-e-declara-apoio-a-luciano-nunes\/#primaryimage\",\"url\":\"https:\/\/portalnpm.com\/wp-content\/uploads\/2018\/08\/f3b545ad-805b-4592-80ab-457683623fff.jpg\",\"contentUrl\":\"https:\/\/portalnpm.com\/wp-content\/uploads\/2018\/08\/f3b545ad-805b-4592-80ab-457683623fff.jpg\",\"width\":450,\"height\":400},{\"@type\":\"BreadcrumbList\",\"@id\":\"https:\/\/portalnpm.com\/index.php\/2018\/08\/28\/mais-um-prefeito-deixa-base-de-wellington-dias-e-declara-apoio-a-luciano-nunes\/#breadcrumb\",\"itemListElement\":[{\"@type\":\"ListItem\",\"position\":1,\"name\":\"In\u00edcio\",\"item\":\"https:\/\/portalnpm.com\/\"},{\"@type\":\"ListItem\",\"position\":2,\"name\":\"Mais um Prefeito deixa base de Wellington Dias e declara apoio a Luciano Nunes\"}]},{\"@type\":\"WebSite\",\"@id\":\"https:\/\/portalnpm.com\/#website\",\"url\":\"https:\/\/portalnpm.com\/\",\"name\":\"Portal NPM\",\"description\":\"Not\u00edcias em Primeira M\u00e3o\",\"potentialAction\":[{\"@type\":\"SearchAction\",\"target\":{\"@type\":\"EntryPoint\",\"urlTemplate\":\"https:\/\/portalnpm.com\/?s={search_term_string}\"},\"query-input\":\"required name=search_term_string\"}],\"inLanguage\":\"pt-BR\"},{\"@type\":\"Person\",\"@id\":\"https:\/\/portalnpm.com\/#\/schema\/person\/5c8006acdf71774cd4e7a5ab98482152\",\"name\":\"Luis Alberto\",\"image\":{\"@type\":\"ImageObject\",\"inLanguage\":\"pt-BR\",\"@id\":\"https:\/\/portalnpm.com\/#\/schema\/person\/image\/\",\"url\":\"https:\/\/portalnpm.com\/wp-content\/uploads\/2024\/12\/avatar_user_3_1734699769-96x96.jpeg\",\"contentUrl\":\"https:\/\/portalnpm.com\/wp-content\/uploads\/2024\/12\/avatar_user_3_1734699769-96x96.jpeg\",\"caption\":\"Luis Alberto\"},\"description\":\"Editor-geral do Portal NPM, \u00e9 formado como T\u00e9cnico em Seguran\u00e7a do Trabalho pela Escola Metropolitana de Cursos T\u00e9cnicos. Det\u00e9m ainda licenciatura em Educa\u00e7\u00e3o F\u00edsica e bacharelado em Ci\u00eancias Pol\u00edticas, ambos obtidos pela institui\u00e7\u00e3o Anhanguera\/UNOPAR.\",\"url\":\"https:\/\/portalnpm.com\/index.php\/author\/pereira\/\"}]}<\/script>\n<!-- \/ Yoast SEO plugin. -->","yoast_head_json":{"title":"Mais um Prefeito deixa base de Wellington Dias e declara apoio a Luciano Nunes - Portal NPM","robots":{"index":"index","follow":"follow","max-snippet":"max-snippet:-1","max-image-preview":"max-image-preview:large","max-video-preview":"max-video-preview:-1"},"canonical":"https:\/\/portalnpm.com\/index.php\/2018\/08\/28\/mais-um-prefeito-deixa-base-de-wellington-dias-e-declara-apoio-a-luciano-nunes\/","og_locale":"pt_BR","og_type":"article","og_title":"Mais um Prefeito deixa base de Wellington Dias e declara apoio a Luciano Nunes - Portal NPM","og_description":"O prefeito de Buriti dos Montes, Valmir Soares, filiado ao PSD, sigla aliada ao governador Wellington Dias, declarou apoio ao candidato Luciano Nunes (PSDB). A ades\u00e3o foi confirmada na manh\u00e3 desta ter\u00e7a-feira, 28, e segundo Luciano Nunes, amplia palanque oposicionista na regi\u00e3o norte do Estado. \u201cEstamos cada dia mais animados com a aceita\u00e7\u00e3o de nossa &hellip;","og_url":"https:\/\/portalnpm.com\/index.php\/2018\/08\/28\/mais-um-prefeito-deixa-base-de-wellington-dias-e-declara-apoio-a-luciano-nunes\/","og_site_name":"Portal NPM","article_published_time":"2018-08-28T21:41:31+00:00","og_image":[{"width":450,"height":400,"url":"https:\/\/portalnpm.com\/wp-content\/uploads\/2018\/08\/f3b545ad-805b-4592-80ab-457683623fff.jpg","type":"image\/jpeg"}],"author":"Luis Alberto","twitter_card":"summary_large_image","twitter_misc":{"Escrito por":"Luis Alberto"},"schema":{"@context":"https:\/\/schema.org","@graph":[{"@type":"WebPage","@id":"https:\/\/portalnpm.com\/index.php\/2018\/08\/28\/mais-um-prefeito-deixa-base-de-wellington-dias-e-declara-apoio-a-luciano-nunes\/","url":"https:\/\/portalnpm.com\/index.php\/2018\/08\/28\/mais-um-prefeito-deixa-base-de-wellington-dias-e-declara-apoio-a-luciano-nunes\/","name":"Mais um Prefeito deixa base de Wellington Dias e declara apoio a Luciano Nunes - Portal NPM","isPartOf":{"@id":"https:\/\/portalnpm.com\/#website"},"primaryImageOfPage":{"@id":"https:\/\/portalnpm.com\/index.php\/2018\/08\/28\/mais-um-prefeito-deixa-base-de-wellington-dias-e-declara-apoio-a-luciano-nunes\/#primaryimage"},"image":{"@id":"https:\/\/portalnpm.com\/index.php\/2018\/08\/28\/mais-um-prefeito-deixa-base-de-wellington-dias-e-declara-apoio-a-luciano-nunes\/#primaryimage"},"thumbnailUrl":"https:\/\/portalnpm.com\/wp-content\/uploads\/2018\/08\/f3b545ad-805b-4592-80ab-457683623fff.jpg","datePublished":"2018-08-28T21:41:31+00:00","dateModified":"2018-08-28T21:41:31+00:00","author":{"@id":"https:\/\/portalnpm.com\/#\/schema\/person\/5c8006acdf71774cd4e7a5ab98482152"},"breadcrumb":{"@id":"https:\/\/portalnpm.com\/index.php\/2018\/08\/28\/mais-um-prefeito-deixa-base-de-wellington-dias-e-declara-apoio-a-luciano-nunes\/#breadcrumb"},"inLanguage":"pt-BR","potentialAction":[{"@type":"ReadAction","target":["https:\/\/portalnpm.com\/index.php\/2018\/08\/28\/mais-um-prefeito-deixa-base-de-wellington-dias-e-declara-apoio-a-luciano-nunes\/"]}]},{"@type":"ImageObject","inLanguage":"pt-BR","@id":"https:\/\/portalnpm.com\/index.php\/2018\/08\/28\/mais-um-prefeito-deixa-base-de-wellington-dias-e-declara-apoio-a-luciano-nunes\/#primaryimage","url":"https:\/\/portalnpm.com\/wp-content\/uploads\/2018\/08\/f3b545ad-805b-4592-80ab-457683623fff.jpg","contentUrl":"https:\/\/portalnpm.com\/wp-content\/uploads\/2018\/08\/f3b545ad-805b-4592-80ab-457683623fff.jpg","width":450,"height":400},{"@type":"BreadcrumbList","@id":"https:\/\/portalnpm.com\/index.php\/2018\/08\/28\/mais-um-prefeito-deixa-base-de-wellington-dias-e-declara-apoio-a-luciano-nunes\/#breadcrumb","itemListElement":[{"@type":"ListItem","position":1,"name":"In\u00edcio","item":"https:\/\/portalnpm.com\/"},{"@type":"ListItem","position":2,"name":"Mais um Prefeito deixa base de Wellington Dias e declara apoio a Luciano Nunes"}]},{"@type":"WebSite","@id":"https:\/\/portalnpm.com\/#website","url":"https:\/\/portalnpm.com\/","name":"Portal NPM","description":"Not\u00edcias em Primeira M\u00e3o","potentialAction":[{"@type":"SearchAction","target":{"@type":"EntryPoint","urlTemplate":"https:\/\/portalnpm.com\/?s={search_term_string}"},"query-input":"required name=search_term_string"}],"inLanguage":"pt-BR"},{"@type":"Person","@id":"https:\/\/portalnpm.com\/#\/schema\/person\/5c8006acdf71774cd4e7a5ab98482152","name":"Luis Alberto","image":{"@type":"ImageObject","inLanguage":"pt-BR","@id":"https:\/\/portalnpm.com\/#\/schema\/person\/image\/","url":"https:\/\/portalnpm.com\/wp-content\/uploads\/2024\/12\/avatar_user_3_1734699769-96x96.jpeg","contentUrl":"https:\/\/portalnpm.com\/wp-content\/uploads\/2024\/12\/avatar_user_3_1734699769-96x96.jpeg","caption":"Luis Alberto"},"description":"Editor-geral do Portal NPM, \u00e9 formado como T\u00e9cnico em Seguran\u00e7a do Trabalho pela Escola Metropolitana de Cursos T\u00e9cnicos. Det\u00e9m ainda licenciatura em Educa\u00e7\u00e3o F\u00edsica e bacharelado em Ci\u00eancias Pol\u00edticas, ambos obtidos pela institui\u00e7\u00e3o Anhanguera\/UNOPAR.","url":"https:\/\/portalnpm.com\/index.php\/author\/pereira\/"}]}},"jetpack_sharing_enabled":true,"jetpack_featured_media_url":"https:\/\/portalnpm.com\/wp-content\/uploads\/2018\/08\/f3b545ad-805b-4592-80ab-457683623fff.jpg","_links":{"self":[{"href":"https:\/\/portalnpm.com\/index.php\/wp-json\/wp\/v2\/posts\/1056"}],"collection":[{"href":"https:\/\/portalnpm.com\/index.php\/wp-json\/wp\/v2\/posts"}],"about":[{"href":"https:\/\/portalnpm.com\/index.php\/wp-json\/wp\/v2\/types\/post"}],"author":[{"embeddable":true,"href":"https:\/\/portalnpm.com\/index.php\/wp-json\/wp\/v2\/users\/3"}],"replies":[{"embeddable":true,"href":"https:\/\/portalnpm.com\/index.php\/wp-json\/wp\/v2\/comments?post=1056"}],"version-history":[{"count":0,"href":"https:\/\/portalnpm.com\/index.php\/wp-json\/wp\/v2\/posts\/1056\/revisions"}],"wp:featuredmedia":[{"embeddable":true,"href":"https:\/\/portalnpm.com\/index.php\/wp-json\/wp\/v2\/media\/1057"}],"wp:attachment":[{"href":"https:\/\/portalnpm.com\/index.php\/wp-json\/wp\/v2\/media?parent=1056"}],"wp:term":[{"taxonomy":"category","embeddable":true,"href":"https:\/\/portalnpm.com\/index.php\/wp-json\/wp\/v2\/categories?post=1056"},{"taxonomy":"post_tag","embeddable":true,"href":"https:\/\/portalnpm.com\/index.php\/wp-json\/wp\/v2\/tags?post=1056"}],"curies":[{"name":"wp","href":"https:\/\/api.w.org\/{rel}","templated":true}]}}