{"id":10677,"date":"2019-08-30T16:10:33","date_gmt":"2019-08-30T19:10:33","guid":{"rendered":"http:\/\/srv.portalnpm.com.br\/novo\/?p=10677"},"modified":"2019-08-30T16:10:33","modified_gmt":"2019-08-30T19:10:33","slug":"caminhao-carregado-de-caju-tomba-na-br-407-e-jovem-motorista-vai-parar-na-uti-em-picos","status":"publish","type":"post","link":"https:\/\/portalnpm.com\/index.php\/2019\/08\/30\/caminhao-carregado-de-caju-tomba-na-br-407-e-jovem-motorista-vai-parar-na-uti-em-picos\/","title":{"rendered":"Caminh\u00e3o carregado de caju tomba na BR-407 e jovem motorista vai parar na UTI em Picos"},"content":{"rendered":"\n<p style=\"text-align: justify;\">Uma moradora do povoado ligou para a diretora do Hospital Florisa Silva, Oziana Oliveira, solicitando uma ambul\u00e2ncia para socorrer o motorista do caminh\u00e3o que estava preso nas ferragens.<\/p>\n\n\n\n<p style=\"text-align: justify;\">Antes que a ambul\u00e2ncia do Samu de Jaic\u00f3s chegasse, uma outra ambul\u00e2ncia que vinha de Paulistana em dire\u00e7\u00e3o a Teresina, parou e o motorista e demais pessoas que vinham dentro, tiraram o motorista do caminh\u00e3o das ferragens e seguiram em dire\u00e7\u00e3o a Jaic\u00f3s.<\/p>\n\n\n\n\n\n<p style=\"text-align: justify;\">Na metade do percurso encontraram a ambul\u00e2ncia do Samu de Jaic\u00f3s. Imediatamente fizeram a troca e Cledes, o motorista do caminh\u00e3o, seguiu para o hospital de Jaic\u00f3s, onde recebeu atendimento. Mas, devido a gravidade do acidente, foi encaminhado para o Hospital Regional Justino Luz em Picos.<\/p>\n\n\n\n<p style=\"text-align: justify;\">A diretora do Florisa Silva, Oziana, acompanhou todo o processo de remo\u00e7\u00e3o do Cledes para \u00a0a Cidade Modelo \u201cDevido o estado em que ele se encontrava, o m\u00e9dico de plant\u00e3o autorizou imediatamente a remo\u00e7\u00e3o para o Justino Luz em Picos. Ele quase n\u00e3o falava, mas o que conseguiu ainda idizer foi me pedir que eu n\u00e3o o deixasse morrer. Levamos ele para Picos e imediatamente foi atendido\u201d, e acrescentou \u201ccom muita dificuldade consegui o n\u00famero da fam\u00edlia e entrei em contato\u201d, disse.<\/p>\n\n\n\n<p style=\"text-align: justify;\">Informa\u00e7\u00f5es da manh\u00e3 desta quinta-feira (29.ago), dizem que Cledes passou por uma cirurgia para retirada do ba\u00e7o e com o impacto do acidente sofreu um corte profundo na orelha e sofreu traumatismo craniano.<\/p>\n\n\n\n<h4 class=\"wp-block-heading\" style=\"text-align: justify;\">Na noite desta quarta-feira (28.ago), por volta das 21h um Caminh\u00e3o modelo Volkswagen, dirigido por Cledes Gomes Bezerras Junior, 21 anos, tombou na BR-407 na altura do povoado Maria Preta, zona rural de Jaic\u00f3s. O caminh\u00e3o estava carregado de caju e seguia para Petrolina no Pernambuco.<\/h4>\n\n\n\n<p style=\"text-align: justify;\">Neste momento Cledes se encontra em uma UTI do Hospital Regional Justino Luz em constante observa\u00e7\u00e3o m\u00e9dica. Seus familiares que moram em Petrolina j\u00e1 se encontram em Picos, dentro do hospital.<\/p>\n\n\n\n<p style=\"text-align: justify;\"><strong>Fonte: Portal Saiba Mais<\/strong><\/p>\n","protected":false},"excerpt":{"rendered":"<p>Uma moradora do povoado ligou para a diretora do Hospital Florisa Silva, Oziana Oliveira, solicitando uma ambul\u00e2ncia para socorrer o motorista do caminh\u00e3o que estava preso nas ferragens. Antes que a ambul\u00e2ncia do Samu de Jaic\u00f3s chegasse, uma outra ambul\u00e2ncia que vinha de Paulistana em dire\u00e7\u00e3o a Teresina, parou e o motorista e demais pessoas &hellip;<\/p>\n","protected":false},"author":8,"featured_media":10679,"comment_status":"open","ping_status":"open","sticky":false,"template":"","format":"standard","meta":{"content-type":"","rop_custom_images_group":[],"rop_custom_messages_group":[],"rop_publish_now":"initial","rop_publish_now_accounts":{"facebook_2648258775420054_1618374048415101":""},"rop_publish_now_history":[],"rop_publish_now_status":"pending","footnotes":"","_jetpack_memberships_contains_paid_content":false},"categories":[127],"tags":[3205,494,3206],"yoast_head":"<!-- This site is optimized with the Yoast SEO plugin v22.3 - https:\/\/yoast.com\/wordpress\/plugins\/seo\/ -->\n<title>Caminh\u00e3o carregado de caju tomba na BR-407 e jovem motorista vai parar na UTI em Picos - Portal NPM<\/title>\n<meta name=\"robots\" content=\"index, follow, max-snippet:-1, max-image-preview:large, max-video-preview:-1\" \/>\n<link rel=\"canonical\" href=\"https:\/\/portalnpm.com\/index.php\/2019\/08\/30\/caminhao-carregado-de-caju-tomba-na-br-407-e-jovem-motorista-vai-parar-na-uti-em-picos\/\" \/>\n<meta property=\"og:locale\" content=\"pt_BR\" \/>\n<meta property=\"og:type\" content=\"article\" \/>\n<meta property=\"og:title\" content=\"Caminh\u00e3o carregado de caju tomba na BR-407 e jovem motorista vai parar na UTI em Picos - Portal NPM\" \/>\n<meta property=\"og:description\" content=\"Uma moradora do povoado ligou para a diretora do Hospital Florisa Silva, Oziana Oliveira, solicitando uma ambul\u00e2ncia para socorrer o motorista do caminh\u00e3o que estava preso nas ferragens. Antes que a ambul\u00e2ncia do Samu de Jaic\u00f3s chegasse, uma outra ambul\u00e2ncia que vinha de Paulistana em dire\u00e7\u00e3o a Teresina, parou e o motorista e demais pessoas &hellip;\" \/>\n<meta property=\"og:url\" content=\"https:\/\/portalnpm.com\/index.php\/2019\/08\/30\/caminhao-carregado-de-caju-tomba-na-br-407-e-jovem-motorista-vai-parar-na-uti-em-picos\/\" \/>\n<meta property=\"og:site_name\" content=\"Portal NPM\" \/>\n<meta property=\"article:published_time\" content=\"2019-08-30T19:10:33+00:00\" \/>\n<meta name=\"author\" content=\"Zenilton Lima\" \/>\n<meta name=\"twitter:card\" content=\"summary_large_image\" \/>\n<meta name=\"twitter:label1\" content=\"Escrito por\" \/>\n\t<meta name=\"twitter:data1\" content=\"Zenilton Lima\" \/>\n\t<meta name=\"twitter:label2\" content=\"Est. tempo de leitura\" \/>\n\t<meta name=\"twitter:data2\" content=\"2 minutos\" \/>\n<script type=\"application\/ld+json\" class=\"yoast-schema-graph\">{\"@context\":\"https:\/\/schema.org\",\"@graph\":[{\"@type\":\"WebPage\",\"@id\":\"https:\/\/portalnpm.com\/index.php\/2019\/08\/30\/caminhao-carregado-de-caju-tomba-na-br-407-e-jovem-motorista-vai-parar-na-uti-em-picos\/\",\"url\":\"https:\/\/portalnpm.com\/index.php\/2019\/08\/30\/caminhao-carregado-de-caju-tomba-na-br-407-e-jovem-motorista-vai-parar-na-uti-em-picos\/\",\"name\":\"Caminh\u00e3o carregado de caju tomba na BR-407 e jovem motorista vai parar na UTI em Picos - Portal NPM\",\"isPartOf\":{\"@id\":\"https:\/\/portalnpm.com\/#website\"},\"primaryImageOfPage\":{\"@id\":\"https:\/\/portalnpm.com\/index.php\/2019\/08\/30\/caminhao-carregado-de-caju-tomba-na-br-407-e-jovem-motorista-vai-parar-na-uti-em-picos\/#primaryimage\"},\"image\":{\"@id\":\"https:\/\/portalnpm.com\/index.php\/2019\/08\/30\/caminhao-carregado-de-caju-tomba-na-br-407-e-jovem-motorista-vai-parar-na-uti-em-picos\/#primaryimage\"},\"thumbnailUrl\":\"\",\"datePublished\":\"2019-08-30T19:10:33+00:00\",\"dateModified\":\"2019-08-30T19:10:33+00:00\",\"author\":{\"@id\":\"https:\/\/portalnpm.com\/#\/schema\/person\/35cb55186eae3f074b6783da6d35591e\"},\"breadcrumb\":{\"@id\":\"https:\/\/portalnpm.com\/index.php\/2019\/08\/30\/caminhao-carregado-de-caju-tomba-na-br-407-e-jovem-motorista-vai-parar-na-uti-em-picos\/#breadcrumb\"},\"inLanguage\":\"pt-BR\",\"potentialAction\":[{\"@type\":\"ReadAction\",\"target\":[\"https:\/\/portalnpm.com\/index.php\/2019\/08\/30\/caminhao-carregado-de-caju-tomba-na-br-407-e-jovem-motorista-vai-parar-na-uti-em-picos\/\"]}]},{\"@type\":\"ImageObject\",\"inLanguage\":\"pt-BR\",\"@id\":\"https:\/\/portalnpm.com\/index.php\/2019\/08\/30\/caminhao-carregado-de-caju-tomba-na-br-407-e-jovem-motorista-vai-parar-na-uti-em-picos\/#primaryimage\",\"url\":\"\",\"contentUrl\":\"\"},{\"@type\":\"BreadcrumbList\",\"@id\":\"https:\/\/portalnpm.com\/index.php\/2019\/08\/30\/caminhao-carregado-de-caju-tomba-na-br-407-e-jovem-motorista-vai-parar-na-uti-em-picos\/#breadcrumb\",\"itemListElement\":[{\"@type\":\"ListItem\",\"position\":1,\"name\":\"In\u00edcio\",\"item\":\"https:\/\/portalnpm.com\/\"},{\"@type\":\"ListItem\",\"position\":2,\"name\":\"Caminh\u00e3o carregado de caju tomba na BR-407 e jovem motorista vai parar na UTI em Picos\"}]},{\"@type\":\"WebSite\",\"@id\":\"https:\/\/portalnpm.com\/#website\",\"url\":\"https:\/\/portalnpm.com\/\",\"name\":\"Portal NPM\",\"description\":\"Not\u00edcias em Primeira M\u00e3o\",\"potentialAction\":[{\"@type\":\"SearchAction\",\"target\":{\"@type\":\"EntryPoint\",\"urlTemplate\":\"https:\/\/portalnpm.com\/?s={search_term_string}\"},\"query-input\":\"required name=search_term_string\"}],\"inLanguage\":\"pt-BR\"},{\"@type\":\"Person\",\"@id\":\"https:\/\/portalnpm.com\/#\/schema\/person\/35cb55186eae3f074b6783da6d35591e\",\"name\":\"Zenilton Lima\",\"image\":{\"@type\":\"ImageObject\",\"inLanguage\":\"pt-BR\",\"@id\":\"https:\/\/portalnpm.com\/#\/schema\/person\/image\/\",\"url\":\"https:\/\/portalnpm.com\/wp-content\/uploads\/2024\/12\/avatar_user_8_1733658137-96x96.jpeg\",\"contentUrl\":\"https:\/\/portalnpm.com\/wp-content\/uploads\/2024\/12\/avatar_user_8_1733658137-96x96.jpeg\",\"caption\":\"Zenilton Lima\"},\"url\":\"https:\/\/portalnpm.com\/index.php\/author\/zenilton\/\"}]}<\/script>\n<!-- \/ Yoast SEO plugin. -->","yoast_head_json":{"title":"Caminh\u00e3o carregado de caju tomba na BR-407 e jovem motorista vai parar na UTI em Picos - Portal NPM","robots":{"index":"index","follow":"follow","max-snippet":"max-snippet:-1","max-image-preview":"max-image-preview:large","max-video-preview":"max-video-preview:-1"},"canonical":"https:\/\/portalnpm.com\/index.php\/2019\/08\/30\/caminhao-carregado-de-caju-tomba-na-br-407-e-jovem-motorista-vai-parar-na-uti-em-picos\/","og_locale":"pt_BR","og_type":"article","og_title":"Caminh\u00e3o carregado de caju tomba na BR-407 e jovem motorista vai parar na UTI em Picos - Portal NPM","og_description":"Uma moradora do povoado ligou para a diretora do Hospital Florisa Silva, Oziana Oliveira, solicitando uma ambul\u00e2ncia para socorrer o motorista do caminh\u00e3o que estava preso nas ferragens. Antes que a ambul\u00e2ncia do Samu de Jaic\u00f3s chegasse, uma outra ambul\u00e2ncia que vinha de Paulistana em dire\u00e7\u00e3o a Teresina, parou e o motorista e demais pessoas &hellip;","og_url":"https:\/\/portalnpm.com\/index.php\/2019\/08\/30\/caminhao-carregado-de-caju-tomba-na-br-407-e-jovem-motorista-vai-parar-na-uti-em-picos\/","og_site_name":"Portal NPM","article_published_time":"2019-08-30T19:10:33+00:00","author":"Zenilton Lima","twitter_card":"summary_large_image","twitter_misc":{"Escrito por":"Zenilton Lima","Est. tempo de leitura":"2 minutos"},"schema":{"@context":"https:\/\/schema.org","@graph":[{"@type":"WebPage","@id":"https:\/\/portalnpm.com\/index.php\/2019\/08\/30\/caminhao-carregado-de-caju-tomba-na-br-407-e-jovem-motorista-vai-parar-na-uti-em-picos\/","url":"https:\/\/portalnpm.com\/index.php\/2019\/08\/30\/caminhao-carregado-de-caju-tomba-na-br-407-e-jovem-motorista-vai-parar-na-uti-em-picos\/","name":"Caminh\u00e3o carregado de caju tomba na BR-407 e jovem motorista vai parar na UTI em Picos - Portal NPM","isPartOf":{"@id":"https:\/\/portalnpm.com\/#website"},"primaryImageOfPage":{"@id":"https:\/\/portalnpm.com\/index.php\/2019\/08\/30\/caminhao-carregado-de-caju-tomba-na-br-407-e-jovem-motorista-vai-parar-na-uti-em-picos\/#primaryimage"},"image":{"@id":"https:\/\/portalnpm.com\/index.php\/2019\/08\/30\/caminhao-carregado-de-caju-tomba-na-br-407-e-jovem-motorista-vai-parar-na-uti-em-picos\/#primaryimage"},"thumbnailUrl":"","datePublished":"2019-08-30T19:10:33+00:00","dateModified":"2019-08-30T19:10:33+00:00","author":{"@id":"https:\/\/portalnpm.com\/#\/schema\/person\/35cb55186eae3f074b6783da6d35591e"},"breadcrumb":{"@id":"https:\/\/portalnpm.com\/index.php\/2019\/08\/30\/caminhao-carregado-de-caju-tomba-na-br-407-e-jovem-motorista-vai-parar-na-uti-em-picos\/#breadcrumb"},"inLanguage":"pt-BR","potentialAction":[{"@type":"ReadAction","target":["https:\/\/portalnpm.com\/index.php\/2019\/08\/30\/caminhao-carregado-de-caju-tomba-na-br-407-e-jovem-motorista-vai-parar-na-uti-em-picos\/"]}]},{"@type":"ImageObject","inLanguage":"pt-BR","@id":"https:\/\/portalnpm.com\/index.php\/2019\/08\/30\/caminhao-carregado-de-caju-tomba-na-br-407-e-jovem-motorista-vai-parar-na-uti-em-picos\/#primaryimage","url":"","contentUrl":""},{"@type":"BreadcrumbList","@id":"https:\/\/portalnpm.com\/index.php\/2019\/08\/30\/caminhao-carregado-de-caju-tomba-na-br-407-e-jovem-motorista-vai-parar-na-uti-em-picos\/#breadcrumb","itemListElement":[{"@type":"ListItem","position":1,"name":"In\u00edcio","item":"https:\/\/portalnpm.com\/"},{"@type":"ListItem","position":2,"name":"Caminh\u00e3o carregado de caju tomba na BR-407 e jovem motorista vai parar na UTI em Picos"}]},{"@type":"WebSite","@id":"https:\/\/portalnpm.com\/#website","url":"https:\/\/portalnpm.com\/","name":"Portal NPM","description":"Not\u00edcias em Primeira M\u00e3o","potentialAction":[{"@type":"SearchAction","target":{"@type":"EntryPoint","urlTemplate":"https:\/\/portalnpm.com\/?s={search_term_string}"},"query-input":"required name=search_term_string"}],"inLanguage":"pt-BR"},{"@type":"Person","@id":"https:\/\/portalnpm.com\/#\/schema\/person\/35cb55186eae3f074b6783da6d35591e","name":"Zenilton Lima","image":{"@type":"ImageObject","inLanguage":"pt-BR","@id":"https:\/\/portalnpm.com\/#\/schema\/person\/image\/","url":"https:\/\/portalnpm.com\/wp-content\/uploads\/2024\/12\/avatar_user_8_1733658137-96x96.jpeg","contentUrl":"https:\/\/portalnpm.com\/wp-content\/uploads\/2024\/12\/avatar_user_8_1733658137-96x96.jpeg","caption":"Zenilton Lima"},"url":"https:\/\/portalnpm.com\/index.php\/author\/zenilton\/"}]}},"jetpack_sharing_enabled":true,"jetpack_featured_media_url":"","_links":{"self":[{"href":"https:\/\/portalnpm.com\/index.php\/wp-json\/wp\/v2\/posts\/10677"}],"collection":[{"href":"https:\/\/portalnpm.com\/index.php\/wp-json\/wp\/v2\/posts"}],"about":[{"href":"https:\/\/portalnpm.com\/index.php\/wp-json\/wp\/v2\/types\/post"}],"author":[{"embeddable":true,"href":"https:\/\/portalnpm.com\/index.php\/wp-json\/wp\/v2\/users\/8"}],"replies":[{"embeddable":true,"href":"https:\/\/portalnpm.com\/index.php\/wp-json\/wp\/v2\/comments?post=10677"}],"version-history":[{"count":0,"href":"https:\/\/portalnpm.com\/index.php\/wp-json\/wp\/v2\/posts\/10677\/revisions"}],"wp:featuredmedia":[{"embeddable":true,"href":"https:\/\/portalnpm.com\/index.php\/wp-json\/"}],"wp:attachment":[{"href":"https:\/\/portalnpm.com\/index.php\/wp-json\/wp\/v2\/media?parent=10677"}],"wp:term":[{"taxonomy":"category","embeddable":true,"href":"https:\/\/portalnpm.com\/index.php\/wp-json\/wp\/v2\/categories?post=10677"},{"taxonomy":"post_tag","embeddable":true,"href":"https:\/\/portalnpm.com\/index.php\/wp-json\/wp\/v2\/tags?post=10677"}],"curies":[{"name":"wp","href":"https:\/\/api.w.org\/{rel}","templated":true}]}}