{"id":10767,"date":"2019-09-01T12:27:21","date_gmt":"2019-09-01T15:27:21","guid":{"rendered":"http:\/\/srv.portalnpm.com.br\/?p=10767"},"modified":"2019-09-01T12:27:21","modified_gmt":"2019-09-01T15:27:21","slug":"bolsonaro-passara-por-cirurgia-de-medio-porte-nessa-semana-diz-medico","status":"publish","type":"post","link":"https:\/\/portalnpm.com\/index.php\/2019\/09\/01\/bolsonaro-passara-por-cirurgia-de-medio-porte-nessa-semana-diz-medico\/","title":{"rendered":"Bolsonaro passar\u00e1 por cirurgia de m\u00e9dio porte nessa semana, diz m\u00e9dico"},"content":{"rendered":"<p style=\"text-align: justify;\">Jair Bolsonaro (PSL) passar\u00e1 por uma nova cirurgia, de m\u00e9dio porte, no abdome, no pr\u00f3ximo fim de semana em S\u00e3o Paulo, informou neste domingo (1\u00ba) \u00e0 reportagem o m\u00e9dico Ant\u00f4nio Luiz Macedo, que o operou da facada que sofreu em 2018 em Minas Gerais. A opera\u00e7\u00e3o ser\u00e1 no pr\u00f3ximo domingo (8) no Hospital Vila Nova Star, no Itaim Bibi, Zona Sul da capital paulista. As informa\u00e7\u00f5es s\u00e3o do<strong>\u00a0<\/strong><strong>G1.<\/strong><\/p>\n<p style=\"text-align: justify;\">O presidente passou por reavalia\u00e7\u00e3o m\u00e9dica com o cirurgi\u00e3o e com o cardiologista Leandro Echenique nesta manh\u00e3 no aeroporto de Congonhas, tamb\u00e9m na Zona Sul de S\u00e3o Paulo. Depois, Bolsonaro seguiu de helic\u00f3ptero para uma igreja evang\u00e9lica na regi\u00e3o central da cidade, onde participar\u00e1 de um culto religioso.<\/p>\n<p style=\"text-align: justify;\">De acordo com o cirurgi\u00e3o Macedo, surgiu uma \u201ch\u00e9rnia na incis\u00e3o cir\u00fargica\u201d anterior feita na barriga de Bolsonaro. \u201cA cirurgia da facada, abrimos tr\u00eas vezes no mesmo lugar. Enfraqueceu\u201d, disse o m\u00e9dico sobre o motivo para se fazer nova interven\u00e7\u00e3o cir\u00fargica no presidente.<\/p>\n<p style=\"text-align: justify;\">No dia 6 de setembro do ano passado, o pol\u00edtico foi esfaqueado na cidade mineira de Juiz de Fora durante campanha eleitoral para a presid\u00eancia.<\/p>\n<p style=\"text-align: justify;\">\u201dAgora em S\u00e3o Paulo com os Drs. Macedo e Leandro. Pelo que tudo indica curtirei uns 10 dias de f\u00e9rias com eles brevemente. Bom dia a todos\u201d, escreveu Bolsonaro em seu Facebook sobre a\u00a0<span id=\"IL_AD1\" class=\"IL_AD\">consulta<\/span>\u00a0que teve com os m\u00e9dicos nesta manh\u00e3 em Congonhas. Ele ainda postou uma foto com os especialistas.<\/p>\n<p style=\"text-align: justify;\"><span class=\"fr-img-caption fr-fic fr-dib\"><span class=\"fr-img-wrap\"><span class=\"fr-inner\">Reprodu\u00e7\u00e3o\/Facebook<\/span><\/span><\/span><\/p>\n<p style=\"text-align: justify;\">Bolsonaro chegou por volta das 8h20 ao aeroporto de Congonhas, na Zona Sul da capital paulista. O presidente saiu de l\u00e1 de helic\u00f3ptero sem falar com a imprensa.<\/p>\n<p style=\"text-align: justify;\"><strong>Visita \u00e0 igreja<\/strong><\/p>\n<p style=\"text-align: justify;\">Depois de falar com os m\u00e9dicos, Bolsonaro seguiu de helic\u00f3ptero para o Templo de Salom\u00e3o, da Igreja Universal do Reino de Deus. Do heliponto em outra unidade da igreja ele acenou para os fieis.<\/p>\n<p style=\"text-align: justify;\">A visita de Bolsonaro ao templo est\u00e1 na agenda oficial da presid\u00eancia. Apesar disso, ela n\u00e3o foi aberta aos jornalistas. Procurada, a comunica\u00e7\u00e3o da igreja tamb\u00e9m informou que o evento n\u00e3o ser\u00e1 aberto a cobertura jornal\u00edstica.<\/p>\n<p style=\"text-align: justify;\"><strong>Viagem presidencial<\/strong><\/p>\n<p style=\"text-align: justify;\">Segundo o site oficial do governo federal, o presidente saiu de avi\u00e3o da base a\u00e9rea de Bras\u00edlia por volta das 7h.<\/p>\n<p style=\"text-align: justify;\">\u00c0s 8h20 Bolsonaro chegou ao aeroporto de Congonhas, na Zona Sul da capital paulista. Depois seguiu para o Templo de Salom\u00e3o.<\/p>\n<p style=\"text-align: justify;\">Bolsonaro deve embarcar em Congonhas, com destino a Bras\u00edlia, por volta das 18h45. A chegada dele \u00e0 capital federal dever\u00e1 ocorrer perto das 20h.<\/p>\n<p style=\"text-align: justify;\"><strong>Fonte<\/strong>: G1<\/p>\n","protected":false},"excerpt":{"rendered":"<p>Jair Bolsonaro (PSL) passar\u00e1 por uma nova cirurgia, de m\u00e9dio porte, no abdome, no pr\u00f3ximo fim de semana em S\u00e3o Paulo, informou neste domingo (1\u00ba) \u00e0 reportagem o m\u00e9dico Ant\u00f4nio Luiz Macedo, que o operou da facada que sofreu em 2018 em Minas Gerais. A opera\u00e7\u00e3o ser\u00e1 no pr\u00f3ximo domingo (8) no Hospital Vila Nova &hellip;<\/p>\n","protected":false},"author":8,"featured_media":10768,"comment_status":"open","ping_status":"open","sticky":false,"template":"","format":"standard","meta":{"content-type":"","rop_custom_images_group":[],"rop_custom_messages_group":[],"rop_publish_now":"initial","rop_publish_now_accounts":{"facebook_2648258775420054_1618374048415101":""},"rop_publish_now_history":[],"rop_publish_now_status":"pending","footnotes":"","_jetpack_memberships_contains_paid_content":false},"categories":[113,118],"tags":[680,3216,3217],"yoast_head":"<!-- This site is optimized with the Yoast SEO plugin v22.3 - https:\/\/yoast.com\/wordpress\/plugins\/seo\/ -->\n<title>Bolsonaro passar\u00e1 por cirurgia de m\u00e9dio porte nessa semana, diz m\u00e9dico - Portal NPM<\/title>\n<meta name=\"robots\" content=\"index, follow, max-snippet:-1, max-image-preview:large, max-video-preview:-1\" \/>\n<link rel=\"canonical\" href=\"https:\/\/portalnpm.com\/index.php\/2019\/09\/01\/bolsonaro-passara-por-cirurgia-de-medio-porte-nessa-semana-diz-medico\/\" \/>\n<meta property=\"og:locale\" content=\"pt_BR\" \/>\n<meta property=\"og:type\" content=\"article\" \/>\n<meta property=\"og:title\" content=\"Bolsonaro passar\u00e1 por cirurgia de m\u00e9dio porte nessa semana, diz m\u00e9dico - Portal NPM\" \/>\n<meta property=\"og:description\" content=\"Jair Bolsonaro (PSL) passar\u00e1 por uma nova cirurgia, de m\u00e9dio porte, no abdome, no pr\u00f3ximo fim de semana em S\u00e3o Paulo, informou neste domingo (1\u00ba) \u00e0 reportagem o m\u00e9dico Ant\u00f4nio Luiz Macedo, que o operou da facada que sofreu em 2018 em Minas Gerais. A opera\u00e7\u00e3o ser\u00e1 no pr\u00f3ximo domingo (8) no Hospital Vila Nova &hellip;\" \/>\n<meta property=\"og:url\" content=\"https:\/\/portalnpm.com\/index.php\/2019\/09\/01\/bolsonaro-passara-por-cirurgia-de-medio-porte-nessa-semana-diz-medico\/\" \/>\n<meta property=\"og:site_name\" content=\"Portal NPM\" \/>\n<meta property=\"article:published_time\" content=\"2019-09-01T15:27:21+00:00\" \/>\n<meta name=\"author\" content=\"Zenilton Lima\" \/>\n<meta name=\"twitter:card\" content=\"summary_large_image\" \/>\n<meta name=\"twitter:label1\" content=\"Escrito por\" \/>\n\t<meta name=\"twitter:data1\" content=\"Zenilton Lima\" \/>\n\t<meta name=\"twitter:label2\" content=\"Est. tempo de leitura\" \/>\n\t<meta name=\"twitter:data2\" content=\"2 minutos\" \/>\n<script type=\"application\/ld+json\" class=\"yoast-schema-graph\">{\"@context\":\"https:\/\/schema.org\",\"@graph\":[{\"@type\":\"WebPage\",\"@id\":\"https:\/\/portalnpm.com\/index.php\/2019\/09\/01\/bolsonaro-passara-por-cirurgia-de-medio-porte-nessa-semana-diz-medico\/\",\"url\":\"https:\/\/portalnpm.com\/index.php\/2019\/09\/01\/bolsonaro-passara-por-cirurgia-de-medio-porte-nessa-semana-diz-medico\/\",\"name\":\"Bolsonaro passar\u00e1 por cirurgia de m\u00e9dio porte nessa semana, diz m\u00e9dico - Portal NPM\",\"isPartOf\":{\"@id\":\"https:\/\/portalnpm.com\/#website\"},\"primaryImageOfPage\":{\"@id\":\"https:\/\/portalnpm.com\/index.php\/2019\/09\/01\/bolsonaro-passara-por-cirurgia-de-medio-porte-nessa-semana-diz-medico\/#primaryimage\"},\"image\":{\"@id\":\"https:\/\/portalnpm.com\/index.php\/2019\/09\/01\/bolsonaro-passara-por-cirurgia-de-medio-porte-nessa-semana-diz-medico\/#primaryimage\"},\"thumbnailUrl\":\"\",\"datePublished\":\"2019-09-01T15:27:21+00:00\",\"dateModified\":\"2019-09-01T15:27:21+00:00\",\"author\":{\"@id\":\"https:\/\/portalnpm.com\/#\/schema\/person\/35cb55186eae3f074b6783da6d35591e\"},\"breadcrumb\":{\"@id\":\"https:\/\/portalnpm.com\/index.php\/2019\/09\/01\/bolsonaro-passara-por-cirurgia-de-medio-porte-nessa-semana-diz-medico\/#breadcrumb\"},\"inLanguage\":\"pt-BR\",\"potentialAction\":[{\"@type\":\"ReadAction\",\"target\":[\"https:\/\/portalnpm.com\/index.php\/2019\/09\/01\/bolsonaro-passara-por-cirurgia-de-medio-porte-nessa-semana-diz-medico\/\"]}]},{\"@type\":\"ImageObject\",\"inLanguage\":\"pt-BR\",\"@id\":\"https:\/\/portalnpm.com\/index.php\/2019\/09\/01\/bolsonaro-passara-por-cirurgia-de-medio-porte-nessa-semana-diz-medico\/#primaryimage\",\"url\":\"\",\"contentUrl\":\"\"},{\"@type\":\"BreadcrumbList\",\"@id\":\"https:\/\/portalnpm.com\/index.php\/2019\/09\/01\/bolsonaro-passara-por-cirurgia-de-medio-porte-nessa-semana-diz-medico\/#breadcrumb\",\"itemListElement\":[{\"@type\":\"ListItem\",\"position\":1,\"name\":\"In\u00edcio\",\"item\":\"https:\/\/portalnpm.com\/\"},{\"@type\":\"ListItem\",\"position\":2,\"name\":\"Bolsonaro passar\u00e1 por cirurgia de m\u00e9dio porte nessa semana, diz m\u00e9dico\"}]},{\"@type\":\"WebSite\",\"@id\":\"https:\/\/portalnpm.com\/#website\",\"url\":\"https:\/\/portalnpm.com\/\",\"name\":\"Portal NPM\",\"description\":\"Not\u00edcias em Primeira M\u00e3o\",\"potentialAction\":[{\"@type\":\"SearchAction\",\"target\":{\"@type\":\"EntryPoint\",\"urlTemplate\":\"https:\/\/portalnpm.com\/?s={search_term_string}\"},\"query-input\":\"required name=search_term_string\"}],\"inLanguage\":\"pt-BR\"},{\"@type\":\"Person\",\"@id\":\"https:\/\/portalnpm.com\/#\/schema\/person\/35cb55186eae3f074b6783da6d35591e\",\"name\":\"Zenilton Lima\",\"image\":{\"@type\":\"ImageObject\",\"inLanguage\":\"pt-BR\",\"@id\":\"https:\/\/portalnpm.com\/#\/schema\/person\/image\/\",\"url\":\"https:\/\/portalnpm.com\/wp-content\/uploads\/2024\/12\/avatar_user_8_1733658137-96x96.jpeg\",\"contentUrl\":\"https:\/\/portalnpm.com\/wp-content\/uploads\/2024\/12\/avatar_user_8_1733658137-96x96.jpeg\",\"caption\":\"Zenilton Lima\"},\"url\":\"https:\/\/portalnpm.com\/index.php\/author\/zenilton\/\"}]}<\/script>\n<!-- \/ Yoast SEO plugin. -->","yoast_head_json":{"title":"Bolsonaro passar\u00e1 por cirurgia de m\u00e9dio porte nessa semana, diz m\u00e9dico - Portal NPM","robots":{"index":"index","follow":"follow","max-snippet":"max-snippet:-1","max-image-preview":"max-image-preview:large","max-video-preview":"max-video-preview:-1"},"canonical":"https:\/\/portalnpm.com\/index.php\/2019\/09\/01\/bolsonaro-passara-por-cirurgia-de-medio-porte-nessa-semana-diz-medico\/","og_locale":"pt_BR","og_type":"article","og_title":"Bolsonaro passar\u00e1 por cirurgia de m\u00e9dio porte nessa semana, diz m\u00e9dico - Portal NPM","og_description":"Jair Bolsonaro (PSL) passar\u00e1 por uma nova cirurgia, de m\u00e9dio porte, no abdome, no pr\u00f3ximo fim de semana em S\u00e3o Paulo, informou neste domingo (1\u00ba) \u00e0 reportagem o m\u00e9dico Ant\u00f4nio Luiz Macedo, que o operou da facada que sofreu em 2018 em Minas Gerais. A opera\u00e7\u00e3o ser\u00e1 no pr\u00f3ximo domingo (8) no Hospital Vila Nova &hellip;","og_url":"https:\/\/portalnpm.com\/index.php\/2019\/09\/01\/bolsonaro-passara-por-cirurgia-de-medio-porte-nessa-semana-diz-medico\/","og_site_name":"Portal NPM","article_published_time":"2019-09-01T15:27:21+00:00","author":"Zenilton Lima","twitter_card":"summary_large_image","twitter_misc":{"Escrito por":"Zenilton Lima","Est. tempo de leitura":"2 minutos"},"schema":{"@context":"https:\/\/schema.org","@graph":[{"@type":"WebPage","@id":"https:\/\/portalnpm.com\/index.php\/2019\/09\/01\/bolsonaro-passara-por-cirurgia-de-medio-porte-nessa-semana-diz-medico\/","url":"https:\/\/portalnpm.com\/index.php\/2019\/09\/01\/bolsonaro-passara-por-cirurgia-de-medio-porte-nessa-semana-diz-medico\/","name":"Bolsonaro passar\u00e1 por cirurgia de m\u00e9dio porte nessa semana, diz m\u00e9dico - Portal NPM","isPartOf":{"@id":"https:\/\/portalnpm.com\/#website"},"primaryImageOfPage":{"@id":"https:\/\/portalnpm.com\/index.php\/2019\/09\/01\/bolsonaro-passara-por-cirurgia-de-medio-porte-nessa-semana-diz-medico\/#primaryimage"},"image":{"@id":"https:\/\/portalnpm.com\/index.php\/2019\/09\/01\/bolsonaro-passara-por-cirurgia-de-medio-porte-nessa-semana-diz-medico\/#primaryimage"},"thumbnailUrl":"","datePublished":"2019-09-01T15:27:21+00:00","dateModified":"2019-09-01T15:27:21+00:00","author":{"@id":"https:\/\/portalnpm.com\/#\/schema\/person\/35cb55186eae3f074b6783da6d35591e"},"breadcrumb":{"@id":"https:\/\/portalnpm.com\/index.php\/2019\/09\/01\/bolsonaro-passara-por-cirurgia-de-medio-porte-nessa-semana-diz-medico\/#breadcrumb"},"inLanguage":"pt-BR","potentialAction":[{"@type":"ReadAction","target":["https:\/\/portalnpm.com\/index.php\/2019\/09\/01\/bolsonaro-passara-por-cirurgia-de-medio-porte-nessa-semana-diz-medico\/"]}]},{"@type":"ImageObject","inLanguage":"pt-BR","@id":"https:\/\/portalnpm.com\/index.php\/2019\/09\/01\/bolsonaro-passara-por-cirurgia-de-medio-porte-nessa-semana-diz-medico\/#primaryimage","url":"","contentUrl":""},{"@type":"BreadcrumbList","@id":"https:\/\/portalnpm.com\/index.php\/2019\/09\/01\/bolsonaro-passara-por-cirurgia-de-medio-porte-nessa-semana-diz-medico\/#breadcrumb","itemListElement":[{"@type":"ListItem","position":1,"name":"In\u00edcio","item":"https:\/\/portalnpm.com\/"},{"@type":"ListItem","position":2,"name":"Bolsonaro passar\u00e1 por cirurgia de m\u00e9dio porte nessa semana, diz m\u00e9dico"}]},{"@type":"WebSite","@id":"https:\/\/portalnpm.com\/#website","url":"https:\/\/portalnpm.com\/","name":"Portal NPM","description":"Not\u00edcias em Primeira M\u00e3o","potentialAction":[{"@type":"SearchAction","target":{"@type":"EntryPoint","urlTemplate":"https:\/\/portalnpm.com\/?s={search_term_string}"},"query-input":"required name=search_term_string"}],"inLanguage":"pt-BR"},{"@type":"Person","@id":"https:\/\/portalnpm.com\/#\/schema\/person\/35cb55186eae3f074b6783da6d35591e","name":"Zenilton Lima","image":{"@type":"ImageObject","inLanguage":"pt-BR","@id":"https:\/\/portalnpm.com\/#\/schema\/person\/image\/","url":"https:\/\/portalnpm.com\/wp-content\/uploads\/2024\/12\/avatar_user_8_1733658137-96x96.jpeg","contentUrl":"https:\/\/portalnpm.com\/wp-content\/uploads\/2024\/12\/avatar_user_8_1733658137-96x96.jpeg","caption":"Zenilton Lima"},"url":"https:\/\/portalnpm.com\/index.php\/author\/zenilton\/"}]}},"jetpack_sharing_enabled":true,"jetpack_featured_media_url":"","_links":{"self":[{"href":"https:\/\/portalnpm.com\/index.php\/wp-json\/wp\/v2\/posts\/10767"}],"collection":[{"href":"https:\/\/portalnpm.com\/index.php\/wp-json\/wp\/v2\/posts"}],"about":[{"href":"https:\/\/portalnpm.com\/index.php\/wp-json\/wp\/v2\/types\/post"}],"author":[{"embeddable":true,"href":"https:\/\/portalnpm.com\/index.php\/wp-json\/wp\/v2\/users\/8"}],"replies":[{"embeddable":true,"href":"https:\/\/portalnpm.com\/index.php\/wp-json\/wp\/v2\/comments?post=10767"}],"version-history":[{"count":0,"href":"https:\/\/portalnpm.com\/index.php\/wp-json\/wp\/v2\/posts\/10767\/revisions"}],"wp:featuredmedia":[{"embeddable":true,"href":"https:\/\/portalnpm.com\/index.php\/wp-json\/"}],"wp:attachment":[{"href":"https:\/\/portalnpm.com\/index.php\/wp-json\/wp\/v2\/media?parent=10767"}],"wp:term":[{"taxonomy":"category","embeddable":true,"href":"https:\/\/portalnpm.com\/index.php\/wp-json\/wp\/v2\/categories?post=10767"},{"taxonomy":"post_tag","embeddable":true,"href":"https:\/\/portalnpm.com\/index.php\/wp-json\/wp\/v2\/tags?post=10767"}],"curies":[{"name":"wp","href":"https:\/\/api.w.org\/{rel}","templated":true}]}}