{"id":10879,"date":"2019-09-03T12:46:38","date_gmt":"2019-09-03T15:46:38","guid":{"rendered":"http:\/\/srv.portalnpm.com.br\/?p=10879"},"modified":"2019-09-03T12:46:38","modified_gmt":"2019-09-03T15:46:38","slug":"piaui-registra-2-117-queimadas-em-agosto-224-em-apenas-um-dia","status":"publish","type":"post","link":"https:\/\/portalnpm.com\/index.php\/2019\/09\/03\/piaui-registra-2-117-queimadas-em-agosto-224-em-apenas-um-dia\/","title":{"rendered":"Piau\u00ed registra 2.117 queimadas em agosto; 224 em apenas um dia"},"content":{"rendered":"<p style=\"text-align: justify;\">O Piau\u00ed registrou 2.117 queimadas em agosto, o que representa um aumento de 227% em rela\u00e7\u00e3o ao mesmo m\u00eas no ano passado. Foram registradas 224 queimadas em apenas um dia, 28 de agosto. No dia 30 de agosto foram registrados 224 queimadas, com um aumento de 483% em rela\u00e7\u00e3o ao dia anterior, informou o Instituto Nacional de Pesquisas Espaciais (Inpe).<\/p>\n<p style=\"text-align: justify;\">Somente em agosto foi registrado mais da metade de todas as queimadas ocorridas de janeiro a setembro, que 3.369 queimadas, 22% a menos do que as ocorridas no mesmo per\u00edodo ano passado, que foram 4.333 queimadas.<\/p>\n<p style=\"text-align: justify;\">Em Teresina, um inc\u00eandio ocorreu na mata que fica no entorno da galeria de esgotos abertos no conjunto Manoel Evangelista, na zona Sudeste de Teresina.<\/p>\n<p style=\"text-align: justify;\">\u201cEste fogo n\u00e3o saiu do nada. Algu\u00e9m tocou fogo na mata\u201d, declarou o aposentado Iran da Cunha e Silva, que mora no conjunto Manoel Evangelista.<\/p>\n<p style=\"text-align: justify;\">Em Teresina, o \u00edndice de Ultravioleta (UV) foi de 11 na segunda-feira (2), considerado extremo.<\/p>\n<p style=\"text-align: justify;\">Em Pimenteiras, por uma semana de combate \u00e0s chamas, as equipes da Brigada de Inc\u00eandios do Munic\u00edpio com apoio do Corpo de Bombeiros de Picos, de Teresina e dos bombeiros civis de Valen\u00e7a, o grande inc\u00eandio no povoado Mesti\u00e7o, na zona rural de Pimenteiras, foi controlado na manh\u00e3 de segunda-feira.<\/p>\n<p style=\"text-align: justify;\">Num primeiro momento, os trabalhos se concentraram nos focos que mais se aproximavam das resid\u00eancias e agora, depois de contido, a meta \u00e9 atacar os outros focos.<\/p>\n<p style=\"text-align: justify;\">Para a bi\u00f3loga Carolina Melo, da Secretaria Municipal de Meio Ambiente de Pimenteiras, v\u00e1rias a\u00e7\u00f5es foram realizadas nas comunidades com o intuito de evitar as consequ\u00eancias das queimadas, que em muitos casos s\u00e3o causadas na prepara\u00e7\u00e3o do solo.<\/p>\n<p style=\"text-align: justify;\">Para ela, o agravante \u00e9 que, nesse per\u00edodo do ano, a seca e o vento facilitam o alastramento do fogo, trazendo muitas consequ\u00eancias, como perdas materiais, problemas de sa\u00fade, diminui\u00e7\u00e3o da biodiversidade e o empobrecimento do solo.<\/p>\n<p style=\"text-align: justify;\">Nessas palestras, segundo a bi\u00f3loga Carolina Melo, foram relatadas as provid\u00eancias a serem tomadas para se ter uma queimada controlada.<\/p>\n<p style=\"text-align: justify;\">\u201c\u00c9 preciso que o propriet\u00e1rio da \u00e1rea procure o \u00f3rg\u00e3o ambiental respons\u00e1vel para que seja emitida autoriza\u00e7\u00e3o, bem como sejam efetuadas as devidas orienta\u00e7\u00f5es e acompanhamento\u201d, falou Carolina Melo, que afirmou que a prefeitura est\u00e1 dando todo o suporte necess\u00e1rio.<\/p>\n<p style=\"text-align: justify;\">O tenente Pimentel, do Corpo de Bombeiros de Teresina, afirmou que o inc\u00eandio de uma semana na mata e \u00e1reas urbanizadas de Pimenteiras foi controlado, mas matou animais como ovelhas e gado.<\/p>\n<p style=\"text-align: justify;\"><strong>Fogo em Amarante<\/strong><\/p>\n<p style=\"text-align: justify;\">Um grande inc\u00eandio ocorrido no entorno do conjunto Sinh\u00e1 Ayres, em Amarante, causou danos a moradores \u00a0 \u00a0 do local e dos bairros pr\u00f3ximos, como Limoeiro e Areias.<\/p>\n<p style=\"text-align: justify;\">\u00c9 a segunda ocorr\u00eancia na regi\u00e3o no entorno dos bairros Baixa Verde, Escalvado e Areias em menos de 15 dias. No \u00faltimo dia 21, donos de animais ficaram receosos com as queimadas e fizeram a retirada imediata de animais das \u00e1reas pr\u00f3ximas.<\/p>\n<p style=\"text-align: justify;\">Nas duas ocorr\u00eancias, moradores do conjunto Sinh\u00e1 Ayres e Areias foram os mais afetados por causa da fuma\u00e7a e da destrui\u00e7\u00e3o da mata na regi\u00e3o.<\/p>\n<p style=\"text-align: justify;\">Os inc\u00eandios representam a maior preocupa\u00e7\u00e3o dos moradores de Amarante nos meses mais quentes do ano.<\/p>\n<p style=\"text-align: justify;\"><strong>Fonte<\/strong>: Meio Norte<\/p>\n","protected":false},"excerpt":{"rendered":"<p>O Piau\u00ed registrou 2.117 queimadas em agosto, o que representa um aumento de 227% em rela\u00e7\u00e3o ao mesmo m\u00eas no ano passado. Foram registradas 224 queimadas em apenas um dia, 28 de agosto. No dia 30 de agosto foram registrados 224 queimadas, com um aumento de 483% em rela\u00e7\u00e3o ao dia anterior, informou o Instituto &hellip;<\/p>\n","protected":false},"author":8,"featured_media":10880,"comment_status":"open","ping_status":"open","sticky":false,"template":"","format":"standard","meta":{"content-type":"","rop_custom_images_group":[],"rop_custom_messages_group":[],"rop_publish_now":"initial","rop_publish_now_accounts":{"facebook_2648258775420054_1618374048415101":""},"rop_publish_now_history":[],"rop_publish_now_status":"pending","footnotes":"","_jetpack_memberships_contains_paid_content":false},"categories":[125],"tags":[187,3229,540],"yoast_head":"<!-- This site is optimized with the Yoast SEO plugin v22.3 - https:\/\/yoast.com\/wordpress\/plugins\/seo\/ -->\n<title>Piau\u00ed registra 2.117 queimadas em agosto; 224 em apenas um dia - Portal NPM<\/title>\n<meta name=\"robots\" content=\"index, follow, max-snippet:-1, max-image-preview:large, max-video-preview:-1\" \/>\n<link rel=\"canonical\" href=\"https:\/\/portalnpm.com\/index.php\/2019\/09\/03\/piaui-registra-2-117-queimadas-em-agosto-224-em-apenas-um-dia\/\" \/>\n<meta property=\"og:locale\" content=\"pt_BR\" \/>\n<meta property=\"og:type\" content=\"article\" \/>\n<meta property=\"og:title\" content=\"Piau\u00ed registra 2.117 queimadas em agosto; 224 em apenas um dia - Portal NPM\" \/>\n<meta property=\"og:description\" content=\"O Piau\u00ed registrou 2.117 queimadas em agosto, o que representa um aumento de 227% em rela\u00e7\u00e3o ao mesmo m\u00eas no ano passado. Foram registradas 224 queimadas em apenas um dia, 28 de agosto. No dia 30 de agosto foram registrados 224 queimadas, com um aumento de 483% em rela\u00e7\u00e3o ao dia anterior, informou o Instituto &hellip;\" \/>\n<meta property=\"og:url\" content=\"https:\/\/portalnpm.com\/index.php\/2019\/09\/03\/piaui-registra-2-117-queimadas-em-agosto-224-em-apenas-um-dia\/\" \/>\n<meta property=\"og:site_name\" content=\"Portal NPM\" \/>\n<meta property=\"article:published_time\" content=\"2019-09-03T15:46:38+00:00\" \/>\n<meta name=\"author\" content=\"Zenilton Lima\" \/>\n<meta name=\"twitter:card\" content=\"summary_large_image\" \/>\n<meta name=\"twitter:label1\" content=\"Escrito por\" \/>\n\t<meta name=\"twitter:data1\" content=\"Zenilton Lima\" \/>\n\t<meta name=\"twitter:label2\" content=\"Est. tempo de leitura\" \/>\n\t<meta name=\"twitter:data2\" content=\"3 minutos\" \/>\n<script type=\"application\/ld+json\" class=\"yoast-schema-graph\">{\"@context\":\"https:\/\/schema.org\",\"@graph\":[{\"@type\":\"WebPage\",\"@id\":\"https:\/\/portalnpm.com\/index.php\/2019\/09\/03\/piaui-registra-2-117-queimadas-em-agosto-224-em-apenas-um-dia\/\",\"url\":\"https:\/\/portalnpm.com\/index.php\/2019\/09\/03\/piaui-registra-2-117-queimadas-em-agosto-224-em-apenas-um-dia\/\",\"name\":\"Piau\u00ed registra 2.117 queimadas em agosto; 224 em apenas um dia - Portal NPM\",\"isPartOf\":{\"@id\":\"https:\/\/portalnpm.com\/#website\"},\"primaryImageOfPage\":{\"@id\":\"https:\/\/portalnpm.com\/index.php\/2019\/09\/03\/piaui-registra-2-117-queimadas-em-agosto-224-em-apenas-um-dia\/#primaryimage\"},\"image\":{\"@id\":\"https:\/\/portalnpm.com\/index.php\/2019\/09\/03\/piaui-registra-2-117-queimadas-em-agosto-224-em-apenas-um-dia\/#primaryimage\"},\"thumbnailUrl\":\"\",\"datePublished\":\"2019-09-03T15:46:38+00:00\",\"dateModified\":\"2019-09-03T15:46:38+00:00\",\"author\":{\"@id\":\"https:\/\/portalnpm.com\/#\/schema\/person\/35cb55186eae3f074b6783da6d35591e\"},\"breadcrumb\":{\"@id\":\"https:\/\/portalnpm.com\/index.php\/2019\/09\/03\/piaui-registra-2-117-queimadas-em-agosto-224-em-apenas-um-dia\/#breadcrumb\"},\"inLanguage\":\"pt-BR\",\"potentialAction\":[{\"@type\":\"ReadAction\",\"target\":[\"https:\/\/portalnpm.com\/index.php\/2019\/09\/03\/piaui-registra-2-117-queimadas-em-agosto-224-em-apenas-um-dia\/\"]}]},{\"@type\":\"ImageObject\",\"inLanguage\":\"pt-BR\",\"@id\":\"https:\/\/portalnpm.com\/index.php\/2019\/09\/03\/piaui-registra-2-117-queimadas-em-agosto-224-em-apenas-um-dia\/#primaryimage\",\"url\":\"\",\"contentUrl\":\"\"},{\"@type\":\"BreadcrumbList\",\"@id\":\"https:\/\/portalnpm.com\/index.php\/2019\/09\/03\/piaui-registra-2-117-queimadas-em-agosto-224-em-apenas-um-dia\/#breadcrumb\",\"itemListElement\":[{\"@type\":\"ListItem\",\"position\":1,\"name\":\"In\u00edcio\",\"item\":\"https:\/\/portalnpm.com\/\"},{\"@type\":\"ListItem\",\"position\":2,\"name\":\"Piau\u00ed registra 2.117 queimadas em agosto; 224 em apenas um dia\"}]},{\"@type\":\"WebSite\",\"@id\":\"https:\/\/portalnpm.com\/#website\",\"url\":\"https:\/\/portalnpm.com\/\",\"name\":\"Portal NPM\",\"description\":\"Not\u00edcias em Primeira M\u00e3o\",\"potentialAction\":[{\"@type\":\"SearchAction\",\"target\":{\"@type\":\"EntryPoint\",\"urlTemplate\":\"https:\/\/portalnpm.com\/?s={search_term_string}\"},\"query-input\":\"required name=search_term_string\"}],\"inLanguage\":\"pt-BR\"},{\"@type\":\"Person\",\"@id\":\"https:\/\/portalnpm.com\/#\/schema\/person\/35cb55186eae3f074b6783da6d35591e\",\"name\":\"Zenilton Lima\",\"image\":{\"@type\":\"ImageObject\",\"inLanguage\":\"pt-BR\",\"@id\":\"https:\/\/portalnpm.com\/#\/schema\/person\/image\/\",\"url\":\"https:\/\/portalnpm.com\/wp-content\/uploads\/2024\/12\/avatar_user_8_1733658137-96x96.jpeg\",\"contentUrl\":\"https:\/\/portalnpm.com\/wp-content\/uploads\/2024\/12\/avatar_user_8_1733658137-96x96.jpeg\",\"caption\":\"Zenilton Lima\"},\"url\":\"https:\/\/portalnpm.com\/index.php\/author\/zenilton\/\"}]}<\/script>\n<!-- \/ Yoast SEO plugin. -->","yoast_head_json":{"title":"Piau\u00ed registra 2.117 queimadas em agosto; 224 em apenas um dia - Portal NPM","robots":{"index":"index","follow":"follow","max-snippet":"max-snippet:-1","max-image-preview":"max-image-preview:large","max-video-preview":"max-video-preview:-1"},"canonical":"https:\/\/portalnpm.com\/index.php\/2019\/09\/03\/piaui-registra-2-117-queimadas-em-agosto-224-em-apenas-um-dia\/","og_locale":"pt_BR","og_type":"article","og_title":"Piau\u00ed registra 2.117 queimadas em agosto; 224 em apenas um dia - Portal NPM","og_description":"O Piau\u00ed registrou 2.117 queimadas em agosto, o que representa um aumento de 227% em rela\u00e7\u00e3o ao mesmo m\u00eas no ano passado. Foram registradas 224 queimadas em apenas um dia, 28 de agosto. No dia 30 de agosto foram registrados 224 queimadas, com um aumento de 483% em rela\u00e7\u00e3o ao dia anterior, informou o Instituto &hellip;","og_url":"https:\/\/portalnpm.com\/index.php\/2019\/09\/03\/piaui-registra-2-117-queimadas-em-agosto-224-em-apenas-um-dia\/","og_site_name":"Portal NPM","article_published_time":"2019-09-03T15:46:38+00:00","author":"Zenilton Lima","twitter_card":"summary_large_image","twitter_misc":{"Escrito por":"Zenilton Lima","Est. tempo de leitura":"3 minutos"},"schema":{"@context":"https:\/\/schema.org","@graph":[{"@type":"WebPage","@id":"https:\/\/portalnpm.com\/index.php\/2019\/09\/03\/piaui-registra-2-117-queimadas-em-agosto-224-em-apenas-um-dia\/","url":"https:\/\/portalnpm.com\/index.php\/2019\/09\/03\/piaui-registra-2-117-queimadas-em-agosto-224-em-apenas-um-dia\/","name":"Piau\u00ed registra 2.117 queimadas em agosto; 224 em apenas um dia - Portal NPM","isPartOf":{"@id":"https:\/\/portalnpm.com\/#website"},"primaryImageOfPage":{"@id":"https:\/\/portalnpm.com\/index.php\/2019\/09\/03\/piaui-registra-2-117-queimadas-em-agosto-224-em-apenas-um-dia\/#primaryimage"},"image":{"@id":"https:\/\/portalnpm.com\/index.php\/2019\/09\/03\/piaui-registra-2-117-queimadas-em-agosto-224-em-apenas-um-dia\/#primaryimage"},"thumbnailUrl":"","datePublished":"2019-09-03T15:46:38+00:00","dateModified":"2019-09-03T15:46:38+00:00","author":{"@id":"https:\/\/portalnpm.com\/#\/schema\/person\/35cb55186eae3f074b6783da6d35591e"},"breadcrumb":{"@id":"https:\/\/portalnpm.com\/index.php\/2019\/09\/03\/piaui-registra-2-117-queimadas-em-agosto-224-em-apenas-um-dia\/#breadcrumb"},"inLanguage":"pt-BR","potentialAction":[{"@type":"ReadAction","target":["https:\/\/portalnpm.com\/index.php\/2019\/09\/03\/piaui-registra-2-117-queimadas-em-agosto-224-em-apenas-um-dia\/"]}]},{"@type":"ImageObject","inLanguage":"pt-BR","@id":"https:\/\/portalnpm.com\/index.php\/2019\/09\/03\/piaui-registra-2-117-queimadas-em-agosto-224-em-apenas-um-dia\/#primaryimage","url":"","contentUrl":""},{"@type":"BreadcrumbList","@id":"https:\/\/portalnpm.com\/index.php\/2019\/09\/03\/piaui-registra-2-117-queimadas-em-agosto-224-em-apenas-um-dia\/#breadcrumb","itemListElement":[{"@type":"ListItem","position":1,"name":"In\u00edcio","item":"https:\/\/portalnpm.com\/"},{"@type":"ListItem","position":2,"name":"Piau\u00ed registra 2.117 queimadas em agosto; 224 em apenas um dia"}]},{"@type":"WebSite","@id":"https:\/\/portalnpm.com\/#website","url":"https:\/\/portalnpm.com\/","name":"Portal NPM","description":"Not\u00edcias em Primeira M\u00e3o","potentialAction":[{"@type":"SearchAction","target":{"@type":"EntryPoint","urlTemplate":"https:\/\/portalnpm.com\/?s={search_term_string}"},"query-input":"required name=search_term_string"}],"inLanguage":"pt-BR"},{"@type":"Person","@id":"https:\/\/portalnpm.com\/#\/schema\/person\/35cb55186eae3f074b6783da6d35591e","name":"Zenilton Lima","image":{"@type":"ImageObject","inLanguage":"pt-BR","@id":"https:\/\/portalnpm.com\/#\/schema\/person\/image\/","url":"https:\/\/portalnpm.com\/wp-content\/uploads\/2024\/12\/avatar_user_8_1733658137-96x96.jpeg","contentUrl":"https:\/\/portalnpm.com\/wp-content\/uploads\/2024\/12\/avatar_user_8_1733658137-96x96.jpeg","caption":"Zenilton Lima"},"url":"https:\/\/portalnpm.com\/index.php\/author\/zenilton\/"}]}},"jetpack_sharing_enabled":true,"jetpack_featured_media_url":"","_links":{"self":[{"href":"https:\/\/portalnpm.com\/index.php\/wp-json\/wp\/v2\/posts\/10879"}],"collection":[{"href":"https:\/\/portalnpm.com\/index.php\/wp-json\/wp\/v2\/posts"}],"about":[{"href":"https:\/\/portalnpm.com\/index.php\/wp-json\/wp\/v2\/types\/post"}],"author":[{"embeddable":true,"href":"https:\/\/portalnpm.com\/index.php\/wp-json\/wp\/v2\/users\/8"}],"replies":[{"embeddable":true,"href":"https:\/\/portalnpm.com\/index.php\/wp-json\/wp\/v2\/comments?post=10879"}],"version-history":[{"count":0,"href":"https:\/\/portalnpm.com\/index.php\/wp-json\/wp\/v2\/posts\/10879\/revisions"}],"wp:featuredmedia":[{"embeddable":true,"href":"https:\/\/portalnpm.com\/index.php\/wp-json\/"}],"wp:attachment":[{"href":"https:\/\/portalnpm.com\/index.php\/wp-json\/wp\/v2\/media?parent=10879"}],"wp:term":[{"taxonomy":"category","embeddable":true,"href":"https:\/\/portalnpm.com\/index.php\/wp-json\/wp\/v2\/categories?post=10879"},{"taxonomy":"post_tag","embeddable":true,"href":"https:\/\/portalnpm.com\/index.php\/wp-json\/wp\/v2\/tags?post=10879"}],"curies":[{"name":"wp","href":"https:\/\/api.w.org\/{rel}","templated":true}]}}