{"id":10936,"date":"2019-09-04T15:56:37","date_gmt":"2019-09-04T18:56:37","guid":{"rendered":"http:\/\/srv.portalnpm.com.br\/?p=10936"},"modified":"2019-09-04T15:56:37","modified_gmt":"2019-09-04T18:56:37","slug":"pio-ix-ex-prefeito-geraldinho-emite-carta-relatando-o-motivo-que-tiraram-o-psd-do-seu-comando-e-anunciara-novo-partido-em-breve","status":"publish","type":"post","link":"https:\/\/portalnpm.com\/index.php\/2019\/09\/04\/pio-ix-ex-prefeito-geraldinho-emite-carta-relatando-o-motivo-que-tiraram-o-psd-do-seu-comando-e-anunciara-novo-partido-em-breve\/","title":{"rendered":"Pio IX | Ex-prefeito Geraldinho emite carta relatando o motivo que tiraram o PSD do seu comando e anunciar\u00e1 novo partido em breve"},"content":{"rendered":"<p style=\"text-align: justify;\">A cidade de Pio IX localizada a 444 km de Teresina &#8211; PI,\u00a0 vivenciou esta semana, mudan\u00e7as no tabuleiro pol\u00edtico local. As mudan\u00e7as se refere ao controle do PSD (Partido Social Democr\u00e1tico), at\u00e9 ent\u00e3o controlado pelo ex-prefeito Geraldinho. Em uma manobra o partido passa agora a ser controlado pela atual prefeita Regina Coeli, advers\u00e1ria pol\u00edtica do grupo do ex-prefeito.<\/p>\n<p>&nbsp;<\/p>\n<p style=\"text-align: justify;\">Geraldo Abrah\u00e3o de Carvalho, conhecido popularmente como &#8220;Geraldinho&#8221;, foi prefeito de Pio IX por duas vezes, entre os anos de 1989\/1992 e 1997\/2000. O pol\u00edtico foi ainda vice-prefeito no bi\u00eanio 2009-2012, do ent\u00e3o prefeito Boi\u00e3o (PT). Iniciou sua carreira pol\u00edtica no antigo PDS, passando pelo PP at\u00e9 fundar o PSD, em 2011. Disputou o cargo de vice-prefeito no seu novo partido, na chapa do l\u00edder pol\u00edtico Silas Noronha (PTB) na elei\u00e7\u00e3o de 2016.<\/p>\n<p style=\"text-align: justify;\">Em entrevista por telefone ao <strong>Portal NPM<\/strong>, o ex-prefeito relatou sobre as mudan\u00e7as no PSD e a falta de lealdade por parte daqueles que preferiam seguir com o novo grupo do PSD. O parlamentar disse ainda que, na pr\u00f3xima sexta-feira (06), acontecer\u00e1 uma reuni\u00e3o do seu grupo para definir o futuro partid\u00e1rio visando as elei\u00e7\u00f5es do pr\u00f3ximo ano.<\/p>\n<p style=\"text-align: justify;\"><em>&#8220;Na pr\u00f3xima sexta-feira, 6, vamos reunir nosso grupo e definir pra qual partido iremos filiar. Lamentamos a postura daqueles que estavam com n\u00f3s, no entanto, mudaram de lado pensando apenas no individual e ajudando nessa manobra que tirou o PSD das nossas m\u00e3os. Temos convites de dois grandes partidos em n\u00edvel estadual e vamos analisar. O meu nome est\u00e1 a disposi\u00e7\u00e3o do povo para disputar cargo no executivo ou no legislativo. Vamos seguir firme e forte no campo da oposi\u00e7\u00e3o, juntos com o nosso pr\u00e9-candidato a prefeito Silas Noronha, e lan\u00e7ar uma chapa competitiva para o legislativo municipal. Pio IX n\u00e3o pode continuar do jeito que est\u00e1, precisamos resgatar a esperan\u00e7a de um futuro melhor para os nossos mun\u00edcipes&#8221;<\/em>, disse o ex-prefeito.<\/p>\n<p style=\"text-align: justify;\">Nas suas redes sociais, o ex-prefeito Geraldinho emitiu uma nota falando sobre os motivos que tiraram o PSD do seu comando.<\/p>\n<p><strong>Segue a \u00edntegra da carta:<\/strong><\/p>\n<p>*CARTA AOS MEUS AMIGOS DO MUNIC\u00cdPIO DE PIO X \u2013 PI*<\/p>\n<p>Caros Amigos,<\/p>\n<p style=\"text-align: justify;\">Quero compartilhar com voc\u00eas meu sentimento de indigna\u00e7\u00e3o e repudio \u00e0 postura imoral, anti\u00e9tica e trai\u00e7oeira praticada pelo ex-vereador Carivaldo Ant\u00e3o e seu filho Hiperides Alencar, suplente de vereador no munic\u00edpio de Pio IX. Atitude covarde, desmedida e imatura, que rompe a barreira do respeito, do sentimento e dos valores da Fam\u00edlia Ant\u00e3o de Alencar. Ao tempo que manifesto tamb\u00e9m minha gratid\u00e3o aos in\u00fameros amigos e familiares que me t\u00eam demostrado total apoio para continuar trabalhando e defendendo o povo do meu querido munic\u00edpio.<\/p>\n<p style=\"text-align: justify;\">Meus amigos, meu hist\u00f3rico de homem reto e honrado perpassa de gera\u00e7\u00e3o para gera\u00e7\u00e3o. Sou disc\u00edpulo do inesquec\u00edvel Alencar Neto, que foi o maior l\u00edder pol\u00edtico em Pio IX, e desde a sua aus\u00eancia me mantive firme e forte ao lado do povo e da fam\u00edlia, seguindo seus preceitos. Todos que me conhecem sabem o quanto valorizo a amizade e o respeito ao pr\u00f3ximo, independente de sigla partid\u00e1ria. Sempre defendi os interesses da coletividade e me mantive ao lado do povo e dos meus amigos, ganhando ou perdendo uma elei\u00e7\u00e3o. Nenhuma situa\u00e7\u00e3o, por mais dif\u00edcil pare\u00e7a, me fez perder postura de cidad\u00e3o honesto ou a minha conduta \u00e9tica. Com mandato ou sem mandato sempre estive aliado ao povo e aos meus princ\u00edpios.<\/p>\n<p style=\"text-align: justify;\">Todos voc\u00eas s\u00e3o sabedores que fui um dos Fundadores do diret\u00f3rio do Partido Social Democr\u00e1tico (PSD) em Pio IX, ainda no ano de 2011, onde estive a frente do partido at\u00e9 ontem (03\/09\/2019). Uma caminhada longa, cheia de percal\u00e7os, mas sempre defendendo o nome do Deputado J\u00falio Cesar, atual presidente do diret\u00f3rio Estadual do PSD, que desde 2002 era votado em Pio IX pelo grupo do qual fazemos parte. Nos momentos mais dif\u00edceis estivemos sempre juntos, fi\u00e9is e leais ao proposito dos deputados J\u00falio Cesar e Georgiano Neto, porque acredit\u00e1vamos no seu trabalho incans\u00e1vel e na sua dedica\u00e7\u00e3o e aten\u00e7\u00e3o aos mun\u00edcipes de Pio IX. Foram quase duas d\u00e9cadas percorrendo todo o munic\u00edpio de Pio IX e levando seus nomes para as resid\u00eancias da popula\u00e7\u00e3o.<\/p>\n<p style=\"text-align: justify;\">Ontem, eu e os demais filiados ao PSD de Pio IX fomos surpreendidos com a dissolu\u00e7\u00e3o da comiss\u00e3o provis\u00f3ria do Partido em Pio IX, junto com a filia\u00e7\u00e3o e a entrega da presid\u00eancia deste partido para Prefeita de Pio IX e seu grupo; que integra desde sempre como os nossos maiores advers\u00e1rios na conjuntura pol\u00edtica do nosso munic\u00edpio. Para nosso maior espanto, os mediadores, articuladores e mentores desta destitui\u00e7\u00e3o que caracteriza o \u00e1pice da mais covarde e trai\u00e7oeira trai\u00e7\u00e3o, foram os senhores Hiperides Alencar (suplente de vereador) e seu pai, ex vereador Carivaldo Ant\u00e3o, pessoas da minha fam\u00edlia e que desfrutaram de minha confian\u00e7a e meu apre\u00e7o uma vida toda! Tiraram o partido das m\u00e3os de quem sempre esteve aliado, e entregaram nas m\u00e3os de quem nunca demonstrou fidelidade partid\u00e1ria.<\/p>\n<p style=\"text-align: justify;\">Foi um golpe rasteiro vindo de quem j\u00e1 nos traiu uma vez. A mem\u00f3ria me fez recordar que a postura de trai\u00e7\u00e3o do ex Vereador Carivaldo \u00e9 repetitiva, quando tamb\u00e9m ele deixou seguir junto ao nosso grupo pol\u00edtico em 2006, para apoiar um outro Deputado Federal naquela \u00e9poca, e n\u00e3o se sentido contemplado de imediato, n\u00f3s o acolhemos de volta. Agora, mais uma vez, a fraqueza se fez presente e veio como heran\u00e7a gen\u00e9tica para seu filho, suplente de vereador, pessoa que tamb\u00e9m tinha minha confian\u00e7a e meu incans\u00e1vel apoio. Em troca de benef\u00edcios pessoais, cargos, e da possibilidade de assumir como suplente a vaga de um vereador, este cidad\u00e3o deixou de contestar todos os descasos da atual Administra\u00e7\u00e3o; esqueceu os valores e virtudes de sua fam\u00edlia; rompeu com os princ\u00edpios morais e \u00e9ticos, se debanando sozinho para o lado de quem sempre foi taxativo e lhes massacrava. Uma tentativa frustrada de desmonte da fam\u00edlia, que sem d\u00favida ser\u00e1 renegada e repudiada nas urnas, na elei\u00e7\u00e3o de 2020.<\/p>\n<p style=\"text-align: justify;\">Caros amigos, estaremos mais fortes agora, aliados com nossos verdadeiros amigos, e com o restante da nossa fam\u00edlia, recebendo in\u00fameros apoios de quem reprovou um comportamento t\u00e3o med\u00edocre como este; mas acima de tudo estamos encorajados para trabalhar pelo progresso e pelo do povo de Pio IX. Meu nome continua \u00e0 disposi\u00e7\u00e3o do Povo de Pio IX, para ocupar um cargo majorit\u00e1rio ou no legislativo, e continuar trabalhando em favor do desenvolvimento. Contamos com voc\u00eas!<\/p>\n<p style=\"text-align: justify;\">Finalizo minhas palavras parafraseando a escritora Nara Nubia Alencar Queiroz: \u201cO pior dos defeitos \u00e9 a ingratid\u00e3o; ela apedreja e fere os sentimentos de quem o beneficiou\u201d.<br \/>\nAvante! Sempre em frente!<\/p>\n<p style=\"text-align: justify;\">Pio IX \u2013 PI, 03\/09\/2019<br \/>\n*Geraldo Abrah\u00e3o de Carvalho*<\/p>\n","protected":false},"excerpt":{"rendered":"<p>A cidade de Pio IX localizada a 444 km de Teresina &#8211; PI,\u00a0 vivenciou esta semana, mudan\u00e7as no tabuleiro pol\u00edtico local. As mudan\u00e7as se refere ao controle do PSD (Partido Social Democr\u00e1tico), at\u00e9 ent\u00e3o controlado pelo ex-prefeito Geraldinho. Em uma manobra o partido passa agora a ser controlado pela atual prefeita Regina Coeli, advers\u00e1ria pol\u00edtica &hellip;<\/p>\n","protected":false},"author":3,"featured_media":10937,"comment_status":"open","ping_status":"open","sticky":false,"template":"","format":"standard","meta":{"content-type":"","rop_custom_images_group":[],"rop_custom_messages_group":[],"rop_publish_now":"initial","rop_publish_now_accounts":{"facebook_2648258775420054_1618374048415101":""},"rop_publish_now_history":[],"rop_publish_now_status":"pending","footnotes":"","_jetpack_memberships_contains_paid_content":false},"categories":[113,439,130],"tags":[1405,3236,679,799],"yoast_head":"<!-- This site is optimized with the Yoast SEO plugin v22.3 - https:\/\/yoast.com\/wordpress\/plugins\/seo\/ -->\n<title>Pio IX | Ex-prefeito Geraldinho emite carta relatando o motivo que tiraram o PSD do seu comando e anunciar\u00e1 novo partido em breve - Portal NPM<\/title>\n<meta name=\"robots\" content=\"index, follow, max-snippet:-1, max-image-preview:large, max-video-preview:-1\" \/>\n<link rel=\"canonical\" href=\"https:\/\/portalnpm.com\/index.php\/2019\/09\/04\/pio-ix-ex-prefeito-geraldinho-emite-carta-relatando-o-motivo-que-tiraram-o-psd-do-seu-comando-e-anunciara-novo-partido-em-breve\/\" \/>\n<meta property=\"og:locale\" content=\"pt_BR\" \/>\n<meta property=\"og:type\" content=\"article\" \/>\n<meta property=\"og:title\" content=\"Pio IX | Ex-prefeito Geraldinho emite carta relatando o motivo que tiraram o PSD do seu comando e anunciar\u00e1 novo partido em breve - Portal NPM\" \/>\n<meta property=\"og:description\" content=\"A cidade de Pio IX localizada a 444 km de Teresina &#8211; PI,\u00a0 vivenciou esta semana, mudan\u00e7as no tabuleiro pol\u00edtico local. As mudan\u00e7as se refere ao controle do PSD (Partido Social Democr\u00e1tico), at\u00e9 ent\u00e3o controlado pelo ex-prefeito Geraldinho. Em uma manobra o partido passa agora a ser controlado pela atual prefeita Regina Coeli, advers\u00e1ria pol\u00edtica &hellip;\" \/>\n<meta property=\"og:url\" content=\"https:\/\/portalnpm.com\/index.php\/2019\/09\/04\/pio-ix-ex-prefeito-geraldinho-emite-carta-relatando-o-motivo-que-tiraram-o-psd-do-seu-comando-e-anunciara-novo-partido-em-breve\/\" \/>\n<meta property=\"og:site_name\" content=\"Portal NPM\" \/>\n<meta property=\"article:published_time\" content=\"2019-09-04T18:56:37+00:00\" \/>\n<meta name=\"author\" content=\"Luis Alberto\" \/>\n<meta name=\"twitter:card\" content=\"summary_large_image\" \/>\n<meta name=\"twitter:label1\" content=\"Escrito por\" \/>\n\t<meta name=\"twitter:data1\" content=\"Luis Alberto\" \/>\n\t<meta name=\"twitter:label2\" content=\"Est. tempo de leitura\" \/>\n\t<meta name=\"twitter:data2\" content=\"6 minutos\" \/>\n<script type=\"application\/ld+json\" class=\"yoast-schema-graph\">{\"@context\":\"https:\/\/schema.org\",\"@graph\":[{\"@type\":\"WebPage\",\"@id\":\"https:\/\/portalnpm.com\/index.php\/2019\/09\/04\/pio-ix-ex-prefeito-geraldinho-emite-carta-relatando-o-motivo-que-tiraram-o-psd-do-seu-comando-e-anunciara-novo-partido-em-breve\/\",\"url\":\"https:\/\/portalnpm.com\/index.php\/2019\/09\/04\/pio-ix-ex-prefeito-geraldinho-emite-carta-relatando-o-motivo-que-tiraram-o-psd-do-seu-comando-e-anunciara-novo-partido-em-breve\/\",\"name\":\"Pio IX | Ex-prefeito Geraldinho emite carta relatando o motivo que tiraram o PSD do seu comando e anunciar\u00e1 novo partido em breve - Portal NPM\",\"isPartOf\":{\"@id\":\"https:\/\/portalnpm.com\/#website\"},\"primaryImageOfPage\":{\"@id\":\"https:\/\/portalnpm.com\/index.php\/2019\/09\/04\/pio-ix-ex-prefeito-geraldinho-emite-carta-relatando-o-motivo-que-tiraram-o-psd-do-seu-comando-e-anunciara-novo-partido-em-breve\/#primaryimage\"},\"image\":{\"@id\":\"https:\/\/portalnpm.com\/index.php\/2019\/09\/04\/pio-ix-ex-prefeito-geraldinho-emite-carta-relatando-o-motivo-que-tiraram-o-psd-do-seu-comando-e-anunciara-novo-partido-em-breve\/#primaryimage\"},\"thumbnailUrl\":\"\",\"datePublished\":\"2019-09-04T18:56:37+00:00\",\"dateModified\":\"2019-09-04T18:56:37+00:00\",\"author\":{\"@id\":\"https:\/\/portalnpm.com\/#\/schema\/person\/5c8006acdf71774cd4e7a5ab98482152\"},\"breadcrumb\":{\"@id\":\"https:\/\/portalnpm.com\/index.php\/2019\/09\/04\/pio-ix-ex-prefeito-geraldinho-emite-carta-relatando-o-motivo-que-tiraram-o-psd-do-seu-comando-e-anunciara-novo-partido-em-breve\/#breadcrumb\"},\"inLanguage\":\"pt-BR\",\"potentialAction\":[{\"@type\":\"ReadAction\",\"target\":[\"https:\/\/portalnpm.com\/index.php\/2019\/09\/04\/pio-ix-ex-prefeito-geraldinho-emite-carta-relatando-o-motivo-que-tiraram-o-psd-do-seu-comando-e-anunciara-novo-partido-em-breve\/\"]}]},{\"@type\":\"ImageObject\",\"inLanguage\":\"pt-BR\",\"@id\":\"https:\/\/portalnpm.com\/index.php\/2019\/09\/04\/pio-ix-ex-prefeito-geraldinho-emite-carta-relatando-o-motivo-que-tiraram-o-psd-do-seu-comando-e-anunciara-novo-partido-em-breve\/#primaryimage\",\"url\":\"\",\"contentUrl\":\"\"},{\"@type\":\"BreadcrumbList\",\"@id\":\"https:\/\/portalnpm.com\/index.php\/2019\/09\/04\/pio-ix-ex-prefeito-geraldinho-emite-carta-relatando-o-motivo-que-tiraram-o-psd-do-seu-comando-e-anunciara-novo-partido-em-breve\/#breadcrumb\",\"itemListElement\":[{\"@type\":\"ListItem\",\"position\":1,\"name\":\"In\u00edcio\",\"item\":\"https:\/\/portalnpm.com\/\"},{\"@type\":\"ListItem\",\"position\":2,\"name\":\"Pio IX | Ex-prefeito Geraldinho emite carta relatando o motivo que tiraram o PSD do seu comando e anunciar\u00e1 novo partido em breve\"}]},{\"@type\":\"WebSite\",\"@id\":\"https:\/\/portalnpm.com\/#website\",\"url\":\"https:\/\/portalnpm.com\/\",\"name\":\"Portal NPM\",\"description\":\"Not\u00edcias em Primeira M\u00e3o\",\"potentialAction\":[{\"@type\":\"SearchAction\",\"target\":{\"@type\":\"EntryPoint\",\"urlTemplate\":\"https:\/\/portalnpm.com\/?s={search_term_string}\"},\"query-input\":\"required name=search_term_string\"}],\"inLanguage\":\"pt-BR\"},{\"@type\":\"Person\",\"@id\":\"https:\/\/portalnpm.com\/#\/schema\/person\/5c8006acdf71774cd4e7a5ab98482152\",\"name\":\"Luis Alberto\",\"image\":{\"@type\":\"ImageObject\",\"inLanguage\":\"pt-BR\",\"@id\":\"https:\/\/portalnpm.com\/#\/schema\/person\/image\/\",\"url\":\"https:\/\/portalnpm.com\/wp-content\/uploads\/2024\/12\/avatar_user_3_1734699769-96x96.jpeg\",\"contentUrl\":\"https:\/\/portalnpm.com\/wp-content\/uploads\/2024\/12\/avatar_user_3_1734699769-96x96.jpeg\",\"caption\":\"Luis Alberto\"},\"description\":\"Editor-geral do Portal NPM, \u00e9 formado como T\u00e9cnico em Seguran\u00e7a do Trabalho pela Escola Metropolitana de Cursos T\u00e9cnicos. Det\u00e9m ainda licenciatura em Educa\u00e7\u00e3o F\u00edsica e bacharelado em Ci\u00eancias Pol\u00edticas, ambos obtidos pela institui\u00e7\u00e3o Anhanguera\/UNOPAR.\",\"url\":\"https:\/\/portalnpm.com\/index.php\/author\/pereira\/\"}]}<\/script>\n<!-- \/ Yoast SEO plugin. -->","yoast_head_json":{"title":"Pio IX | Ex-prefeito Geraldinho emite carta relatando o motivo que tiraram o PSD do seu comando e anunciar\u00e1 novo partido em breve - Portal NPM","robots":{"index":"index","follow":"follow","max-snippet":"max-snippet:-1","max-image-preview":"max-image-preview:large","max-video-preview":"max-video-preview:-1"},"canonical":"https:\/\/portalnpm.com\/index.php\/2019\/09\/04\/pio-ix-ex-prefeito-geraldinho-emite-carta-relatando-o-motivo-que-tiraram-o-psd-do-seu-comando-e-anunciara-novo-partido-em-breve\/","og_locale":"pt_BR","og_type":"article","og_title":"Pio IX | Ex-prefeito Geraldinho emite carta relatando o motivo que tiraram o PSD do seu comando e anunciar\u00e1 novo partido em breve - Portal NPM","og_description":"A cidade de Pio IX localizada a 444 km de Teresina &#8211; PI,\u00a0 vivenciou esta semana, mudan\u00e7as no tabuleiro pol\u00edtico local. As mudan\u00e7as se refere ao controle do PSD (Partido Social Democr\u00e1tico), at\u00e9 ent\u00e3o controlado pelo ex-prefeito Geraldinho. Em uma manobra o partido passa agora a ser controlado pela atual prefeita Regina Coeli, advers\u00e1ria pol\u00edtica &hellip;","og_url":"https:\/\/portalnpm.com\/index.php\/2019\/09\/04\/pio-ix-ex-prefeito-geraldinho-emite-carta-relatando-o-motivo-que-tiraram-o-psd-do-seu-comando-e-anunciara-novo-partido-em-breve\/","og_site_name":"Portal NPM","article_published_time":"2019-09-04T18:56:37+00:00","author":"Luis Alberto","twitter_card":"summary_large_image","twitter_misc":{"Escrito por":"Luis Alberto","Est. tempo de leitura":"6 minutos"},"schema":{"@context":"https:\/\/schema.org","@graph":[{"@type":"WebPage","@id":"https:\/\/portalnpm.com\/index.php\/2019\/09\/04\/pio-ix-ex-prefeito-geraldinho-emite-carta-relatando-o-motivo-que-tiraram-o-psd-do-seu-comando-e-anunciara-novo-partido-em-breve\/","url":"https:\/\/portalnpm.com\/index.php\/2019\/09\/04\/pio-ix-ex-prefeito-geraldinho-emite-carta-relatando-o-motivo-que-tiraram-o-psd-do-seu-comando-e-anunciara-novo-partido-em-breve\/","name":"Pio IX | Ex-prefeito Geraldinho emite carta relatando o motivo que tiraram o PSD do seu comando e anunciar\u00e1 novo partido em breve - Portal NPM","isPartOf":{"@id":"https:\/\/portalnpm.com\/#website"},"primaryImageOfPage":{"@id":"https:\/\/portalnpm.com\/index.php\/2019\/09\/04\/pio-ix-ex-prefeito-geraldinho-emite-carta-relatando-o-motivo-que-tiraram-o-psd-do-seu-comando-e-anunciara-novo-partido-em-breve\/#primaryimage"},"image":{"@id":"https:\/\/portalnpm.com\/index.php\/2019\/09\/04\/pio-ix-ex-prefeito-geraldinho-emite-carta-relatando-o-motivo-que-tiraram-o-psd-do-seu-comando-e-anunciara-novo-partido-em-breve\/#primaryimage"},"thumbnailUrl":"","datePublished":"2019-09-04T18:56:37+00:00","dateModified":"2019-09-04T18:56:37+00:00","author":{"@id":"https:\/\/portalnpm.com\/#\/schema\/person\/5c8006acdf71774cd4e7a5ab98482152"},"breadcrumb":{"@id":"https:\/\/portalnpm.com\/index.php\/2019\/09\/04\/pio-ix-ex-prefeito-geraldinho-emite-carta-relatando-o-motivo-que-tiraram-o-psd-do-seu-comando-e-anunciara-novo-partido-em-breve\/#breadcrumb"},"inLanguage":"pt-BR","potentialAction":[{"@type":"ReadAction","target":["https:\/\/portalnpm.com\/index.php\/2019\/09\/04\/pio-ix-ex-prefeito-geraldinho-emite-carta-relatando-o-motivo-que-tiraram-o-psd-do-seu-comando-e-anunciara-novo-partido-em-breve\/"]}]},{"@type":"ImageObject","inLanguage":"pt-BR","@id":"https:\/\/portalnpm.com\/index.php\/2019\/09\/04\/pio-ix-ex-prefeito-geraldinho-emite-carta-relatando-o-motivo-que-tiraram-o-psd-do-seu-comando-e-anunciara-novo-partido-em-breve\/#primaryimage","url":"","contentUrl":""},{"@type":"BreadcrumbList","@id":"https:\/\/portalnpm.com\/index.php\/2019\/09\/04\/pio-ix-ex-prefeito-geraldinho-emite-carta-relatando-o-motivo-que-tiraram-o-psd-do-seu-comando-e-anunciara-novo-partido-em-breve\/#breadcrumb","itemListElement":[{"@type":"ListItem","position":1,"name":"In\u00edcio","item":"https:\/\/portalnpm.com\/"},{"@type":"ListItem","position":2,"name":"Pio IX | Ex-prefeito Geraldinho emite carta relatando o motivo que tiraram o PSD do seu comando e anunciar\u00e1 novo partido em breve"}]},{"@type":"WebSite","@id":"https:\/\/portalnpm.com\/#website","url":"https:\/\/portalnpm.com\/","name":"Portal NPM","description":"Not\u00edcias em Primeira M\u00e3o","potentialAction":[{"@type":"SearchAction","target":{"@type":"EntryPoint","urlTemplate":"https:\/\/portalnpm.com\/?s={search_term_string}"},"query-input":"required name=search_term_string"}],"inLanguage":"pt-BR"},{"@type":"Person","@id":"https:\/\/portalnpm.com\/#\/schema\/person\/5c8006acdf71774cd4e7a5ab98482152","name":"Luis Alberto","image":{"@type":"ImageObject","inLanguage":"pt-BR","@id":"https:\/\/portalnpm.com\/#\/schema\/person\/image\/","url":"https:\/\/portalnpm.com\/wp-content\/uploads\/2024\/12\/avatar_user_3_1734699769-96x96.jpeg","contentUrl":"https:\/\/portalnpm.com\/wp-content\/uploads\/2024\/12\/avatar_user_3_1734699769-96x96.jpeg","caption":"Luis Alberto"},"description":"Editor-geral do Portal NPM, \u00e9 formado como T\u00e9cnico em Seguran\u00e7a do Trabalho pela Escola Metropolitana de Cursos T\u00e9cnicos. Det\u00e9m ainda licenciatura em Educa\u00e7\u00e3o F\u00edsica e bacharelado em Ci\u00eancias Pol\u00edticas, ambos obtidos pela institui\u00e7\u00e3o Anhanguera\/UNOPAR.","url":"https:\/\/portalnpm.com\/index.php\/author\/pereira\/"}]}},"jetpack_sharing_enabled":true,"jetpack_featured_media_url":"","_links":{"self":[{"href":"https:\/\/portalnpm.com\/index.php\/wp-json\/wp\/v2\/posts\/10936"}],"collection":[{"href":"https:\/\/portalnpm.com\/index.php\/wp-json\/wp\/v2\/posts"}],"about":[{"href":"https:\/\/portalnpm.com\/index.php\/wp-json\/wp\/v2\/types\/post"}],"author":[{"embeddable":true,"href":"https:\/\/portalnpm.com\/index.php\/wp-json\/wp\/v2\/users\/3"}],"replies":[{"embeddable":true,"href":"https:\/\/portalnpm.com\/index.php\/wp-json\/wp\/v2\/comments?post=10936"}],"version-history":[{"count":0,"href":"https:\/\/portalnpm.com\/index.php\/wp-json\/wp\/v2\/posts\/10936\/revisions"}],"wp:featuredmedia":[{"embeddable":true,"href":"https:\/\/portalnpm.com\/index.php\/wp-json\/"}],"wp:attachment":[{"href":"https:\/\/portalnpm.com\/index.php\/wp-json\/wp\/v2\/media?parent=10936"}],"wp:term":[{"taxonomy":"category","embeddable":true,"href":"https:\/\/portalnpm.com\/index.php\/wp-json\/wp\/v2\/categories?post=10936"},{"taxonomy":"post_tag","embeddable":true,"href":"https:\/\/portalnpm.com\/index.php\/wp-json\/wp\/v2\/tags?post=10936"}],"curies":[{"name":"wp","href":"https:\/\/api.w.org\/{rel}","templated":true}]}}