{"id":11005,"date":"2019-09-06T19:31:12","date_gmt":"2019-09-06T22:31:12","guid":{"rendered":"http:\/\/srv.portalnpm.com.br\/?p=11005"},"modified":"2019-09-06T19:31:12","modified_gmt":"2019-09-06T22:31:12","slug":"picos-registra-124-casos-confirmados-de-dengue-este-ano","status":"publish","type":"post","link":"https:\/\/portalnpm.com\/index.php\/2019\/09\/06\/picos-registra-124-casos-confirmados-de-dengue-este-ano\/","title":{"rendered":"Picos registra 124 casos confirmados de dengue este ano"},"content":{"rendered":"<p style=\"text-align: justify;\">De janeiro a setembro a Vigil\u00e2ncia Epidemiol\u00f3gica de Picos notificou 390 casos suspeitos de dengue no munic\u00edpio. Destes 124 foram confirmados.<\/p>\n<p style=\"text-align: justify;\">Para o coordenador do departamento, Robsonclay Viana, o n\u00famero pode aumentar devido \u00e0 demora no diagn\u00f3stico de alguns casos pelo Lacen.<\/p>\n<p style=\"text-align: justify;\">\u201cDesde o final de junho n\u00e3o estamos mais recebendo os diagn\u00f3sticos, pois com o aumento de casos em todo o estado, faltou o reagente no Lacen. Aguardamos que seja realizada uma licita\u00e7\u00e3o para que o produto seja comprado\u201d, explicou o coordenador.<\/p>\n<p style=\"text-align: justify;\">De janeiro a dezembro de 2018, foram registrados 27 casos da doen\u00e7a no munic\u00edpio.<\/p>\n<p style=\"text-align: justify;\">Ainda de acordo com Robsonclay, a maioria dos casos registrados s\u00e3o da zona rural.<\/p>\n<p style=\"text-align: justify;\">\u201cQuando come\u00e7ou o surto em algumas localidades nos notificamos a vigil\u00e2ncia ambienta, que realizou busca ativa pelos focos e a elimina\u00e7\u00e3o dos mesmos. Al\u00e9m disso, foram realizadas palestras educativas nas Unidades B\u00e1sicas de Sa\u00fade\u201d, relatou o enfermeiro.<\/p>\n<p style=\"text-align: justify;\">Verificou-se que o surto na zona rural do munic\u00edpio, aconteceu devido \u00e0 falta de limpeza em cisternas, onde se reservava \u00e1gua para os animais.<\/p>\n<p style=\"text-align: justify;\"><strong>Fonte<\/strong>: Picos 40 Graus<\/p>\n","protected":false},"excerpt":{"rendered":"<p>De janeiro a setembro a Vigil\u00e2ncia Epidemiol\u00f3gica de Picos notificou 390 casos suspeitos de dengue no munic\u00edpio. Destes 124 foram confirmados. Para o coordenador do departamento, Robsonclay Viana, o n\u00famero pode aumentar devido \u00e0 demora no diagn\u00f3stico de alguns casos pelo Lacen. \u201cDesde o final de junho n\u00e3o estamos mais recebendo os diagn\u00f3sticos, pois com &hellip;<\/p>\n","protected":false},"author":8,"featured_media":11006,"comment_status":"open","ping_status":"open","sticky":false,"template":"","format":"standard","meta":{"content-type":"","rop_custom_images_group":[],"rop_custom_messages_group":[],"rop_publish_now":"initial","rop_publish_now_accounts":{"facebook_2648258775420054_1618374048415101":""},"rop_publish_now_history":[],"rop_publish_now_status":"pending","footnotes":"","_jetpack_memberships_contains_paid_content":false},"categories":[125],"tags":[857,807,128,540],"yoast_head":"<!-- This site is optimized with the Yoast SEO plugin v22.3 - https:\/\/yoast.com\/wordpress\/plugins\/seo\/ -->\n<title>Picos registra 124 casos confirmados de dengue este ano - Portal NPM<\/title>\n<meta name=\"robots\" content=\"index, follow, max-snippet:-1, max-image-preview:large, max-video-preview:-1\" \/>\n<link rel=\"canonical\" href=\"https:\/\/portalnpm.com\/index.php\/2019\/09\/06\/picos-registra-124-casos-confirmados-de-dengue-este-ano\/\" \/>\n<meta property=\"og:locale\" content=\"pt_BR\" \/>\n<meta property=\"og:type\" content=\"article\" \/>\n<meta property=\"og:title\" content=\"Picos registra 124 casos confirmados de dengue este ano - Portal NPM\" \/>\n<meta property=\"og:description\" content=\"De janeiro a setembro a Vigil\u00e2ncia Epidemiol\u00f3gica de Picos notificou 390 casos suspeitos de dengue no munic\u00edpio. Destes 124 foram confirmados. Para o coordenador do departamento, Robsonclay Viana, o n\u00famero pode aumentar devido \u00e0 demora no diagn\u00f3stico de alguns casos pelo Lacen. \u201cDesde o final de junho n\u00e3o estamos mais recebendo os diagn\u00f3sticos, pois com &hellip;\" \/>\n<meta property=\"og:url\" content=\"https:\/\/portalnpm.com\/index.php\/2019\/09\/06\/picos-registra-124-casos-confirmados-de-dengue-este-ano\/\" \/>\n<meta property=\"og:site_name\" content=\"Portal NPM\" \/>\n<meta property=\"article:published_time\" content=\"2019-09-06T22:31:12+00:00\" \/>\n<meta name=\"author\" content=\"Zenilton Lima\" \/>\n<meta name=\"twitter:card\" content=\"summary_large_image\" \/>\n<meta name=\"twitter:label1\" content=\"Escrito por\" \/>\n\t<meta name=\"twitter:data1\" content=\"Zenilton Lima\" \/>\n\t<meta name=\"twitter:label2\" content=\"Est. tempo de leitura\" \/>\n\t<meta name=\"twitter:data2\" content=\"1 minuto\" \/>\n<script type=\"application\/ld+json\" class=\"yoast-schema-graph\">{\"@context\":\"https:\/\/schema.org\",\"@graph\":[{\"@type\":\"WebPage\",\"@id\":\"https:\/\/portalnpm.com\/index.php\/2019\/09\/06\/picos-registra-124-casos-confirmados-de-dengue-este-ano\/\",\"url\":\"https:\/\/portalnpm.com\/index.php\/2019\/09\/06\/picos-registra-124-casos-confirmados-de-dengue-este-ano\/\",\"name\":\"Picos registra 124 casos confirmados de dengue este ano - Portal NPM\",\"isPartOf\":{\"@id\":\"https:\/\/portalnpm.com\/#website\"},\"primaryImageOfPage\":{\"@id\":\"https:\/\/portalnpm.com\/index.php\/2019\/09\/06\/picos-registra-124-casos-confirmados-de-dengue-este-ano\/#primaryimage\"},\"image\":{\"@id\":\"https:\/\/portalnpm.com\/index.php\/2019\/09\/06\/picos-registra-124-casos-confirmados-de-dengue-este-ano\/#primaryimage\"},\"thumbnailUrl\":\"\",\"datePublished\":\"2019-09-06T22:31:12+00:00\",\"dateModified\":\"2019-09-06T22:31:12+00:00\",\"author\":{\"@id\":\"https:\/\/portalnpm.com\/#\/schema\/person\/35cb55186eae3f074b6783da6d35591e\"},\"breadcrumb\":{\"@id\":\"https:\/\/portalnpm.com\/index.php\/2019\/09\/06\/picos-registra-124-casos-confirmados-de-dengue-este-ano\/#breadcrumb\"},\"inLanguage\":\"pt-BR\",\"potentialAction\":[{\"@type\":\"ReadAction\",\"target\":[\"https:\/\/portalnpm.com\/index.php\/2019\/09\/06\/picos-registra-124-casos-confirmados-de-dengue-este-ano\/\"]}]},{\"@type\":\"ImageObject\",\"inLanguage\":\"pt-BR\",\"@id\":\"https:\/\/portalnpm.com\/index.php\/2019\/09\/06\/picos-registra-124-casos-confirmados-de-dengue-este-ano\/#primaryimage\",\"url\":\"\",\"contentUrl\":\"\"},{\"@type\":\"BreadcrumbList\",\"@id\":\"https:\/\/portalnpm.com\/index.php\/2019\/09\/06\/picos-registra-124-casos-confirmados-de-dengue-este-ano\/#breadcrumb\",\"itemListElement\":[{\"@type\":\"ListItem\",\"position\":1,\"name\":\"In\u00edcio\",\"item\":\"https:\/\/portalnpm.com\/\"},{\"@type\":\"ListItem\",\"position\":2,\"name\":\"Picos registra 124 casos confirmados de dengue este ano\"}]},{\"@type\":\"WebSite\",\"@id\":\"https:\/\/portalnpm.com\/#website\",\"url\":\"https:\/\/portalnpm.com\/\",\"name\":\"Portal NPM\",\"description\":\"Not\u00edcias em Primeira M\u00e3o\",\"potentialAction\":[{\"@type\":\"SearchAction\",\"target\":{\"@type\":\"EntryPoint\",\"urlTemplate\":\"https:\/\/portalnpm.com\/?s={search_term_string}\"},\"query-input\":\"required name=search_term_string\"}],\"inLanguage\":\"pt-BR\"},{\"@type\":\"Person\",\"@id\":\"https:\/\/portalnpm.com\/#\/schema\/person\/35cb55186eae3f074b6783da6d35591e\",\"name\":\"Zenilton Lima\",\"image\":{\"@type\":\"ImageObject\",\"inLanguage\":\"pt-BR\",\"@id\":\"https:\/\/portalnpm.com\/#\/schema\/person\/image\/\",\"url\":\"https:\/\/portalnpm.com\/wp-content\/uploads\/2024\/12\/avatar_user_8_1733658137-96x96.jpeg\",\"contentUrl\":\"https:\/\/portalnpm.com\/wp-content\/uploads\/2024\/12\/avatar_user_8_1733658137-96x96.jpeg\",\"caption\":\"Zenilton Lima\"},\"url\":\"https:\/\/portalnpm.com\/index.php\/author\/zenilton\/\"}]}<\/script>\n<!-- \/ Yoast SEO plugin. -->","yoast_head_json":{"title":"Picos registra 124 casos confirmados de dengue este ano - Portal NPM","robots":{"index":"index","follow":"follow","max-snippet":"max-snippet:-1","max-image-preview":"max-image-preview:large","max-video-preview":"max-video-preview:-1"},"canonical":"https:\/\/portalnpm.com\/index.php\/2019\/09\/06\/picos-registra-124-casos-confirmados-de-dengue-este-ano\/","og_locale":"pt_BR","og_type":"article","og_title":"Picos registra 124 casos confirmados de dengue este ano - Portal NPM","og_description":"De janeiro a setembro a Vigil\u00e2ncia Epidemiol\u00f3gica de Picos notificou 390 casos suspeitos de dengue no munic\u00edpio. Destes 124 foram confirmados. Para o coordenador do departamento, Robsonclay Viana, o n\u00famero pode aumentar devido \u00e0 demora no diagn\u00f3stico de alguns casos pelo Lacen. \u201cDesde o final de junho n\u00e3o estamos mais recebendo os diagn\u00f3sticos, pois com &hellip;","og_url":"https:\/\/portalnpm.com\/index.php\/2019\/09\/06\/picos-registra-124-casos-confirmados-de-dengue-este-ano\/","og_site_name":"Portal NPM","article_published_time":"2019-09-06T22:31:12+00:00","author":"Zenilton Lima","twitter_card":"summary_large_image","twitter_misc":{"Escrito por":"Zenilton Lima","Est. tempo de leitura":"1 minuto"},"schema":{"@context":"https:\/\/schema.org","@graph":[{"@type":"WebPage","@id":"https:\/\/portalnpm.com\/index.php\/2019\/09\/06\/picos-registra-124-casos-confirmados-de-dengue-este-ano\/","url":"https:\/\/portalnpm.com\/index.php\/2019\/09\/06\/picos-registra-124-casos-confirmados-de-dengue-este-ano\/","name":"Picos registra 124 casos confirmados de dengue este ano - Portal NPM","isPartOf":{"@id":"https:\/\/portalnpm.com\/#website"},"primaryImageOfPage":{"@id":"https:\/\/portalnpm.com\/index.php\/2019\/09\/06\/picos-registra-124-casos-confirmados-de-dengue-este-ano\/#primaryimage"},"image":{"@id":"https:\/\/portalnpm.com\/index.php\/2019\/09\/06\/picos-registra-124-casos-confirmados-de-dengue-este-ano\/#primaryimage"},"thumbnailUrl":"","datePublished":"2019-09-06T22:31:12+00:00","dateModified":"2019-09-06T22:31:12+00:00","author":{"@id":"https:\/\/portalnpm.com\/#\/schema\/person\/35cb55186eae3f074b6783da6d35591e"},"breadcrumb":{"@id":"https:\/\/portalnpm.com\/index.php\/2019\/09\/06\/picos-registra-124-casos-confirmados-de-dengue-este-ano\/#breadcrumb"},"inLanguage":"pt-BR","potentialAction":[{"@type":"ReadAction","target":["https:\/\/portalnpm.com\/index.php\/2019\/09\/06\/picos-registra-124-casos-confirmados-de-dengue-este-ano\/"]}]},{"@type":"ImageObject","inLanguage":"pt-BR","@id":"https:\/\/portalnpm.com\/index.php\/2019\/09\/06\/picos-registra-124-casos-confirmados-de-dengue-este-ano\/#primaryimage","url":"","contentUrl":""},{"@type":"BreadcrumbList","@id":"https:\/\/portalnpm.com\/index.php\/2019\/09\/06\/picos-registra-124-casos-confirmados-de-dengue-este-ano\/#breadcrumb","itemListElement":[{"@type":"ListItem","position":1,"name":"In\u00edcio","item":"https:\/\/portalnpm.com\/"},{"@type":"ListItem","position":2,"name":"Picos registra 124 casos confirmados de dengue este ano"}]},{"@type":"WebSite","@id":"https:\/\/portalnpm.com\/#website","url":"https:\/\/portalnpm.com\/","name":"Portal NPM","description":"Not\u00edcias em Primeira M\u00e3o","potentialAction":[{"@type":"SearchAction","target":{"@type":"EntryPoint","urlTemplate":"https:\/\/portalnpm.com\/?s={search_term_string}"},"query-input":"required name=search_term_string"}],"inLanguage":"pt-BR"},{"@type":"Person","@id":"https:\/\/portalnpm.com\/#\/schema\/person\/35cb55186eae3f074b6783da6d35591e","name":"Zenilton Lima","image":{"@type":"ImageObject","inLanguage":"pt-BR","@id":"https:\/\/portalnpm.com\/#\/schema\/person\/image\/","url":"https:\/\/portalnpm.com\/wp-content\/uploads\/2024\/12\/avatar_user_8_1733658137-96x96.jpeg","contentUrl":"https:\/\/portalnpm.com\/wp-content\/uploads\/2024\/12\/avatar_user_8_1733658137-96x96.jpeg","caption":"Zenilton Lima"},"url":"https:\/\/portalnpm.com\/index.php\/author\/zenilton\/"}]}},"jetpack_sharing_enabled":true,"jetpack_featured_media_url":"","_links":{"self":[{"href":"https:\/\/portalnpm.com\/index.php\/wp-json\/wp\/v2\/posts\/11005"}],"collection":[{"href":"https:\/\/portalnpm.com\/index.php\/wp-json\/wp\/v2\/posts"}],"about":[{"href":"https:\/\/portalnpm.com\/index.php\/wp-json\/wp\/v2\/types\/post"}],"author":[{"embeddable":true,"href":"https:\/\/portalnpm.com\/index.php\/wp-json\/wp\/v2\/users\/8"}],"replies":[{"embeddable":true,"href":"https:\/\/portalnpm.com\/index.php\/wp-json\/wp\/v2\/comments?post=11005"}],"version-history":[{"count":0,"href":"https:\/\/portalnpm.com\/index.php\/wp-json\/wp\/v2\/posts\/11005\/revisions"}],"wp:featuredmedia":[{"embeddable":true,"href":"https:\/\/portalnpm.com\/index.php\/wp-json\/"}],"wp:attachment":[{"href":"https:\/\/portalnpm.com\/index.php\/wp-json\/wp\/v2\/media?parent=11005"}],"wp:term":[{"taxonomy":"category","embeddable":true,"href":"https:\/\/portalnpm.com\/index.php\/wp-json\/wp\/v2\/categories?post=11005"},{"taxonomy":"post_tag","embeddable":true,"href":"https:\/\/portalnpm.com\/index.php\/wp-json\/wp\/v2\/tags?post=11005"}],"curies":[{"name":"wp","href":"https:\/\/api.w.org\/{rel}","templated":true}]}}