{"id":11016,"date":"2019-09-06T21:35:47","date_gmt":"2019-09-07T00:35:47","guid":{"rendered":"http:\/\/srv.portalnpm.com.br\/?p=11016"},"modified":"2019-09-06T21:35:47","modified_gmt":"2019-09-07T00:35:47","slug":"pastor-de-alegrete-do-piaui-e-condenado-a-20-anos-de-prisao-por-estuprar-criancas","status":"publish","type":"post","link":"https:\/\/portalnpm.com\/index.php\/2019\/09\/06\/pastor-de-alegrete-do-piaui-e-condenado-a-20-anos-de-prisao-por-estuprar-criancas\/","title":{"rendered":"Pastor de Alegrete do Piau\u00ed \u00e9 condenado a 20 anos de pris\u00e3o por estuprar crian\u00e7as"},"content":{"rendered":"<p style=\"text-align: justify;\">O juiz Raimundo Holland Moura de Queiroz, da 6\u00aa Vara Criminal, condenou o pastor Francisco Batista de Oliveira Filho, 61 anos, a 20 anos de pris\u00e3o, em regime fechado, pelo crime de estupro. A senten\u00e7a foi dada no dia 2 de setembro e o magistrado negou ainda o direito do condenado recorrer da senten\u00e7a em liberdade.<\/p>\n<p style=\"text-align: justify;\">O pastor foi preso, em fevereiro deste ano, acusado de estuprar duas crian\u00e7as de aproximadamente quatro anos de idade. Ele atuava em uma igreja evang\u00e9lica situada na zona norte de Teresina.<\/p>\n<p style=\"text-align: justify;\">A pris\u00e3o foi realizada pela Delegacia de Prote\u00e7\u00e3o \u00e0 Crian\u00e7a e ao Adolescente, com o apoio da Ger\u00eancia de Pol\u00edcia Especializada (GPE). Na \u00e9poca, o delegado\u00a0Matheus Zanatta, coordenador da GPE, explicou que a pol\u00edcia chegou at\u00e9 o acusado ap\u00f3s den\u00fancias feitas por diversas fam\u00edlias.<\/p>\n<div id=\"sc_intxt_container\" style=\"text-align: justify;\">\n<div>\n<div id=\"sc_ava_companion\" class=\"sc_intxt_hided\">\u201cA Delegacia de Prote\u00e7\u00e3o \u00e0 Crian\u00e7a e ao Adolescente recebeu den\u00fancias de fam\u00edlias de que esse pastor estava praticando abusos contra crian\u00e7as. Ent\u00e3o, os policiais civis iniciaram as dilig\u00eancias e a delegada K\u00e1tia Esteves representou pela pris\u00e3o preventiva deste pastor de 61 anos\u201d, contou o delegado.<\/div>\n<div><\/div>\n<\/div>\n<\/div>\n<p style=\"text-align: justify;\">O coordenador da GPE ainda ressaltou que os crimes eram praticados durante cultos, na igreja. Enquanto os pais assistiam \u00e0s celebra\u00e7\u00f5es, as crian\u00e7as ficavam brincando em outra sala e l\u00e1 eram abusadas. \u201cOs crimes eram cometidos quando as fam\u00edlias iam assistir os cultos e este pastor aproveitava para ficar com as crian\u00e7as e cometer estes abusos\u201d, finalizou Zanatta.<\/p>\n<p><strong>Confira a senten\u00e7a:<\/strong><\/p>\n<figure class=\"wp-caption alignnone\"><img fetchpriority=\"high\" decoding=\"async\" src=\"https:\/\/i0.wp.com\/www.gp1.com.br\/media\/images\/2019\/09\/04\/pastor-foi-condenado-a-20-anos-de-prisao.jpg?zoom=2.75&amp;resize=361%2C139&amp;ssl=1\" srcset=\"https:\/\/i0.wp.com\/www.gp1.com.br\/media\/images\/2019\/09\/04\/pastor-foi-condenado-a-20-anos-de-prisao.jpg?zoom=2.75&amp;resize=361%2C139&amp;ssl=1\" alt=\"Pastor foi condenado a 20 anos de pris\u00e3o\" width=\"361\" height=\"139\" \/><figcaption class=\"wp-caption-text\"><span class=\"image-legend\">Pastor foi condenado a 20 anos de pris\u00e3o \u2013\u00a0<\/span>Foto: Divulga\u00e7\u00e3o<\/figcaption><\/figure>\n<p><strong>Fonte: GP1<\/strong><\/p>\n","protected":false},"excerpt":{"rendered":"<p>O juiz Raimundo Holland Moura de Queiroz, da 6\u00aa Vara Criminal, condenou o pastor Francisco Batista de Oliveira Filho, 61 anos, a 20 anos de pris\u00e3o, em regime fechado, pelo crime de estupro. A senten\u00e7a foi dada no dia 2 de setembro e o magistrado negou ainda o direito do condenado recorrer da senten\u00e7a em &hellip;<\/p>\n","protected":false},"author":4,"featured_media":11017,"comment_status":"open","ping_status":"open","sticky":false,"template":"","format":"standard","meta":{"content-type":"","rop_custom_images_group":[],"rop_custom_messages_group":[],"rop_publish_now":"initial","rop_publish_now_accounts":{"facebook_2648258775420054_1618374048415101":""},"rop_publish_now_history":[],"rop_publish_now_status":"pending","footnotes":"","_jetpack_memberships_contains_paid_content":false},"categories":[125,109],"tags":[3253,2166,520],"yoast_head":"<!-- This site is optimized with the Yoast SEO plugin v22.3 - https:\/\/yoast.com\/wordpress\/plugins\/seo\/ -->\n<title>Pastor de Alegrete do Piau\u00ed \u00e9 condenado a 20 anos de pris\u00e3o por estuprar crian\u00e7as - Portal NPM<\/title>\n<meta name=\"robots\" content=\"index, follow, max-snippet:-1, max-image-preview:large, max-video-preview:-1\" \/>\n<link rel=\"canonical\" href=\"https:\/\/portalnpm.com\/index.php\/2019\/09\/06\/pastor-de-alegrete-do-piaui-e-condenado-a-20-anos-de-prisao-por-estuprar-criancas\/\" \/>\n<meta property=\"og:locale\" content=\"pt_BR\" \/>\n<meta property=\"og:type\" content=\"article\" \/>\n<meta property=\"og:title\" content=\"Pastor de Alegrete do Piau\u00ed \u00e9 condenado a 20 anos de pris\u00e3o por estuprar crian\u00e7as - Portal NPM\" \/>\n<meta property=\"og:description\" content=\"O juiz Raimundo Holland Moura de Queiroz, da 6\u00aa Vara Criminal, condenou o pastor Francisco Batista de Oliveira Filho, 61 anos, a 20 anos de pris\u00e3o, em regime fechado, pelo crime de estupro. A senten\u00e7a foi dada no dia 2 de setembro e o magistrado negou ainda o direito do condenado recorrer da senten\u00e7a em &hellip;\" \/>\n<meta property=\"og:url\" content=\"https:\/\/portalnpm.com\/index.php\/2019\/09\/06\/pastor-de-alegrete-do-piaui-e-condenado-a-20-anos-de-prisao-por-estuprar-criancas\/\" \/>\n<meta property=\"og:site_name\" content=\"Portal NPM\" \/>\n<meta property=\"article:published_time\" content=\"2019-09-07T00:35:47+00:00\" \/>\n<meta name=\"author\" content=\"Reda\u00e7\u00e3o\" \/>\n<meta name=\"twitter:card\" content=\"summary_large_image\" \/>\n<meta name=\"twitter:label1\" content=\"Escrito por\" \/>\n\t<meta name=\"twitter:data1\" content=\"Reda\u00e7\u00e3o\" \/>\n\t<meta name=\"twitter:label2\" content=\"Est. tempo de leitura\" \/>\n\t<meta name=\"twitter:data2\" content=\"1 minuto\" \/>\n<script type=\"application\/ld+json\" class=\"yoast-schema-graph\">{\"@context\":\"https:\/\/schema.org\",\"@graph\":[{\"@type\":\"WebPage\",\"@id\":\"https:\/\/portalnpm.com\/index.php\/2019\/09\/06\/pastor-de-alegrete-do-piaui-e-condenado-a-20-anos-de-prisao-por-estuprar-criancas\/\",\"url\":\"https:\/\/portalnpm.com\/index.php\/2019\/09\/06\/pastor-de-alegrete-do-piaui-e-condenado-a-20-anos-de-prisao-por-estuprar-criancas\/\",\"name\":\"Pastor de Alegrete do Piau\u00ed \u00e9 condenado a 20 anos de pris\u00e3o por estuprar crian\u00e7as - Portal NPM\",\"isPartOf\":{\"@id\":\"https:\/\/portalnpm.com\/#website\"},\"primaryImageOfPage\":{\"@id\":\"https:\/\/portalnpm.com\/index.php\/2019\/09\/06\/pastor-de-alegrete-do-piaui-e-condenado-a-20-anos-de-prisao-por-estuprar-criancas\/#primaryimage\"},\"image\":{\"@id\":\"https:\/\/portalnpm.com\/index.php\/2019\/09\/06\/pastor-de-alegrete-do-piaui-e-condenado-a-20-anos-de-prisao-por-estuprar-criancas\/#primaryimage\"},\"thumbnailUrl\":\"\",\"datePublished\":\"2019-09-07T00:35:47+00:00\",\"dateModified\":\"2019-09-07T00:35:47+00:00\",\"author\":{\"@id\":\"https:\/\/portalnpm.com\/#\/schema\/person\/0b5f230ec96cee25504fa328e7f2b733\"},\"breadcrumb\":{\"@id\":\"https:\/\/portalnpm.com\/index.php\/2019\/09\/06\/pastor-de-alegrete-do-piaui-e-condenado-a-20-anos-de-prisao-por-estuprar-criancas\/#breadcrumb\"},\"inLanguage\":\"pt-BR\",\"potentialAction\":[{\"@type\":\"ReadAction\",\"target\":[\"https:\/\/portalnpm.com\/index.php\/2019\/09\/06\/pastor-de-alegrete-do-piaui-e-condenado-a-20-anos-de-prisao-por-estuprar-criancas\/\"]}]},{\"@type\":\"ImageObject\",\"inLanguage\":\"pt-BR\",\"@id\":\"https:\/\/portalnpm.com\/index.php\/2019\/09\/06\/pastor-de-alegrete-do-piaui-e-condenado-a-20-anos-de-prisao-por-estuprar-criancas\/#primaryimage\",\"url\":\"\",\"contentUrl\":\"\"},{\"@type\":\"BreadcrumbList\",\"@id\":\"https:\/\/portalnpm.com\/index.php\/2019\/09\/06\/pastor-de-alegrete-do-piaui-e-condenado-a-20-anos-de-prisao-por-estuprar-criancas\/#breadcrumb\",\"itemListElement\":[{\"@type\":\"ListItem\",\"position\":1,\"name\":\"In\u00edcio\",\"item\":\"https:\/\/portalnpm.com\/\"},{\"@type\":\"ListItem\",\"position\":2,\"name\":\"Pastor de Alegrete do Piau\u00ed \u00e9 condenado a 20 anos de pris\u00e3o por estuprar crian\u00e7as\"}]},{\"@type\":\"WebSite\",\"@id\":\"https:\/\/portalnpm.com\/#website\",\"url\":\"https:\/\/portalnpm.com\/\",\"name\":\"Portal NPM\",\"description\":\"Not\u00edcias em Primeira M\u00e3o\",\"potentialAction\":[{\"@type\":\"SearchAction\",\"target\":{\"@type\":\"EntryPoint\",\"urlTemplate\":\"https:\/\/portalnpm.com\/?s={search_term_string}\"},\"query-input\":\"required name=search_term_string\"}],\"inLanguage\":\"pt-BR\"},{\"@type\":\"Person\",\"@id\":\"https:\/\/portalnpm.com\/#\/schema\/person\/0b5f230ec96cee25504fa328e7f2b733\",\"name\":\"Reda\u00e7\u00e3o\",\"image\":{\"@type\":\"ImageObject\",\"inLanguage\":\"pt-BR\",\"@id\":\"https:\/\/portalnpm.com\/#\/schema\/person\/image\/\",\"url\":\"https:\/\/portalnpm.com\/wp-content\/uploads\/2024\/03\/avatar_user_4_1710097212-96x96.png\",\"contentUrl\":\"https:\/\/portalnpm.com\/wp-content\/uploads\/2024\/03\/avatar_user_4_1710097212-96x96.png\",\"caption\":\"Reda\u00e7\u00e3o\"},\"url\":\"https:\/\/portalnpm.com\/index.php\/author\/redacao\/\"}]}<\/script>\n<!-- \/ Yoast SEO plugin. -->","yoast_head_json":{"title":"Pastor de Alegrete do Piau\u00ed \u00e9 condenado a 20 anos de pris\u00e3o por estuprar crian\u00e7as - Portal NPM","robots":{"index":"index","follow":"follow","max-snippet":"max-snippet:-1","max-image-preview":"max-image-preview:large","max-video-preview":"max-video-preview:-1"},"canonical":"https:\/\/portalnpm.com\/index.php\/2019\/09\/06\/pastor-de-alegrete-do-piaui-e-condenado-a-20-anos-de-prisao-por-estuprar-criancas\/","og_locale":"pt_BR","og_type":"article","og_title":"Pastor de Alegrete do Piau\u00ed \u00e9 condenado a 20 anos de pris\u00e3o por estuprar crian\u00e7as - Portal NPM","og_description":"O juiz Raimundo Holland Moura de Queiroz, da 6\u00aa Vara Criminal, condenou o pastor Francisco Batista de Oliveira Filho, 61 anos, a 20 anos de pris\u00e3o, em regime fechado, pelo crime de estupro. A senten\u00e7a foi dada no dia 2 de setembro e o magistrado negou ainda o direito do condenado recorrer da senten\u00e7a em &hellip;","og_url":"https:\/\/portalnpm.com\/index.php\/2019\/09\/06\/pastor-de-alegrete-do-piaui-e-condenado-a-20-anos-de-prisao-por-estuprar-criancas\/","og_site_name":"Portal NPM","article_published_time":"2019-09-07T00:35:47+00:00","author":"Reda\u00e7\u00e3o","twitter_card":"summary_large_image","twitter_misc":{"Escrito por":"Reda\u00e7\u00e3o","Est. tempo de leitura":"1 minuto"},"schema":{"@context":"https:\/\/schema.org","@graph":[{"@type":"WebPage","@id":"https:\/\/portalnpm.com\/index.php\/2019\/09\/06\/pastor-de-alegrete-do-piaui-e-condenado-a-20-anos-de-prisao-por-estuprar-criancas\/","url":"https:\/\/portalnpm.com\/index.php\/2019\/09\/06\/pastor-de-alegrete-do-piaui-e-condenado-a-20-anos-de-prisao-por-estuprar-criancas\/","name":"Pastor de Alegrete do Piau\u00ed \u00e9 condenado a 20 anos de pris\u00e3o por estuprar crian\u00e7as - Portal NPM","isPartOf":{"@id":"https:\/\/portalnpm.com\/#website"},"primaryImageOfPage":{"@id":"https:\/\/portalnpm.com\/index.php\/2019\/09\/06\/pastor-de-alegrete-do-piaui-e-condenado-a-20-anos-de-prisao-por-estuprar-criancas\/#primaryimage"},"image":{"@id":"https:\/\/portalnpm.com\/index.php\/2019\/09\/06\/pastor-de-alegrete-do-piaui-e-condenado-a-20-anos-de-prisao-por-estuprar-criancas\/#primaryimage"},"thumbnailUrl":"","datePublished":"2019-09-07T00:35:47+00:00","dateModified":"2019-09-07T00:35:47+00:00","author":{"@id":"https:\/\/portalnpm.com\/#\/schema\/person\/0b5f230ec96cee25504fa328e7f2b733"},"breadcrumb":{"@id":"https:\/\/portalnpm.com\/index.php\/2019\/09\/06\/pastor-de-alegrete-do-piaui-e-condenado-a-20-anos-de-prisao-por-estuprar-criancas\/#breadcrumb"},"inLanguage":"pt-BR","potentialAction":[{"@type":"ReadAction","target":["https:\/\/portalnpm.com\/index.php\/2019\/09\/06\/pastor-de-alegrete-do-piaui-e-condenado-a-20-anos-de-prisao-por-estuprar-criancas\/"]}]},{"@type":"ImageObject","inLanguage":"pt-BR","@id":"https:\/\/portalnpm.com\/index.php\/2019\/09\/06\/pastor-de-alegrete-do-piaui-e-condenado-a-20-anos-de-prisao-por-estuprar-criancas\/#primaryimage","url":"","contentUrl":""},{"@type":"BreadcrumbList","@id":"https:\/\/portalnpm.com\/index.php\/2019\/09\/06\/pastor-de-alegrete-do-piaui-e-condenado-a-20-anos-de-prisao-por-estuprar-criancas\/#breadcrumb","itemListElement":[{"@type":"ListItem","position":1,"name":"In\u00edcio","item":"https:\/\/portalnpm.com\/"},{"@type":"ListItem","position":2,"name":"Pastor de Alegrete do Piau\u00ed \u00e9 condenado a 20 anos de pris\u00e3o por estuprar crian\u00e7as"}]},{"@type":"WebSite","@id":"https:\/\/portalnpm.com\/#website","url":"https:\/\/portalnpm.com\/","name":"Portal NPM","description":"Not\u00edcias em Primeira M\u00e3o","potentialAction":[{"@type":"SearchAction","target":{"@type":"EntryPoint","urlTemplate":"https:\/\/portalnpm.com\/?s={search_term_string}"},"query-input":"required name=search_term_string"}],"inLanguage":"pt-BR"},{"@type":"Person","@id":"https:\/\/portalnpm.com\/#\/schema\/person\/0b5f230ec96cee25504fa328e7f2b733","name":"Reda\u00e7\u00e3o","image":{"@type":"ImageObject","inLanguage":"pt-BR","@id":"https:\/\/portalnpm.com\/#\/schema\/person\/image\/","url":"https:\/\/portalnpm.com\/wp-content\/uploads\/2024\/03\/avatar_user_4_1710097212-96x96.png","contentUrl":"https:\/\/portalnpm.com\/wp-content\/uploads\/2024\/03\/avatar_user_4_1710097212-96x96.png","caption":"Reda\u00e7\u00e3o"},"url":"https:\/\/portalnpm.com\/index.php\/author\/redacao\/"}]}},"jetpack_sharing_enabled":true,"jetpack_featured_media_url":"","_links":{"self":[{"href":"https:\/\/portalnpm.com\/index.php\/wp-json\/wp\/v2\/posts\/11016"}],"collection":[{"href":"https:\/\/portalnpm.com\/index.php\/wp-json\/wp\/v2\/posts"}],"about":[{"href":"https:\/\/portalnpm.com\/index.php\/wp-json\/wp\/v2\/types\/post"}],"author":[{"embeddable":true,"href":"https:\/\/portalnpm.com\/index.php\/wp-json\/wp\/v2\/users\/4"}],"replies":[{"embeddable":true,"href":"https:\/\/portalnpm.com\/index.php\/wp-json\/wp\/v2\/comments?post=11016"}],"version-history":[{"count":0,"href":"https:\/\/portalnpm.com\/index.php\/wp-json\/wp\/v2\/posts\/11016\/revisions"}],"wp:featuredmedia":[{"embeddable":true,"href":"https:\/\/portalnpm.com\/index.php\/wp-json\/"}],"wp:attachment":[{"href":"https:\/\/portalnpm.com\/index.php\/wp-json\/wp\/v2\/media?parent=11016"}],"wp:term":[{"taxonomy":"category","embeddable":true,"href":"https:\/\/portalnpm.com\/index.php\/wp-json\/wp\/v2\/categories?post=11016"},{"taxonomy":"post_tag","embeddable":true,"href":"https:\/\/portalnpm.com\/index.php\/wp-json\/wp\/v2\/tags?post=11016"}],"curies":[{"name":"wp","href":"https:\/\/api.w.org\/{rel}","templated":true}]}}