{"id":11220,"date":"2019-09-10T19:42:34","date_gmt":"2019-09-10T22:42:34","guid":{"rendered":"http:\/\/srv.portalnpm.com.br\/?p=11220"},"modified":"2019-09-10T19:42:34","modified_gmt":"2019-09-10T22:42:34","slug":"policia-de-sp-indicia-najila-por-extorsao-fraude-processual-e-denuncia-caluniosa-no-caso-neymar","status":"publish","type":"post","link":"https:\/\/portalnpm.com\/index.php\/2019\/09\/10\/policia-de-sp-indicia-najila-por-extorsao-fraude-processual-e-denuncia-caluniosa-no-caso-neymar\/","title":{"rendered":"Pol\u00edcia de SP indicia Najila por extors\u00e3o, fraude processual e den\u00fancia caluniosa no caso Neymar"},"content":{"rendered":"<div class=\"mc-column content-text active-extra-styles \" data-block-type=\"unstyled\" data-block-weight=\"57\" data-block-id=\"2\">\n<p class=\"content-text__container \" style=\"text-align: justify;\" data-track-category=\"Link no Texto\" data-track-links=\"\">A Pol\u00edcia Civil de\u00a0S\u00e3o Paulo indiciou\u00a0Najila Trindade Mendes de Souza\u00a0por fraude processual, den\u00fancia caluniosa e extors\u00e3o no caso em que a modelo acusou o jogador Neymar de estupro durante encontro em Paris no dia 15 de maio. O ex-marido dela,\u00a0Estivens Alves, foi denunciado por fraude processual e divulga\u00e7\u00e3o de conte\u00fado er\u00f3tico.<\/p>\n<\/div>\n<div class=\"wall protected-content\">\n<div class=\"mc-column content-text active-extra-styles \" style=\"text-align: justify;\" data-block-type=\"unstyled\" data-block-weight=\"44\" data-block-id=\"3\">\n<p class=\"content-text__container \" data-track-category=\"Link no Texto\" data-track-links=\"\">O indiciamento vem ap\u00f3s a conclus\u00e3o de dois inqu\u00e9ritos que tramitavam pelo 11\u00ba DP (Santo Amaro) envolvendo Neymar. As pe\u00e7as s\u00e3o desdobramentos do caso investigado e encerrado junto \u00e0 6\u00aa Delegacia de Defesa da Mulher, sob a presid\u00eancia da Doutora Juliana Lopes Bussacos.<\/p>\n<\/div>\n<div class=\"mc-column content-text active-extra-styles \" style=\"text-align: justify;\" data-block-type=\"unstyled\" data-block-weight=\"25\" data-block-id=\"4\">\n<p class=\"content-text__container \" data-track-category=\"Link no Texto\" data-track-links=\"\">Os inqu\u00e9ritos, que seguem sob segredo de Justi\u00e7a, foram encaminhados ao Tribunal de Justi\u00e7a para aprecia\u00e7\u00e3o dos representantes do Minist\u00e9rio P\u00fablico e do Poder Judici\u00e1rio.<\/p>\n<\/div>\n<div class=\"mc-column content-text active-extra-styles \" style=\"text-align: justify;\" data-block-type=\"unstyled\" data-block-weight=\"66\" data-block-id=\"5\">\n<p class=\"content-text__container \" data-track-category=\"Link no Texto\" data-track-links=\"\">\u201cCom base no conjunto probat\u00f3rio reunido durante as investiga\u00e7\u00f5es, a delegada decidiu pelo indiciamento de N. e Estivens Alves seu ex-companheiro, pelo crime de fraude processual (art. 347, par\u00e1grafo \u00fanico, CP). Decidiu, ainda, por indiciar Alves pelo artigo 218-C, por divulgar material com conte\u00fado er\u00f3tico de N. para um rep\u00f3rter, em troca de publica\u00e7\u00f5es suas na internet\u201d, diz a nota da Secretaria de Seguran\u00e7a P\u00fablica.<\/p>\n<\/div>\n<div class=\"mc-column content-text active-extra-styles \" data-block-type=\"unstyled\" data-block-weight=\"33\" data-block-id=\"6\">\n<p class=\"content-text__container \" style=\"text-align: justify;\" data-track-category=\"Link no Texto\" data-track-links=\"\">\u201cAp\u00f3s o esclarecimento da materialidade delitiva, procedida \u00e0 realiza\u00e7\u00e3o das respectivas per\u00edcias e oitivas, a autoridade tamb\u00e9m decidiu pelo indiciamento de N. nos crimes de denuncia\u00e7\u00e3o caluniosa e extors\u00e3o\u201d, diz a nota.<\/p>\n<div class=\"mc-column content-text active-extra-styles\" style=\"text-align: justify;\" data-block-type=\"raw\" data-block-weight=\"3\" data-block-id=\"8\">\n<div class=\"content-intertitle\">\n<h5><strong>Defesa de Najila<\/strong><\/h5>\n<\/div>\n<\/div>\n<div class=\"mc-column content-text active-extra-styles \" style=\"text-align: justify;\" data-block-type=\"unstyled\" data-block-weight=\"33\" data-block-id=\"9\">\n<p class=\"content-text__container \" data-track-category=\"Link no Texto\" data-track-links=\"\">O advogado de defesa de Najila, Cosme Ara\u00fajo, disse que acha estranho os indiciamentos da sua cliente, considerando que recentemente foi feito pedido de acarea\u00e7\u00e3o entre Najila e o seu ex-marido, Stevens.<\/p>\n<\/div>\n<div class=\"mc-column content-text active-extra-styles \" style=\"text-align: justify;\" data-block-type=\"unstyled\" data-block-weight=\"50\" data-block-id=\"10\">\n<p class=\"content-text__container \" data-track-category=\"Link no Texto\" data-track-links=\"\">Afirmou ainda que sequer a defesa teve resposta da delegada em rela\u00e7\u00e3o \u00e0 tal pedido de acarea\u00e7\u00e3o e que a noite desta segunda-feira (9), ao acessar o inqu\u00e9rito na justi\u00e7a, verificou que existia apenas uma manifesta\u00e7\u00e3o do MP para que fosse juntado nos autos elementos que estavam em autos apartados.<\/p>\n<\/div>\n<div class=\"mc-column content-text active-extra-styles \" style=\"text-align: justify;\" data-block-type=\"unstyled\" data-block-weight=\"32\" data-block-id=\"11\">\n<p class=\"content-text__container \" data-track-category=\"Link no Texto\" data-track-links=\"\">Da\u00ed a defesa n\u00e3o teve acesso a informa\u00e7\u00f5es dos autos apartados, raz\u00e3o porque n\u00e3o pode se manifestar sobre tais indiciamentos. Assim que tiver acesso a todo inqu\u00e9rito, a defesa se manifestar\u00e1.<\/p>\n<\/div>\n<div class=\"mc-column content-text active-extra-styles\" style=\"text-align: justify;\" data-block-type=\"raw\" data-block-weight=\"2\" data-block-id=\"12\">\n<div class=\"content-intertitle\">\n<h5><strong>Caso arquivado<\/strong><\/h5>\n<\/div>\n<\/div>\n<div class=\"mc-column content-media content-video\" data-block-type=\"backstage-video\" data-block-id=\"13\">\n<div class=\"content-media__container\">\n<div class=\"content-video__bigger-player-description-fixer content-media__container--loaded\">\n<div class=\"content-video__video\">\n<div id=\"wp3-player-2\" class=\"clappr-player\" tabindex=\"9999\" data-player=\"\">\n<div class=\"dfp-ad-overlay dfp-ad-overlay--poster-mode\" style=\"text-align: justify;\">\n<div>\n<div class=\"mc-column content-text active-extra-styles \" data-block-type=\"unstyled\" data-block-weight=\"55\" data-block-id=\"14\">\n<p class=\"content-text__container \" data-track-category=\"Link no Texto\" data-track-links=\"\">A investiga\u00e7\u00e3o sobre o suposto estupro foi arquivada julho, depois de a pol\u00edcia\u00a0decidir por n\u00e3o indiciar Neymar. Os depoimentos e provas apresentados \u00e0 Pol\u00edcia Civil pela modelo Najila Trindade, que acusou o jogador Neymar de estupro e agress\u00e3o,\u00a0apresentaram \u201cincongru\u00eancias\u201d, conforme escreveu a delegada que investigou o caso no relat\u00f3rio final do inqu\u00e9rito.<\/p>\n<\/div>\n<div class=\"mc-column content-text active-extra-styles \" data-block-type=\"unstyled\" data-block-weight=\"35\" data-block-id=\"15\">\n<p class=\"content-text__container \" data-track-category=\"Link no Texto\" data-track-links=\"\">Ap\u00f3s dois meses de investiga\u00e7\u00e3o, a delegada Juliana Lopes Bussacos anunciou que o caso estava encerrado. \u201cEu conclu\u00ed a investiga\u00e7\u00e3o e deliberei por n\u00e3o indiciar o investigado por aus\u00eancia de elementos suficientes para tanto\u201d, afirmou.<\/p>\n<\/div>\n<div class=\"mc-column content-text active-extra-styles \" data-block-type=\"unstyled\" data-block-weight=\"44\" data-block-id=\"17\">\n<p class=\"content-text__container \" data-track-category=\"Link no Texto\" data-track-links=\"\">No relat\u00f3rio final, a delegada concluiu que \u201cdiante dos elementos colhidos no curso da investiga\u00e7\u00e3o policial, n\u00e3o vislumbro elementos para o indiciamento do investigado, uma vez que as vers\u00f5es s\u00e3o conflitantes, com incongru\u00eancias nas declara\u00e7\u00f5es da v\u00edtima e, principalmente, nas provas apresentadas pela mesma\u201d.<\/p>\n<div class=\"mc-column content-text active-extra-styles\" data-block-type=\"raw\" data-block-weight=\"3\" data-block-id=\"19\">\n<div class=\"content-intertitle\">\n<h5><strong>Cronologia do caso<\/strong><\/h5>\n<\/div>\n<\/div>\n<div class=\"mc-column content-text active-extra-styles \" data-block-type=\"unstyled\" data-block-weight=\"3\" data-block-id=\"20\">\n<p class=\"content-text__container \" data-track-category=\"Link no Texto\" data-track-links=\"\"><strong>In\u00edcio de maio<\/strong><\/p>\n<\/div>\n<div class=\"mc-column content-text active-extra-styles\" data-block-type=\"raw\" data-block-weight=\"27\" data-block-id=\"21\">\n<ul class=\"content-unordered-list\">\n<li>Najila mant\u00e9m contato via rede social com Neymar e ambos passam a se corresponder<\/li>\n<li>Eles acertam a ida de Najila a Paris, com passagem paga pelo jogador<\/li>\n<\/ul>\n<\/div>\n<div class=\"mc-column content-text active-extra-styles \" data-block-type=\"unstyled\" data-block-weight=\"3\" data-block-id=\"22\">\n<p class=\"content-text__container \" data-track-category=\"Link no Texto\" data-track-links=\"\"><strong>15 de maio<\/strong><\/p>\n<\/div>\n<div class=\"mc-column content-text active-extra-styles\" data-block-type=\"raw\" data-block-weight=\"26\" data-block-id=\"23\">\n<ul class=\"content-unordered-list\">\n<li>Neymar e Najila se encontram num hotel em Paris, onde ela estava hospedada<\/li>\n<li>Neste dia, segundo a modelo, ela foi v\u00edtima de agress\u00e3o e de estupro<\/li>\n<\/ul>\n<\/div>\n<div class=\"mc-column content-text active-extra-styles \" data-block-type=\"unstyled\" data-block-weight=\"3\" data-block-id=\"24\">\n<p class=\"content-text__container \" data-track-category=\"Link no Texto\" data-track-links=\"\"><strong>16 de maio<\/strong><\/p>\n<\/div>\n<div class=\"mc-column content-text active-extra-styles\" data-block-type=\"raw\" data-block-weight=\"118\" data-block-id=\"25\">\n<ul class=\"content-unordered-list\">\n<li>Os dois voltam a se falar por um aplicativo de mensagens. Ela diz que quer ver o jogador de novo. Neymar diz: \u201cClaro que eu quero transar com voc\u00ea de novo\u201d.<\/li>\n<li>O jogador vai de novo ao hotel em que Najila est\u00e1. Um\u00a0v\u00eddeo mostra a modelo agredindo\u00a0o jogador a tapas no quarto. O v\u00eddeo \u00e9 interrompido sem mostrar o desfecho da cena;<\/li>\n<li>Neymar deixa o hotel. Mais tarde, os dois trocam mensagens por uma rede social: a modelo envia uma foto com marcas no corpo dela. Neymar responde dizendo que ela havia sido culpada pelas marcas. \u201cT\u00e1 doido?\u201d, questionou a modelo, afirmando que pediu para o jogador e que Neymar chegou a pedir desculpas a ela.<\/li>\n<\/ul>\n<\/div>\n<\/div>\n<\/div>\n<\/div>\n<div class=\"media-control media-control-hide\">\n<div class=\"media-control-panel\" style=\"text-align: justify;\">\n<div class=\"media-control-panel__lower\" data-controls=\"\">\n<div class=\"opposites-container\">\n<div class=\"media-control-position__right\">\n<div class=\"drawer-container volume-hide media-control-element\" data-volume=\"\">\n<div class=\"bar-container\" data-volume=\"\">\n<div class=\"bar-scrubber\" data-volume=\"\">\n<div class=\"bar-scrubber-icon\" data-volume=\"\">\n<div class=\"mc-column content-text active-extra-styles \" data-block-type=\"unstyled\" data-block-weight=\"3\" data-block-id=\"27\">\n<p class=\"content-text__container \" data-track-category=\"Link no Texto\" data-track-links=\"\"><strong>21 de maio<\/strong><\/p>\n<\/div>\n<div class=\"mc-column content-text active-extra-styles\" data-block-type=\"raw\" data-block-weight=\"34\" data-block-id=\"28\">\n<ul class=\"content-unordered-list\">\n<li>J\u00e1 de volta ao Brasil, Najila se submete a um exame com o m\u00e9dico Luiz Eduardo Rossi Campedelli. O\u00a0laudo aponta hematomas, arranh\u00f5es nos gl\u00fateos, transtorno ansioso e depressivo e traumatismos superficiais n\u00e3o especificados<\/li>\n<\/ul>\n<\/div>\n<div class=\"mc-column content-text active-extra-styles \" data-block-type=\"unstyled\" data-block-weight=\"3\" data-block-id=\"29\">\n<p class=\"content-text__container \" data-track-category=\"Link no Texto\" data-track-links=\"\"><strong>31 de maio<\/strong><\/p>\n<\/div>\n<div class=\"mc-column content-text active-extra-styles\" data-block-type=\"raw\" data-block-weight=\"12\" data-block-id=\"30\">\n<ul class=\"content-unordered-list\">\n<li>A modelo registra ocorr\u00eancia de estupro em uma delegacia de S\u00e3o Paulo<\/li>\n<\/ul>\n<\/div>\n<div class=\"mc-column content-text active-extra-styles \" data-block-type=\"unstyled\" data-block-weight=\"3\" data-block-id=\"31\">\n<p class=\"content-text__container \" data-track-category=\"Link no Texto\" data-track-links=\"\"><strong>1\u00ba de junho<\/strong><\/p>\n<\/div>\n<div class=\"mc-column content-text active-extra-styles\" data-block-type=\"raw\" data-block-weight=\"28\" data-block-id=\"32\">\n<ul class=\"content-unordered-list\">\n<li>O\u00a0caso vem a p\u00fablico. O pai do jogador diz que o atleta \u00e9 v\u00edtima de uma tentativa de extors\u00e3o; o advogado que representava Najila na ocasi\u00e3o nega<\/li>\n<\/ul>\n<\/div>\n<div class=\"mc-column content-text active-extra-styles \" data-block-type=\"unstyled\" data-block-weight=\"3\" data-block-id=\"33\">\n<p class=\"content-text__container \" data-track-category=\"Link no Texto\" data-track-links=\"\"><strong>2 de junho<\/strong><\/p>\n<\/div>\n<div class=\"mc-column content-text active-extra-styles\" data-block-type=\"raw\" data-block-weight=\"40\" data-block-id=\"34\">\n<ul class=\"content-unordered-list\">\n<li>Neymar grava um v\u00eddeo\u00a0em que diz que a rela\u00e7\u00e3o dos dois foi consentida. \u201cFoi uma rela\u00e7\u00e3o entre homem e mulher, dentro de quatro paredes, algo que acontece com todo casal (\u2026) Agora fui pego de surpresa por causa disso\u201d<\/li>\n<li><\/li>\n<\/ul>\n<\/div>\n<\/div>\n<\/div>\n<\/div>\n<\/div>\n<\/div>\n<\/div>\n<\/div>\n<div class=\"media-control-panel__front-layer\">\n<div class=\"media-control-position__center\">\n<div class=\"mc-column content-text active-extra-styles \" data-block-type=\"unstyled\" data-block-weight=\"3\" data-block-id=\"27\">\n<p class=\"content-text__container \" data-track-category=\"Link no Texto\" data-track-links=\"\"><strong>21 de maio<\/strong><\/p>\n<\/div>\n<div class=\"mc-column content-text active-extra-styles\" data-block-type=\"raw\" data-block-weight=\"34\" data-block-id=\"28\">\n<ul class=\"content-unordered-list\">\n<li>J\u00e1 de volta ao Brasil, Najila se submete a um exame com o m\u00e9dico Luiz Eduardo Rossi Campedelli. O\u00a0laudo aponta hematomas, arranh\u00f5es nos gl\u00fateos, transtorno ansioso e depressivo e traumatismos superficiais n\u00e3o especificados<\/li>\n<\/ul>\n<\/div>\n<div class=\"mc-column content-text active-extra-styles \" data-block-type=\"unstyled\" data-block-weight=\"3\" data-block-id=\"29\">\n<p class=\"content-text__container \" data-track-category=\"Link no Texto\" data-track-links=\"\"><strong>31 de maio<\/strong><\/p>\n<\/div>\n<div class=\"mc-column content-text active-extra-styles\" data-block-type=\"raw\" data-block-weight=\"12\" data-block-id=\"30\">\n<ul class=\"content-unordered-list\">\n<li>A modelo registra ocorr\u00eancia de estupro em uma delegacia de S\u00e3o Paulo<\/li>\n<\/ul>\n<\/div>\n<div class=\"mc-column content-text active-extra-styles \" data-block-type=\"unstyled\" data-block-weight=\"3\" data-block-id=\"31\">\n<p class=\"content-text__container \" data-track-category=\"Link no Texto\" data-track-links=\"\"><strong>1\u00ba de junho<\/strong><\/p>\n<\/div>\n<div class=\"mc-column content-text active-extra-styles\" data-block-type=\"raw\" data-block-weight=\"28\" data-block-id=\"32\">\n<ul class=\"content-unordered-list\">\n<li>O\u00a0caso vem a p\u00fablico. O pai do jogador diz que o atleta \u00e9 v\u00edtima de uma tentativa de extors\u00e3o; o advogado que representava Najila na ocasi\u00e3o nega<\/li>\n<\/ul>\n<\/div>\n<div class=\"mc-column content-text active-extra-styles \" data-block-type=\"unstyled\" data-block-weight=\"3\" data-block-id=\"33\">\n<p class=\"content-text__container \" data-track-category=\"Link no Texto\" data-track-links=\"\"><strong>2 de junho<\/strong><\/p>\n<\/div>\n<div class=\"mc-column content-text active-extra-styles\" data-block-type=\"raw\" data-block-weight=\"40\" data-block-id=\"34\">\n<ul class=\"content-unordered-list\">\n<li>Neymar grava um v\u00eddeo\u00a0em que diz que a rela\u00e7\u00e3o dos dois foi consentida. \u201cFoi uma rela\u00e7\u00e3o entre homem e mulher, dentro de quatro paredes, algo que acontece com todo casal (\u2026) Agora fui pego de surpresa por causa disso\u201d<\/li>\n<\/ul>\n<\/div>\n<\/div>\n<div class=\"media-control-position__right\"><\/div>\n<\/div>\n<\/div>\n<div class=\"media-control-panel__modal\">\n<div class=\"mc-column content-text active-extra-styles \" style=\"text-align: justify;\" data-block-type=\"unstyled\" data-block-weight=\"3\" data-block-id=\"47\">\n<p class=\"content-text__container \" data-track-category=\"Link no Texto\" data-track-links=\"\"><strong>10 de junho<\/strong><\/p>\n<\/div>\n<div class=\"mc-column content-text active-extra-styles\" style=\"text-align: justify;\" data-block-type=\"raw\" data-block-weight=\"7\" data-block-id=\"48\">\n<ul class=\"content-unordered-list\">\n<li>Segundo advogado de Najila\u00a0abandona o caso.<\/li>\n<\/ul>\n<\/div>\n<div class=\"mc-column content-text active-extra-styles \" style=\"text-align: justify;\" data-block-type=\"unstyled\" data-block-weight=\"3\" data-block-id=\"49\">\n<p class=\"content-text__container \" data-track-category=\"Link no Texto\" data-track-links=\"\"><strong>12 de junho<\/strong><\/p>\n<\/div>\n<div class=\"mc-column content-text active-extra-styles\" style=\"text-align: justify;\" data-block-type=\"raw\" data-block-weight=\"37\" data-block-id=\"50\">\n<ul class=\"content-unordered-list\">\n<li>Estivens Alves, ex-marido de Najila, presta depoimento na 6\u00aa DDM. Segundo o advogado dele, Estivens vai falar sobre a visita que fez ao apartamento de Najila para retirar o tablet e o notebook do filho do casal.<\/li>\n<\/ul>\n<\/div>\n<div class=\"mc-column content-text active-extra-styles \" style=\"text-align: justify;\" data-block-type=\"unstyled\" data-block-weight=\"3\" data-block-id=\"51\">\n<p class=\"content-text__container \" data-track-category=\"Link no Texto\" data-track-links=\"\"><strong>13 de junho<\/strong><\/p>\n<\/div>\n<div class=\"mc-column content-text active-extra-styles\" data-block-type=\"raw\" data-block-weight=\"7\" data-block-id=\"52\">\n<ul class=\"content-unordered-list\">\n<li style=\"text-align: justify;\">Neymar dep\u00f5e\u00a0em delegacia de S\u00e3o Paulo.<\/li>\n<\/ul>\n<figure id=\"attachment_11221\" aria-describedby=\"caption-attachment-11221\" style=\"width: 1280px\" class=\"wp-caption aligncenter\"><img fetchpriority=\"high\" decoding=\"async\" class=\"size-full wp-image-11221\" src=\"http:\/\/portalnpm.com\/wp-content\/uploads\/2019\/09\/7691593_x720.jpg\" alt=\"\" width=\"1280\" height=\"720\" \/><figcaption id=\"caption-attachment-11221\" class=\"wp-caption-text\">Neymar dep\u00f5e em S\u00e3o Paulo sobre acusa\u00e7\u00f5es de agress\u00e3o e estupro.<\/figcaption><\/figure>\n<div class=\"mc-column content-text active-extra-styles \" data-block-type=\"unstyled\" data-block-weight=\"33\" data-block-id=\"6\">\n<div class=\"mc-column content-media content-video\" data-block-type=\"backstage-video\" data-block-id=\"13\">\n<div class=\"content-media__container\">\n<div class=\"content-video__bigger-player-description-fixer content-media__container--loaded\">\n<div class=\"content-video__video\">\n<div id=\"wp3-player-2\" class=\"clappr-player\" tabindex=\"9999\" data-player=\"\">\n<div class=\"media-control media-control-hide\">\n<div class=\"media-control-panel__modal\">\n<div class=\"mc-column content-text active-extra-styles \" data-block-type=\"unstyled\" data-block-weight=\"3\" data-block-id=\"55\">\n<p class=\"content-text__container \" style=\"text-align: justify;\" data-track-category=\"Link no Texto\" data-track-links=\"\"><strong>18 de junho<\/strong><\/p>\n<\/div>\n<div class=\"mc-column content-text active-extra-styles\" style=\"text-align: justify;\" data-block-type=\"raw\" data-block-weight=\"34\" data-block-id=\"56\">\n<ul class=\"content-unordered-list\">\n<li>Najila dep\u00f5e novamente\u00a0sobre caso Neymar ap\u00f3s Justi\u00e7a determinar que ela entregasse o celular, por\u00e9m, advogado da modelo diz que\u00a0celular de Najila sumiu\u00a0depois que ela deu o 1\u00ba depoimento sobre caso Neymar.<\/li>\n<\/ul>\n<\/div>\n<div class=\"mc-column content-text active-extra-styles \" style=\"text-align: justify;\" data-block-type=\"unstyled\" data-block-weight=\"3\" data-block-id=\"57\">\n<p class=\"content-text__container \" data-track-category=\"Link no Texto\" data-track-links=\"\"><strong>19 de junho<\/strong><\/p>\n<\/div>\n<div class=\"mc-column content-text active-extra-styles\" style=\"text-align: justify;\" data-block-type=\"raw\" data-block-weight=\"21\" data-block-id=\"58\">\n<ul class=\"content-unordered-list\">\n<li>Najila entrega novo celular\u00a0para a pol\u00edcia ap\u00f3s sumi\u00e7o do aparelho que usou para falar com Neymar, segundo o advogado dela.<\/li>\n<\/ul>\n<\/div>\n<div class=\"mc-column content-text active-extra-styles \" style=\"text-align: justify;\" data-block-type=\"unstyled\" data-block-weight=\"3\" data-block-id=\"59\">\n<p class=\"content-text__container \" data-track-category=\"Link no Texto\" data-track-links=\"\"><strong>28 de junho<\/strong><\/p>\n<\/div>\n<div class=\"mc-column content-text active-extra-styles\" style=\"text-align: justify;\" data-block-type=\"raw\" data-block-weight=\"31\" data-block-id=\"60\">\n<ul class=\"content-unordered-list\">\n<li>Amiga da modelo,\u00a0Yasmin Abdalla\u00a0presta depoimento para esclarecer como se deu o sumi\u00e7o do celular de Najila que teria sido usado para gravar o segundo encontro com Neymar em Paris.<\/li>\n<\/ul>\n<\/div>\n<div class=\"mc-column content-text active-extra-styles \" style=\"text-align: justify;\" data-block-type=\"unstyled\" data-block-weight=\"3\" data-block-id=\"61\">\n<p class=\"content-text__container \" data-track-category=\"Link no Texto\" data-track-links=\"\"><strong>1\u00ba de julho<\/strong><\/p>\n<\/div>\n<div class=\"mc-column content-text active-extra-styles\" style=\"text-align: justify;\" data-block-type=\"raw\" data-block-weight=\"8\" data-block-id=\"62\">\n<ul class=\"content-unordered-list\">\n<li>Pol\u00edcia pede mais prazo\u00a0para investigar o caso.<\/li>\n<\/ul>\n<\/div>\n<div class=\"mc-column content-text active-extra-styles \" style=\"text-align: justify;\" data-block-type=\"unstyled\" data-block-weight=\"3\" data-block-id=\"63\">\n<p class=\"content-text__container \" data-track-category=\"Link no Texto\" data-track-links=\"\"><strong>11 de julho<\/strong><\/p>\n<\/div>\n<div class=\"mc-column content-text active-extra-styles\" style=\"text-align: justify;\" data-block-type=\"raw\" data-block-weight=\"11\" data-block-id=\"64\">\n<ul class=\"content-unordered-list\">\n<li>MP concorda com pedido da pol\u00edcia\u00a0por mais prazo para investigar.<\/li>\n<\/ul>\n<\/div>\n<div class=\"mc-column content-text active-extra-styles \" style=\"text-align: justify;\" data-block-type=\"unstyled\" data-block-weight=\"3\" data-block-id=\"65\">\n<p class=\"content-text__container \" data-track-category=\"Link no Texto\" data-track-links=\"\"><strong>12 de julho<\/strong><\/p>\n<\/div>\n<div class=\"mc-column content-text active-extra-styles\" style=\"text-align: justify;\" data-block-type=\"raw\" data-block-weight=\"10\" data-block-id=\"66\">\n<ul class=\"content-unordered-list\">\n<li>Justi\u00e7a d\u00e1 mais prazo\u00a0para a pol\u00edcia concluir o inqu\u00e9rito.<\/li>\n<\/ul>\n<\/div>\n<div class=\"mc-column content-text active-extra-styles \" style=\"text-align: justify;\" data-block-type=\"unstyled\" data-block-weight=\"3\" data-block-id=\"67\">\n<p class=\"content-text__container \" data-track-category=\"Link no Texto\" data-track-links=\"\"><strong>29 de julho<\/strong><\/p>\n<\/div>\n<div class=\"mc-column content-text active-extra-styles\" style=\"text-align: justify;\" data-block-type=\"raw\" data-block-weight=\"6\" data-block-id=\"68\">\n<ul class=\"content-unordered-list\">\n<li>Delegada conclui inqu\u00e9rito\u00a0sem indiciar Neymar.<\/li>\n<\/ul>\n<\/div>\n<\/div>\n<\/div>\n<\/div>\n<\/div>\n<\/div>\n<\/div>\n<\/div>\n<\/div>\n<p style=\"text-align: justify;\" data-track-category=\"Link no Texto\" data-track-links=\"\"><strong>Fonte<\/strong>: G1<\/p>\n<\/div>\n<\/div>\n<\/div>\n<\/div>\n<\/div>\n<\/div>\n<\/div>\n<\/div>\n<\/div>\n<\/div>\n","protected":false},"excerpt":{"rendered":"<p>A Pol\u00edcia Civil de\u00a0S\u00e3o Paulo indiciou\u00a0Najila Trindade Mendes de Souza\u00a0por fraude processual, den\u00fancia caluniosa e extors\u00e3o no caso em que a modelo acusou o jogador Neymar de estupro durante encontro em Paris no dia 15 de maio. O ex-marido dela,\u00a0Estivens Alves, foi denunciado por fraude processual e divulga\u00e7\u00e3o de conte\u00fado er\u00f3tico. O indiciamento vem ap\u00f3s &hellip;<\/p>\n","protected":false},"author":8,"featured_media":11222,"comment_status":"open","ping_status":"open","sticky":false,"template":"","format":"standard","meta":{"content-type":"","rop_custom_images_group":[],"rop_custom_messages_group":[],"rop_publish_now":"initial","rop_publish_now_accounts":{"facebook_2648258775420054_1618374048415101":""},"rop_publish_now_history":[],"rop_publish_now_status":"pending","footnotes":"","_jetpack_memberships_contains_paid_content":false},"categories":[145],"tags":[3277,3278,515],"yoast_head":"<!-- This site is optimized with the Yoast SEO plugin v22.3 - https:\/\/yoast.com\/wordpress\/plugins\/seo\/ -->\n<title>Pol\u00edcia de SP indicia Najila por extors\u00e3o, fraude processual e den\u00fancia caluniosa no caso Neymar - Portal NPM<\/title>\n<meta name=\"robots\" content=\"index, follow, max-snippet:-1, max-image-preview:large, max-video-preview:-1\" \/>\n<link rel=\"canonical\" href=\"https:\/\/portalnpm.com\/index.php\/2019\/09\/10\/policia-de-sp-indicia-najila-por-extorsao-fraude-processual-e-denuncia-caluniosa-no-caso-neymar\/\" \/>\n<meta property=\"og:locale\" content=\"pt_BR\" \/>\n<meta property=\"og:type\" content=\"article\" \/>\n<meta property=\"og:title\" content=\"Pol\u00edcia de SP indicia Najila por extors\u00e3o, fraude processual e den\u00fancia caluniosa no caso Neymar - Portal NPM\" \/>\n<meta property=\"og:description\" content=\"A Pol\u00edcia Civil de\u00a0S\u00e3o Paulo indiciou\u00a0Najila Trindade Mendes de Souza\u00a0por fraude processual, den\u00fancia caluniosa e extors\u00e3o no caso em que a modelo acusou o jogador Neymar de estupro durante encontro em Paris no dia 15 de maio. O ex-marido dela,\u00a0Estivens Alves, foi denunciado por fraude processual e divulga\u00e7\u00e3o de conte\u00fado er\u00f3tico. O indiciamento vem ap\u00f3s &hellip;\" \/>\n<meta property=\"og:url\" content=\"https:\/\/portalnpm.com\/index.php\/2019\/09\/10\/policia-de-sp-indicia-najila-por-extorsao-fraude-processual-e-denuncia-caluniosa-no-caso-neymar\/\" \/>\n<meta property=\"og:site_name\" content=\"Portal NPM\" \/>\n<meta property=\"article:published_time\" content=\"2019-09-10T22:42:34+00:00\" \/>\n<meta name=\"author\" content=\"Zenilton Lima\" \/>\n<meta name=\"twitter:card\" content=\"summary_large_image\" \/>\n<meta name=\"twitter:label1\" content=\"Escrito por\" \/>\n\t<meta name=\"twitter:data1\" content=\"Zenilton Lima\" \/>\n\t<meta name=\"twitter:label2\" content=\"Est. tempo de leitura\" \/>\n\t<meta name=\"twitter:data2\" content=\"6 minutos\" \/>\n<script type=\"application\/ld+json\" class=\"yoast-schema-graph\">{\"@context\":\"https:\/\/schema.org\",\"@graph\":[{\"@type\":\"WebPage\",\"@id\":\"https:\/\/portalnpm.com\/index.php\/2019\/09\/10\/policia-de-sp-indicia-najila-por-extorsao-fraude-processual-e-denuncia-caluniosa-no-caso-neymar\/\",\"url\":\"https:\/\/portalnpm.com\/index.php\/2019\/09\/10\/policia-de-sp-indicia-najila-por-extorsao-fraude-processual-e-denuncia-caluniosa-no-caso-neymar\/\",\"name\":\"Pol\u00edcia de SP indicia Najila por extors\u00e3o, fraude processual e den\u00fancia caluniosa no caso Neymar - Portal NPM\",\"isPartOf\":{\"@id\":\"https:\/\/portalnpm.com\/#website\"},\"primaryImageOfPage\":{\"@id\":\"https:\/\/portalnpm.com\/index.php\/2019\/09\/10\/policia-de-sp-indicia-najila-por-extorsao-fraude-processual-e-denuncia-caluniosa-no-caso-neymar\/#primaryimage\"},\"image\":{\"@id\":\"https:\/\/portalnpm.com\/index.php\/2019\/09\/10\/policia-de-sp-indicia-najila-por-extorsao-fraude-processual-e-denuncia-caluniosa-no-caso-neymar\/#primaryimage\"},\"thumbnailUrl\":\"\",\"datePublished\":\"2019-09-10T22:42:34+00:00\",\"dateModified\":\"2019-09-10T22:42:34+00:00\",\"author\":{\"@id\":\"https:\/\/portalnpm.com\/#\/schema\/person\/35cb55186eae3f074b6783da6d35591e\"},\"breadcrumb\":{\"@id\":\"https:\/\/portalnpm.com\/index.php\/2019\/09\/10\/policia-de-sp-indicia-najila-por-extorsao-fraude-processual-e-denuncia-caluniosa-no-caso-neymar\/#breadcrumb\"},\"inLanguage\":\"pt-BR\",\"potentialAction\":[{\"@type\":\"ReadAction\",\"target\":[\"https:\/\/portalnpm.com\/index.php\/2019\/09\/10\/policia-de-sp-indicia-najila-por-extorsao-fraude-processual-e-denuncia-caluniosa-no-caso-neymar\/\"]}]},{\"@type\":\"ImageObject\",\"inLanguage\":\"pt-BR\",\"@id\":\"https:\/\/portalnpm.com\/index.php\/2019\/09\/10\/policia-de-sp-indicia-najila-por-extorsao-fraude-processual-e-denuncia-caluniosa-no-caso-neymar\/#primaryimage\",\"url\":\"\",\"contentUrl\":\"\"},{\"@type\":\"BreadcrumbList\",\"@id\":\"https:\/\/portalnpm.com\/index.php\/2019\/09\/10\/policia-de-sp-indicia-najila-por-extorsao-fraude-processual-e-denuncia-caluniosa-no-caso-neymar\/#breadcrumb\",\"itemListElement\":[{\"@type\":\"ListItem\",\"position\":1,\"name\":\"In\u00edcio\",\"item\":\"https:\/\/portalnpm.com\/\"},{\"@type\":\"ListItem\",\"position\":2,\"name\":\"Pol\u00edcia de SP indicia Najila por extors\u00e3o, fraude processual e den\u00fancia caluniosa no caso Neymar\"}]},{\"@type\":\"WebSite\",\"@id\":\"https:\/\/portalnpm.com\/#website\",\"url\":\"https:\/\/portalnpm.com\/\",\"name\":\"Portal NPM\",\"description\":\"Not\u00edcias em Primeira M\u00e3o\",\"potentialAction\":[{\"@type\":\"SearchAction\",\"target\":{\"@type\":\"EntryPoint\",\"urlTemplate\":\"https:\/\/portalnpm.com\/?s={search_term_string}\"},\"query-input\":\"required name=search_term_string\"}],\"inLanguage\":\"pt-BR\"},{\"@type\":\"Person\",\"@id\":\"https:\/\/portalnpm.com\/#\/schema\/person\/35cb55186eae3f074b6783da6d35591e\",\"name\":\"Zenilton Lima\",\"image\":{\"@type\":\"ImageObject\",\"inLanguage\":\"pt-BR\",\"@id\":\"https:\/\/portalnpm.com\/#\/schema\/person\/image\/\",\"url\":\"https:\/\/portalnpm.com\/wp-content\/uploads\/2024\/12\/avatar_user_8_1733658137-96x96.jpeg\",\"contentUrl\":\"https:\/\/portalnpm.com\/wp-content\/uploads\/2024\/12\/avatar_user_8_1733658137-96x96.jpeg\",\"caption\":\"Zenilton Lima\"},\"url\":\"https:\/\/portalnpm.com\/index.php\/author\/zenilton\/\"}]}<\/script>\n<!-- \/ Yoast SEO plugin. -->","yoast_head_json":{"title":"Pol\u00edcia de SP indicia Najila por extors\u00e3o, fraude processual e den\u00fancia caluniosa no caso Neymar - Portal NPM","robots":{"index":"index","follow":"follow","max-snippet":"max-snippet:-1","max-image-preview":"max-image-preview:large","max-video-preview":"max-video-preview:-1"},"canonical":"https:\/\/portalnpm.com\/index.php\/2019\/09\/10\/policia-de-sp-indicia-najila-por-extorsao-fraude-processual-e-denuncia-caluniosa-no-caso-neymar\/","og_locale":"pt_BR","og_type":"article","og_title":"Pol\u00edcia de SP indicia Najila por extors\u00e3o, fraude processual e den\u00fancia caluniosa no caso Neymar - Portal NPM","og_description":"A Pol\u00edcia Civil de\u00a0S\u00e3o Paulo indiciou\u00a0Najila Trindade Mendes de Souza\u00a0por fraude processual, den\u00fancia caluniosa e extors\u00e3o no caso em que a modelo acusou o jogador Neymar de estupro durante encontro em Paris no dia 15 de maio. O ex-marido dela,\u00a0Estivens Alves, foi denunciado por fraude processual e divulga\u00e7\u00e3o de conte\u00fado er\u00f3tico. O indiciamento vem ap\u00f3s &hellip;","og_url":"https:\/\/portalnpm.com\/index.php\/2019\/09\/10\/policia-de-sp-indicia-najila-por-extorsao-fraude-processual-e-denuncia-caluniosa-no-caso-neymar\/","og_site_name":"Portal NPM","article_published_time":"2019-09-10T22:42:34+00:00","author":"Zenilton Lima","twitter_card":"summary_large_image","twitter_misc":{"Escrito por":"Zenilton Lima","Est. tempo de leitura":"6 minutos"},"schema":{"@context":"https:\/\/schema.org","@graph":[{"@type":"WebPage","@id":"https:\/\/portalnpm.com\/index.php\/2019\/09\/10\/policia-de-sp-indicia-najila-por-extorsao-fraude-processual-e-denuncia-caluniosa-no-caso-neymar\/","url":"https:\/\/portalnpm.com\/index.php\/2019\/09\/10\/policia-de-sp-indicia-najila-por-extorsao-fraude-processual-e-denuncia-caluniosa-no-caso-neymar\/","name":"Pol\u00edcia de SP indicia Najila por extors\u00e3o, fraude processual e den\u00fancia caluniosa no caso Neymar - Portal NPM","isPartOf":{"@id":"https:\/\/portalnpm.com\/#website"},"primaryImageOfPage":{"@id":"https:\/\/portalnpm.com\/index.php\/2019\/09\/10\/policia-de-sp-indicia-najila-por-extorsao-fraude-processual-e-denuncia-caluniosa-no-caso-neymar\/#primaryimage"},"image":{"@id":"https:\/\/portalnpm.com\/index.php\/2019\/09\/10\/policia-de-sp-indicia-najila-por-extorsao-fraude-processual-e-denuncia-caluniosa-no-caso-neymar\/#primaryimage"},"thumbnailUrl":"","datePublished":"2019-09-10T22:42:34+00:00","dateModified":"2019-09-10T22:42:34+00:00","author":{"@id":"https:\/\/portalnpm.com\/#\/schema\/person\/35cb55186eae3f074b6783da6d35591e"},"breadcrumb":{"@id":"https:\/\/portalnpm.com\/index.php\/2019\/09\/10\/policia-de-sp-indicia-najila-por-extorsao-fraude-processual-e-denuncia-caluniosa-no-caso-neymar\/#breadcrumb"},"inLanguage":"pt-BR","potentialAction":[{"@type":"ReadAction","target":["https:\/\/portalnpm.com\/index.php\/2019\/09\/10\/policia-de-sp-indicia-najila-por-extorsao-fraude-processual-e-denuncia-caluniosa-no-caso-neymar\/"]}]},{"@type":"ImageObject","inLanguage":"pt-BR","@id":"https:\/\/portalnpm.com\/index.php\/2019\/09\/10\/policia-de-sp-indicia-najila-por-extorsao-fraude-processual-e-denuncia-caluniosa-no-caso-neymar\/#primaryimage","url":"","contentUrl":""},{"@type":"BreadcrumbList","@id":"https:\/\/portalnpm.com\/index.php\/2019\/09\/10\/policia-de-sp-indicia-najila-por-extorsao-fraude-processual-e-denuncia-caluniosa-no-caso-neymar\/#breadcrumb","itemListElement":[{"@type":"ListItem","position":1,"name":"In\u00edcio","item":"https:\/\/portalnpm.com\/"},{"@type":"ListItem","position":2,"name":"Pol\u00edcia de SP indicia Najila por extors\u00e3o, fraude processual e den\u00fancia caluniosa no caso Neymar"}]},{"@type":"WebSite","@id":"https:\/\/portalnpm.com\/#website","url":"https:\/\/portalnpm.com\/","name":"Portal NPM","description":"Not\u00edcias em Primeira M\u00e3o","potentialAction":[{"@type":"SearchAction","target":{"@type":"EntryPoint","urlTemplate":"https:\/\/portalnpm.com\/?s={search_term_string}"},"query-input":"required name=search_term_string"}],"inLanguage":"pt-BR"},{"@type":"Person","@id":"https:\/\/portalnpm.com\/#\/schema\/person\/35cb55186eae3f074b6783da6d35591e","name":"Zenilton Lima","image":{"@type":"ImageObject","inLanguage":"pt-BR","@id":"https:\/\/portalnpm.com\/#\/schema\/person\/image\/","url":"https:\/\/portalnpm.com\/wp-content\/uploads\/2024\/12\/avatar_user_8_1733658137-96x96.jpeg","contentUrl":"https:\/\/portalnpm.com\/wp-content\/uploads\/2024\/12\/avatar_user_8_1733658137-96x96.jpeg","caption":"Zenilton Lima"},"url":"https:\/\/portalnpm.com\/index.php\/author\/zenilton\/"}]}},"jetpack_sharing_enabled":true,"jetpack_featured_media_url":"","_links":{"self":[{"href":"https:\/\/portalnpm.com\/index.php\/wp-json\/wp\/v2\/posts\/11220"}],"collection":[{"href":"https:\/\/portalnpm.com\/index.php\/wp-json\/wp\/v2\/posts"}],"about":[{"href":"https:\/\/portalnpm.com\/index.php\/wp-json\/wp\/v2\/types\/post"}],"author":[{"embeddable":true,"href":"https:\/\/portalnpm.com\/index.php\/wp-json\/wp\/v2\/users\/8"}],"replies":[{"embeddable":true,"href":"https:\/\/portalnpm.com\/index.php\/wp-json\/wp\/v2\/comments?post=11220"}],"version-history":[{"count":0,"href":"https:\/\/portalnpm.com\/index.php\/wp-json\/wp\/v2\/posts\/11220\/revisions"}],"wp:featuredmedia":[{"embeddable":true,"href":"https:\/\/portalnpm.com\/index.php\/wp-json\/"}],"wp:attachment":[{"href":"https:\/\/portalnpm.com\/index.php\/wp-json\/wp\/v2\/media?parent=11220"}],"wp:term":[{"taxonomy":"category","embeddable":true,"href":"https:\/\/portalnpm.com\/index.php\/wp-json\/wp\/v2\/categories?post=11220"},{"taxonomy":"post_tag","embeddable":true,"href":"https:\/\/portalnpm.com\/index.php\/wp-json\/wp\/v2\/tags?post=11220"}],"curies":[{"name":"wp","href":"https:\/\/api.w.org\/{rel}","templated":true}]}}