{"id":11235,"date":"2019-09-11T08:38:03","date_gmt":"2019-09-11T11:38:03","guid":{"rendered":"http:\/\/srv.portalnpm.com.br\/?p=11235"},"modified":"2019-09-11T08:38:03","modified_gmt":"2019-09-11T11:38:03","slug":"em-teresina-pl-reune-pre-candidatos-e-reforca-apoio-ao-nome-de-fabio-abreu","status":"publish","type":"post","link":"https:\/\/portalnpm.com\/index.php\/2019\/09\/11\/em-teresina-pl-reune-pre-candidatos-e-reforca-apoio-ao-nome-de-fabio-abreu\/","title":{"rendered":"Em Teresina, PL re\u00fane pr\u00e9-candidatos e refor\u00e7a apoio ao nome de F\u00e1bio Abreu"},"content":{"rendered":"<p style=\"text-align: justify;\">O presidente estadual do PL, deputado F\u00e1bio Xavier, reuniu no in\u00edcio da tarde desta ter\u00e7a-feira (10), em um restaurante, os pr\u00e9-candidatos da sigla em Teresina.<\/p>\n<figure id=\"attachment_11240\" aria-describedby=\"caption-attachment-11240\" style=\"width: 750px\" class=\"wp-caption alignnone\"><img fetchpriority=\"high\" decoding=\"async\" class=\"size-full wp-image-11240\" src=\"http:\/\/portalnpm.com\/wp-content\/uploads\/2019\/09\/07-31-07-whatsapp-image-2019-09-10-at-18.00.26.jpeg\" alt=\"\" width=\"750\" height=\"484\" \/><figcaption id=\"caption-attachment-11240\" class=\"wp-caption-text\">Foto: Reprodu\u00e7\u00e3o\/Instagram<\/figcaption><\/figure>\n<p style=\"text-align: justify;\">Dentre os nomes, o do secret\u00e1rio de Seguran\u00e7a do Piau\u00ed, F\u00e1bio Abreu, cotado para a disputa em 2020 pelo comando do Pal\u00e1cio da Cidade.<\/p>\n<p style=\"text-align: justify;\">&#8220;Foi o in\u00edcio de uma conversa que vai se estreitar. Vamos nos reunir com as lideran\u00e7as e mostrar as ideias do nosso partido&#8221;, comentou o deputado estadual Coronel Carlos Augusto, que manifestou apoio \u00e0 pr\u00e9-candidatura de Abreu.<\/p>\n<p style=\"text-align: justify;\">Notadas ainda as presen\u00e7as do Cabo Mota e, em especial,\u00a0da delegada Anamelka Cadena, atual diretora de Gest\u00e3o Interna da Secretaria de Seguran\u00e7a P\u00fablica. Ambos tem os nomes cotados como pr\u00e9-candidatos a vereadores da capital.<\/p>\n<p style=\"text-align: justify;\"><strong>Apoio do Karnak<\/strong><\/p>\n<p style=\"text-align: justify;\">Nas elei\u00e7\u00f5es, o PL, que integra a base de Wellington Dias, tentar\u00e1 o apoio do governador. Mas, ter\u00e1 de aguardar as defini\u00e7\u00f5es do Partido dos Trabalhadores, j\u00e1 que h\u00e1 diverg\u00eancias internas sobre o lan\u00e7amento ou n\u00e3o de candidatura pr\u00f3pria na capital.<\/p>\n<figure id=\"attachment_11237\" aria-describedby=\"caption-attachment-11237\" style=\"width: 750px\" class=\"wp-caption alignnone\"><img decoding=\"async\" class=\"size-full wp-image-11237\" src=\"http:\/\/portalnpm.com\/wp-content\/uploads\/2019\/09\/07-34-51-whatsapp-image-2019-09-10-at-18.00.25.jpeg\" alt=\"\" width=\"750\" height=\"485\" \/><figcaption id=\"caption-attachment-11237\" class=\"wp-caption-text\">Foto: Reprodu\u00e7\u00e3o\/Instagram<\/figcaption><\/figure>\n<figure id=\"attachment_11238\" aria-describedby=\"caption-attachment-11238\" style=\"width: 750px\" class=\"wp-caption alignnone\"><img decoding=\"async\" class=\"size-full wp-image-11238\" src=\"http:\/\/portalnpm.com\/wp-content\/uploads\/2019\/09\/07-34-54-whatsapp-image-2019-09-10-at-18.00.26-1-.jpeg\" alt=\"\" width=\"750\" height=\"489\" \/><figcaption id=\"caption-attachment-11238\" class=\"wp-caption-text\">Foto: Reprodu\u00e7\u00e3o\/Instagram<\/figcaption><\/figure>\n<p><strong>Fonte: 180 graus<\/strong><\/p>\n","protected":false},"excerpt":{"rendered":"<p>O presidente estadual do PL, deputado F\u00e1bio Xavier, reuniu no in\u00edcio da tarde desta ter\u00e7a-feira (10), em um restaurante, os pr\u00e9-candidatos da sigla em Teresina. Dentre os nomes, o do secret\u00e1rio de Seguran\u00e7a do Piau\u00ed, F\u00e1bio Abreu, cotado para a disputa em 2020 pelo comando do Pal\u00e1cio da Cidade. &#8220;Foi o in\u00edcio de uma conversa &hellip;<\/p>\n","protected":false},"author":3,"featured_media":11239,"comment_status":"open","ping_status":"open","sticky":false,"template":"","format":"standard","meta":{"content-type":"","rop_custom_images_group":[],"rop_custom_messages_group":[],"rop_publish_now":"initial","rop_publish_now_accounts":{"facebook_2648258775420054_1618374048415101":""},"rop_publish_now_history":[],"rop_publish_now_status":"pending","footnotes":"","_jetpack_memberships_contains_paid_content":false},"categories":[130],"tags":[3154,2774,766],"yoast_head":"<!-- This site is optimized with the Yoast SEO plugin v22.3 - https:\/\/yoast.com\/wordpress\/plugins\/seo\/ -->\n<title>Em Teresina, PL re\u00fane pr\u00e9-candidatos e refor\u00e7a apoio ao nome de F\u00e1bio Abreu - Portal NPM<\/title>\n<meta name=\"robots\" content=\"index, follow, max-snippet:-1, max-image-preview:large, max-video-preview:-1\" \/>\n<link rel=\"canonical\" href=\"https:\/\/portalnpm.com\/index.php\/2019\/09\/11\/em-teresina-pl-reune-pre-candidatos-e-reforca-apoio-ao-nome-de-fabio-abreu\/\" \/>\n<meta property=\"og:locale\" content=\"pt_BR\" \/>\n<meta property=\"og:type\" content=\"article\" \/>\n<meta property=\"og:title\" content=\"Em Teresina, PL re\u00fane pr\u00e9-candidatos e refor\u00e7a apoio ao nome de F\u00e1bio Abreu - Portal NPM\" \/>\n<meta property=\"og:description\" content=\"O presidente estadual do PL, deputado F\u00e1bio Xavier, reuniu no in\u00edcio da tarde desta ter\u00e7a-feira (10), em um restaurante, os pr\u00e9-candidatos da sigla em Teresina. Dentre os nomes, o do secret\u00e1rio de Seguran\u00e7a do Piau\u00ed, F\u00e1bio Abreu, cotado para a disputa em 2020 pelo comando do Pal\u00e1cio da Cidade. &#8220;Foi o in\u00edcio de uma conversa &hellip;\" \/>\n<meta property=\"og:url\" content=\"https:\/\/portalnpm.com\/index.php\/2019\/09\/11\/em-teresina-pl-reune-pre-candidatos-e-reforca-apoio-ao-nome-de-fabio-abreu\/\" \/>\n<meta property=\"og:site_name\" content=\"Portal NPM\" \/>\n<meta property=\"article:published_time\" content=\"2019-09-11T11:38:03+00:00\" \/>\n<meta name=\"author\" content=\"Luis Alberto\" \/>\n<meta name=\"twitter:card\" content=\"summary_large_image\" \/>\n<meta name=\"twitter:label1\" content=\"Escrito por\" \/>\n\t<meta name=\"twitter:data1\" content=\"Luis Alberto\" \/>\n\t<meta name=\"twitter:label2\" content=\"Est. tempo de leitura\" \/>\n\t<meta name=\"twitter:data2\" content=\"1 minuto\" \/>\n<script type=\"application\/ld+json\" class=\"yoast-schema-graph\">{\"@context\":\"https:\/\/schema.org\",\"@graph\":[{\"@type\":\"WebPage\",\"@id\":\"https:\/\/portalnpm.com\/index.php\/2019\/09\/11\/em-teresina-pl-reune-pre-candidatos-e-reforca-apoio-ao-nome-de-fabio-abreu\/\",\"url\":\"https:\/\/portalnpm.com\/index.php\/2019\/09\/11\/em-teresina-pl-reune-pre-candidatos-e-reforca-apoio-ao-nome-de-fabio-abreu\/\",\"name\":\"Em Teresina, PL re\u00fane pr\u00e9-candidatos e refor\u00e7a apoio ao nome de F\u00e1bio Abreu - Portal NPM\",\"isPartOf\":{\"@id\":\"https:\/\/portalnpm.com\/#website\"},\"primaryImageOfPage\":{\"@id\":\"https:\/\/portalnpm.com\/index.php\/2019\/09\/11\/em-teresina-pl-reune-pre-candidatos-e-reforca-apoio-ao-nome-de-fabio-abreu\/#primaryimage\"},\"image\":{\"@id\":\"https:\/\/portalnpm.com\/index.php\/2019\/09\/11\/em-teresina-pl-reune-pre-candidatos-e-reforca-apoio-ao-nome-de-fabio-abreu\/#primaryimage\"},\"thumbnailUrl\":\"\",\"datePublished\":\"2019-09-11T11:38:03+00:00\",\"dateModified\":\"2019-09-11T11:38:03+00:00\",\"author\":{\"@id\":\"https:\/\/portalnpm.com\/#\/schema\/person\/5c8006acdf71774cd4e7a5ab98482152\"},\"breadcrumb\":{\"@id\":\"https:\/\/portalnpm.com\/index.php\/2019\/09\/11\/em-teresina-pl-reune-pre-candidatos-e-reforca-apoio-ao-nome-de-fabio-abreu\/#breadcrumb\"},\"inLanguage\":\"pt-BR\",\"potentialAction\":[{\"@type\":\"ReadAction\",\"target\":[\"https:\/\/portalnpm.com\/index.php\/2019\/09\/11\/em-teresina-pl-reune-pre-candidatos-e-reforca-apoio-ao-nome-de-fabio-abreu\/\"]}]},{\"@type\":\"ImageObject\",\"inLanguage\":\"pt-BR\",\"@id\":\"https:\/\/portalnpm.com\/index.php\/2019\/09\/11\/em-teresina-pl-reune-pre-candidatos-e-reforca-apoio-ao-nome-de-fabio-abreu\/#primaryimage\",\"url\":\"\",\"contentUrl\":\"\"},{\"@type\":\"BreadcrumbList\",\"@id\":\"https:\/\/portalnpm.com\/index.php\/2019\/09\/11\/em-teresina-pl-reune-pre-candidatos-e-reforca-apoio-ao-nome-de-fabio-abreu\/#breadcrumb\",\"itemListElement\":[{\"@type\":\"ListItem\",\"position\":1,\"name\":\"In\u00edcio\",\"item\":\"https:\/\/portalnpm.com\/\"},{\"@type\":\"ListItem\",\"position\":2,\"name\":\"Em Teresina, PL re\u00fane pr\u00e9-candidatos e refor\u00e7a apoio ao nome de F\u00e1bio Abreu\"}]},{\"@type\":\"WebSite\",\"@id\":\"https:\/\/portalnpm.com\/#website\",\"url\":\"https:\/\/portalnpm.com\/\",\"name\":\"Portal NPM\",\"description\":\"Not\u00edcias em Primeira M\u00e3o\",\"potentialAction\":[{\"@type\":\"SearchAction\",\"target\":{\"@type\":\"EntryPoint\",\"urlTemplate\":\"https:\/\/portalnpm.com\/?s={search_term_string}\"},\"query-input\":\"required name=search_term_string\"}],\"inLanguage\":\"pt-BR\"},{\"@type\":\"Person\",\"@id\":\"https:\/\/portalnpm.com\/#\/schema\/person\/5c8006acdf71774cd4e7a5ab98482152\",\"name\":\"Luis Alberto\",\"image\":{\"@type\":\"ImageObject\",\"inLanguage\":\"pt-BR\",\"@id\":\"https:\/\/portalnpm.com\/#\/schema\/person\/image\/\",\"url\":\"https:\/\/portalnpm.com\/wp-content\/uploads\/2024\/12\/avatar_user_3_1734699769-96x96.jpeg\",\"contentUrl\":\"https:\/\/portalnpm.com\/wp-content\/uploads\/2024\/12\/avatar_user_3_1734699769-96x96.jpeg\",\"caption\":\"Luis Alberto\"},\"description\":\"Editor-geral do Portal NPM, \u00e9 formado como T\u00e9cnico em Seguran\u00e7a do Trabalho pela Escola Metropolitana de Cursos T\u00e9cnicos. Det\u00e9m ainda licenciatura em Educa\u00e7\u00e3o F\u00edsica e bacharelado em Ci\u00eancias Pol\u00edticas, ambos obtidos pela institui\u00e7\u00e3o Anhanguera\/UNOPAR.\",\"url\":\"https:\/\/portalnpm.com\/index.php\/author\/pereira\/\"}]}<\/script>\n<!-- \/ Yoast SEO plugin. -->","yoast_head_json":{"title":"Em Teresina, PL re\u00fane pr\u00e9-candidatos e refor\u00e7a apoio ao nome de F\u00e1bio Abreu - Portal NPM","robots":{"index":"index","follow":"follow","max-snippet":"max-snippet:-1","max-image-preview":"max-image-preview:large","max-video-preview":"max-video-preview:-1"},"canonical":"https:\/\/portalnpm.com\/index.php\/2019\/09\/11\/em-teresina-pl-reune-pre-candidatos-e-reforca-apoio-ao-nome-de-fabio-abreu\/","og_locale":"pt_BR","og_type":"article","og_title":"Em Teresina, PL re\u00fane pr\u00e9-candidatos e refor\u00e7a apoio ao nome de F\u00e1bio Abreu - Portal NPM","og_description":"O presidente estadual do PL, deputado F\u00e1bio Xavier, reuniu no in\u00edcio da tarde desta ter\u00e7a-feira (10), em um restaurante, os pr\u00e9-candidatos da sigla em Teresina. Dentre os nomes, o do secret\u00e1rio de Seguran\u00e7a do Piau\u00ed, F\u00e1bio Abreu, cotado para a disputa em 2020 pelo comando do Pal\u00e1cio da Cidade. &#8220;Foi o in\u00edcio de uma conversa &hellip;","og_url":"https:\/\/portalnpm.com\/index.php\/2019\/09\/11\/em-teresina-pl-reune-pre-candidatos-e-reforca-apoio-ao-nome-de-fabio-abreu\/","og_site_name":"Portal NPM","article_published_time":"2019-09-11T11:38:03+00:00","author":"Luis Alberto","twitter_card":"summary_large_image","twitter_misc":{"Escrito por":"Luis Alberto","Est. tempo de leitura":"1 minuto"},"schema":{"@context":"https:\/\/schema.org","@graph":[{"@type":"WebPage","@id":"https:\/\/portalnpm.com\/index.php\/2019\/09\/11\/em-teresina-pl-reune-pre-candidatos-e-reforca-apoio-ao-nome-de-fabio-abreu\/","url":"https:\/\/portalnpm.com\/index.php\/2019\/09\/11\/em-teresina-pl-reune-pre-candidatos-e-reforca-apoio-ao-nome-de-fabio-abreu\/","name":"Em Teresina, PL re\u00fane pr\u00e9-candidatos e refor\u00e7a apoio ao nome de F\u00e1bio Abreu - Portal NPM","isPartOf":{"@id":"https:\/\/portalnpm.com\/#website"},"primaryImageOfPage":{"@id":"https:\/\/portalnpm.com\/index.php\/2019\/09\/11\/em-teresina-pl-reune-pre-candidatos-e-reforca-apoio-ao-nome-de-fabio-abreu\/#primaryimage"},"image":{"@id":"https:\/\/portalnpm.com\/index.php\/2019\/09\/11\/em-teresina-pl-reune-pre-candidatos-e-reforca-apoio-ao-nome-de-fabio-abreu\/#primaryimage"},"thumbnailUrl":"","datePublished":"2019-09-11T11:38:03+00:00","dateModified":"2019-09-11T11:38:03+00:00","author":{"@id":"https:\/\/portalnpm.com\/#\/schema\/person\/5c8006acdf71774cd4e7a5ab98482152"},"breadcrumb":{"@id":"https:\/\/portalnpm.com\/index.php\/2019\/09\/11\/em-teresina-pl-reune-pre-candidatos-e-reforca-apoio-ao-nome-de-fabio-abreu\/#breadcrumb"},"inLanguage":"pt-BR","potentialAction":[{"@type":"ReadAction","target":["https:\/\/portalnpm.com\/index.php\/2019\/09\/11\/em-teresina-pl-reune-pre-candidatos-e-reforca-apoio-ao-nome-de-fabio-abreu\/"]}]},{"@type":"ImageObject","inLanguage":"pt-BR","@id":"https:\/\/portalnpm.com\/index.php\/2019\/09\/11\/em-teresina-pl-reune-pre-candidatos-e-reforca-apoio-ao-nome-de-fabio-abreu\/#primaryimage","url":"","contentUrl":""},{"@type":"BreadcrumbList","@id":"https:\/\/portalnpm.com\/index.php\/2019\/09\/11\/em-teresina-pl-reune-pre-candidatos-e-reforca-apoio-ao-nome-de-fabio-abreu\/#breadcrumb","itemListElement":[{"@type":"ListItem","position":1,"name":"In\u00edcio","item":"https:\/\/portalnpm.com\/"},{"@type":"ListItem","position":2,"name":"Em Teresina, PL re\u00fane pr\u00e9-candidatos e refor\u00e7a apoio ao nome de F\u00e1bio Abreu"}]},{"@type":"WebSite","@id":"https:\/\/portalnpm.com\/#website","url":"https:\/\/portalnpm.com\/","name":"Portal NPM","description":"Not\u00edcias em Primeira M\u00e3o","potentialAction":[{"@type":"SearchAction","target":{"@type":"EntryPoint","urlTemplate":"https:\/\/portalnpm.com\/?s={search_term_string}"},"query-input":"required name=search_term_string"}],"inLanguage":"pt-BR"},{"@type":"Person","@id":"https:\/\/portalnpm.com\/#\/schema\/person\/5c8006acdf71774cd4e7a5ab98482152","name":"Luis Alberto","image":{"@type":"ImageObject","inLanguage":"pt-BR","@id":"https:\/\/portalnpm.com\/#\/schema\/person\/image\/","url":"https:\/\/portalnpm.com\/wp-content\/uploads\/2024\/12\/avatar_user_3_1734699769-96x96.jpeg","contentUrl":"https:\/\/portalnpm.com\/wp-content\/uploads\/2024\/12\/avatar_user_3_1734699769-96x96.jpeg","caption":"Luis Alberto"},"description":"Editor-geral do Portal NPM, \u00e9 formado como T\u00e9cnico em Seguran\u00e7a do Trabalho pela Escola Metropolitana de Cursos T\u00e9cnicos. Det\u00e9m ainda licenciatura em Educa\u00e7\u00e3o F\u00edsica e bacharelado em Ci\u00eancias Pol\u00edticas, ambos obtidos pela institui\u00e7\u00e3o Anhanguera\/UNOPAR.","url":"https:\/\/portalnpm.com\/index.php\/author\/pereira\/"}]}},"jetpack_sharing_enabled":true,"jetpack_featured_media_url":"","_links":{"self":[{"href":"https:\/\/portalnpm.com\/index.php\/wp-json\/wp\/v2\/posts\/11235"}],"collection":[{"href":"https:\/\/portalnpm.com\/index.php\/wp-json\/wp\/v2\/posts"}],"about":[{"href":"https:\/\/portalnpm.com\/index.php\/wp-json\/wp\/v2\/types\/post"}],"author":[{"embeddable":true,"href":"https:\/\/portalnpm.com\/index.php\/wp-json\/wp\/v2\/users\/3"}],"replies":[{"embeddable":true,"href":"https:\/\/portalnpm.com\/index.php\/wp-json\/wp\/v2\/comments?post=11235"}],"version-history":[{"count":0,"href":"https:\/\/portalnpm.com\/index.php\/wp-json\/wp\/v2\/posts\/11235\/revisions"}],"wp:featuredmedia":[{"embeddable":true,"href":"https:\/\/portalnpm.com\/index.php\/wp-json\/"}],"wp:attachment":[{"href":"https:\/\/portalnpm.com\/index.php\/wp-json\/wp\/v2\/media?parent=11235"}],"wp:term":[{"taxonomy":"category","embeddable":true,"href":"https:\/\/portalnpm.com\/index.php\/wp-json\/wp\/v2\/categories?post=11235"},{"taxonomy":"post_tag","embeddable":true,"href":"https:\/\/portalnpm.com\/index.php\/wp-json\/wp\/v2\/tags?post=11235"}],"curies":[{"name":"wp","href":"https:\/\/api.w.org\/{rel}","templated":true}]}}