{"id":11245,"date":"2019-09-11T09:25:46","date_gmt":"2019-09-11T12:25:46","guid":{"rendered":"http:\/\/srv.portalnpm.com.br\/?p=11245"},"modified":"2019-09-11T09:25:46","modified_gmt":"2019-09-11T12:25:46","slug":"procurador-de-mg-afirma-que-salario-de-r-24-mil-e-misere-e-que-deixara-de-gastar-r-20-mil-no-cartao-de-credito","status":"publish","type":"post","link":"https:\/\/portalnpm.com\/index.php\/2019\/09\/11\/procurador-de-mg-afirma-que-salario-de-r-24-mil-e-misere-e-que-deixara-de-gastar-r-20-mil-no-cartao-de-credito\/","title":{"rendered":"Procurador de MG afirma que sal\u00e1rio de R$ 24 mil \u00e9 &#8216;miser\u00ea&#8217; e que deixar\u00e1 de gastar R$ 20 mil no cart\u00e3o de cr\u00e9dito"},"content":{"rendered":"<p style=\"text-align: justify;\">Um procurador do Minist\u00e9rio P\u00fablico de Minas Gerais (MP-MG) foi gravado durante um desabafo sobre a possibilidade de n\u00e3o haver reajustes para a categoria na hip\u00f3tese do estado assinar um acordo de recupera\u00e7\u00e3o fiscal com o governo federal. No \u00e1udio revelado pela &#8220;R\u00e1dio Itatiaia&#8221;, Leonardo Azeredo dos Santos, que recebe R$ 35 mil de vencimentos brutos, reclama com o chefe da procuradoria, Ant\u00f4nio S\u00e9rgio Tonet, que est\u00e1 &#8220;deixando de gastar R$ 20 mil em cart\u00e3o de cr\u00e9dito&#8221; por conta do sal\u00e1rio. Ao todo, ele recebe R$ 24 mil ap\u00f3s os descontos.<\/p>\n<figure id=\"attachment_11246\" aria-describedby=\"caption-attachment-11246\" style=\"width: 695px\" class=\"wp-caption alignnone\"><img fetchpriority=\"high\" decoding=\"async\" class=\"size-full wp-image-11246\" src=\"http:\/\/portalnpm.com\/wp-content\/uploads\/2019\/09\/mpmg-004e.jpg\" alt=\"\" width=\"695\" height=\"461\" \/><figcaption id=\"caption-attachment-11246\" class=\"wp-caption-text\">Sede do Minist\u00e9rio P\u00fablico de Minas Gerais, na capital Belo Horizonte REPRODU\u00c7\u00c3O \/ MP-MG<\/figcaption><\/figure>\n<p style=\"text-align: justify;\">\u2014 Como \u00e9 que o cara vai viver com R$ 24 mil? O que de fato n\u00f3s vamos fazer para melhorar a nossa remunera\u00e7\u00e3o? Ou n\u00f3s vamos ficar quietos? \u2014 questiona Azeredo na grava\u00e7\u00e3o. \u2014 Estou deixando de gastar R$ 20 mil de cart\u00e3o de cr\u00e9dito e estou gastando R$ 8 mil para poder viver com os R$ 24 mil. Eu e v\u00e1rios outros j\u00e1 estamos vivendo \u00e0 base de comprimido, \u00e0 base de antidepressivo.<\/p>\n<p style=\"text-align: justify;\">\nEm outro trecho do \u00e1udio obtido pelo G1, o procurador chama seus rendimentos de &#8220;miser\u00ea&#8221;. Ele questiona o procurador-geral, ainda, sobre perspectivas de incrementar o sal\u00e1rio atrav\u00e9s de vantagens.<\/p>\n<p style=\"text-align: justify;\">\u2014 Vamos passar no ano que vem a receber nosso sal\u00e1rio verdadeiro, que todo mundo j\u00e1 verificou que \u00e9 relativamente baixo, sobretudo para quem tem mulher e filho \u2014 pondera Azeredo, diante de uma concord\u00e2ncia de outra pessoa na conversa, presumivelmente de Tonet. \u2014 J\u00e1 estou baixando o meu padr\u00e3o de vida bruscamente, mas eu vou sobreviver. E n\u00e3o \u00e9 porque sou perdul\u00e1rio. \u00c9 para manter o meu patrim\u00f4nio, que conquistei ao longo de 28 anos de carreira.<\/p>\n<p style=\"text-align: justify;\">Para o procurador do MP-MG, a dificuldade em viver com o que considera pouco vem de sua origem familiar.<\/p>\n<p style=\"text-align: justify;\">\u2014 Sou perdul\u00e1rio porque pago R$ 4.500 de condom\u00ednio e IPTU por m\u00eas. Eu, ao longo da carreira, quis ter mais condi\u00e7\u00e3o. Infelizmente n\u00e3o tenho origem humilde, n\u00e3o sou acostumado com tanta limita\u00e7\u00e3o. Talvez seja at\u00e9 mal visto. Aqui t\u00e1 cheio de gente que diz que n\u00f3s somos perdul\u00e1rios, que ganhamos muito, que n\u00f3s \u00e9 que temos que economizar. Gente que n\u00e3o gasta um centavo. S\u00f3 vive economizando. N\u00e3o \u00e9 um, n\u00e3o \u00e9 dois nem tr\u00eas.<\/p>\n<p style=\"text-align: justify;\">Segundo o G1 Minas, Azeredo n\u00e3o foi encontrado para comentar as declara\u00e7\u00f5es. De acordo com o Portal da Transpar\u00eancia, o procurador chegou a receber R$ 78.617,66 no m\u00eas de junho, somados a remunera\u00e7\u00e3o l\u00edquida, indeniza\u00e7\u00e3o e outras verbas remunat\u00f3rias. O MP-MG respondeu ao portal, em nota, que n\u00e3o tem nenhum projeto em andamento para complementar a renda de servidores, procuradores e promotores com benef\u00edcios pecuni\u00e1rios.<\/p>\n<p style=\"padding-left: 40px; text-align: left;\"><strong>Fonte: O Globo<\/strong><\/p>\n","protected":false},"excerpt":{"rendered":"<p>Um procurador do Minist\u00e9rio P\u00fablico de Minas Gerais (MP-MG) foi gravado durante um desabafo sobre a possibilidade de n\u00e3o haver reajustes para a categoria na hip\u00f3tese do estado assinar um acordo de recupera\u00e7\u00e3o fiscal com o governo federal. No \u00e1udio revelado pela &#8220;R\u00e1dio Itatiaia&#8221;, Leonardo Azeredo dos Santos, que recebe R$ 35 mil de vencimentos &hellip;<\/p>\n","protected":false},"author":3,"featured_media":11247,"comment_status":"open","ping_status":"open","sticky":false,"template":"","format":"standard","meta":{"content-type":"","rop_custom_images_group":[],"rop_custom_messages_group":[],"rop_publish_now":"initial","rop_publish_now_accounts":{"facebook_2648258775420054_1618374048415101":""},"rop_publish_now_history":[],"rop_publish_now_status":"pending","footnotes":"","_jetpack_memberships_contains_paid_content":false},"categories":[125],"tags":[3284,3285,3286],"yoast_head":"<!-- This site is optimized with the Yoast SEO plugin v22.3 - https:\/\/yoast.com\/wordpress\/plugins\/seo\/ -->\n<title>Procurador de MG afirma que sal\u00e1rio de R$ 24 mil \u00e9 &#039;miser\u00ea&#039; e que deixar\u00e1 de gastar R$ 20 mil no cart\u00e3o de cr\u00e9dito - Portal NPM<\/title>\n<meta name=\"robots\" content=\"index, follow, max-snippet:-1, max-image-preview:large, max-video-preview:-1\" \/>\n<link rel=\"canonical\" href=\"https:\/\/portalnpm.com\/index.php\/2019\/09\/11\/procurador-de-mg-afirma-que-salario-de-r-24-mil-e-misere-e-que-deixara-de-gastar-r-20-mil-no-cartao-de-credito\/\" \/>\n<meta property=\"og:locale\" content=\"pt_BR\" \/>\n<meta property=\"og:type\" content=\"article\" \/>\n<meta property=\"og:title\" content=\"Procurador de MG afirma que sal\u00e1rio de R$ 24 mil \u00e9 &#039;miser\u00ea&#039; e que deixar\u00e1 de gastar R$ 20 mil no cart\u00e3o de cr\u00e9dito - Portal NPM\" \/>\n<meta property=\"og:description\" content=\"Um procurador do Minist\u00e9rio P\u00fablico de Minas Gerais (MP-MG) foi gravado durante um desabafo sobre a possibilidade de n\u00e3o haver reajustes para a categoria na hip\u00f3tese do estado assinar um acordo de recupera\u00e7\u00e3o fiscal com o governo federal. No \u00e1udio revelado pela &#8220;R\u00e1dio Itatiaia&#8221;, Leonardo Azeredo dos Santos, que recebe R$ 35 mil de vencimentos &hellip;\" \/>\n<meta property=\"og:url\" content=\"https:\/\/portalnpm.com\/index.php\/2019\/09\/11\/procurador-de-mg-afirma-que-salario-de-r-24-mil-e-misere-e-que-deixara-de-gastar-r-20-mil-no-cartao-de-credito\/\" \/>\n<meta property=\"og:site_name\" content=\"Portal NPM\" \/>\n<meta property=\"article:published_time\" content=\"2019-09-11T12:25:46+00:00\" \/>\n<meta name=\"author\" content=\"Luis Alberto\" \/>\n<meta name=\"twitter:card\" content=\"summary_large_image\" \/>\n<meta name=\"twitter:label1\" content=\"Escrito por\" \/>\n\t<meta name=\"twitter:data1\" content=\"Luis Alberto\" \/>\n\t<meta name=\"twitter:label2\" content=\"Est. tempo de leitura\" \/>\n\t<meta name=\"twitter:data2\" content=\"2 minutos\" \/>\n<script type=\"application\/ld+json\" class=\"yoast-schema-graph\">{\"@context\":\"https:\/\/schema.org\",\"@graph\":[{\"@type\":\"WebPage\",\"@id\":\"https:\/\/portalnpm.com\/index.php\/2019\/09\/11\/procurador-de-mg-afirma-que-salario-de-r-24-mil-e-misere-e-que-deixara-de-gastar-r-20-mil-no-cartao-de-credito\/\",\"url\":\"https:\/\/portalnpm.com\/index.php\/2019\/09\/11\/procurador-de-mg-afirma-que-salario-de-r-24-mil-e-misere-e-que-deixara-de-gastar-r-20-mil-no-cartao-de-credito\/\",\"name\":\"Procurador de MG afirma que sal\u00e1rio de R$ 24 mil \u00e9 'miser\u00ea' e que deixar\u00e1 de gastar R$ 20 mil no cart\u00e3o de cr\u00e9dito - Portal NPM\",\"isPartOf\":{\"@id\":\"https:\/\/portalnpm.com\/#website\"},\"primaryImageOfPage\":{\"@id\":\"https:\/\/portalnpm.com\/index.php\/2019\/09\/11\/procurador-de-mg-afirma-que-salario-de-r-24-mil-e-misere-e-que-deixara-de-gastar-r-20-mil-no-cartao-de-credito\/#primaryimage\"},\"image\":{\"@id\":\"https:\/\/portalnpm.com\/index.php\/2019\/09\/11\/procurador-de-mg-afirma-que-salario-de-r-24-mil-e-misere-e-que-deixara-de-gastar-r-20-mil-no-cartao-de-credito\/#primaryimage\"},\"thumbnailUrl\":\"\",\"datePublished\":\"2019-09-11T12:25:46+00:00\",\"dateModified\":\"2019-09-11T12:25:46+00:00\",\"author\":{\"@id\":\"https:\/\/portalnpm.com\/#\/schema\/person\/5c8006acdf71774cd4e7a5ab98482152\"},\"breadcrumb\":{\"@id\":\"https:\/\/portalnpm.com\/index.php\/2019\/09\/11\/procurador-de-mg-afirma-que-salario-de-r-24-mil-e-misere-e-que-deixara-de-gastar-r-20-mil-no-cartao-de-credito\/#breadcrumb\"},\"inLanguage\":\"pt-BR\",\"potentialAction\":[{\"@type\":\"ReadAction\",\"target\":[\"https:\/\/portalnpm.com\/index.php\/2019\/09\/11\/procurador-de-mg-afirma-que-salario-de-r-24-mil-e-misere-e-que-deixara-de-gastar-r-20-mil-no-cartao-de-credito\/\"]}]},{\"@type\":\"ImageObject\",\"inLanguage\":\"pt-BR\",\"@id\":\"https:\/\/portalnpm.com\/index.php\/2019\/09\/11\/procurador-de-mg-afirma-que-salario-de-r-24-mil-e-misere-e-que-deixara-de-gastar-r-20-mil-no-cartao-de-credito\/#primaryimage\",\"url\":\"\",\"contentUrl\":\"\"},{\"@type\":\"BreadcrumbList\",\"@id\":\"https:\/\/portalnpm.com\/index.php\/2019\/09\/11\/procurador-de-mg-afirma-que-salario-de-r-24-mil-e-misere-e-que-deixara-de-gastar-r-20-mil-no-cartao-de-credito\/#breadcrumb\",\"itemListElement\":[{\"@type\":\"ListItem\",\"position\":1,\"name\":\"In\u00edcio\",\"item\":\"https:\/\/portalnpm.com\/\"},{\"@type\":\"ListItem\",\"position\":2,\"name\":\"Procurador de MG afirma que sal\u00e1rio de R$ 24 mil \u00e9 &#8216;miser\u00ea&#8217; e que deixar\u00e1 de gastar R$ 20 mil no cart\u00e3o de cr\u00e9dito\"}]},{\"@type\":\"WebSite\",\"@id\":\"https:\/\/portalnpm.com\/#website\",\"url\":\"https:\/\/portalnpm.com\/\",\"name\":\"Portal NPM\",\"description\":\"Not\u00edcias em Primeira M\u00e3o\",\"potentialAction\":[{\"@type\":\"SearchAction\",\"target\":{\"@type\":\"EntryPoint\",\"urlTemplate\":\"https:\/\/portalnpm.com\/?s={search_term_string}\"},\"query-input\":\"required name=search_term_string\"}],\"inLanguage\":\"pt-BR\"},{\"@type\":\"Person\",\"@id\":\"https:\/\/portalnpm.com\/#\/schema\/person\/5c8006acdf71774cd4e7a5ab98482152\",\"name\":\"Luis Alberto\",\"image\":{\"@type\":\"ImageObject\",\"inLanguage\":\"pt-BR\",\"@id\":\"https:\/\/portalnpm.com\/#\/schema\/person\/image\/\",\"url\":\"https:\/\/portalnpm.com\/wp-content\/uploads\/2024\/12\/avatar_user_3_1734699769-96x96.jpeg\",\"contentUrl\":\"https:\/\/portalnpm.com\/wp-content\/uploads\/2024\/12\/avatar_user_3_1734699769-96x96.jpeg\",\"caption\":\"Luis Alberto\"},\"description\":\"Editor-geral do Portal NPM, \u00e9 formado como T\u00e9cnico em Seguran\u00e7a do Trabalho pela Escola Metropolitana de Cursos T\u00e9cnicos. Det\u00e9m ainda licenciatura em Educa\u00e7\u00e3o F\u00edsica e bacharelado em Ci\u00eancias Pol\u00edticas, ambos obtidos pela institui\u00e7\u00e3o Anhanguera\/UNOPAR.\",\"url\":\"https:\/\/portalnpm.com\/index.php\/author\/pereira\/\"}]}<\/script>\n<!-- \/ Yoast SEO plugin. -->","yoast_head_json":{"title":"Procurador de MG afirma que sal\u00e1rio de R$ 24 mil \u00e9 'miser\u00ea' e que deixar\u00e1 de gastar R$ 20 mil no cart\u00e3o de cr\u00e9dito - Portal NPM","robots":{"index":"index","follow":"follow","max-snippet":"max-snippet:-1","max-image-preview":"max-image-preview:large","max-video-preview":"max-video-preview:-1"},"canonical":"https:\/\/portalnpm.com\/index.php\/2019\/09\/11\/procurador-de-mg-afirma-que-salario-de-r-24-mil-e-misere-e-que-deixara-de-gastar-r-20-mil-no-cartao-de-credito\/","og_locale":"pt_BR","og_type":"article","og_title":"Procurador de MG afirma que sal\u00e1rio de R$ 24 mil \u00e9 'miser\u00ea' e que deixar\u00e1 de gastar R$ 20 mil no cart\u00e3o de cr\u00e9dito - Portal NPM","og_description":"Um procurador do Minist\u00e9rio P\u00fablico de Minas Gerais (MP-MG) foi gravado durante um desabafo sobre a possibilidade de n\u00e3o haver reajustes para a categoria na hip\u00f3tese do estado assinar um acordo de recupera\u00e7\u00e3o fiscal com o governo federal. No \u00e1udio revelado pela &#8220;R\u00e1dio Itatiaia&#8221;, Leonardo Azeredo dos Santos, que recebe R$ 35 mil de vencimentos &hellip;","og_url":"https:\/\/portalnpm.com\/index.php\/2019\/09\/11\/procurador-de-mg-afirma-que-salario-de-r-24-mil-e-misere-e-que-deixara-de-gastar-r-20-mil-no-cartao-de-credito\/","og_site_name":"Portal NPM","article_published_time":"2019-09-11T12:25:46+00:00","author":"Luis Alberto","twitter_card":"summary_large_image","twitter_misc":{"Escrito por":"Luis Alberto","Est. tempo de leitura":"2 minutos"},"schema":{"@context":"https:\/\/schema.org","@graph":[{"@type":"WebPage","@id":"https:\/\/portalnpm.com\/index.php\/2019\/09\/11\/procurador-de-mg-afirma-que-salario-de-r-24-mil-e-misere-e-que-deixara-de-gastar-r-20-mil-no-cartao-de-credito\/","url":"https:\/\/portalnpm.com\/index.php\/2019\/09\/11\/procurador-de-mg-afirma-que-salario-de-r-24-mil-e-misere-e-que-deixara-de-gastar-r-20-mil-no-cartao-de-credito\/","name":"Procurador de MG afirma que sal\u00e1rio de R$ 24 mil \u00e9 'miser\u00ea' e que deixar\u00e1 de gastar R$ 20 mil no cart\u00e3o de cr\u00e9dito - Portal NPM","isPartOf":{"@id":"https:\/\/portalnpm.com\/#website"},"primaryImageOfPage":{"@id":"https:\/\/portalnpm.com\/index.php\/2019\/09\/11\/procurador-de-mg-afirma-que-salario-de-r-24-mil-e-misere-e-que-deixara-de-gastar-r-20-mil-no-cartao-de-credito\/#primaryimage"},"image":{"@id":"https:\/\/portalnpm.com\/index.php\/2019\/09\/11\/procurador-de-mg-afirma-que-salario-de-r-24-mil-e-misere-e-que-deixara-de-gastar-r-20-mil-no-cartao-de-credito\/#primaryimage"},"thumbnailUrl":"","datePublished":"2019-09-11T12:25:46+00:00","dateModified":"2019-09-11T12:25:46+00:00","author":{"@id":"https:\/\/portalnpm.com\/#\/schema\/person\/5c8006acdf71774cd4e7a5ab98482152"},"breadcrumb":{"@id":"https:\/\/portalnpm.com\/index.php\/2019\/09\/11\/procurador-de-mg-afirma-que-salario-de-r-24-mil-e-misere-e-que-deixara-de-gastar-r-20-mil-no-cartao-de-credito\/#breadcrumb"},"inLanguage":"pt-BR","potentialAction":[{"@type":"ReadAction","target":["https:\/\/portalnpm.com\/index.php\/2019\/09\/11\/procurador-de-mg-afirma-que-salario-de-r-24-mil-e-misere-e-que-deixara-de-gastar-r-20-mil-no-cartao-de-credito\/"]}]},{"@type":"ImageObject","inLanguage":"pt-BR","@id":"https:\/\/portalnpm.com\/index.php\/2019\/09\/11\/procurador-de-mg-afirma-que-salario-de-r-24-mil-e-misere-e-que-deixara-de-gastar-r-20-mil-no-cartao-de-credito\/#primaryimage","url":"","contentUrl":""},{"@type":"BreadcrumbList","@id":"https:\/\/portalnpm.com\/index.php\/2019\/09\/11\/procurador-de-mg-afirma-que-salario-de-r-24-mil-e-misere-e-que-deixara-de-gastar-r-20-mil-no-cartao-de-credito\/#breadcrumb","itemListElement":[{"@type":"ListItem","position":1,"name":"In\u00edcio","item":"https:\/\/portalnpm.com\/"},{"@type":"ListItem","position":2,"name":"Procurador de MG afirma que sal\u00e1rio de R$ 24 mil \u00e9 &#8216;miser\u00ea&#8217; e que deixar\u00e1 de gastar R$ 20 mil no cart\u00e3o de cr\u00e9dito"}]},{"@type":"WebSite","@id":"https:\/\/portalnpm.com\/#website","url":"https:\/\/portalnpm.com\/","name":"Portal NPM","description":"Not\u00edcias em Primeira M\u00e3o","potentialAction":[{"@type":"SearchAction","target":{"@type":"EntryPoint","urlTemplate":"https:\/\/portalnpm.com\/?s={search_term_string}"},"query-input":"required name=search_term_string"}],"inLanguage":"pt-BR"},{"@type":"Person","@id":"https:\/\/portalnpm.com\/#\/schema\/person\/5c8006acdf71774cd4e7a5ab98482152","name":"Luis Alberto","image":{"@type":"ImageObject","inLanguage":"pt-BR","@id":"https:\/\/portalnpm.com\/#\/schema\/person\/image\/","url":"https:\/\/portalnpm.com\/wp-content\/uploads\/2024\/12\/avatar_user_3_1734699769-96x96.jpeg","contentUrl":"https:\/\/portalnpm.com\/wp-content\/uploads\/2024\/12\/avatar_user_3_1734699769-96x96.jpeg","caption":"Luis Alberto"},"description":"Editor-geral do Portal NPM, \u00e9 formado como T\u00e9cnico em Seguran\u00e7a do Trabalho pela Escola Metropolitana de Cursos T\u00e9cnicos. Det\u00e9m ainda licenciatura em Educa\u00e7\u00e3o F\u00edsica e bacharelado em Ci\u00eancias Pol\u00edticas, ambos obtidos pela institui\u00e7\u00e3o Anhanguera\/UNOPAR.","url":"https:\/\/portalnpm.com\/index.php\/author\/pereira\/"}]}},"jetpack_sharing_enabled":true,"jetpack_featured_media_url":"","_links":{"self":[{"href":"https:\/\/portalnpm.com\/index.php\/wp-json\/wp\/v2\/posts\/11245"}],"collection":[{"href":"https:\/\/portalnpm.com\/index.php\/wp-json\/wp\/v2\/posts"}],"about":[{"href":"https:\/\/portalnpm.com\/index.php\/wp-json\/wp\/v2\/types\/post"}],"author":[{"embeddable":true,"href":"https:\/\/portalnpm.com\/index.php\/wp-json\/wp\/v2\/users\/3"}],"replies":[{"embeddable":true,"href":"https:\/\/portalnpm.com\/index.php\/wp-json\/wp\/v2\/comments?post=11245"}],"version-history":[{"count":0,"href":"https:\/\/portalnpm.com\/index.php\/wp-json\/wp\/v2\/posts\/11245\/revisions"}],"wp:featuredmedia":[{"embeddable":true,"href":"https:\/\/portalnpm.com\/index.php\/wp-json\/"}],"wp:attachment":[{"href":"https:\/\/portalnpm.com\/index.php\/wp-json\/wp\/v2\/media?parent=11245"}],"wp:term":[{"taxonomy":"category","embeddable":true,"href":"https:\/\/portalnpm.com\/index.php\/wp-json\/wp\/v2\/categories?post=11245"},{"taxonomy":"post_tag","embeddable":true,"href":"https:\/\/portalnpm.com\/index.php\/wp-json\/wp\/v2\/tags?post=11245"}],"curies":[{"name":"wp","href":"https:\/\/api.w.org\/{rel}","templated":true}]}}