{"id":11263,"date":"2019-09-12T12:12:06","date_gmt":"2019-09-12T15:12:06","guid":{"rendered":"http:\/\/srv.portalnpm.com.br\/?p=11263"},"modified":"2019-09-12T12:12:06","modified_gmt":"2019-09-12T15:12:06","slug":"sao-juliao-segundo-comandante-do-gpm-motos-estacionadas-de-forma-irregular-no-centro-da-cidade-podem-ser-apreendidas","status":"publish","type":"post","link":"https:\/\/portalnpm.com\/index.php\/2019\/09\/12\/sao-juliao-segundo-comandante-do-gpm-motos-estacionadas-de-forma-irregular-no-centro-da-cidade-podem-ser-apreendidas\/","title":{"rendered":"S\u00e3o Juli\u00e3o | Segundo comandante do GPM, motos estacionadas de forma irregular no centro da cidade podem ser apreendidas"},"content":{"rendered":"<p style=\"text-align: justify;\">O Grupamento de Pol\u00edcia Militar \u2013 GPM de S\u00e3o Juli\u00e3o \u2013 PI, atrav\u00e9s do comandante Xavier, informou \u00e0 reda\u00e7\u00e3o do\u00a0<a href=\"https:\/\/www.facebook.com\/ENoticiasOficial\/\"><em>Portal \u00c9 Not\u00edcias<\/em><\/a>\u00a0que vai intensificar a fiscaliza\u00e7\u00e3o no munic\u00edpio contra ve\u00edculos estacionados de forma irregular no centro da cidade, sobretudo aos finais de semana.<\/p>\n<p style=\"text-align: justify;\">De acordo com Sargento Xavier, muitos ve\u00edculos se aglomeram nas proximidades dos bares aos finais de semana no munic\u00edpio dificultando a ida e vinda dos transeuntes, o que \u00e9 proibido pelas Leis de Tr\u00e2nsito.<\/p>\n<p style=\"text-align: justify;\">Outra irregularidade que ser\u00e1 combatida pela pol\u00edcia, segundo informou o comandante do GPM, \u00e9 a condu\u00e7\u00e3o de motos ou carros por menores de idade.<\/p>\n<p style=\"text-align: justify;\">\u201cVamos realizar dilig\u00eancias constantes para apreender motos irregulares no munic\u00edpio. Seja com canos barulhentos ou conduzidas por menores. Ou mesmo aqueles ve\u00edculos estacionados de forma irregular. Quem for pego em flagrante caso ocorra uma blitz ter\u00e1 a moto apreendida e os respons\u00e1veis ter\u00e3o que responder um TCO, Termo Circunstanciado de Ocorr\u00eancia\u201d, informou o Sargento Xavier.<\/p>\n<p style=\"text-align: justify;\"><strong>Fonte: Portal \u00c9 Not\u00edcias<\/strong><\/p>\n","protected":false},"excerpt":{"rendered":"<p>O Grupamento de Pol\u00edcia Militar \u2013 GPM de S\u00e3o Juli\u00e3o \u2013 PI, atrav\u00e9s do comandante Xavier, informou \u00e0 reda\u00e7\u00e3o do\u00a0Portal \u00c9 Not\u00edcias\u00a0que vai intensificar a fiscaliza\u00e7\u00e3o no munic\u00edpio contra ve\u00edculos estacionados de forma irregular no centro da cidade, sobretudo aos finais de semana. De acordo com Sargento Xavier, muitos ve\u00edculos se aglomeram nas proximidades dos &hellip;<\/p>\n","protected":false},"author":3,"featured_media":11264,"comment_status":"open","ping_status":"open","sticky":false,"template":"","format":"standard","meta":{"content-type":"","rop_custom_images_group":[],"rop_custom_messages_group":[],"rop_publish_now":"initial","rop_publish_now_accounts":{"facebook_2648258775420054_1618374048415101":""},"rop_publish_now_history":[],"rop_publish_now_status":"pending","footnotes":"","_jetpack_memberships_contains_paid_content":false},"categories":[109,136],"tags":[1439,3287,2911,137],"yoast_head":"<!-- This site is optimized with the Yoast SEO plugin v22.3 - https:\/\/yoast.com\/wordpress\/plugins\/seo\/ -->\n<title>S\u00e3o Juli\u00e3o | Segundo comandante do GPM, motos estacionadas de forma irregular no centro da cidade podem ser apreendidas - Portal NPM<\/title>\n<meta name=\"robots\" content=\"index, follow, max-snippet:-1, max-image-preview:large, max-video-preview:-1\" \/>\n<link rel=\"canonical\" href=\"https:\/\/portalnpm.com\/index.php\/2019\/09\/12\/sao-juliao-segundo-comandante-do-gpm-motos-estacionadas-de-forma-irregular-no-centro-da-cidade-podem-ser-apreendidas\/\" \/>\n<meta property=\"og:locale\" content=\"pt_BR\" \/>\n<meta property=\"og:type\" content=\"article\" \/>\n<meta property=\"og:title\" content=\"S\u00e3o Juli\u00e3o | Segundo comandante do GPM, motos estacionadas de forma irregular no centro da cidade podem ser apreendidas - Portal NPM\" \/>\n<meta property=\"og:description\" content=\"O Grupamento de Pol\u00edcia Militar \u2013 GPM de S\u00e3o Juli\u00e3o \u2013 PI, atrav\u00e9s do comandante Xavier, informou \u00e0 reda\u00e7\u00e3o do\u00a0Portal \u00c9 Not\u00edcias\u00a0que vai intensificar a fiscaliza\u00e7\u00e3o no munic\u00edpio contra ve\u00edculos estacionados de forma irregular no centro da cidade, sobretudo aos finais de semana. De acordo com Sargento Xavier, muitos ve\u00edculos se aglomeram nas proximidades dos &hellip;\" \/>\n<meta property=\"og:url\" content=\"https:\/\/portalnpm.com\/index.php\/2019\/09\/12\/sao-juliao-segundo-comandante-do-gpm-motos-estacionadas-de-forma-irregular-no-centro-da-cidade-podem-ser-apreendidas\/\" \/>\n<meta property=\"og:site_name\" content=\"Portal NPM\" \/>\n<meta property=\"article:published_time\" content=\"2019-09-12T15:12:06+00:00\" \/>\n<meta name=\"author\" content=\"Luis Alberto\" \/>\n<meta name=\"twitter:card\" content=\"summary_large_image\" \/>\n<meta name=\"twitter:label1\" content=\"Escrito por\" \/>\n\t<meta name=\"twitter:data1\" content=\"Luis Alberto\" \/>\n\t<meta name=\"twitter:label2\" content=\"Est. tempo de leitura\" \/>\n\t<meta name=\"twitter:data2\" content=\"1 minuto\" \/>\n<script type=\"application\/ld+json\" class=\"yoast-schema-graph\">{\"@context\":\"https:\/\/schema.org\",\"@graph\":[{\"@type\":\"WebPage\",\"@id\":\"https:\/\/portalnpm.com\/index.php\/2019\/09\/12\/sao-juliao-segundo-comandante-do-gpm-motos-estacionadas-de-forma-irregular-no-centro-da-cidade-podem-ser-apreendidas\/\",\"url\":\"https:\/\/portalnpm.com\/index.php\/2019\/09\/12\/sao-juliao-segundo-comandante-do-gpm-motos-estacionadas-de-forma-irregular-no-centro-da-cidade-podem-ser-apreendidas\/\",\"name\":\"S\u00e3o Juli\u00e3o | Segundo comandante do GPM, motos estacionadas de forma irregular no centro da cidade podem ser apreendidas - Portal NPM\",\"isPartOf\":{\"@id\":\"https:\/\/portalnpm.com\/#website\"},\"primaryImageOfPage\":{\"@id\":\"https:\/\/portalnpm.com\/index.php\/2019\/09\/12\/sao-juliao-segundo-comandante-do-gpm-motos-estacionadas-de-forma-irregular-no-centro-da-cidade-podem-ser-apreendidas\/#primaryimage\"},\"image\":{\"@id\":\"https:\/\/portalnpm.com\/index.php\/2019\/09\/12\/sao-juliao-segundo-comandante-do-gpm-motos-estacionadas-de-forma-irregular-no-centro-da-cidade-podem-ser-apreendidas\/#primaryimage\"},\"thumbnailUrl\":\"\",\"datePublished\":\"2019-09-12T15:12:06+00:00\",\"dateModified\":\"2019-09-12T15:12:06+00:00\",\"author\":{\"@id\":\"https:\/\/portalnpm.com\/#\/schema\/person\/5c8006acdf71774cd4e7a5ab98482152\"},\"breadcrumb\":{\"@id\":\"https:\/\/portalnpm.com\/index.php\/2019\/09\/12\/sao-juliao-segundo-comandante-do-gpm-motos-estacionadas-de-forma-irregular-no-centro-da-cidade-podem-ser-apreendidas\/#breadcrumb\"},\"inLanguage\":\"pt-BR\",\"potentialAction\":[{\"@type\":\"ReadAction\",\"target\":[\"https:\/\/portalnpm.com\/index.php\/2019\/09\/12\/sao-juliao-segundo-comandante-do-gpm-motos-estacionadas-de-forma-irregular-no-centro-da-cidade-podem-ser-apreendidas\/\"]}]},{\"@type\":\"ImageObject\",\"inLanguage\":\"pt-BR\",\"@id\":\"https:\/\/portalnpm.com\/index.php\/2019\/09\/12\/sao-juliao-segundo-comandante-do-gpm-motos-estacionadas-de-forma-irregular-no-centro-da-cidade-podem-ser-apreendidas\/#primaryimage\",\"url\":\"\",\"contentUrl\":\"\"},{\"@type\":\"BreadcrumbList\",\"@id\":\"https:\/\/portalnpm.com\/index.php\/2019\/09\/12\/sao-juliao-segundo-comandante-do-gpm-motos-estacionadas-de-forma-irregular-no-centro-da-cidade-podem-ser-apreendidas\/#breadcrumb\",\"itemListElement\":[{\"@type\":\"ListItem\",\"position\":1,\"name\":\"In\u00edcio\",\"item\":\"https:\/\/portalnpm.com\/\"},{\"@type\":\"ListItem\",\"position\":2,\"name\":\"S\u00e3o Juli\u00e3o | Segundo comandante do GPM, motos estacionadas de forma irregular no centro da cidade podem ser apreendidas\"}]},{\"@type\":\"WebSite\",\"@id\":\"https:\/\/portalnpm.com\/#website\",\"url\":\"https:\/\/portalnpm.com\/\",\"name\":\"Portal NPM\",\"description\":\"Not\u00edcias em Primeira M\u00e3o\",\"potentialAction\":[{\"@type\":\"SearchAction\",\"target\":{\"@type\":\"EntryPoint\",\"urlTemplate\":\"https:\/\/portalnpm.com\/?s={search_term_string}\"},\"query-input\":\"required name=search_term_string\"}],\"inLanguage\":\"pt-BR\"},{\"@type\":\"Person\",\"@id\":\"https:\/\/portalnpm.com\/#\/schema\/person\/5c8006acdf71774cd4e7a5ab98482152\",\"name\":\"Luis Alberto\",\"image\":{\"@type\":\"ImageObject\",\"inLanguage\":\"pt-BR\",\"@id\":\"https:\/\/portalnpm.com\/#\/schema\/person\/image\/\",\"url\":\"https:\/\/portalnpm.com\/wp-content\/uploads\/2024\/12\/avatar_user_3_1734699769-96x96.jpeg\",\"contentUrl\":\"https:\/\/portalnpm.com\/wp-content\/uploads\/2024\/12\/avatar_user_3_1734699769-96x96.jpeg\",\"caption\":\"Luis Alberto\"},\"description\":\"Editor-geral do Portal NPM, \u00e9 formado como T\u00e9cnico em Seguran\u00e7a do Trabalho pela Escola Metropolitana de Cursos T\u00e9cnicos. Det\u00e9m ainda licenciatura em Educa\u00e7\u00e3o F\u00edsica e bacharelado em Ci\u00eancias Pol\u00edticas, ambos obtidos pela institui\u00e7\u00e3o Anhanguera\/UNOPAR.\",\"url\":\"https:\/\/portalnpm.com\/index.php\/author\/pereira\/\"}]}<\/script>\n<!-- \/ Yoast SEO plugin. -->","yoast_head_json":{"title":"S\u00e3o Juli\u00e3o | Segundo comandante do GPM, motos estacionadas de forma irregular no centro da cidade podem ser apreendidas - Portal NPM","robots":{"index":"index","follow":"follow","max-snippet":"max-snippet:-1","max-image-preview":"max-image-preview:large","max-video-preview":"max-video-preview:-1"},"canonical":"https:\/\/portalnpm.com\/index.php\/2019\/09\/12\/sao-juliao-segundo-comandante-do-gpm-motos-estacionadas-de-forma-irregular-no-centro-da-cidade-podem-ser-apreendidas\/","og_locale":"pt_BR","og_type":"article","og_title":"S\u00e3o Juli\u00e3o | Segundo comandante do GPM, motos estacionadas de forma irregular no centro da cidade podem ser apreendidas - Portal NPM","og_description":"O Grupamento de Pol\u00edcia Militar \u2013 GPM de S\u00e3o Juli\u00e3o \u2013 PI, atrav\u00e9s do comandante Xavier, informou \u00e0 reda\u00e7\u00e3o do\u00a0Portal \u00c9 Not\u00edcias\u00a0que vai intensificar a fiscaliza\u00e7\u00e3o no munic\u00edpio contra ve\u00edculos estacionados de forma irregular no centro da cidade, sobretudo aos finais de semana. De acordo com Sargento Xavier, muitos ve\u00edculos se aglomeram nas proximidades dos &hellip;","og_url":"https:\/\/portalnpm.com\/index.php\/2019\/09\/12\/sao-juliao-segundo-comandante-do-gpm-motos-estacionadas-de-forma-irregular-no-centro-da-cidade-podem-ser-apreendidas\/","og_site_name":"Portal NPM","article_published_time":"2019-09-12T15:12:06+00:00","author":"Luis Alberto","twitter_card":"summary_large_image","twitter_misc":{"Escrito por":"Luis Alberto","Est. tempo de leitura":"1 minuto"},"schema":{"@context":"https:\/\/schema.org","@graph":[{"@type":"WebPage","@id":"https:\/\/portalnpm.com\/index.php\/2019\/09\/12\/sao-juliao-segundo-comandante-do-gpm-motos-estacionadas-de-forma-irregular-no-centro-da-cidade-podem-ser-apreendidas\/","url":"https:\/\/portalnpm.com\/index.php\/2019\/09\/12\/sao-juliao-segundo-comandante-do-gpm-motos-estacionadas-de-forma-irregular-no-centro-da-cidade-podem-ser-apreendidas\/","name":"S\u00e3o Juli\u00e3o | Segundo comandante do GPM, motos estacionadas de forma irregular no centro da cidade podem ser apreendidas - Portal NPM","isPartOf":{"@id":"https:\/\/portalnpm.com\/#website"},"primaryImageOfPage":{"@id":"https:\/\/portalnpm.com\/index.php\/2019\/09\/12\/sao-juliao-segundo-comandante-do-gpm-motos-estacionadas-de-forma-irregular-no-centro-da-cidade-podem-ser-apreendidas\/#primaryimage"},"image":{"@id":"https:\/\/portalnpm.com\/index.php\/2019\/09\/12\/sao-juliao-segundo-comandante-do-gpm-motos-estacionadas-de-forma-irregular-no-centro-da-cidade-podem-ser-apreendidas\/#primaryimage"},"thumbnailUrl":"","datePublished":"2019-09-12T15:12:06+00:00","dateModified":"2019-09-12T15:12:06+00:00","author":{"@id":"https:\/\/portalnpm.com\/#\/schema\/person\/5c8006acdf71774cd4e7a5ab98482152"},"breadcrumb":{"@id":"https:\/\/portalnpm.com\/index.php\/2019\/09\/12\/sao-juliao-segundo-comandante-do-gpm-motos-estacionadas-de-forma-irregular-no-centro-da-cidade-podem-ser-apreendidas\/#breadcrumb"},"inLanguage":"pt-BR","potentialAction":[{"@type":"ReadAction","target":["https:\/\/portalnpm.com\/index.php\/2019\/09\/12\/sao-juliao-segundo-comandante-do-gpm-motos-estacionadas-de-forma-irregular-no-centro-da-cidade-podem-ser-apreendidas\/"]}]},{"@type":"ImageObject","inLanguage":"pt-BR","@id":"https:\/\/portalnpm.com\/index.php\/2019\/09\/12\/sao-juliao-segundo-comandante-do-gpm-motos-estacionadas-de-forma-irregular-no-centro-da-cidade-podem-ser-apreendidas\/#primaryimage","url":"","contentUrl":""},{"@type":"BreadcrumbList","@id":"https:\/\/portalnpm.com\/index.php\/2019\/09\/12\/sao-juliao-segundo-comandante-do-gpm-motos-estacionadas-de-forma-irregular-no-centro-da-cidade-podem-ser-apreendidas\/#breadcrumb","itemListElement":[{"@type":"ListItem","position":1,"name":"In\u00edcio","item":"https:\/\/portalnpm.com\/"},{"@type":"ListItem","position":2,"name":"S\u00e3o Juli\u00e3o | Segundo comandante do GPM, motos estacionadas de forma irregular no centro da cidade podem ser apreendidas"}]},{"@type":"WebSite","@id":"https:\/\/portalnpm.com\/#website","url":"https:\/\/portalnpm.com\/","name":"Portal NPM","description":"Not\u00edcias em Primeira M\u00e3o","potentialAction":[{"@type":"SearchAction","target":{"@type":"EntryPoint","urlTemplate":"https:\/\/portalnpm.com\/?s={search_term_string}"},"query-input":"required name=search_term_string"}],"inLanguage":"pt-BR"},{"@type":"Person","@id":"https:\/\/portalnpm.com\/#\/schema\/person\/5c8006acdf71774cd4e7a5ab98482152","name":"Luis Alberto","image":{"@type":"ImageObject","inLanguage":"pt-BR","@id":"https:\/\/portalnpm.com\/#\/schema\/person\/image\/","url":"https:\/\/portalnpm.com\/wp-content\/uploads\/2024\/12\/avatar_user_3_1734699769-96x96.jpeg","contentUrl":"https:\/\/portalnpm.com\/wp-content\/uploads\/2024\/12\/avatar_user_3_1734699769-96x96.jpeg","caption":"Luis Alberto"},"description":"Editor-geral do Portal NPM, \u00e9 formado como T\u00e9cnico em Seguran\u00e7a do Trabalho pela Escola Metropolitana de Cursos T\u00e9cnicos. Det\u00e9m ainda licenciatura em Educa\u00e7\u00e3o F\u00edsica e bacharelado em Ci\u00eancias Pol\u00edticas, ambos obtidos pela institui\u00e7\u00e3o Anhanguera\/UNOPAR.","url":"https:\/\/portalnpm.com\/index.php\/author\/pereira\/"}]}},"jetpack_sharing_enabled":true,"jetpack_featured_media_url":"","_links":{"self":[{"href":"https:\/\/portalnpm.com\/index.php\/wp-json\/wp\/v2\/posts\/11263"}],"collection":[{"href":"https:\/\/portalnpm.com\/index.php\/wp-json\/wp\/v2\/posts"}],"about":[{"href":"https:\/\/portalnpm.com\/index.php\/wp-json\/wp\/v2\/types\/post"}],"author":[{"embeddable":true,"href":"https:\/\/portalnpm.com\/index.php\/wp-json\/wp\/v2\/users\/3"}],"replies":[{"embeddable":true,"href":"https:\/\/portalnpm.com\/index.php\/wp-json\/wp\/v2\/comments?post=11263"}],"version-history":[{"count":0,"href":"https:\/\/portalnpm.com\/index.php\/wp-json\/wp\/v2\/posts\/11263\/revisions"}],"wp:featuredmedia":[{"embeddable":true,"href":"https:\/\/portalnpm.com\/index.php\/wp-json\/"}],"wp:attachment":[{"href":"https:\/\/portalnpm.com\/index.php\/wp-json\/wp\/v2\/media?parent=11263"}],"wp:term":[{"taxonomy":"category","embeddable":true,"href":"https:\/\/portalnpm.com\/index.php\/wp-json\/wp\/v2\/categories?post=11263"},{"taxonomy":"post_tag","embeddable":true,"href":"https:\/\/portalnpm.com\/index.php\/wp-json\/wp\/v2\/tags?post=11263"}],"curies":[{"name":"wp","href":"https:\/\/api.w.org\/{rel}","templated":true}]}}