{"id":11303,"date":"2019-09-13T14:56:33","date_gmt":"2019-09-13T17:56:33","guid":{"rendered":"http:\/\/srv.portalnpm.com.br\/?p=11303"},"modified":"2019-09-13T14:56:33","modified_gmt":"2019-09-13T17:56:33","slug":"sexta-feira-13-tera-lua-cheia-pela-primeira-vez-em-duas-decadas","status":"publish","type":"post","link":"https:\/\/portalnpm.com\/index.php\/2019\/09\/13\/sexta-feira-13-tera-lua-cheia-pela-primeira-vez-em-duas-decadas\/","title":{"rendered":"Sexta-feira 13 ter\u00e1 lua cheia pela primeira vez em duas d\u00e9cadas"},"content":{"rendered":"<p style=\"text-align: justify;\">A sexta-feira 13 sempre foi recheada de mist\u00e9rios e um prato cheio para aqueles mais \u201ccabal\u00edsticos\u201d. Algumas pessoas j\u00e1 se programam para a data enigm\u00e1tica e preferem evitar situa\u00e7\u00f5es de azar. Outras, acreditam na sorte. Imagine se, em uma sexta-feira 13, a Lua cheia brilhar no c\u00e9u? \u00c9 exatamente isso que ocorrer\u00e1 nesta sexta, em uma coincid\u00eancia que n\u00e3o era registrada h\u00e1 quase duas d\u00e9cadas.<\/p>\n<p style=\"text-align: justify;\">A \u00faltima vez que o sat\u00e9lite natural surgiu nesta data foi em 13 de outubro de 2000. De acordo com informa\u00e7\u00f5es da Nasa, ag\u00eancia espacial norte-americana, a Lua aparecer\u00e1 cheia at\u00e9 domingo. E o ano de 2019 pode reservar ainda mais surpresas: o dia 13 de dezembro cair\u00e1 em uma sexta-feira. E tamb\u00e9m ser\u00e1 noite de Lua cheia.<\/p>\n<p style=\"text-align: justify;\">H\u00e1 d\u00e9cadas, estudiosos investigam a influ\u00eancia do sat\u00e9lite natural da Terra em nossas vidas, do corte de cabelo, passando pelo sono, at\u00e9 o ciclo de fertilidade das mulheres.<\/p>\n<p style=\"text-align: justify;\">Especialistas dizem que o calend\u00e1rio biodin\u00e2mico, que inicialmente era usado para aconselhar os agricultores nas planta\u00e7\u00f5es, seria capaz de concluir qual dia \u00e9 ideal para a colheita das uvas. Na astrologia, h\u00e1 quem diga que, quando a Lua passa pelos signos de Sagit\u00e1rio, Le\u00e3o e \u00c1ries, a produ\u00e7\u00e3o pode tornar o vinho mais saboroso.<\/p>\n<p style=\"text-align: justify;\"><em><strong>Fonte<\/strong>: Estad\u00e3o Conte\u00fado<\/em><\/p>\n","protected":false},"excerpt":{"rendered":"<p>A sexta-feira 13 sempre foi recheada de mist\u00e9rios e um prato cheio para aqueles mais \u201ccabal\u00edsticos\u201d. Algumas pessoas j\u00e1 se programam para a data enigm\u00e1tica e preferem evitar situa\u00e7\u00f5es de azar. Outras, acreditam na sorte. Imagine se, em uma sexta-feira 13, a Lua cheia brilhar no c\u00e9u? \u00c9 exatamente isso que ocorrer\u00e1 nesta sexta, em &hellip;<\/p>\n","protected":false},"author":8,"featured_media":11304,"comment_status":"open","ping_status":"open","sticky":false,"template":"","format":"standard","meta":{"content-type":"","rop_custom_images_group":[],"rop_custom_messages_group":[],"rop_publish_now":"initial","rop_publish_now_accounts":{"facebook_2648258775420054_1618374048415101":""},"rop_publish_now_history":[],"rop_publish_now_status":"pending","footnotes":"","_jetpack_memberships_contains_paid_content":false},"categories":[125],"tags":[3298,3299,1814],"yoast_head":"<!-- This site is optimized with the Yoast SEO plugin v22.3 - https:\/\/yoast.com\/wordpress\/plugins\/seo\/ -->\n<title>Sexta-feira 13 ter\u00e1 lua cheia pela primeira vez em duas d\u00e9cadas - Portal NPM<\/title>\n<meta name=\"robots\" content=\"index, follow, max-snippet:-1, max-image-preview:large, max-video-preview:-1\" \/>\n<link rel=\"canonical\" href=\"https:\/\/portalnpm.com\/index.php\/2019\/09\/13\/sexta-feira-13-tera-lua-cheia-pela-primeira-vez-em-duas-decadas\/\" \/>\n<meta property=\"og:locale\" content=\"pt_BR\" \/>\n<meta property=\"og:type\" content=\"article\" \/>\n<meta property=\"og:title\" content=\"Sexta-feira 13 ter\u00e1 lua cheia pela primeira vez em duas d\u00e9cadas - Portal NPM\" \/>\n<meta property=\"og:description\" content=\"A sexta-feira 13 sempre foi recheada de mist\u00e9rios e um prato cheio para aqueles mais \u201ccabal\u00edsticos\u201d. Algumas pessoas j\u00e1 se programam para a data enigm\u00e1tica e preferem evitar situa\u00e7\u00f5es de azar. Outras, acreditam na sorte. Imagine se, em uma sexta-feira 13, a Lua cheia brilhar no c\u00e9u? \u00c9 exatamente isso que ocorrer\u00e1 nesta sexta, em &hellip;\" \/>\n<meta property=\"og:url\" content=\"https:\/\/portalnpm.com\/index.php\/2019\/09\/13\/sexta-feira-13-tera-lua-cheia-pela-primeira-vez-em-duas-decadas\/\" \/>\n<meta property=\"og:site_name\" content=\"Portal NPM\" \/>\n<meta property=\"article:published_time\" content=\"2019-09-13T17:56:33+00:00\" \/>\n<meta name=\"author\" content=\"Zenilton Lima\" \/>\n<meta name=\"twitter:card\" content=\"summary_large_image\" \/>\n<meta name=\"twitter:label1\" content=\"Escrito por\" \/>\n\t<meta name=\"twitter:data1\" content=\"Zenilton Lima\" \/>\n\t<meta name=\"twitter:label2\" content=\"Est. tempo de leitura\" \/>\n\t<meta name=\"twitter:data2\" content=\"1 minuto\" \/>\n<script type=\"application\/ld+json\" class=\"yoast-schema-graph\">{\"@context\":\"https:\/\/schema.org\",\"@graph\":[{\"@type\":\"WebPage\",\"@id\":\"https:\/\/portalnpm.com\/index.php\/2019\/09\/13\/sexta-feira-13-tera-lua-cheia-pela-primeira-vez-em-duas-decadas\/\",\"url\":\"https:\/\/portalnpm.com\/index.php\/2019\/09\/13\/sexta-feira-13-tera-lua-cheia-pela-primeira-vez-em-duas-decadas\/\",\"name\":\"Sexta-feira 13 ter\u00e1 lua cheia pela primeira vez em duas d\u00e9cadas - Portal NPM\",\"isPartOf\":{\"@id\":\"https:\/\/portalnpm.com\/#website\"},\"primaryImageOfPage\":{\"@id\":\"https:\/\/portalnpm.com\/index.php\/2019\/09\/13\/sexta-feira-13-tera-lua-cheia-pela-primeira-vez-em-duas-decadas\/#primaryimage\"},\"image\":{\"@id\":\"https:\/\/portalnpm.com\/index.php\/2019\/09\/13\/sexta-feira-13-tera-lua-cheia-pela-primeira-vez-em-duas-decadas\/#primaryimage\"},\"thumbnailUrl\":\"\",\"datePublished\":\"2019-09-13T17:56:33+00:00\",\"dateModified\":\"2019-09-13T17:56:33+00:00\",\"author\":{\"@id\":\"https:\/\/portalnpm.com\/#\/schema\/person\/35cb55186eae3f074b6783da6d35591e\"},\"breadcrumb\":{\"@id\":\"https:\/\/portalnpm.com\/index.php\/2019\/09\/13\/sexta-feira-13-tera-lua-cheia-pela-primeira-vez-em-duas-decadas\/#breadcrumb\"},\"inLanguage\":\"pt-BR\",\"potentialAction\":[{\"@type\":\"ReadAction\",\"target\":[\"https:\/\/portalnpm.com\/index.php\/2019\/09\/13\/sexta-feira-13-tera-lua-cheia-pela-primeira-vez-em-duas-decadas\/\"]}]},{\"@type\":\"ImageObject\",\"inLanguage\":\"pt-BR\",\"@id\":\"https:\/\/portalnpm.com\/index.php\/2019\/09\/13\/sexta-feira-13-tera-lua-cheia-pela-primeira-vez-em-duas-decadas\/#primaryimage\",\"url\":\"\",\"contentUrl\":\"\"},{\"@type\":\"BreadcrumbList\",\"@id\":\"https:\/\/portalnpm.com\/index.php\/2019\/09\/13\/sexta-feira-13-tera-lua-cheia-pela-primeira-vez-em-duas-decadas\/#breadcrumb\",\"itemListElement\":[{\"@type\":\"ListItem\",\"position\":1,\"name\":\"In\u00edcio\",\"item\":\"https:\/\/portalnpm.com\/\"},{\"@type\":\"ListItem\",\"position\":2,\"name\":\"Sexta-feira 13 ter\u00e1 lua cheia pela primeira vez em duas d\u00e9cadas\"}]},{\"@type\":\"WebSite\",\"@id\":\"https:\/\/portalnpm.com\/#website\",\"url\":\"https:\/\/portalnpm.com\/\",\"name\":\"Portal NPM\",\"description\":\"Not\u00edcias em Primeira M\u00e3o\",\"potentialAction\":[{\"@type\":\"SearchAction\",\"target\":{\"@type\":\"EntryPoint\",\"urlTemplate\":\"https:\/\/portalnpm.com\/?s={search_term_string}\"},\"query-input\":\"required name=search_term_string\"}],\"inLanguage\":\"pt-BR\"},{\"@type\":\"Person\",\"@id\":\"https:\/\/portalnpm.com\/#\/schema\/person\/35cb55186eae3f074b6783da6d35591e\",\"name\":\"Zenilton Lima\",\"image\":{\"@type\":\"ImageObject\",\"inLanguage\":\"pt-BR\",\"@id\":\"https:\/\/portalnpm.com\/#\/schema\/person\/image\/\",\"url\":\"https:\/\/portalnpm.com\/wp-content\/uploads\/2024\/12\/avatar_user_8_1733658137-96x96.jpeg\",\"contentUrl\":\"https:\/\/portalnpm.com\/wp-content\/uploads\/2024\/12\/avatar_user_8_1733658137-96x96.jpeg\",\"caption\":\"Zenilton Lima\"},\"url\":\"https:\/\/portalnpm.com\/index.php\/author\/zenilton\/\"}]}<\/script>\n<!-- \/ Yoast SEO plugin. -->","yoast_head_json":{"title":"Sexta-feira 13 ter\u00e1 lua cheia pela primeira vez em duas d\u00e9cadas - Portal NPM","robots":{"index":"index","follow":"follow","max-snippet":"max-snippet:-1","max-image-preview":"max-image-preview:large","max-video-preview":"max-video-preview:-1"},"canonical":"https:\/\/portalnpm.com\/index.php\/2019\/09\/13\/sexta-feira-13-tera-lua-cheia-pela-primeira-vez-em-duas-decadas\/","og_locale":"pt_BR","og_type":"article","og_title":"Sexta-feira 13 ter\u00e1 lua cheia pela primeira vez em duas d\u00e9cadas - Portal NPM","og_description":"A sexta-feira 13 sempre foi recheada de mist\u00e9rios e um prato cheio para aqueles mais \u201ccabal\u00edsticos\u201d. Algumas pessoas j\u00e1 se programam para a data enigm\u00e1tica e preferem evitar situa\u00e7\u00f5es de azar. Outras, acreditam na sorte. Imagine se, em uma sexta-feira 13, a Lua cheia brilhar no c\u00e9u? \u00c9 exatamente isso que ocorrer\u00e1 nesta sexta, em &hellip;","og_url":"https:\/\/portalnpm.com\/index.php\/2019\/09\/13\/sexta-feira-13-tera-lua-cheia-pela-primeira-vez-em-duas-decadas\/","og_site_name":"Portal NPM","article_published_time":"2019-09-13T17:56:33+00:00","author":"Zenilton Lima","twitter_card":"summary_large_image","twitter_misc":{"Escrito por":"Zenilton Lima","Est. tempo de leitura":"1 minuto"},"schema":{"@context":"https:\/\/schema.org","@graph":[{"@type":"WebPage","@id":"https:\/\/portalnpm.com\/index.php\/2019\/09\/13\/sexta-feira-13-tera-lua-cheia-pela-primeira-vez-em-duas-decadas\/","url":"https:\/\/portalnpm.com\/index.php\/2019\/09\/13\/sexta-feira-13-tera-lua-cheia-pela-primeira-vez-em-duas-decadas\/","name":"Sexta-feira 13 ter\u00e1 lua cheia pela primeira vez em duas d\u00e9cadas - Portal NPM","isPartOf":{"@id":"https:\/\/portalnpm.com\/#website"},"primaryImageOfPage":{"@id":"https:\/\/portalnpm.com\/index.php\/2019\/09\/13\/sexta-feira-13-tera-lua-cheia-pela-primeira-vez-em-duas-decadas\/#primaryimage"},"image":{"@id":"https:\/\/portalnpm.com\/index.php\/2019\/09\/13\/sexta-feira-13-tera-lua-cheia-pela-primeira-vez-em-duas-decadas\/#primaryimage"},"thumbnailUrl":"","datePublished":"2019-09-13T17:56:33+00:00","dateModified":"2019-09-13T17:56:33+00:00","author":{"@id":"https:\/\/portalnpm.com\/#\/schema\/person\/35cb55186eae3f074b6783da6d35591e"},"breadcrumb":{"@id":"https:\/\/portalnpm.com\/index.php\/2019\/09\/13\/sexta-feira-13-tera-lua-cheia-pela-primeira-vez-em-duas-decadas\/#breadcrumb"},"inLanguage":"pt-BR","potentialAction":[{"@type":"ReadAction","target":["https:\/\/portalnpm.com\/index.php\/2019\/09\/13\/sexta-feira-13-tera-lua-cheia-pela-primeira-vez-em-duas-decadas\/"]}]},{"@type":"ImageObject","inLanguage":"pt-BR","@id":"https:\/\/portalnpm.com\/index.php\/2019\/09\/13\/sexta-feira-13-tera-lua-cheia-pela-primeira-vez-em-duas-decadas\/#primaryimage","url":"","contentUrl":""},{"@type":"BreadcrumbList","@id":"https:\/\/portalnpm.com\/index.php\/2019\/09\/13\/sexta-feira-13-tera-lua-cheia-pela-primeira-vez-em-duas-decadas\/#breadcrumb","itemListElement":[{"@type":"ListItem","position":1,"name":"In\u00edcio","item":"https:\/\/portalnpm.com\/"},{"@type":"ListItem","position":2,"name":"Sexta-feira 13 ter\u00e1 lua cheia pela primeira vez em duas d\u00e9cadas"}]},{"@type":"WebSite","@id":"https:\/\/portalnpm.com\/#website","url":"https:\/\/portalnpm.com\/","name":"Portal NPM","description":"Not\u00edcias em Primeira M\u00e3o","potentialAction":[{"@type":"SearchAction","target":{"@type":"EntryPoint","urlTemplate":"https:\/\/portalnpm.com\/?s={search_term_string}"},"query-input":"required name=search_term_string"}],"inLanguage":"pt-BR"},{"@type":"Person","@id":"https:\/\/portalnpm.com\/#\/schema\/person\/35cb55186eae3f074b6783da6d35591e","name":"Zenilton Lima","image":{"@type":"ImageObject","inLanguage":"pt-BR","@id":"https:\/\/portalnpm.com\/#\/schema\/person\/image\/","url":"https:\/\/portalnpm.com\/wp-content\/uploads\/2024\/12\/avatar_user_8_1733658137-96x96.jpeg","contentUrl":"https:\/\/portalnpm.com\/wp-content\/uploads\/2024\/12\/avatar_user_8_1733658137-96x96.jpeg","caption":"Zenilton Lima"},"url":"https:\/\/portalnpm.com\/index.php\/author\/zenilton\/"}]}},"jetpack_sharing_enabled":true,"jetpack_featured_media_url":"","_links":{"self":[{"href":"https:\/\/portalnpm.com\/index.php\/wp-json\/wp\/v2\/posts\/11303"}],"collection":[{"href":"https:\/\/portalnpm.com\/index.php\/wp-json\/wp\/v2\/posts"}],"about":[{"href":"https:\/\/portalnpm.com\/index.php\/wp-json\/wp\/v2\/types\/post"}],"author":[{"embeddable":true,"href":"https:\/\/portalnpm.com\/index.php\/wp-json\/wp\/v2\/users\/8"}],"replies":[{"embeddable":true,"href":"https:\/\/portalnpm.com\/index.php\/wp-json\/wp\/v2\/comments?post=11303"}],"version-history":[{"count":0,"href":"https:\/\/portalnpm.com\/index.php\/wp-json\/wp\/v2\/posts\/11303\/revisions"}],"wp:featuredmedia":[{"embeddable":true,"href":"https:\/\/portalnpm.com\/index.php\/wp-json\/"}],"wp:attachment":[{"href":"https:\/\/portalnpm.com\/index.php\/wp-json\/wp\/v2\/media?parent=11303"}],"wp:term":[{"taxonomy":"category","embeddable":true,"href":"https:\/\/portalnpm.com\/index.php\/wp-json\/wp\/v2\/categories?post=11303"},{"taxonomy":"post_tag","embeddable":true,"href":"https:\/\/portalnpm.com\/index.php\/wp-json\/wp\/v2\/tags?post=11303"}],"curies":[{"name":"wp","href":"https:\/\/api.w.org\/{rel}","templated":true}]}}