{"id":11576,"date":"2019-09-17T14:52:34","date_gmt":"2019-09-17T17:52:34","guid":{"rendered":"http:\/\/srv.portalnpm.com.br\/?p=11576"},"modified":"2019-09-17T14:52:34","modified_gmt":"2019-09-17T17:52:34","slug":"confirmado-em-alagoinha-o-4o-caso-de-sarampo-no-piaui","status":"publish","type":"post","link":"https:\/\/portalnpm.com\/index.php\/2019\/09\/17\/confirmado-em-alagoinha-o-4o-caso-de-sarampo-no-piaui\/","title":{"rendered":"Confirmado em Alagoinha o 4\u00ba caso de sarampo no Piau\u00ed"},"content":{"rendered":"<p style=\"text-align: justify;\">A Secretaria Estadual de Sa\u00fade informou na manh\u00e3 desta ter\u00e7a-feira (17) que j\u00e1 s\u00e3o quatro casos confirmados de sarampo no estado. Tr\u00eas s\u00e3o importados e o \u00faltimo confirmado hoje \u00e9 na cidade de Alagoinha do Piau\u00ed (a 379 km de Teresina).<\/p>\n<p style=\"text-align: justify;\">Segundo a Sa\u00fade, a paciente de Alagoinha teve contato com o de Campo Grande do Piau\u00ed \u2013 um beb\u00ea de um ano que foi diagnosticado com a doen\u00e7a -. A Secretaria informou que est\u00e1 investigando. No total, s\u00e3o 16 casos suspeitos no Piau\u00ed.<\/p>\n<p style=\"text-align: justify;\">O terceiro caso importado foi de uma mulher de 21 anos, que mora em S\u00e3o Paulo, mas \u00e9 natural de Lagoa do S\u00e3o Francisco (a 193 km de Teresina).<\/p>\n<p style=\"text-align: justify;\">O estado j\u00e1 \u00e9 considerado pelo Minist\u00e9rio da Sa\u00fade como um dos 16 em surto ativo de sarampo. A mulher veio passar f\u00e9rias no Piau\u00ed e sentiu os sintomas.<\/p>\n<p style=\"text-align: justify;\">Al\u00e9m dela, mais dois casos importados j\u00e1 haviam sido confirmados: um homem de 42 anos, que viajou para S\u00e3o Paulo, onde contraiu a doen\u00e7a, que esteve em Valen\u00e7a e um beb\u00ea de um ano que tamb\u00e9m esteve no estado paulista e voltou com os sintomas.<\/p>\n<p style=\"text-align: justify;\">Outras pessoas tamb\u00e9m est\u00e3o sendo monitoradas pela Sesapi. As cidades que apresentaram casos de suspeitos de sarampo foram: Parna\u00edba, Picos, Lu\u00eds Correia, Teresina, Campo Grande, Floriano e Demerval Lob\u00e3o.<\/p>\n<p style=\"text-align: justify;\">Vacina\u00e7\u00e3o<\/p>\n<p style=\"text-align: justify;\">Para que a doen\u00e7a n\u00e3o se propague a Secretaria de Estado da Sa\u00fade faz um apelo \u00e0 popula\u00e7\u00e3o, para que procure o posto de sa\u00fade mais perto de casa e tome a vacina.<\/p>\n<p style=\"text-align: justify;\">\u201cA recomenda\u00e7\u00e3o \u00e9 que crian\u00e7as a partir de 6 meses a 11 meses e 29 dias, tomem a vacina. A indica\u00e7\u00e3o \u00e9 fazer a administra\u00e7\u00e3o da tr\u00edplice viral (sarampo, caxumba e rub\u00e9ola) para esse p\u00fablico. No caso dos beb\u00eas, a dose da vacina administrada nestes casos n\u00e3o ser\u00e1 considerada v\u00e1lida para fins do calend\u00e1rio nacional de vacina\u00e7\u00e3o da crian\u00e7a\u201d, lembra a coordenadora de Epidemiologia da Sesapi, Am\u00e9lia Costa.<\/p>\n<p style=\"text-align: justify;\">Pessoas com at\u00e9 29 anos podem tomar a vers\u00e3o tr\u00edplice viral (que protege ainda contra caxumba e rub\u00e9ola) nos postos da rede p\u00fablica de sa\u00fade de todo o pa\u00eds em duas doses, com intervalo m\u00ednimo de 30 dias entre elas.<\/p>\n<p style=\"text-align: justify;\">Dos 30 aos 49 anos, ela \u00e9 aplicada em uma dose, exceto para profissionais de sa\u00fade, que devem receber as picadas duas vezes.<\/p>\n<p style=\"text-align: justify;\">Transmiss\u00e3o<\/p>\n<p style=\"text-align: justify;\">O sarampo \u00e9 uma doen\u00e7a que passa com facilidade de uma pessoa para outra por meio da fala, tosse e espirro.<\/p>\n<p style=\"text-align: justify;\">Preven\u00e7\u00e3o<\/p>\n<p style=\"text-align: justify;\">A vacina \u00e9 a \u00fanica forma de preven\u00e7\u00e3o da doen\u00e7a e est\u00e1 dispon\u00edvel na vacina\u00e7\u00e3o de rotina nas unidades de sa\u00fade.<\/p>\n<p style=\"text-align: justify;\">Sintomas<\/p>\n<p style=\"text-align: justify;\">Os principais sintomas do sarampo s\u00e3o mal-estar geral, febre, tosse e coriza. A doen\u00e7a tamb\u00e9m provoca conjuntivite e se caracteriza por apresentar manchas vermelhas que aparecem no rosto e se espalham por todo o corpo.<\/p>\n<p style=\"text-align: justify;\"><strong>Fonte<\/strong>: Cidade Verde<\/p>\n","protected":false},"excerpt":{"rendered":"<p>A Secretaria Estadual de Sa\u00fade informou na manh\u00e3 desta ter\u00e7a-feira (17) que j\u00e1 s\u00e3o quatro casos confirmados de sarampo no estado. Tr\u00eas s\u00e3o importados e o \u00faltimo confirmado hoje \u00e9 na cidade de Alagoinha do Piau\u00ed (a 379 km de Teresina). Segundo a Sa\u00fade, a paciente de Alagoinha teve contato com o de Campo Grande &hellip;<\/p>\n","protected":false},"author":8,"featured_media":11578,"comment_status":"open","ping_status":"open","sticky":false,"template":"","format":"standard","meta":{"content-type":"","rop_custom_images_group":[],"rop_custom_messages_group":[],"rop_publish_now":"initial","rop_publish_now_accounts":{"facebook_2648258775420054_1618374048415101":""},"rop_publish_now_history":[],"rop_publish_now_status":"pending","footnotes":"","_jetpack_memberships_contains_paid_content":false},"categories":[144],"tags":[1119,3324,558],"yoast_head":"<!-- This site is optimized with the Yoast SEO plugin v22.3 - https:\/\/yoast.com\/wordpress\/plugins\/seo\/ -->\n<title>Confirmado em Alagoinha o 4\u00ba caso de sarampo no Piau\u00ed - Portal NPM<\/title>\n<meta name=\"robots\" content=\"index, follow, max-snippet:-1, max-image-preview:large, max-video-preview:-1\" \/>\n<link rel=\"canonical\" href=\"https:\/\/portalnpm.com\/index.php\/2019\/09\/17\/confirmado-em-alagoinha-o-4o-caso-de-sarampo-no-piaui\/\" \/>\n<meta property=\"og:locale\" content=\"pt_BR\" \/>\n<meta property=\"og:type\" content=\"article\" \/>\n<meta property=\"og:title\" content=\"Confirmado em Alagoinha o 4\u00ba caso de sarampo no Piau\u00ed - Portal NPM\" \/>\n<meta property=\"og:description\" content=\"A Secretaria Estadual de Sa\u00fade informou na manh\u00e3 desta ter\u00e7a-feira (17) que j\u00e1 s\u00e3o quatro casos confirmados de sarampo no estado. Tr\u00eas s\u00e3o importados e o \u00faltimo confirmado hoje \u00e9 na cidade de Alagoinha do Piau\u00ed (a 379 km de Teresina). Segundo a Sa\u00fade, a paciente de Alagoinha teve contato com o de Campo Grande &hellip;\" \/>\n<meta property=\"og:url\" content=\"https:\/\/portalnpm.com\/index.php\/2019\/09\/17\/confirmado-em-alagoinha-o-4o-caso-de-sarampo-no-piaui\/\" \/>\n<meta property=\"og:site_name\" content=\"Portal NPM\" \/>\n<meta property=\"article:published_time\" content=\"2019-09-17T17:52:34+00:00\" \/>\n<meta name=\"author\" content=\"Zenilton Lima\" \/>\n<meta name=\"twitter:card\" content=\"summary_large_image\" \/>\n<meta name=\"twitter:label1\" content=\"Escrito por\" \/>\n\t<meta name=\"twitter:data1\" content=\"Zenilton Lima\" \/>\n\t<meta name=\"twitter:label2\" content=\"Est. tempo de leitura\" \/>\n\t<meta name=\"twitter:data2\" content=\"3 minutos\" \/>\n<script type=\"application\/ld+json\" class=\"yoast-schema-graph\">{\"@context\":\"https:\/\/schema.org\",\"@graph\":[{\"@type\":\"WebPage\",\"@id\":\"https:\/\/portalnpm.com\/index.php\/2019\/09\/17\/confirmado-em-alagoinha-o-4o-caso-de-sarampo-no-piaui\/\",\"url\":\"https:\/\/portalnpm.com\/index.php\/2019\/09\/17\/confirmado-em-alagoinha-o-4o-caso-de-sarampo-no-piaui\/\",\"name\":\"Confirmado em Alagoinha o 4\u00ba caso de sarampo no Piau\u00ed - Portal NPM\",\"isPartOf\":{\"@id\":\"https:\/\/portalnpm.com\/#website\"},\"primaryImageOfPage\":{\"@id\":\"https:\/\/portalnpm.com\/index.php\/2019\/09\/17\/confirmado-em-alagoinha-o-4o-caso-de-sarampo-no-piaui\/#primaryimage\"},\"image\":{\"@id\":\"https:\/\/portalnpm.com\/index.php\/2019\/09\/17\/confirmado-em-alagoinha-o-4o-caso-de-sarampo-no-piaui\/#primaryimage\"},\"thumbnailUrl\":\"\",\"datePublished\":\"2019-09-17T17:52:34+00:00\",\"dateModified\":\"2019-09-17T17:52:34+00:00\",\"author\":{\"@id\":\"https:\/\/portalnpm.com\/#\/schema\/person\/35cb55186eae3f074b6783da6d35591e\"},\"breadcrumb\":{\"@id\":\"https:\/\/portalnpm.com\/index.php\/2019\/09\/17\/confirmado-em-alagoinha-o-4o-caso-de-sarampo-no-piaui\/#breadcrumb\"},\"inLanguage\":\"pt-BR\",\"potentialAction\":[{\"@type\":\"ReadAction\",\"target\":[\"https:\/\/portalnpm.com\/index.php\/2019\/09\/17\/confirmado-em-alagoinha-o-4o-caso-de-sarampo-no-piaui\/\"]}]},{\"@type\":\"ImageObject\",\"inLanguage\":\"pt-BR\",\"@id\":\"https:\/\/portalnpm.com\/index.php\/2019\/09\/17\/confirmado-em-alagoinha-o-4o-caso-de-sarampo-no-piaui\/#primaryimage\",\"url\":\"\",\"contentUrl\":\"\"},{\"@type\":\"BreadcrumbList\",\"@id\":\"https:\/\/portalnpm.com\/index.php\/2019\/09\/17\/confirmado-em-alagoinha-o-4o-caso-de-sarampo-no-piaui\/#breadcrumb\",\"itemListElement\":[{\"@type\":\"ListItem\",\"position\":1,\"name\":\"In\u00edcio\",\"item\":\"https:\/\/portalnpm.com\/\"},{\"@type\":\"ListItem\",\"position\":2,\"name\":\"Confirmado em Alagoinha o 4\u00ba caso de sarampo no Piau\u00ed\"}]},{\"@type\":\"WebSite\",\"@id\":\"https:\/\/portalnpm.com\/#website\",\"url\":\"https:\/\/portalnpm.com\/\",\"name\":\"Portal NPM\",\"description\":\"Not\u00edcias em Primeira M\u00e3o\",\"potentialAction\":[{\"@type\":\"SearchAction\",\"target\":{\"@type\":\"EntryPoint\",\"urlTemplate\":\"https:\/\/portalnpm.com\/?s={search_term_string}\"},\"query-input\":\"required name=search_term_string\"}],\"inLanguage\":\"pt-BR\"},{\"@type\":\"Person\",\"@id\":\"https:\/\/portalnpm.com\/#\/schema\/person\/35cb55186eae3f074b6783da6d35591e\",\"name\":\"Zenilton Lima\",\"image\":{\"@type\":\"ImageObject\",\"inLanguage\":\"pt-BR\",\"@id\":\"https:\/\/portalnpm.com\/#\/schema\/person\/image\/\",\"url\":\"https:\/\/portalnpm.com\/wp-content\/uploads\/2024\/12\/avatar_user_8_1733658137-96x96.jpeg\",\"contentUrl\":\"https:\/\/portalnpm.com\/wp-content\/uploads\/2024\/12\/avatar_user_8_1733658137-96x96.jpeg\",\"caption\":\"Zenilton Lima\"},\"url\":\"https:\/\/portalnpm.com\/index.php\/author\/zenilton\/\"}]}<\/script>\n<!-- \/ Yoast SEO plugin. -->","yoast_head_json":{"title":"Confirmado em Alagoinha o 4\u00ba caso de sarampo no Piau\u00ed - Portal NPM","robots":{"index":"index","follow":"follow","max-snippet":"max-snippet:-1","max-image-preview":"max-image-preview:large","max-video-preview":"max-video-preview:-1"},"canonical":"https:\/\/portalnpm.com\/index.php\/2019\/09\/17\/confirmado-em-alagoinha-o-4o-caso-de-sarampo-no-piaui\/","og_locale":"pt_BR","og_type":"article","og_title":"Confirmado em Alagoinha o 4\u00ba caso de sarampo no Piau\u00ed - Portal NPM","og_description":"A Secretaria Estadual de Sa\u00fade informou na manh\u00e3 desta ter\u00e7a-feira (17) que j\u00e1 s\u00e3o quatro casos confirmados de sarampo no estado. Tr\u00eas s\u00e3o importados e o \u00faltimo confirmado hoje \u00e9 na cidade de Alagoinha do Piau\u00ed (a 379 km de Teresina). Segundo a Sa\u00fade, a paciente de Alagoinha teve contato com o de Campo Grande &hellip;","og_url":"https:\/\/portalnpm.com\/index.php\/2019\/09\/17\/confirmado-em-alagoinha-o-4o-caso-de-sarampo-no-piaui\/","og_site_name":"Portal NPM","article_published_time":"2019-09-17T17:52:34+00:00","author":"Zenilton Lima","twitter_card":"summary_large_image","twitter_misc":{"Escrito por":"Zenilton Lima","Est. tempo de leitura":"3 minutos"},"schema":{"@context":"https:\/\/schema.org","@graph":[{"@type":"WebPage","@id":"https:\/\/portalnpm.com\/index.php\/2019\/09\/17\/confirmado-em-alagoinha-o-4o-caso-de-sarampo-no-piaui\/","url":"https:\/\/portalnpm.com\/index.php\/2019\/09\/17\/confirmado-em-alagoinha-o-4o-caso-de-sarampo-no-piaui\/","name":"Confirmado em Alagoinha o 4\u00ba caso de sarampo no Piau\u00ed - Portal NPM","isPartOf":{"@id":"https:\/\/portalnpm.com\/#website"},"primaryImageOfPage":{"@id":"https:\/\/portalnpm.com\/index.php\/2019\/09\/17\/confirmado-em-alagoinha-o-4o-caso-de-sarampo-no-piaui\/#primaryimage"},"image":{"@id":"https:\/\/portalnpm.com\/index.php\/2019\/09\/17\/confirmado-em-alagoinha-o-4o-caso-de-sarampo-no-piaui\/#primaryimage"},"thumbnailUrl":"","datePublished":"2019-09-17T17:52:34+00:00","dateModified":"2019-09-17T17:52:34+00:00","author":{"@id":"https:\/\/portalnpm.com\/#\/schema\/person\/35cb55186eae3f074b6783da6d35591e"},"breadcrumb":{"@id":"https:\/\/portalnpm.com\/index.php\/2019\/09\/17\/confirmado-em-alagoinha-o-4o-caso-de-sarampo-no-piaui\/#breadcrumb"},"inLanguage":"pt-BR","potentialAction":[{"@type":"ReadAction","target":["https:\/\/portalnpm.com\/index.php\/2019\/09\/17\/confirmado-em-alagoinha-o-4o-caso-de-sarampo-no-piaui\/"]}]},{"@type":"ImageObject","inLanguage":"pt-BR","@id":"https:\/\/portalnpm.com\/index.php\/2019\/09\/17\/confirmado-em-alagoinha-o-4o-caso-de-sarampo-no-piaui\/#primaryimage","url":"","contentUrl":""},{"@type":"BreadcrumbList","@id":"https:\/\/portalnpm.com\/index.php\/2019\/09\/17\/confirmado-em-alagoinha-o-4o-caso-de-sarampo-no-piaui\/#breadcrumb","itemListElement":[{"@type":"ListItem","position":1,"name":"In\u00edcio","item":"https:\/\/portalnpm.com\/"},{"@type":"ListItem","position":2,"name":"Confirmado em Alagoinha o 4\u00ba caso de sarampo no Piau\u00ed"}]},{"@type":"WebSite","@id":"https:\/\/portalnpm.com\/#website","url":"https:\/\/portalnpm.com\/","name":"Portal NPM","description":"Not\u00edcias em Primeira M\u00e3o","potentialAction":[{"@type":"SearchAction","target":{"@type":"EntryPoint","urlTemplate":"https:\/\/portalnpm.com\/?s={search_term_string}"},"query-input":"required name=search_term_string"}],"inLanguage":"pt-BR"},{"@type":"Person","@id":"https:\/\/portalnpm.com\/#\/schema\/person\/35cb55186eae3f074b6783da6d35591e","name":"Zenilton Lima","image":{"@type":"ImageObject","inLanguage":"pt-BR","@id":"https:\/\/portalnpm.com\/#\/schema\/person\/image\/","url":"https:\/\/portalnpm.com\/wp-content\/uploads\/2024\/12\/avatar_user_8_1733658137-96x96.jpeg","contentUrl":"https:\/\/portalnpm.com\/wp-content\/uploads\/2024\/12\/avatar_user_8_1733658137-96x96.jpeg","caption":"Zenilton Lima"},"url":"https:\/\/portalnpm.com\/index.php\/author\/zenilton\/"}]}},"jetpack_sharing_enabled":true,"jetpack_featured_media_url":"","_links":{"self":[{"href":"https:\/\/portalnpm.com\/index.php\/wp-json\/wp\/v2\/posts\/11576"}],"collection":[{"href":"https:\/\/portalnpm.com\/index.php\/wp-json\/wp\/v2\/posts"}],"about":[{"href":"https:\/\/portalnpm.com\/index.php\/wp-json\/wp\/v2\/types\/post"}],"author":[{"embeddable":true,"href":"https:\/\/portalnpm.com\/index.php\/wp-json\/wp\/v2\/users\/8"}],"replies":[{"embeddable":true,"href":"https:\/\/portalnpm.com\/index.php\/wp-json\/wp\/v2\/comments?post=11576"}],"version-history":[{"count":0,"href":"https:\/\/portalnpm.com\/index.php\/wp-json\/wp\/v2\/posts\/11576\/revisions"}],"wp:featuredmedia":[{"embeddable":true,"href":"https:\/\/portalnpm.com\/index.php\/wp-json\/"}],"wp:attachment":[{"href":"https:\/\/portalnpm.com\/index.php\/wp-json\/wp\/v2\/media?parent=11576"}],"wp:term":[{"taxonomy":"category","embeddable":true,"href":"https:\/\/portalnpm.com\/index.php\/wp-json\/wp\/v2\/categories?post=11576"},{"taxonomy":"post_tag","embeddable":true,"href":"https:\/\/portalnpm.com\/index.php\/wp-json\/wp\/v2\/tags?post=11576"}],"curies":[{"name":"wp","href":"https:\/\/api.w.org\/{rel}","templated":true}]}}