{"id":11610,"date":"2019-09-19T08:04:17","date_gmt":"2019-09-19T11:04:17","guid":{"rendered":"http:\/\/srv.portalnpm.com.br\/?p=11610"},"modified":"2019-09-19T08:04:17","modified_gmt":"2019-09-19T11:04:17","slug":"picos-governador-wellington-dias-exonera-patricia-santos-da-direcao-do-hospital-regional-justino-luz","status":"publish","type":"post","link":"https:\/\/portalnpm.com\/index.php\/2019\/09\/19\/picos-governador-wellington-dias-exonera-patricia-santos-da-direcao-do-hospital-regional-justino-luz\/","title":{"rendered":"Picos | Governador Wellington Dias exonera Patricia Santos da dire\u00e7\u00e3o do Hospital Regional Justino Luz"},"content":{"rendered":"<p>O Informa Picos apurou que para o lugar de Patr\u00edcia Santos o governador Wellington Dias nomeou Samara Rodrigues S\u00e1<\/p>\n<figure id=\"attachment_11612\" aria-describedby=\"caption-attachment-11612\" style=\"width: 1024px\" class=\"wp-caption alignnone\"><img fetchpriority=\"high\" decoding=\"async\" class=\"size-full wp-image-11612\" src=\"http:\/\/portalnpm.com\/wp-content\/uploads\/2019\/09\/06-59-33-ur.jpg\" alt=\"\" width=\"1024\" height=\"681\" \/><figcaption id=\"caption-attachment-11612\" class=\"wp-caption-text\">Hospital Regional Justino Luz tem nova diretora\/Foto: Jos\u00e9 Maria Barros.<\/figcaption><\/figure>\n<p style=\"text-align: justify;\">Em portaria publicada nesta quarta-feira, 18, no Di\u00e1rio Oficial do Estado, o governador Wellington Dias (PT) exonerou de of\u00edcio a m\u00e9dica Patr\u00edcia Maria Santos Batista, do cargo em comiss\u00e3o, de diretora do Hospital Regional Justino Luz, com sede em Picos.<\/p>\n<p style=\"text-align: justify;\">Segundo apurou em primeira m\u00e3o a reportagem do Informa Picos, para o lugar de Patr\u00edcia Santos o governador Wellington Dias nomeou Samara Rodrigues S\u00e1. A portaria de nomea\u00e7\u00e3o foi publicada na edi\u00e7\u00e3o desta quarta-feira, 18 de setembro, no Di\u00e1rio Oficial do Estado, p\u00e1gina 10.<\/p>\n<p style=\"text-align: justify;\"><strong>Exonera\u00e7\u00e3o<\/strong><\/p>\n<p>\u201cO Governador do Estado do Piau\u00ed, no uso das atribui\u00e7\u00f5es que lhe confere o inciso V, do art. 102, da Constitui\u00e7\u00e3o Estadual, resolve exonerar, de of\u00edcio, de conformidade com o disposto no art. 34, da Lei Complementar n\u00ba 13, de 03 de janeiro de 1994, Patr\u00edcia Maria Santos Batista do Cargo em Comiss\u00e3o, de Diretor de Unidade Hospitalar II, s\u00edmbolo DAS-2, do Hospital Regional Justino Luz de Picos, da Secretaria de Sa\u00fade, com efeitos a partir de 18 de Setembro de 2019\u201d \u2013 escreveu Wellington Dias na portaria de exonera\u00e7\u00e3o da ex-gestora do Hospital Justino Luz.<\/p>\n<p style=\"text-align: justify;\">\u201cO Governador do Estado do Piau\u00ed, no uso das atribui\u00e7\u00f5es que lhe confere o inciso V, do art. 102, da Constitui\u00e7\u00e3o Estadual, resolve nomear, de conformidade com o disposto no inciso II, do art. 10, da Lei Complementar n\u00ba 13, de 03 de janeiro de 1994, Samara Rodrigues S\u00e1, para exercer o Cargo em Comiss\u00e3o, de Diretor de Unidade Hospitalar II, s\u00edmbolo DAS-2, do Hospital Regional Justino Luz de Picos, da Secretaria de Sa\u00fade, com efeitos a partir de 18 de Setembro de 2019\u201d \u2013 decretou Wellington Dias ao nomear a nova gestora da unidade de sa\u00fade.<\/p>\n<p style=\"text-align: justify;\"><strong>Perman\u00eancia no cargo<\/strong><\/p>\n<p>Filha da ex-prefeita de Francisco Santos, Carleusa Santos; a m\u00e9dia Patr\u00edcia Batista assumiu a dire\u00e7\u00e3o do Hospital Regional Justino Luz, em Picos, no dia 10 de julho de 2017. Ficou oficialmente no cargo at\u00e9 o dia 23 de julho deste ano, quando foi exonerada de of\u00edcio pelo governador Wellington Dias.<\/p>\n<figure id=\"attachment_11613\" aria-describedby=\"caption-attachment-11613\" style=\"width: 1024px\" class=\"wp-caption alignnone\"><img decoding=\"async\" class=\"size-full wp-image-11613\" src=\"http:\/\/portalnpm.com\/wp-content\/uploads\/2019\/09\/07-01-41-DSC_00626.jpg\" alt=\"\" width=\"1024\" height=\"648\" \/><figcaption id=\"caption-attachment-11613\" class=\"wp-caption-text\">Patr\u00edcia Batista havia assumido o cargo no dia 10 de julho de 2017\/Foto: Jos\u00e9 Maria Barros.<\/figcaption><\/figure>\n<p style=\"text-align: justify;\">Por\u00e9m, na mesma data, o governador Wellington Dias assinou outra portaria designando, interinamente, Patr\u00edcia Maria Santos Batista, para exercer o Cargo em Comiss\u00e3o, de Diretora de Unidade hospitalar II, S\u00edmbolo DAS-2, do Hospital Regional Justino Luz de Picos, da Secretaria de Sa\u00fade, com efeitos a partir de 23 de julho de 2019.<\/p>\n<p style=\"text-align: justify;\">As duas portarias, tanto a de exonera\u00e7\u00e3o, como a de nomea\u00e7\u00e3o interina, foram publicadas no Di\u00e1rio Oficial do Estado, edi\u00e7\u00e3o do dia 25 de julho, com efeitos a partir de 23 do mesmo m\u00eas. Agora, menos de dois meses depois, Patr\u00edcia Batista \u00e9 exonerada do cargo e substitu\u00edda por Samara Rodrigues S\u00e1.<\/p>\n<p><strong>Fonte: Informa Picos\u00a0<\/strong><\/p>\n","protected":false},"excerpt":{"rendered":"<p>O Informa Picos apurou que para o lugar de Patr\u00edcia Santos o governador Wellington Dias nomeou Samara Rodrigues S\u00e1 Em portaria publicada nesta quarta-feira, 18, no Di\u00e1rio Oficial do Estado, o governador Wellington Dias (PT) exonerou de of\u00edcio a m\u00e9dica Patr\u00edcia Maria Santos Batista, do cargo em comiss\u00e3o, de diretora do Hospital Regional Justino Luz, &hellip;<\/p>\n","protected":false},"author":3,"featured_media":11616,"comment_status":"open","ping_status":"open","sticky":false,"template":"","format":"standard","meta":{"content-type":"","rop_custom_images_group":[],"rop_custom_messages_group":[],"rop_publish_now":"initial","rop_publish_now_accounts":{"facebook_2648258775420054_1618374048415101":""},"rop_publish_now_history":[],"rop_publish_now_status":"pending","footnotes":"","_jetpack_memberships_contains_paid_content":false},"categories":[109,127],"tags":[1448,402,2986,128],"yoast_head":"<!-- This site is optimized with the Yoast SEO plugin v22.3 - https:\/\/yoast.com\/wordpress\/plugins\/seo\/ -->\n<title>Picos | Governador Wellington Dias exonera Patricia Santos da dire\u00e7\u00e3o do Hospital Regional Justino Luz - Portal NPM<\/title>\n<meta name=\"robots\" content=\"index, follow, max-snippet:-1, max-image-preview:large, max-video-preview:-1\" \/>\n<link rel=\"canonical\" href=\"https:\/\/portalnpm.com\/index.php\/2019\/09\/19\/picos-governador-wellington-dias-exonera-patricia-santos-da-direcao-do-hospital-regional-justino-luz\/\" \/>\n<meta property=\"og:locale\" content=\"pt_BR\" \/>\n<meta property=\"og:type\" content=\"article\" \/>\n<meta property=\"og:title\" content=\"Picos | Governador Wellington Dias exonera Patricia Santos da dire\u00e7\u00e3o do Hospital Regional Justino Luz - Portal NPM\" \/>\n<meta property=\"og:description\" content=\"O Informa Picos apurou que para o lugar de Patr\u00edcia Santos o governador Wellington Dias nomeou Samara Rodrigues S\u00e1 Em portaria publicada nesta quarta-feira, 18, no Di\u00e1rio Oficial do Estado, o governador Wellington Dias (PT) exonerou de of\u00edcio a m\u00e9dica Patr\u00edcia Maria Santos Batista, do cargo em comiss\u00e3o, de diretora do Hospital Regional Justino Luz, &hellip;\" \/>\n<meta property=\"og:url\" content=\"https:\/\/portalnpm.com\/index.php\/2019\/09\/19\/picos-governador-wellington-dias-exonera-patricia-santos-da-direcao-do-hospital-regional-justino-luz\/\" \/>\n<meta property=\"og:site_name\" content=\"Portal NPM\" \/>\n<meta property=\"article:published_time\" content=\"2019-09-19T11:04:17+00:00\" \/>\n<meta name=\"author\" content=\"Luis Alberto\" \/>\n<meta name=\"twitter:card\" content=\"summary_large_image\" \/>\n<meta name=\"twitter:label1\" content=\"Escrito por\" \/>\n\t<meta name=\"twitter:data1\" content=\"Luis Alberto\" \/>\n\t<meta name=\"twitter:label2\" content=\"Est. tempo de leitura\" \/>\n\t<meta name=\"twitter:data2\" content=\"3 minutos\" \/>\n<script type=\"application\/ld+json\" class=\"yoast-schema-graph\">{\"@context\":\"https:\/\/schema.org\",\"@graph\":[{\"@type\":\"WebPage\",\"@id\":\"https:\/\/portalnpm.com\/index.php\/2019\/09\/19\/picos-governador-wellington-dias-exonera-patricia-santos-da-direcao-do-hospital-regional-justino-luz\/\",\"url\":\"https:\/\/portalnpm.com\/index.php\/2019\/09\/19\/picos-governador-wellington-dias-exonera-patricia-santos-da-direcao-do-hospital-regional-justino-luz\/\",\"name\":\"Picos | Governador Wellington Dias exonera Patricia Santos da dire\u00e7\u00e3o do Hospital Regional Justino Luz - Portal NPM\",\"isPartOf\":{\"@id\":\"https:\/\/portalnpm.com\/#website\"},\"primaryImageOfPage\":{\"@id\":\"https:\/\/portalnpm.com\/index.php\/2019\/09\/19\/picos-governador-wellington-dias-exonera-patricia-santos-da-direcao-do-hospital-regional-justino-luz\/#primaryimage\"},\"image\":{\"@id\":\"https:\/\/portalnpm.com\/index.php\/2019\/09\/19\/picos-governador-wellington-dias-exonera-patricia-santos-da-direcao-do-hospital-regional-justino-luz\/#primaryimage\"},\"thumbnailUrl\":\"\",\"datePublished\":\"2019-09-19T11:04:17+00:00\",\"dateModified\":\"2019-09-19T11:04:17+00:00\",\"author\":{\"@id\":\"https:\/\/portalnpm.com\/#\/schema\/person\/5c8006acdf71774cd4e7a5ab98482152\"},\"breadcrumb\":{\"@id\":\"https:\/\/portalnpm.com\/index.php\/2019\/09\/19\/picos-governador-wellington-dias-exonera-patricia-santos-da-direcao-do-hospital-regional-justino-luz\/#breadcrumb\"},\"inLanguage\":\"pt-BR\",\"potentialAction\":[{\"@type\":\"ReadAction\",\"target\":[\"https:\/\/portalnpm.com\/index.php\/2019\/09\/19\/picos-governador-wellington-dias-exonera-patricia-santos-da-direcao-do-hospital-regional-justino-luz\/\"]}]},{\"@type\":\"ImageObject\",\"inLanguage\":\"pt-BR\",\"@id\":\"https:\/\/portalnpm.com\/index.php\/2019\/09\/19\/picos-governador-wellington-dias-exonera-patricia-santos-da-direcao-do-hospital-regional-justino-luz\/#primaryimage\",\"url\":\"\",\"contentUrl\":\"\"},{\"@type\":\"BreadcrumbList\",\"@id\":\"https:\/\/portalnpm.com\/index.php\/2019\/09\/19\/picos-governador-wellington-dias-exonera-patricia-santos-da-direcao-do-hospital-regional-justino-luz\/#breadcrumb\",\"itemListElement\":[{\"@type\":\"ListItem\",\"position\":1,\"name\":\"In\u00edcio\",\"item\":\"https:\/\/portalnpm.com\/\"},{\"@type\":\"ListItem\",\"position\":2,\"name\":\"Picos | Governador Wellington Dias exonera Patricia Santos da dire\u00e7\u00e3o do Hospital Regional Justino Luz\"}]},{\"@type\":\"WebSite\",\"@id\":\"https:\/\/portalnpm.com\/#website\",\"url\":\"https:\/\/portalnpm.com\/\",\"name\":\"Portal NPM\",\"description\":\"Not\u00edcias em Primeira M\u00e3o\",\"potentialAction\":[{\"@type\":\"SearchAction\",\"target\":{\"@type\":\"EntryPoint\",\"urlTemplate\":\"https:\/\/portalnpm.com\/?s={search_term_string}\"},\"query-input\":\"required name=search_term_string\"}],\"inLanguage\":\"pt-BR\"},{\"@type\":\"Person\",\"@id\":\"https:\/\/portalnpm.com\/#\/schema\/person\/5c8006acdf71774cd4e7a5ab98482152\",\"name\":\"Luis Alberto\",\"image\":{\"@type\":\"ImageObject\",\"inLanguage\":\"pt-BR\",\"@id\":\"https:\/\/portalnpm.com\/#\/schema\/person\/image\/\",\"url\":\"https:\/\/portalnpm.com\/wp-content\/uploads\/2024\/12\/avatar_user_3_1734699769-96x96.jpeg\",\"contentUrl\":\"https:\/\/portalnpm.com\/wp-content\/uploads\/2024\/12\/avatar_user_3_1734699769-96x96.jpeg\",\"caption\":\"Luis Alberto\"},\"description\":\"Editor-geral do Portal NPM, \u00e9 formado como T\u00e9cnico em Seguran\u00e7a do Trabalho pela Escola Metropolitana de Cursos T\u00e9cnicos. Det\u00e9m ainda licenciatura em Educa\u00e7\u00e3o F\u00edsica e bacharelado em Ci\u00eancias Pol\u00edticas, ambos obtidos pela institui\u00e7\u00e3o Anhanguera\/UNOPAR.\",\"url\":\"https:\/\/portalnpm.com\/index.php\/author\/pereira\/\"}]}<\/script>\n<!-- \/ Yoast SEO plugin. -->","yoast_head_json":{"title":"Picos | Governador Wellington Dias exonera Patricia Santos da dire\u00e7\u00e3o do Hospital Regional Justino Luz - Portal NPM","robots":{"index":"index","follow":"follow","max-snippet":"max-snippet:-1","max-image-preview":"max-image-preview:large","max-video-preview":"max-video-preview:-1"},"canonical":"https:\/\/portalnpm.com\/index.php\/2019\/09\/19\/picos-governador-wellington-dias-exonera-patricia-santos-da-direcao-do-hospital-regional-justino-luz\/","og_locale":"pt_BR","og_type":"article","og_title":"Picos | Governador Wellington Dias exonera Patricia Santos da dire\u00e7\u00e3o do Hospital Regional Justino Luz - Portal NPM","og_description":"O Informa Picos apurou que para o lugar de Patr\u00edcia Santos o governador Wellington Dias nomeou Samara Rodrigues S\u00e1 Em portaria publicada nesta quarta-feira, 18, no Di\u00e1rio Oficial do Estado, o governador Wellington Dias (PT) exonerou de of\u00edcio a m\u00e9dica Patr\u00edcia Maria Santos Batista, do cargo em comiss\u00e3o, de diretora do Hospital Regional Justino Luz, &hellip;","og_url":"https:\/\/portalnpm.com\/index.php\/2019\/09\/19\/picos-governador-wellington-dias-exonera-patricia-santos-da-direcao-do-hospital-regional-justino-luz\/","og_site_name":"Portal NPM","article_published_time":"2019-09-19T11:04:17+00:00","author":"Luis Alberto","twitter_card":"summary_large_image","twitter_misc":{"Escrito por":"Luis Alberto","Est. tempo de leitura":"3 minutos"},"schema":{"@context":"https:\/\/schema.org","@graph":[{"@type":"WebPage","@id":"https:\/\/portalnpm.com\/index.php\/2019\/09\/19\/picos-governador-wellington-dias-exonera-patricia-santos-da-direcao-do-hospital-regional-justino-luz\/","url":"https:\/\/portalnpm.com\/index.php\/2019\/09\/19\/picos-governador-wellington-dias-exonera-patricia-santos-da-direcao-do-hospital-regional-justino-luz\/","name":"Picos | Governador Wellington Dias exonera Patricia Santos da dire\u00e7\u00e3o do Hospital Regional Justino Luz - Portal NPM","isPartOf":{"@id":"https:\/\/portalnpm.com\/#website"},"primaryImageOfPage":{"@id":"https:\/\/portalnpm.com\/index.php\/2019\/09\/19\/picos-governador-wellington-dias-exonera-patricia-santos-da-direcao-do-hospital-regional-justino-luz\/#primaryimage"},"image":{"@id":"https:\/\/portalnpm.com\/index.php\/2019\/09\/19\/picos-governador-wellington-dias-exonera-patricia-santos-da-direcao-do-hospital-regional-justino-luz\/#primaryimage"},"thumbnailUrl":"","datePublished":"2019-09-19T11:04:17+00:00","dateModified":"2019-09-19T11:04:17+00:00","author":{"@id":"https:\/\/portalnpm.com\/#\/schema\/person\/5c8006acdf71774cd4e7a5ab98482152"},"breadcrumb":{"@id":"https:\/\/portalnpm.com\/index.php\/2019\/09\/19\/picos-governador-wellington-dias-exonera-patricia-santos-da-direcao-do-hospital-regional-justino-luz\/#breadcrumb"},"inLanguage":"pt-BR","potentialAction":[{"@type":"ReadAction","target":["https:\/\/portalnpm.com\/index.php\/2019\/09\/19\/picos-governador-wellington-dias-exonera-patricia-santos-da-direcao-do-hospital-regional-justino-luz\/"]}]},{"@type":"ImageObject","inLanguage":"pt-BR","@id":"https:\/\/portalnpm.com\/index.php\/2019\/09\/19\/picos-governador-wellington-dias-exonera-patricia-santos-da-direcao-do-hospital-regional-justino-luz\/#primaryimage","url":"","contentUrl":""},{"@type":"BreadcrumbList","@id":"https:\/\/portalnpm.com\/index.php\/2019\/09\/19\/picos-governador-wellington-dias-exonera-patricia-santos-da-direcao-do-hospital-regional-justino-luz\/#breadcrumb","itemListElement":[{"@type":"ListItem","position":1,"name":"In\u00edcio","item":"https:\/\/portalnpm.com\/"},{"@type":"ListItem","position":2,"name":"Picos | Governador Wellington Dias exonera Patricia Santos da dire\u00e7\u00e3o do Hospital Regional Justino Luz"}]},{"@type":"WebSite","@id":"https:\/\/portalnpm.com\/#website","url":"https:\/\/portalnpm.com\/","name":"Portal NPM","description":"Not\u00edcias em Primeira M\u00e3o","potentialAction":[{"@type":"SearchAction","target":{"@type":"EntryPoint","urlTemplate":"https:\/\/portalnpm.com\/?s={search_term_string}"},"query-input":"required name=search_term_string"}],"inLanguage":"pt-BR"},{"@type":"Person","@id":"https:\/\/portalnpm.com\/#\/schema\/person\/5c8006acdf71774cd4e7a5ab98482152","name":"Luis Alberto","image":{"@type":"ImageObject","inLanguage":"pt-BR","@id":"https:\/\/portalnpm.com\/#\/schema\/person\/image\/","url":"https:\/\/portalnpm.com\/wp-content\/uploads\/2024\/12\/avatar_user_3_1734699769-96x96.jpeg","contentUrl":"https:\/\/portalnpm.com\/wp-content\/uploads\/2024\/12\/avatar_user_3_1734699769-96x96.jpeg","caption":"Luis Alberto"},"description":"Editor-geral do Portal NPM, \u00e9 formado como T\u00e9cnico em Seguran\u00e7a do Trabalho pela Escola Metropolitana de Cursos T\u00e9cnicos. Det\u00e9m ainda licenciatura em Educa\u00e7\u00e3o F\u00edsica e bacharelado em Ci\u00eancias Pol\u00edticas, ambos obtidos pela institui\u00e7\u00e3o Anhanguera\/UNOPAR.","url":"https:\/\/portalnpm.com\/index.php\/author\/pereira\/"}]}},"jetpack_sharing_enabled":true,"jetpack_featured_media_url":"","_links":{"self":[{"href":"https:\/\/portalnpm.com\/index.php\/wp-json\/wp\/v2\/posts\/11610"}],"collection":[{"href":"https:\/\/portalnpm.com\/index.php\/wp-json\/wp\/v2\/posts"}],"about":[{"href":"https:\/\/portalnpm.com\/index.php\/wp-json\/wp\/v2\/types\/post"}],"author":[{"embeddable":true,"href":"https:\/\/portalnpm.com\/index.php\/wp-json\/wp\/v2\/users\/3"}],"replies":[{"embeddable":true,"href":"https:\/\/portalnpm.com\/index.php\/wp-json\/wp\/v2\/comments?post=11610"}],"version-history":[{"count":0,"href":"https:\/\/portalnpm.com\/index.php\/wp-json\/wp\/v2\/posts\/11610\/revisions"}],"wp:featuredmedia":[{"embeddable":true,"href":"https:\/\/portalnpm.com\/index.php\/wp-json\/"}],"wp:attachment":[{"href":"https:\/\/portalnpm.com\/index.php\/wp-json\/wp\/v2\/media?parent=11610"}],"wp:term":[{"taxonomy":"category","embeddable":true,"href":"https:\/\/portalnpm.com\/index.php\/wp-json\/wp\/v2\/categories?post=11610"},{"taxonomy":"post_tag","embeddable":true,"href":"https:\/\/portalnpm.com\/index.php\/wp-json\/wp\/v2\/tags?post=11610"}],"curies":[{"name":"wp","href":"https:\/\/api.w.org\/{rel}","templated":true}]}}