{"id":11649,"date":"2019-09-20T13:43:10","date_gmt":"2019-09-20T16:43:10","guid":{"rendered":"http:\/\/srv.portalnpm.com.br\/?p=11649"},"modified":"2019-09-20T13:43:10","modified_gmt":"2019-09-20T16:43:10","slug":"professora-molha-chao-da-sala-de-aula-para-amenizar-calor-em-escola-sem-climatizacao-no-piaui","status":"publish","type":"post","link":"https:\/\/portalnpm.com\/index.php\/2019\/09\/20\/professora-molha-chao-da-sala-de-aula-para-amenizar-calor-em-escola-sem-climatizacao-no-piaui\/","title":{"rendered":"Professora molha ch\u00e3o da sala de aula para amenizar calor em escola sem climatiza\u00e7\u00e3o no Piau\u00ed"},"content":{"rendered":"<div class=\"mc-column content-text active-extra-styles \" data-block-type=\"unstyled\" data-block-weight=\"86\" data-block-id=\"2\">\n<div class=\"mc-column content-text active-extra-styles \" data-block-type=\"unstyled\" data-block-weight=\"86\" data-block-id=\"2\">\n<p class=\"content-text__container \" style=\"text-align: justify;\" data-track-category=\"Link no Texto\" data-track-links=\"\">No per\u00edodo mais quente do ano, em que a temperatura m\u00e9dia fica entre 37 e 40 graus, alunos de escolas p\u00fablicas de\u00a0Teresina\u00a0enfrentam o calor devido \u00e0 falta de climatiza\u00e7\u00e3o nas salas de aula. Al\u00e9m do desconforto, os pais afirmam que as altas temperaturas t\u00eam afetado o aprendizado dos estudantes. No Centro Municipal de Educa\u00e7\u00e3o Infantil (CMEI) Irm\u00e3 Dulce, na Zona Sul da capital, uma professora molha os cantos da sala de aula na tentativa de amenizar a quentura e elevar a umidade do local.<\/p>\n<p data-track-category=\"Link no Texto\" data-track-links=\"\">\n<\/div>\n<div class=\"wall protected-content\">\n<div class=\"mc-column content-text active-extra-styles \" data-block-type=\"unstyled\" data-block-weight=\"62\" data-block-id=\"3\">\n<p class=\"content-text__container \" style=\"text-align: justify;\" data-track-category=\"Link no Texto\" data-track-links=\"\">Procurada, a Secretaria Municipal de Educa\u00e7\u00e3o de Teresina (Semec) informou que tem 222 escolas climatizadas, um total de 1.783 salas de aula, e apenas 88 unidades de ensino ainda n\u00e3o est\u00e3o climatizadas. A secretaria explicou que essas escolas funcionam em pr\u00e9dios alugados ou antigos, que algumas que precisam da trocar de rede el\u00e9trica e que outras aguardam a instala\u00e7\u00e3o de um gerador.<\/p>\n<figure id=\"attachment_11650\" aria-describedby=\"caption-attachment-11650\" style=\"width: 1200px\" class=\"wp-caption aligncenter\"><img fetchpriority=\"high\" decoding=\"async\" class=\"size-full wp-image-11650\" src=\"http:\/\/portalnpm.com\/wp-content\/uploads\/2019\/09\/captura-de-tela-2019-09-20-as-09.18.59.jpg\" alt=\"\" width=\"1200\" height=\"672\" \/><figcaption id=\"caption-attachment-11650\" class=\"wp-caption-text\">Professora joga \u00e1gua no ch\u00e3o de sala para amenizar calor em Teresina \u2014 Foto: Reprodu\u00e7\u00e3o\/TV Clube<\/figcaption><\/figure>\n<div class=\"mc-column content-text active-extra-styles \" data-block-type=\"unstyled\" data-block-weight=\"56\" data-block-id=\"6\">\n<p class=\"content-text__container \" style=\"text-align: justify;\" data-track-category=\"Link no Texto\" data-track-links=\"\">\u201cNesse per\u00edodo de calor as crian\u00e7as sentem muita inquieta\u00e7\u00e3o e ficam muito incomodadas com a temperatura que as salas de aula chegam. Os ventiladores de teto que a gente tem n\u00e3o suprem a necessidade e os de parede, os que j\u00e1 n\u00e3o foram roubados, \u00e9 feito o rod\u00edzio porque s\u00e3o poucos\u201d, explicou a professora Aline Pereira.<\/p>\n<\/div>\n<div class=\"mc-column content-text active-extra-styles \" data-block-type=\"unstyled\" data-block-weight=\"63\" data-block-id=\"7\">\n<p class=\"content-text__container \" style=\"text-align: justify;\" data-track-category=\"Link no Texto\" data-track-links=\"\">Ao todo, 272 crian\u00e7as, de 3 a 5 anos de idade, estudam no CMEI Irm\u00e3 Dulce, nos turnos manh\u00e3 e tarde. A escola conta com sete salas de aula constru\u00eddas com paredes baixas para facilitar a circula\u00e7\u00e3o de ar, mas as professoras relatam que no per\u00edodo da tarde a luz do sol invade as salas de aula e chega a atingir os alunos.<\/p>\n<figure id=\"attachment_11651\" aria-describedby=\"caption-attachment-11651\" style=\"width: 1200px\" class=\"wp-caption aligncenter\"><img decoding=\"async\" class=\"size-full wp-image-11651\" src=\"http:\/\/portalnpm.com\/wp-content\/uploads\/2019\/09\/captura-de-tela-2019-09-20-as-09.18.02.jpg\" alt=\"\" width=\"1200\" height=\"674\" \/><figcaption id=\"caption-attachment-11651\" class=\"wp-caption-text\">Salas foram contru\u00eddas com paredes baixas para facilitar circula\u00e7\u00e3o de ar \u2014 Foto: Reprodu\u00e7\u00e3o\/TV Clube<\/figcaption><\/figure>\n<div class=\"mc-column content-text active-extra-styles \" data-block-type=\"unstyled\" data-block-weight=\"38\" data-block-id=\"9\">\n<p class=\"content-text__container \" style=\"text-align: justify;\" data-track-category=\"Link no Texto\" data-track-links=\"\">\u201cO parede baixa nesse per\u00edodo de queimadas permite muito a incid\u00eancia de fuma\u00e7a em sala de aula, j\u00e1 teve situa\u00e7\u00f5es de tirar as crian\u00e7as de sala de aula por conta disso, fica invi\u00e1vel administrar aula\u201d, relatou Aline Pereira.<\/p>\n<\/div>\n<div class=\"mc-column content-text active-extra-styles \" data-block-type=\"unstyled\" data-block-weight=\"39\" data-block-id=\"10\">\n<p class=\"content-text__container \" style=\"text-align: justify;\" data-track-category=\"Link no Texto\" data-track-links=\"\">Para enfrentar o calor, cada sala de aula conta com dois ventiladores de teto. A escola tem quatro ventiladores de parede que s\u00e3o revezados entre salas. A dire\u00e7\u00e3o informou que h\u00e1 anos solicita a climatiza\u00e7\u00e3o, mas nunca obteve resposta.<\/p>\n<figure id=\"attachment_11652\" aria-describedby=\"caption-attachment-11652\" style=\"width: 1200px\" class=\"wp-caption aligncenter\"><img decoding=\"async\" class=\"size-full wp-image-11652\" src=\"http:\/\/portalnpm.com\/wp-content\/uploads\/2019\/09\/captura-de-tela-2019-09-20-as-09.19.23.jpg\" alt=\"\" width=\"1200\" height=\"675\" \/><figcaption id=\"caption-attachment-11652\" class=\"wp-caption-text\">Professora diz que ventiladores n\u00e3o s\u00e3o suficientes para amenizar o calor em escola de Teresina \u2014 Foto: Reprodu\u00e7\u00e3o\/TV Clube<\/figcaption><\/figure>\n<div class=\"mc-column content-text active-extra-styles \" data-block-type=\"unstyled\" data-block-weight=\"27\" data-block-id=\"13\">\n<p class=\"content-text__container \" style=\"text-align: justify;\" data-track-category=\"Link no Texto\" data-track-links=\"\">Os ventiladores de parede s\u00e3o retirados ao final das aulas e guardados na diretoria para evitar que eles sejam levados, como outros que foram furtados no passado.<\/p>\n<\/div>\n<div data-track-category=\"multicontent\" data-track-action=\"ultimo chunk conteudo\" data-track-noninteraction=\"false\" data-track-scroll=\"view\">\n<div class=\"mc-column content-text active-extra-styles \" data-block-type=\"unstyled\" data-block-weight=\"38\" data-block-id=\"14\">\n<p class=\"content-text__container \" style=\"text-align: justify;\" data-track-category=\"Link no Texto\" data-track-links=\"\">O av\u00f4 de duas alunas da escola, Raimundo Jos\u00e9, contou que as netas reclamam do calor. \u201cO que tem que ser feito \u00e9 a climatiza\u00e7\u00e3o. Uma sala com dois ventiladores n\u00e3o \u00e9 suficiente para amenizar o calor\u201d, disse.<\/p>\n<p style=\"text-align: justify;\" data-track-category=\"Link no Texto\" data-track-links=\"\"><strong>Fonte<\/strong>: G1<\/p>\n<\/div>\n<\/div>\n<\/div>\n<\/div>\n<\/div>\n<\/div>\n<\/div>\n","protected":false},"excerpt":{"rendered":"<p>No per\u00edodo mais quente do ano, em que a temperatura m\u00e9dia fica entre 37 e 40 graus, alunos de escolas p\u00fablicas de\u00a0Teresina\u00a0enfrentam o calor devido \u00e0 falta de climatiza\u00e7\u00e3o nas salas de aula. Al\u00e9m do desconforto, os pais afirmam que as altas temperaturas t\u00eam afetado o aprendizado dos estudantes. No Centro Municipal de Educa\u00e7\u00e3o Infantil &hellip;<\/p>\n","protected":false},"author":8,"featured_media":11652,"comment_status":"open","ping_status":"open","sticky":false,"template":"","format":"standard","meta":{"content-type":"","rop_custom_images_group":[],"rop_custom_messages_group":[],"rop_publish_now":"initial","rop_publish_now_accounts":{"facebook_2648258775420054_1618374048415101":""},"rop_publish_now_history":[],"rop_publish_now_status":"pending","footnotes":"","_jetpack_memberships_contains_paid_content":false},"categories":[113,118],"tags":[3344,3345,625],"yoast_head":"<!-- This site is optimized with the Yoast SEO plugin v22.3 - https:\/\/yoast.com\/wordpress\/plugins\/seo\/ -->\n<title>Professora molha ch\u00e3o da sala de aula para amenizar calor em escola sem climatiza\u00e7\u00e3o no Piau\u00ed - Portal NPM<\/title>\n<meta name=\"robots\" content=\"index, follow, max-snippet:-1, max-image-preview:large, max-video-preview:-1\" \/>\n<link rel=\"canonical\" href=\"https:\/\/portalnpm.com\/index.php\/2019\/09\/20\/professora-molha-chao-da-sala-de-aula-para-amenizar-calor-em-escola-sem-climatizacao-no-piaui\/\" \/>\n<meta property=\"og:locale\" content=\"pt_BR\" \/>\n<meta property=\"og:type\" content=\"article\" \/>\n<meta property=\"og:title\" content=\"Professora molha ch\u00e3o da sala de aula para amenizar calor em escola sem climatiza\u00e7\u00e3o no Piau\u00ed - Portal NPM\" \/>\n<meta property=\"og:description\" content=\"No per\u00edodo mais quente do ano, em que a temperatura m\u00e9dia fica entre 37 e 40 graus, alunos de escolas p\u00fablicas de\u00a0Teresina\u00a0enfrentam o calor devido \u00e0 falta de climatiza\u00e7\u00e3o nas salas de aula. Al\u00e9m do desconforto, os pais afirmam que as altas temperaturas t\u00eam afetado o aprendizado dos estudantes. No Centro Municipal de Educa\u00e7\u00e3o Infantil &hellip;\" \/>\n<meta property=\"og:url\" content=\"https:\/\/portalnpm.com\/index.php\/2019\/09\/20\/professora-molha-chao-da-sala-de-aula-para-amenizar-calor-em-escola-sem-climatizacao-no-piaui\/\" \/>\n<meta property=\"og:site_name\" content=\"Portal NPM\" \/>\n<meta property=\"article:published_time\" content=\"2019-09-20T16:43:10+00:00\" \/>\n<meta name=\"author\" content=\"Zenilton Lima\" \/>\n<meta name=\"twitter:card\" content=\"summary_large_image\" \/>\n<meta name=\"twitter:label1\" content=\"Escrito por\" \/>\n\t<meta name=\"twitter:data1\" content=\"Zenilton Lima\" \/>\n\t<meta name=\"twitter:label2\" content=\"Est. tempo de leitura\" \/>\n\t<meta name=\"twitter:data2\" content=\"3 minutos\" \/>\n<script type=\"application\/ld+json\" class=\"yoast-schema-graph\">{\"@context\":\"https:\/\/schema.org\",\"@graph\":[{\"@type\":\"WebPage\",\"@id\":\"https:\/\/portalnpm.com\/index.php\/2019\/09\/20\/professora-molha-chao-da-sala-de-aula-para-amenizar-calor-em-escola-sem-climatizacao-no-piaui\/\",\"url\":\"https:\/\/portalnpm.com\/index.php\/2019\/09\/20\/professora-molha-chao-da-sala-de-aula-para-amenizar-calor-em-escola-sem-climatizacao-no-piaui\/\",\"name\":\"Professora molha ch\u00e3o da sala de aula para amenizar calor em escola sem climatiza\u00e7\u00e3o no Piau\u00ed - Portal NPM\",\"isPartOf\":{\"@id\":\"https:\/\/portalnpm.com\/#website\"},\"primaryImageOfPage\":{\"@id\":\"https:\/\/portalnpm.com\/index.php\/2019\/09\/20\/professora-molha-chao-da-sala-de-aula-para-amenizar-calor-em-escola-sem-climatizacao-no-piaui\/#primaryimage\"},\"image\":{\"@id\":\"https:\/\/portalnpm.com\/index.php\/2019\/09\/20\/professora-molha-chao-da-sala-de-aula-para-amenizar-calor-em-escola-sem-climatizacao-no-piaui\/#primaryimage\"},\"thumbnailUrl\":\"\",\"datePublished\":\"2019-09-20T16:43:10+00:00\",\"dateModified\":\"2019-09-20T16:43:10+00:00\",\"author\":{\"@id\":\"https:\/\/portalnpm.com\/#\/schema\/person\/35cb55186eae3f074b6783da6d35591e\"},\"breadcrumb\":{\"@id\":\"https:\/\/portalnpm.com\/index.php\/2019\/09\/20\/professora-molha-chao-da-sala-de-aula-para-amenizar-calor-em-escola-sem-climatizacao-no-piaui\/#breadcrumb\"},\"inLanguage\":\"pt-BR\",\"potentialAction\":[{\"@type\":\"ReadAction\",\"target\":[\"https:\/\/portalnpm.com\/index.php\/2019\/09\/20\/professora-molha-chao-da-sala-de-aula-para-amenizar-calor-em-escola-sem-climatizacao-no-piaui\/\"]}]},{\"@type\":\"ImageObject\",\"inLanguage\":\"pt-BR\",\"@id\":\"https:\/\/portalnpm.com\/index.php\/2019\/09\/20\/professora-molha-chao-da-sala-de-aula-para-amenizar-calor-em-escola-sem-climatizacao-no-piaui\/#primaryimage\",\"url\":\"\",\"contentUrl\":\"\"},{\"@type\":\"BreadcrumbList\",\"@id\":\"https:\/\/portalnpm.com\/index.php\/2019\/09\/20\/professora-molha-chao-da-sala-de-aula-para-amenizar-calor-em-escola-sem-climatizacao-no-piaui\/#breadcrumb\",\"itemListElement\":[{\"@type\":\"ListItem\",\"position\":1,\"name\":\"In\u00edcio\",\"item\":\"https:\/\/portalnpm.com\/\"},{\"@type\":\"ListItem\",\"position\":2,\"name\":\"Professora molha ch\u00e3o da sala de aula para amenizar calor em escola sem climatiza\u00e7\u00e3o no Piau\u00ed\"}]},{\"@type\":\"WebSite\",\"@id\":\"https:\/\/portalnpm.com\/#website\",\"url\":\"https:\/\/portalnpm.com\/\",\"name\":\"Portal NPM\",\"description\":\"Not\u00edcias em Primeira M\u00e3o\",\"potentialAction\":[{\"@type\":\"SearchAction\",\"target\":{\"@type\":\"EntryPoint\",\"urlTemplate\":\"https:\/\/portalnpm.com\/?s={search_term_string}\"},\"query-input\":\"required name=search_term_string\"}],\"inLanguage\":\"pt-BR\"},{\"@type\":\"Person\",\"@id\":\"https:\/\/portalnpm.com\/#\/schema\/person\/35cb55186eae3f074b6783da6d35591e\",\"name\":\"Zenilton Lima\",\"image\":{\"@type\":\"ImageObject\",\"inLanguage\":\"pt-BR\",\"@id\":\"https:\/\/portalnpm.com\/#\/schema\/person\/image\/\",\"url\":\"https:\/\/portalnpm.com\/wp-content\/uploads\/2024\/12\/avatar_user_8_1733658137-96x96.jpeg\",\"contentUrl\":\"https:\/\/portalnpm.com\/wp-content\/uploads\/2024\/12\/avatar_user_8_1733658137-96x96.jpeg\",\"caption\":\"Zenilton Lima\"},\"url\":\"https:\/\/portalnpm.com\/index.php\/author\/zenilton\/\"}]}<\/script>\n<!-- \/ Yoast SEO plugin. -->","yoast_head_json":{"title":"Professora molha ch\u00e3o da sala de aula para amenizar calor em escola sem climatiza\u00e7\u00e3o no Piau\u00ed - Portal NPM","robots":{"index":"index","follow":"follow","max-snippet":"max-snippet:-1","max-image-preview":"max-image-preview:large","max-video-preview":"max-video-preview:-1"},"canonical":"https:\/\/portalnpm.com\/index.php\/2019\/09\/20\/professora-molha-chao-da-sala-de-aula-para-amenizar-calor-em-escola-sem-climatizacao-no-piaui\/","og_locale":"pt_BR","og_type":"article","og_title":"Professora molha ch\u00e3o da sala de aula para amenizar calor em escola sem climatiza\u00e7\u00e3o no Piau\u00ed - Portal NPM","og_description":"No per\u00edodo mais quente do ano, em que a temperatura m\u00e9dia fica entre 37 e 40 graus, alunos de escolas p\u00fablicas de\u00a0Teresina\u00a0enfrentam o calor devido \u00e0 falta de climatiza\u00e7\u00e3o nas salas de aula. Al\u00e9m do desconforto, os pais afirmam que as altas temperaturas t\u00eam afetado o aprendizado dos estudantes. No Centro Municipal de Educa\u00e7\u00e3o Infantil &hellip;","og_url":"https:\/\/portalnpm.com\/index.php\/2019\/09\/20\/professora-molha-chao-da-sala-de-aula-para-amenizar-calor-em-escola-sem-climatizacao-no-piaui\/","og_site_name":"Portal NPM","article_published_time":"2019-09-20T16:43:10+00:00","author":"Zenilton Lima","twitter_card":"summary_large_image","twitter_misc":{"Escrito por":"Zenilton Lima","Est. tempo de leitura":"3 minutos"},"schema":{"@context":"https:\/\/schema.org","@graph":[{"@type":"WebPage","@id":"https:\/\/portalnpm.com\/index.php\/2019\/09\/20\/professora-molha-chao-da-sala-de-aula-para-amenizar-calor-em-escola-sem-climatizacao-no-piaui\/","url":"https:\/\/portalnpm.com\/index.php\/2019\/09\/20\/professora-molha-chao-da-sala-de-aula-para-amenizar-calor-em-escola-sem-climatizacao-no-piaui\/","name":"Professora molha ch\u00e3o da sala de aula para amenizar calor em escola sem climatiza\u00e7\u00e3o no Piau\u00ed - Portal NPM","isPartOf":{"@id":"https:\/\/portalnpm.com\/#website"},"primaryImageOfPage":{"@id":"https:\/\/portalnpm.com\/index.php\/2019\/09\/20\/professora-molha-chao-da-sala-de-aula-para-amenizar-calor-em-escola-sem-climatizacao-no-piaui\/#primaryimage"},"image":{"@id":"https:\/\/portalnpm.com\/index.php\/2019\/09\/20\/professora-molha-chao-da-sala-de-aula-para-amenizar-calor-em-escola-sem-climatizacao-no-piaui\/#primaryimage"},"thumbnailUrl":"","datePublished":"2019-09-20T16:43:10+00:00","dateModified":"2019-09-20T16:43:10+00:00","author":{"@id":"https:\/\/portalnpm.com\/#\/schema\/person\/35cb55186eae3f074b6783da6d35591e"},"breadcrumb":{"@id":"https:\/\/portalnpm.com\/index.php\/2019\/09\/20\/professora-molha-chao-da-sala-de-aula-para-amenizar-calor-em-escola-sem-climatizacao-no-piaui\/#breadcrumb"},"inLanguage":"pt-BR","potentialAction":[{"@type":"ReadAction","target":["https:\/\/portalnpm.com\/index.php\/2019\/09\/20\/professora-molha-chao-da-sala-de-aula-para-amenizar-calor-em-escola-sem-climatizacao-no-piaui\/"]}]},{"@type":"ImageObject","inLanguage":"pt-BR","@id":"https:\/\/portalnpm.com\/index.php\/2019\/09\/20\/professora-molha-chao-da-sala-de-aula-para-amenizar-calor-em-escola-sem-climatizacao-no-piaui\/#primaryimage","url":"","contentUrl":""},{"@type":"BreadcrumbList","@id":"https:\/\/portalnpm.com\/index.php\/2019\/09\/20\/professora-molha-chao-da-sala-de-aula-para-amenizar-calor-em-escola-sem-climatizacao-no-piaui\/#breadcrumb","itemListElement":[{"@type":"ListItem","position":1,"name":"In\u00edcio","item":"https:\/\/portalnpm.com\/"},{"@type":"ListItem","position":2,"name":"Professora molha ch\u00e3o da sala de aula para amenizar calor em escola sem climatiza\u00e7\u00e3o no Piau\u00ed"}]},{"@type":"WebSite","@id":"https:\/\/portalnpm.com\/#website","url":"https:\/\/portalnpm.com\/","name":"Portal NPM","description":"Not\u00edcias em Primeira M\u00e3o","potentialAction":[{"@type":"SearchAction","target":{"@type":"EntryPoint","urlTemplate":"https:\/\/portalnpm.com\/?s={search_term_string}"},"query-input":"required name=search_term_string"}],"inLanguage":"pt-BR"},{"@type":"Person","@id":"https:\/\/portalnpm.com\/#\/schema\/person\/35cb55186eae3f074b6783da6d35591e","name":"Zenilton Lima","image":{"@type":"ImageObject","inLanguage":"pt-BR","@id":"https:\/\/portalnpm.com\/#\/schema\/person\/image\/","url":"https:\/\/portalnpm.com\/wp-content\/uploads\/2024\/12\/avatar_user_8_1733658137-96x96.jpeg","contentUrl":"https:\/\/portalnpm.com\/wp-content\/uploads\/2024\/12\/avatar_user_8_1733658137-96x96.jpeg","caption":"Zenilton Lima"},"url":"https:\/\/portalnpm.com\/index.php\/author\/zenilton\/"}]}},"jetpack_sharing_enabled":true,"jetpack_featured_media_url":"","_links":{"self":[{"href":"https:\/\/portalnpm.com\/index.php\/wp-json\/wp\/v2\/posts\/11649"}],"collection":[{"href":"https:\/\/portalnpm.com\/index.php\/wp-json\/wp\/v2\/posts"}],"about":[{"href":"https:\/\/portalnpm.com\/index.php\/wp-json\/wp\/v2\/types\/post"}],"author":[{"embeddable":true,"href":"https:\/\/portalnpm.com\/index.php\/wp-json\/wp\/v2\/users\/8"}],"replies":[{"embeddable":true,"href":"https:\/\/portalnpm.com\/index.php\/wp-json\/wp\/v2\/comments?post=11649"}],"version-history":[{"count":0,"href":"https:\/\/portalnpm.com\/index.php\/wp-json\/wp\/v2\/posts\/11649\/revisions"}],"wp:featuredmedia":[{"embeddable":true,"href":"https:\/\/portalnpm.com\/index.php\/wp-json\/"}],"wp:attachment":[{"href":"https:\/\/portalnpm.com\/index.php\/wp-json\/wp\/v2\/media?parent=11649"}],"wp:term":[{"taxonomy":"category","embeddable":true,"href":"https:\/\/portalnpm.com\/index.php\/wp-json\/wp\/v2\/categories?post=11649"},{"taxonomy":"post_tag","embeddable":true,"href":"https:\/\/portalnpm.com\/index.php\/wp-json\/wp\/v2\/tags?post=11649"}],"curies":[{"name":"wp","href":"https:\/\/api.w.org\/{rel}","templated":true}]}}