{"id":11684,"date":"2019-09-21T18:48:47","date_gmt":"2019-09-21T21:48:47","guid":{"rendered":"http:\/\/srv.portalnpm.com.br\/?p=11684"},"modified":"2019-09-21T18:48:47","modified_gmt":"2019-09-21T21:48:47","slug":"jovem-e-assassinado-com-golpes-de-faca-em-alagoinha-do-piaui","status":"publish","type":"post","link":"https:\/\/portalnpm.com\/index.php\/2019\/09\/21\/jovem-e-assassinado-com-golpes-de-faca-em-alagoinha-do-piaui\/","title":{"rendered":"Jovem \u00e9 assassinado com golpes de faca em Alagoinha do Piau\u00ed"},"content":{"rendered":"<p style=\"text-align: justify;\">Um jovem identificado por Jos\u00e9 Derismar Clementino, conhecido pelo apelido de \u201cBuim\u201d foi morto a facadas na tarde deste s\u00e1bado, 21 de setembro, em Alagoinha do Piau\u00ed. Este \u00e9 o segundo assassinato no m\u00eas de setembro no munic\u00edpio.<\/p>\n<p>&nbsp;<\/p>\n<p style=\"text-align: justify;\">De acordo com informa\u00e7\u00f5es do GPM de Alagoinha do Piau\u00ed, a motiva\u00e7\u00e3o do crime teria sido um desentendimento da v\u00edtima com outro jovem.\u00a0 Jos\u00e9 Derismar Clementino foi golpeado com uma faca no pesco\u00e7o e ainda foi socorrido com vida, mas n\u00e3o resistiu aos ferimentos e morreu ao chegar no Hospital Regional Justino Luz em Picos \u2013 PI.<\/p>\n<p style=\"text-align: justify;\">O GPM de Alagoinha do Piau\u00ed atrav\u00e9s do CB J Manoel e SD Gilvan ao fazer dilig\u00eancia no local conseguiram prender em fragrante o acusado pelo assassinato. Ele foi identificado Cleytionon Jos\u00e9 de Lima, conhecido por \u201cNonon\u201d. O acusado foi conduzido para a DPC de Policia Civil de Fronteiras \u2013 PI para os procedimentos cab\u00edveis.<\/p>\n<p style=\"text-align: justify;\"><strong>Segundo assassinato do m\u00eas em Alagoinha do Piau\u00ed<\/strong><\/p>\n<p style=\"text-align: justify;\">Este \u00e9 o segundo assassinato do m\u00eas de setembro em Alagoinha do Piau\u00ed. No \u00faltimo dia 12 de setembro, um homem identificado por \u201cAnt\u00f4nio de Lela\u201d tamb\u00e9m conhecido por \u201cAnt\u00f4nio do Lau\u201d foi executado com tiros na cabe\u00e7a, no centro da cidade. A v\u00edtima estava sentada na cal\u00e7ada de uma resid\u00eancia quando dois homens numa motocicleta se aproximaram e efetuaram os disparos. Logo ap\u00f3s a execu\u00e7\u00e3o os suspeitos fugiram tomando rumo ignorado.<\/p>\n<p><strong>Fonte<\/strong>: Portal \u00c9 Not\u00edcias<\/p>\n","protected":false},"excerpt":{"rendered":"<p>Um jovem identificado por Jos\u00e9 Derismar Clementino, conhecido pelo apelido de \u201cBuim\u201d foi morto a facadas na tarde deste s\u00e1bado, 21 de setembro, em Alagoinha do Piau\u00ed. Este \u00e9 o segundo assassinato no m\u00eas de setembro no munic\u00edpio. &nbsp; De acordo com informa\u00e7\u00f5es do GPM de Alagoinha do Piau\u00ed, a motiva\u00e7\u00e3o do crime teria sido &hellip;<\/p>\n","protected":false},"author":8,"featured_media":11686,"comment_status":"open","ping_status":"open","sticky":false,"template":"","format":"standard","meta":{"content-type":"","rop_custom_images_group":[],"rop_custom_messages_group":[],"rop_publish_now":"initial","rop_publish_now_accounts":{"facebook_2648258775420054_1618374048415101":""},"rop_publish_now_history":[],"rop_publish_now_status":"pending","footnotes":"","_jetpack_memberships_contains_paid_content":false},"categories":[144],"tags":[2267,2321,190,172],"yoast_head":"<!-- This site is optimized with the Yoast SEO plugin v22.3 - https:\/\/yoast.com\/wordpress\/plugins\/seo\/ -->\n<title>Jovem \u00e9 assassinado com golpes de faca em Alagoinha do Piau\u00ed - Portal NPM<\/title>\n<meta name=\"robots\" content=\"index, follow, max-snippet:-1, max-image-preview:large, max-video-preview:-1\" \/>\n<link rel=\"canonical\" href=\"https:\/\/portalnpm.com\/index.php\/2019\/09\/21\/jovem-e-assassinado-com-golpes-de-faca-em-alagoinha-do-piaui\/\" \/>\n<meta property=\"og:locale\" content=\"pt_BR\" \/>\n<meta property=\"og:type\" content=\"article\" \/>\n<meta property=\"og:title\" content=\"Jovem \u00e9 assassinado com golpes de faca em Alagoinha do Piau\u00ed - Portal NPM\" \/>\n<meta property=\"og:description\" content=\"Um jovem identificado por Jos\u00e9 Derismar Clementino, conhecido pelo apelido de \u201cBuim\u201d foi morto a facadas na tarde deste s\u00e1bado, 21 de setembro, em Alagoinha do Piau\u00ed. Este \u00e9 o segundo assassinato no m\u00eas de setembro no munic\u00edpio. &nbsp; De acordo com informa\u00e7\u00f5es do GPM de Alagoinha do Piau\u00ed, a motiva\u00e7\u00e3o do crime teria sido &hellip;\" \/>\n<meta property=\"og:url\" content=\"https:\/\/portalnpm.com\/index.php\/2019\/09\/21\/jovem-e-assassinado-com-golpes-de-faca-em-alagoinha-do-piaui\/\" \/>\n<meta property=\"og:site_name\" content=\"Portal NPM\" \/>\n<meta property=\"article:published_time\" content=\"2019-09-21T21:48:47+00:00\" \/>\n<meta name=\"author\" content=\"Zenilton Lima\" \/>\n<meta name=\"twitter:card\" content=\"summary_large_image\" \/>\n<meta name=\"twitter:label1\" content=\"Escrito por\" \/>\n\t<meta name=\"twitter:data1\" content=\"Zenilton Lima\" \/>\n\t<meta name=\"twitter:label2\" content=\"Est. tempo de leitura\" \/>\n\t<meta name=\"twitter:data2\" content=\"1 minuto\" \/>\n<script type=\"application\/ld+json\" class=\"yoast-schema-graph\">{\"@context\":\"https:\/\/schema.org\",\"@graph\":[{\"@type\":\"WebPage\",\"@id\":\"https:\/\/portalnpm.com\/index.php\/2019\/09\/21\/jovem-e-assassinado-com-golpes-de-faca-em-alagoinha-do-piaui\/\",\"url\":\"https:\/\/portalnpm.com\/index.php\/2019\/09\/21\/jovem-e-assassinado-com-golpes-de-faca-em-alagoinha-do-piaui\/\",\"name\":\"Jovem \u00e9 assassinado com golpes de faca em Alagoinha do Piau\u00ed - Portal NPM\",\"isPartOf\":{\"@id\":\"https:\/\/portalnpm.com\/#website\"},\"primaryImageOfPage\":{\"@id\":\"https:\/\/portalnpm.com\/index.php\/2019\/09\/21\/jovem-e-assassinado-com-golpes-de-faca-em-alagoinha-do-piaui\/#primaryimage\"},\"image\":{\"@id\":\"https:\/\/portalnpm.com\/index.php\/2019\/09\/21\/jovem-e-assassinado-com-golpes-de-faca-em-alagoinha-do-piaui\/#primaryimage\"},\"thumbnailUrl\":\"\",\"datePublished\":\"2019-09-21T21:48:47+00:00\",\"dateModified\":\"2019-09-21T21:48:47+00:00\",\"author\":{\"@id\":\"https:\/\/portalnpm.com\/#\/schema\/person\/35cb55186eae3f074b6783da6d35591e\"},\"breadcrumb\":{\"@id\":\"https:\/\/portalnpm.com\/index.php\/2019\/09\/21\/jovem-e-assassinado-com-golpes-de-faca-em-alagoinha-do-piaui\/#breadcrumb\"},\"inLanguage\":\"pt-BR\",\"potentialAction\":[{\"@type\":\"ReadAction\",\"target\":[\"https:\/\/portalnpm.com\/index.php\/2019\/09\/21\/jovem-e-assassinado-com-golpes-de-faca-em-alagoinha-do-piaui\/\"]}]},{\"@type\":\"ImageObject\",\"inLanguage\":\"pt-BR\",\"@id\":\"https:\/\/portalnpm.com\/index.php\/2019\/09\/21\/jovem-e-assassinado-com-golpes-de-faca-em-alagoinha-do-piaui\/#primaryimage\",\"url\":\"\",\"contentUrl\":\"\"},{\"@type\":\"BreadcrumbList\",\"@id\":\"https:\/\/portalnpm.com\/index.php\/2019\/09\/21\/jovem-e-assassinado-com-golpes-de-faca-em-alagoinha-do-piaui\/#breadcrumb\",\"itemListElement\":[{\"@type\":\"ListItem\",\"position\":1,\"name\":\"In\u00edcio\",\"item\":\"https:\/\/portalnpm.com\/\"},{\"@type\":\"ListItem\",\"position\":2,\"name\":\"Jovem \u00e9 assassinado com golpes de faca em Alagoinha do Piau\u00ed\"}]},{\"@type\":\"WebSite\",\"@id\":\"https:\/\/portalnpm.com\/#website\",\"url\":\"https:\/\/portalnpm.com\/\",\"name\":\"Portal NPM\",\"description\":\"Not\u00edcias em Primeira M\u00e3o\",\"potentialAction\":[{\"@type\":\"SearchAction\",\"target\":{\"@type\":\"EntryPoint\",\"urlTemplate\":\"https:\/\/portalnpm.com\/?s={search_term_string}\"},\"query-input\":\"required name=search_term_string\"}],\"inLanguage\":\"pt-BR\"},{\"@type\":\"Person\",\"@id\":\"https:\/\/portalnpm.com\/#\/schema\/person\/35cb55186eae3f074b6783da6d35591e\",\"name\":\"Zenilton Lima\",\"image\":{\"@type\":\"ImageObject\",\"inLanguage\":\"pt-BR\",\"@id\":\"https:\/\/portalnpm.com\/#\/schema\/person\/image\/\",\"url\":\"https:\/\/portalnpm.com\/wp-content\/uploads\/2024\/12\/avatar_user_8_1733658137-96x96.jpeg\",\"contentUrl\":\"https:\/\/portalnpm.com\/wp-content\/uploads\/2024\/12\/avatar_user_8_1733658137-96x96.jpeg\",\"caption\":\"Zenilton Lima\"},\"url\":\"https:\/\/portalnpm.com\/index.php\/author\/zenilton\/\"}]}<\/script>\n<!-- \/ Yoast SEO plugin. -->","yoast_head_json":{"title":"Jovem \u00e9 assassinado com golpes de faca em Alagoinha do Piau\u00ed - Portal NPM","robots":{"index":"index","follow":"follow","max-snippet":"max-snippet:-1","max-image-preview":"max-image-preview:large","max-video-preview":"max-video-preview:-1"},"canonical":"https:\/\/portalnpm.com\/index.php\/2019\/09\/21\/jovem-e-assassinado-com-golpes-de-faca-em-alagoinha-do-piaui\/","og_locale":"pt_BR","og_type":"article","og_title":"Jovem \u00e9 assassinado com golpes de faca em Alagoinha do Piau\u00ed - Portal NPM","og_description":"Um jovem identificado por Jos\u00e9 Derismar Clementino, conhecido pelo apelido de \u201cBuim\u201d foi morto a facadas na tarde deste s\u00e1bado, 21 de setembro, em Alagoinha do Piau\u00ed. Este \u00e9 o segundo assassinato no m\u00eas de setembro no munic\u00edpio. &nbsp; De acordo com informa\u00e7\u00f5es do GPM de Alagoinha do Piau\u00ed, a motiva\u00e7\u00e3o do crime teria sido &hellip;","og_url":"https:\/\/portalnpm.com\/index.php\/2019\/09\/21\/jovem-e-assassinado-com-golpes-de-faca-em-alagoinha-do-piaui\/","og_site_name":"Portal NPM","article_published_time":"2019-09-21T21:48:47+00:00","author":"Zenilton Lima","twitter_card":"summary_large_image","twitter_misc":{"Escrito por":"Zenilton Lima","Est. tempo de leitura":"1 minuto"},"schema":{"@context":"https:\/\/schema.org","@graph":[{"@type":"WebPage","@id":"https:\/\/portalnpm.com\/index.php\/2019\/09\/21\/jovem-e-assassinado-com-golpes-de-faca-em-alagoinha-do-piaui\/","url":"https:\/\/portalnpm.com\/index.php\/2019\/09\/21\/jovem-e-assassinado-com-golpes-de-faca-em-alagoinha-do-piaui\/","name":"Jovem \u00e9 assassinado com golpes de faca em Alagoinha do Piau\u00ed - Portal NPM","isPartOf":{"@id":"https:\/\/portalnpm.com\/#website"},"primaryImageOfPage":{"@id":"https:\/\/portalnpm.com\/index.php\/2019\/09\/21\/jovem-e-assassinado-com-golpes-de-faca-em-alagoinha-do-piaui\/#primaryimage"},"image":{"@id":"https:\/\/portalnpm.com\/index.php\/2019\/09\/21\/jovem-e-assassinado-com-golpes-de-faca-em-alagoinha-do-piaui\/#primaryimage"},"thumbnailUrl":"","datePublished":"2019-09-21T21:48:47+00:00","dateModified":"2019-09-21T21:48:47+00:00","author":{"@id":"https:\/\/portalnpm.com\/#\/schema\/person\/35cb55186eae3f074b6783da6d35591e"},"breadcrumb":{"@id":"https:\/\/portalnpm.com\/index.php\/2019\/09\/21\/jovem-e-assassinado-com-golpes-de-faca-em-alagoinha-do-piaui\/#breadcrumb"},"inLanguage":"pt-BR","potentialAction":[{"@type":"ReadAction","target":["https:\/\/portalnpm.com\/index.php\/2019\/09\/21\/jovem-e-assassinado-com-golpes-de-faca-em-alagoinha-do-piaui\/"]}]},{"@type":"ImageObject","inLanguage":"pt-BR","@id":"https:\/\/portalnpm.com\/index.php\/2019\/09\/21\/jovem-e-assassinado-com-golpes-de-faca-em-alagoinha-do-piaui\/#primaryimage","url":"","contentUrl":""},{"@type":"BreadcrumbList","@id":"https:\/\/portalnpm.com\/index.php\/2019\/09\/21\/jovem-e-assassinado-com-golpes-de-faca-em-alagoinha-do-piaui\/#breadcrumb","itemListElement":[{"@type":"ListItem","position":1,"name":"In\u00edcio","item":"https:\/\/portalnpm.com\/"},{"@type":"ListItem","position":2,"name":"Jovem \u00e9 assassinado com golpes de faca em Alagoinha do Piau\u00ed"}]},{"@type":"WebSite","@id":"https:\/\/portalnpm.com\/#website","url":"https:\/\/portalnpm.com\/","name":"Portal NPM","description":"Not\u00edcias em Primeira M\u00e3o","potentialAction":[{"@type":"SearchAction","target":{"@type":"EntryPoint","urlTemplate":"https:\/\/portalnpm.com\/?s={search_term_string}"},"query-input":"required name=search_term_string"}],"inLanguage":"pt-BR"},{"@type":"Person","@id":"https:\/\/portalnpm.com\/#\/schema\/person\/35cb55186eae3f074b6783da6d35591e","name":"Zenilton Lima","image":{"@type":"ImageObject","inLanguage":"pt-BR","@id":"https:\/\/portalnpm.com\/#\/schema\/person\/image\/","url":"https:\/\/portalnpm.com\/wp-content\/uploads\/2024\/12\/avatar_user_8_1733658137-96x96.jpeg","contentUrl":"https:\/\/portalnpm.com\/wp-content\/uploads\/2024\/12\/avatar_user_8_1733658137-96x96.jpeg","caption":"Zenilton Lima"},"url":"https:\/\/portalnpm.com\/index.php\/author\/zenilton\/"}]}},"jetpack_sharing_enabled":true,"jetpack_featured_media_url":"","_links":{"self":[{"href":"https:\/\/portalnpm.com\/index.php\/wp-json\/wp\/v2\/posts\/11684"}],"collection":[{"href":"https:\/\/portalnpm.com\/index.php\/wp-json\/wp\/v2\/posts"}],"about":[{"href":"https:\/\/portalnpm.com\/index.php\/wp-json\/wp\/v2\/types\/post"}],"author":[{"embeddable":true,"href":"https:\/\/portalnpm.com\/index.php\/wp-json\/wp\/v2\/users\/8"}],"replies":[{"embeddable":true,"href":"https:\/\/portalnpm.com\/index.php\/wp-json\/wp\/v2\/comments?post=11684"}],"version-history":[{"count":0,"href":"https:\/\/portalnpm.com\/index.php\/wp-json\/wp\/v2\/posts\/11684\/revisions"}],"wp:featuredmedia":[{"embeddable":true,"href":"https:\/\/portalnpm.com\/index.php\/wp-json\/"}],"wp:attachment":[{"href":"https:\/\/portalnpm.com\/index.php\/wp-json\/wp\/v2\/media?parent=11684"}],"wp:term":[{"taxonomy":"category","embeddable":true,"href":"https:\/\/portalnpm.com\/index.php\/wp-json\/wp\/v2\/categories?post=11684"},{"taxonomy":"post_tag","embeddable":true,"href":"https:\/\/portalnpm.com\/index.php\/wp-json\/wp\/v2\/tags?post=11684"}],"curies":[{"name":"wp","href":"https:\/\/api.w.org\/{rel}","templated":true}]}}