{"id":11881,"date":"2019-09-29T13:59:33","date_gmt":"2019-09-29T16:59:33","guid":{"rendered":"http:\/\/srv.portalnpm.com.br\/?p=11881"},"modified":"2019-09-29T13:59:33","modified_gmt":"2019-09-29T16:59:33","slug":"sao-juliao-alunos-do-curso-tecnico-em-agricultura-concluem-estagio-na-fazenda-canas-veja-fotos","status":"publish","type":"post","link":"https:\/\/portalnpm.com\/index.php\/2019\/09\/29\/sao-juliao-alunos-do-curso-tecnico-em-agricultura-concluem-estagio-na-fazenda-canas-veja-fotos\/","title":{"rendered":"S\u00e3o Juli\u00e3o | Alunos do curso T\u00e9cnico em Agricultura concluem est\u00e1gio na fazenda Canas; veja fotos!"},"content":{"rendered":"<p style=\"text-align: justify;\">Os alunos do Pronatec do curso \u201cT\u00e9cnico em Agricultura\u201d, iniciaram o est\u00e1gio no dia 03 de setembro e conclu\u00edram neste s\u00e1bado (28), supervisionado pelo engenheiro agr\u00f4nomo Lindelmar da Paz Brand\u00e3o, com dura\u00e7\u00e3o de 120 horas na Fazenda Canas, localizada no munic\u00edpio de S\u00e3o Juli\u00e3o \u2013 PI.<\/p>\n<p><img fetchpriority=\"high\" decoding=\"async\" class=\"alignnone size-full wp-image-11908\" src=\"http:\/\/portalnpm.com\/wp-content\/uploads\/2019\/09\/IMG-20190929-WA0139.jpg\" alt=\"\" width=\"1280\" height=\"960\" \/><\/p>\n<p style=\"text-align: justify;\">O curso teve a coordena\u00e7\u00e3o de Verissima Maria, conseguido atrav\u00e9s do Sr. Jos\u00e9 Neci, enquanto era gestor do munic\u00edpio junto a ent\u00e3o secret\u00e1ria de Educa\u00e7\u00e3o, Rejane Dias. O curso foi ofertado na Unidade Escolar Apr\u00edgio Pereira Bezerra, orientado por Marcela Karen, da 16\u00b0GRE, SEDUC-PI.<\/p>\n<p style=\"text-align: justify;\">O ex-prefeito Jos\u00e9 Neci destacou a import\u00e2ncia do curso:<\/p>\n<p style=\"text-align: justify;\"><em>\u201cN\u00e3o h\u00e1 nada mais gratificante de poder contribuir para a forma\u00e7\u00e3o t\u00e9cnica dos nossos jovens s\u00e3o juliaense. Pra mim foi uma honra, enquanto gestor, junto a secret\u00e1ria Rejane Dias ter conseguido esses cursos para nossa cidade&#8221;<\/em>, disse.<\/p>\n<p style=\"text-align: justify;\">Verissima Maria, na condi\u00e7\u00e3o de coordenadora do Pronatec, destacou a import\u00e2ncia do curso:<\/p>\n<p style=\"text-align: justify;\"><em>\u201c\u00c9 uma grande oportunidade de adquirir conhecimento pr\u00e1tico na \u00e1rea agr\u00edcola e conhecer novas t\u00e9cnicas trazendo experi\u00eancia profissional e principalmente aprender a valorizar o trabalho em equipe. Agregar conhecimento de t\u00e9cnicas diferenciadas para aplicar futuramente no mercado de trabalho.<\/em><br \/>\n<em>\u00c9 muito gratificante poder est\u00e1 a frente do programa, de ver os alunos se capacitando e preparando para serem inseridos no mercado de trabalho. \u00c9 uma grande oportunidade para os jovens do munic\u00edpio, esses cursos, que tem sido ofertados atrav\u00e9s da secretaria de Educa\u00e7\u00e3o do Estado do Piau\u00ed&#8221;, disse.<\/em><\/p>\n<figure id=\"attachment_11882\" aria-describedby=\"caption-attachment-11882\" style=\"width: 853px\" class=\"wp-caption alignnone\"><img decoding=\"async\" class=\"size-full wp-image-11882\" src=\"http:\/\/portalnpm.com\/wp-content\/uploads\/2019\/09\/11-34-24-IMG-20190903-WA0243.jpg\" alt=\"\" width=\"853\" height=\"1280\" \/><figcaption id=\"caption-attachment-11882\" class=\"wp-caption-text\">Verissima Maria, coordenadora do Pronatec em S\u00e3o Juli\u00e3o<\/figcaption><\/figure>\n<p style=\"text-align: justify;\">A coordenadora destacou ainda a reciprocidade que os alunos tiveram na fazenda Canas.<\/p>\n<p style=\"text-align: justify;\"><em>&#8220;Em nome do Pronatec, agrade\u00e7o ao Sr. Jos\u00e9 Neci, a Sra. Rufina Isabel e a todos da fazenda Canas, que foram muito rec\u00edproco com todos do curso. Desde ao jantar que foi servido a n\u00f3s, a oportunidade que foi oferecida aos alunos para realizar o est\u00e1gio. Agradecemos de cora\u00e7\u00e3o a todos e muito obrigado&#8221;<\/em>, finalizou.<\/p>\n<p style=\"text-align: justify;\">Com o est\u00e1gio conclu\u00eddo, os alunos aguardar\u00e3o a formatura que ser\u00e1 no dia 19 de outubro, no Recanto do Lazer, em S\u00e3o Juli\u00e3o &#8211; PI.<\/p>\n<figure id=\"attachment_11883\" aria-describedby=\"caption-attachment-11883\" style=\"width: 774px\" class=\"wp-caption alignnone\"><img decoding=\"async\" class=\"size-full wp-image-11883\" src=\"http:\/\/portalnpm.com\/wp-content\/uploads\/2019\/09\/IMG-20190929-WA0153.jpg\" alt=\"\" width=\"774\" height=\"1032\" \/><figcaption id=\"caption-attachment-11883\" class=\"wp-caption-text\">Atanael Rocha, aluno do curso T\u00e9cnico em Agricultura<\/figcaption><\/figure>\n<p><img loading=\"lazy\" decoding=\"async\" class=\"alignnone size-full wp-image-11884\" src=\"http:\/\/portalnpm.com\/wp-content\/uploads\/2019\/09\/IMG-20190929-WA0157.jpg\" alt=\"\" width=\"774\" height=\"1032\" \/> <img loading=\"lazy\" decoding=\"async\" class=\"alignnone size-medium wp-image-11885\" src=\"http:\/\/portalnpm.com\/wp-content\/uploads\/2019\/09\/IMG-20190929-WA0156.jpg\" alt=\"\" width=\"774\" height=\"1032\" \/> <img loading=\"lazy\" decoding=\"async\" class=\"alignnone size-medium wp-image-11886\" src=\"http:\/\/portalnpm.com\/wp-content\/uploads\/2019\/09\/IMG-20190929-WA0159.jpg\" alt=\"\" width=\"774\" height=\"1032\" \/> <img loading=\"lazy\" decoding=\"async\" class=\"alignnone size-medium wp-image-11887\" src=\"http:\/\/portalnpm.com\/wp-content\/uploads\/2019\/09\/IMG-20190929-WA0136.jpg\" alt=\"\" width=\"774\" height=\"1032\" \/> <img loading=\"lazy\" decoding=\"async\" class=\"alignnone size-medium wp-image-11888\" src=\"http:\/\/portalnpm.com\/wp-content\/uploads\/2019\/09\/IMG-20190929-WA0158.jpg\" alt=\"\" width=\"774\" height=\"1032\" \/> <img loading=\"lazy\" decoding=\"async\" class=\"alignnone size-medium wp-image-11889\" src=\"http:\/\/portalnpm.com\/wp-content\/uploads\/2019\/09\/IMG-20190929-WA0135.jpg\" alt=\"\" width=\"1024\" height=\"768\" \/> <img loading=\"lazy\" decoding=\"async\" class=\"alignnone size-medium wp-image-11890\" src=\"http:\/\/portalnpm.com\/wp-content\/uploads\/2019\/09\/IMG-20190929-WA0138.jpg\" alt=\"\" width=\"774\" height=\"1032\" \/> <img loading=\"lazy\" decoding=\"async\" class=\"alignnone size-medium wp-image-11891\" src=\"http:\/\/portalnpm.com\/wp-content\/uploads\/2019\/09\/IMG-20190929-WA0137.jpg\" alt=\"\" width=\"1280\" height=\"960\" \/> <img loading=\"lazy\" decoding=\"async\" class=\"alignnone size-medium wp-image-11892\" src=\"http:\/\/portalnpm.com\/wp-content\/uploads\/2019\/09\/IMG-20190929-WA0151.jpg\" alt=\"\" width=\"1280\" height=\"960\" \/> <img loading=\"lazy\" decoding=\"async\" class=\"alignnone size-medium wp-image-11893\" src=\"http:\/\/portalnpm.com\/wp-content\/uploads\/2019\/09\/IMG-20190929-WA0150.jpg\" alt=\"\" width=\"774\" height=\"1032\" \/> <img loading=\"lazy\" decoding=\"async\" class=\"alignnone size-medium wp-image-11894\" src=\"http:\/\/portalnpm.com\/wp-content\/uploads\/2019\/09\/IMG-20190929-WA0153-1.jpg\" alt=\"\" width=\"774\" height=\"1032\" \/> <img loading=\"lazy\" decoding=\"async\" class=\"alignnone size-medium wp-image-11895\" src=\"http:\/\/portalnpm.com\/wp-content\/uploads\/2019\/09\/IMG-20190929-WA0152.jpg\" alt=\"\" width=\"1032\" height=\"774\" \/> <img loading=\"lazy\" decoding=\"async\" class=\"alignnone size-medium wp-image-11896\" src=\"http:\/\/portalnpm.com\/wp-content\/uploads\/2019\/09\/IMG-20190929-WA0155.jpg\" alt=\"\" width=\"774\" height=\"1032\" \/> <img loading=\"lazy\" decoding=\"async\" class=\"alignnone size-medium wp-image-11897\" src=\"http:\/\/portalnpm.com\/wp-content\/uploads\/2019\/09\/IMG-20190929-WA0154.jpg\" alt=\"\" width=\"960\" height=\"1280\" \/> <img loading=\"lazy\" decoding=\"async\" class=\"alignnone size-medium wp-image-11898\" src=\"http:\/\/portalnpm.com\/wp-content\/uploads\/2019\/09\/IMG-20190929-WA0168.jpg\" alt=\"\" width=\"774\" height=\"1032\" \/> <img loading=\"lazy\" decoding=\"async\" class=\"alignnone size-medium wp-image-11899\" src=\"http:\/\/portalnpm.com\/wp-content\/uploads\/2019\/09\/IMG-20190929-WA0145.jpg\" alt=\"\" width=\"774\" height=\"1032\" \/> <img loading=\"lazy\" decoding=\"async\" class=\"alignnone size-medium wp-image-11900\" src=\"http:\/\/portalnpm.com\/wp-content\/uploads\/2019\/09\/IMG-20190929-WA0167.jpg\" alt=\"\" width=\"774\" height=\"1032\" \/> <img loading=\"lazy\" decoding=\"async\" class=\"alignnone size-medium wp-image-11901\" src=\"http:\/\/portalnpm.com\/wp-content\/uploads\/2019\/09\/IMG-20190929-WA0144.jpg\" alt=\"\" width=\"774\" height=\"1032\" \/> <img loading=\"lazy\" decoding=\"async\" class=\"alignnone size-medium wp-image-11902\" src=\"http:\/\/portalnpm.com\/wp-content\/uploads\/2019\/09\/IMG-20190929-WA0147.jpg\" alt=\"\" width=\"774\" height=\"1032\" \/> <img loading=\"lazy\" decoding=\"async\" class=\"alignnone size-medium wp-image-11903\" src=\"http:\/\/portalnpm.com\/wp-content\/uploads\/2019\/09\/IMG-20190929-WA0169.jpg\" alt=\"\" width=\"774\" height=\"1032\" \/> <img loading=\"lazy\" decoding=\"async\" class=\"alignnone size-medium wp-image-11904\" src=\"http:\/\/portalnpm.com\/wp-content\/uploads\/2019\/09\/IMG-20190929-WA0146.jpg\" alt=\"\" width=\"774\" height=\"1032\" \/> <img loading=\"lazy\" decoding=\"async\" class=\"alignnone size-medium wp-image-11905\" src=\"http:\/\/portalnpm.com\/wp-content\/uploads\/2019\/09\/IMG-20190929-WA0149.jpg\" alt=\"\" width=\"1032\" height=\"774\" \/> <img loading=\"lazy\" decoding=\"async\" class=\"alignnone size-medium wp-image-11906\" src=\"http:\/\/portalnpm.com\/wp-content\/uploads\/2019\/09\/IMG-20190929-WA0160.jpg\" alt=\"\" width=\"774\" height=\"1032\" \/> <img loading=\"lazy\" decoding=\"async\" class=\"alignnone size-medium wp-image-11907\" src=\"http:\/\/portalnpm.com\/wp-content\/uploads\/2019\/09\/IMG-20190929-WA0162.jpg\" alt=\"\" width=\"774\" height=\"1032\" \/> <img loading=\"lazy\" decoding=\"async\" class=\"alignnone size-medium wp-image-11908\" src=\"http:\/\/portalnpm.com\/wp-content\/uploads\/2019\/09\/IMG-20190929-WA0139.jpg\" alt=\"\" width=\"1280\" height=\"960\" \/> <img loading=\"lazy\" decoding=\"async\" class=\"alignnone size-medium wp-image-11909\" src=\"http:\/\/portalnpm.com\/wp-content\/uploads\/2019\/09\/IMG-20190929-WA0161.jpg\" alt=\"\" width=\"774\" height=\"1032\" \/> <img loading=\"lazy\" decoding=\"async\" class=\"alignnone size-medium wp-image-11910\" src=\"http:\/\/portalnpm.com\/wp-content\/uploads\/2019\/09\/IMG-20190929-WA0164.jpg\" alt=\"\" width=\"774\" height=\"1032\" \/> <img loading=\"lazy\" decoding=\"async\" class=\"alignnone size-medium wp-image-11911\" src=\"http:\/\/portalnpm.com\/wp-content\/uploads\/2019\/09\/IMG-20190929-WA0141.jpg\" alt=\"\" width=\"774\" height=\"1032\" \/> <img loading=\"lazy\" decoding=\"async\" class=\"alignnone size-medium wp-image-11912\" src=\"http:\/\/portalnpm.com\/wp-content\/uploads\/2019\/09\/IMG-20190929-WA0163.jpg\" alt=\"\" width=\"774\" height=\"1032\" \/> <img loading=\"lazy\" decoding=\"async\" class=\"alignnone size-medium wp-image-11913\" src=\"http:\/\/portalnpm.com\/wp-content\/uploads\/2019\/09\/IMG-20190929-WA0140.jpg\" alt=\"\" width=\"774\" height=\"1032\" \/> <img loading=\"lazy\" decoding=\"async\" class=\"alignnone size-medium wp-image-11914\" src=\"http:\/\/portalnpm.com\/wp-content\/uploads\/2019\/09\/IMG-20190929-WA0166.jpg\" alt=\"\" width=\"774\" height=\"1032\" \/> <img loading=\"lazy\" decoding=\"async\" class=\"alignnone size-medium wp-image-11915\" src=\"http:\/\/portalnpm.com\/wp-content\/uploads\/2019\/09\/IMG-20190929-WA0143.jpg\" alt=\"\" width=\"774\" height=\"1032\" \/> <img loading=\"lazy\" decoding=\"async\" class=\"alignnone size-medium wp-image-11916\" src=\"http:\/\/portalnpm.com\/wp-content\/uploads\/2019\/09\/IMG-20190929-WA0165.jpg\" alt=\"\" width=\"774\" height=\"1032\" \/> <img loading=\"lazy\" decoding=\"async\" class=\"alignnone size-medium wp-image-11917\" src=\"http:\/\/portalnpm.com\/wp-content\/uploads\/2019\/09\/IMG-20190929-WA0142.jpg\" alt=\"\" width=\"774\" height=\"1032\" \/><\/p>\n","protected":false},"excerpt":{"rendered":"<p>Os alunos do Pronatec do curso \u201cT\u00e9cnico em Agricultura\u201d, iniciaram o est\u00e1gio no dia 03 de setembro e conclu\u00edram neste s\u00e1bado (28), supervisionado pelo engenheiro agr\u00f4nomo Lindelmar da Paz Brand\u00e3o, com dura\u00e7\u00e3o de 120 horas na Fazenda Canas, localizada no munic\u00edpio de S\u00e3o Juli\u00e3o \u2013 PI. O curso teve a coordena\u00e7\u00e3o de Verissima Maria, conseguido &hellip;<\/p>\n","protected":false},"author":3,"featured_media":11918,"comment_status":"open","ping_status":"open","sticky":false,"template":"","format":"standard","meta":{"content-type":"","rop_custom_images_group":[],"rop_custom_messages_group":[],"rop_publish_now":"initial","rop_publish_now_accounts":{"facebook_2648258775420054_1618374048415101":""},"rop_publish_now_history":[],"rop_publish_now_status":"pending","footnotes":"","_jetpack_memberships_contains_paid_content":false},"categories":[113,109,136],"tags":[1484,3234,137,3235],"yoast_head":"<!-- This site is optimized with the Yoast SEO plugin v22.3 - https:\/\/yoast.com\/wordpress\/plugins\/seo\/ -->\n<title>S\u00e3o Juli\u00e3o | Alunos do curso T\u00e9cnico em Agricultura concluem est\u00e1gio na fazenda Canas; veja fotos! - Portal NPM<\/title>\n<meta name=\"robots\" content=\"index, follow, max-snippet:-1, max-image-preview:large, max-video-preview:-1\" \/>\n<link rel=\"canonical\" href=\"https:\/\/portalnpm.com\/index.php\/2019\/09\/29\/sao-juliao-alunos-do-curso-tecnico-em-agricultura-concluem-estagio-na-fazenda-canas-veja-fotos\/\" \/>\n<meta property=\"og:locale\" content=\"pt_BR\" \/>\n<meta property=\"og:type\" content=\"article\" \/>\n<meta property=\"og:title\" content=\"S\u00e3o Juli\u00e3o | Alunos do curso T\u00e9cnico em Agricultura concluem est\u00e1gio na fazenda Canas; veja fotos! - Portal NPM\" \/>\n<meta property=\"og:description\" content=\"Os alunos do Pronatec do curso \u201cT\u00e9cnico em Agricultura\u201d, iniciaram o est\u00e1gio no dia 03 de setembro e conclu\u00edram neste s\u00e1bado (28), supervisionado pelo engenheiro agr\u00f4nomo Lindelmar da Paz Brand\u00e3o, com dura\u00e7\u00e3o de 120 horas na Fazenda Canas, localizada no munic\u00edpio de S\u00e3o Juli\u00e3o \u2013 PI. O curso teve a coordena\u00e7\u00e3o de Verissima Maria, conseguido &hellip;\" \/>\n<meta property=\"og:url\" content=\"https:\/\/portalnpm.com\/index.php\/2019\/09\/29\/sao-juliao-alunos-do-curso-tecnico-em-agricultura-concluem-estagio-na-fazenda-canas-veja-fotos\/\" \/>\n<meta property=\"og:site_name\" content=\"Portal NPM\" \/>\n<meta property=\"article:published_time\" content=\"2019-09-29T16:59:33+00:00\" \/>\n<meta name=\"author\" content=\"Luis Alberto\" \/>\n<meta name=\"twitter:card\" content=\"summary_large_image\" \/>\n<meta name=\"twitter:label1\" content=\"Escrito por\" \/>\n\t<meta name=\"twitter:data1\" content=\"Luis Alberto\" \/>\n\t<meta name=\"twitter:label2\" content=\"Est. tempo de leitura\" \/>\n\t<meta name=\"twitter:data2\" content=\"2 minutos\" \/>\n<script type=\"application\/ld+json\" class=\"yoast-schema-graph\">{\"@context\":\"https:\/\/schema.org\",\"@graph\":[{\"@type\":\"WebPage\",\"@id\":\"https:\/\/portalnpm.com\/index.php\/2019\/09\/29\/sao-juliao-alunos-do-curso-tecnico-em-agricultura-concluem-estagio-na-fazenda-canas-veja-fotos\/\",\"url\":\"https:\/\/portalnpm.com\/index.php\/2019\/09\/29\/sao-juliao-alunos-do-curso-tecnico-em-agricultura-concluem-estagio-na-fazenda-canas-veja-fotos\/\",\"name\":\"S\u00e3o Juli\u00e3o | Alunos do curso T\u00e9cnico em Agricultura concluem est\u00e1gio na fazenda Canas; veja fotos! - Portal NPM\",\"isPartOf\":{\"@id\":\"https:\/\/portalnpm.com\/#website\"},\"primaryImageOfPage\":{\"@id\":\"https:\/\/portalnpm.com\/index.php\/2019\/09\/29\/sao-juliao-alunos-do-curso-tecnico-em-agricultura-concluem-estagio-na-fazenda-canas-veja-fotos\/#primaryimage\"},\"image\":{\"@id\":\"https:\/\/portalnpm.com\/index.php\/2019\/09\/29\/sao-juliao-alunos-do-curso-tecnico-em-agricultura-concluem-estagio-na-fazenda-canas-veja-fotos\/#primaryimage\"},\"thumbnailUrl\":\"\",\"datePublished\":\"2019-09-29T16:59:33+00:00\",\"dateModified\":\"2019-09-29T16:59:33+00:00\",\"author\":{\"@id\":\"https:\/\/portalnpm.com\/#\/schema\/person\/5c8006acdf71774cd4e7a5ab98482152\"},\"breadcrumb\":{\"@id\":\"https:\/\/portalnpm.com\/index.php\/2019\/09\/29\/sao-juliao-alunos-do-curso-tecnico-em-agricultura-concluem-estagio-na-fazenda-canas-veja-fotos\/#breadcrumb\"},\"inLanguage\":\"pt-BR\",\"potentialAction\":[{\"@type\":\"ReadAction\",\"target\":[\"https:\/\/portalnpm.com\/index.php\/2019\/09\/29\/sao-juliao-alunos-do-curso-tecnico-em-agricultura-concluem-estagio-na-fazenda-canas-veja-fotos\/\"]}]},{\"@type\":\"ImageObject\",\"inLanguage\":\"pt-BR\",\"@id\":\"https:\/\/portalnpm.com\/index.php\/2019\/09\/29\/sao-juliao-alunos-do-curso-tecnico-em-agricultura-concluem-estagio-na-fazenda-canas-veja-fotos\/#primaryimage\",\"url\":\"\",\"contentUrl\":\"\"},{\"@type\":\"BreadcrumbList\",\"@id\":\"https:\/\/portalnpm.com\/index.php\/2019\/09\/29\/sao-juliao-alunos-do-curso-tecnico-em-agricultura-concluem-estagio-na-fazenda-canas-veja-fotos\/#breadcrumb\",\"itemListElement\":[{\"@type\":\"ListItem\",\"position\":1,\"name\":\"In\u00edcio\",\"item\":\"https:\/\/portalnpm.com\/\"},{\"@type\":\"ListItem\",\"position\":2,\"name\":\"S\u00e3o Juli\u00e3o | Alunos do curso T\u00e9cnico em Agricultura concluem est\u00e1gio na fazenda Canas; veja fotos!\"}]},{\"@type\":\"WebSite\",\"@id\":\"https:\/\/portalnpm.com\/#website\",\"url\":\"https:\/\/portalnpm.com\/\",\"name\":\"Portal NPM\",\"description\":\"Not\u00edcias em Primeira M\u00e3o\",\"potentialAction\":[{\"@type\":\"SearchAction\",\"target\":{\"@type\":\"EntryPoint\",\"urlTemplate\":\"https:\/\/portalnpm.com\/?s={search_term_string}\"},\"query-input\":\"required name=search_term_string\"}],\"inLanguage\":\"pt-BR\"},{\"@type\":\"Person\",\"@id\":\"https:\/\/portalnpm.com\/#\/schema\/person\/5c8006acdf71774cd4e7a5ab98482152\",\"name\":\"Luis Alberto\",\"image\":{\"@type\":\"ImageObject\",\"inLanguage\":\"pt-BR\",\"@id\":\"https:\/\/portalnpm.com\/#\/schema\/person\/image\/\",\"url\":\"https:\/\/portalnpm.com\/wp-content\/uploads\/2024\/12\/avatar_user_3_1734699769-96x96.jpeg\",\"contentUrl\":\"https:\/\/portalnpm.com\/wp-content\/uploads\/2024\/12\/avatar_user_3_1734699769-96x96.jpeg\",\"caption\":\"Luis Alberto\"},\"description\":\"Editor-geral do Portal NPM, \u00e9 formado como T\u00e9cnico em Seguran\u00e7a do Trabalho pela Escola Metropolitana de Cursos T\u00e9cnicos. Det\u00e9m ainda licenciatura em Educa\u00e7\u00e3o F\u00edsica e bacharelado em Ci\u00eancias Pol\u00edticas, ambos obtidos pela institui\u00e7\u00e3o Anhanguera\/UNOPAR.\",\"url\":\"https:\/\/portalnpm.com\/index.php\/author\/pereira\/\"}]}<\/script>\n<!-- \/ Yoast SEO plugin. -->","yoast_head_json":{"title":"S\u00e3o Juli\u00e3o | Alunos do curso T\u00e9cnico em Agricultura concluem est\u00e1gio na fazenda Canas; veja fotos! - Portal NPM","robots":{"index":"index","follow":"follow","max-snippet":"max-snippet:-1","max-image-preview":"max-image-preview:large","max-video-preview":"max-video-preview:-1"},"canonical":"https:\/\/portalnpm.com\/index.php\/2019\/09\/29\/sao-juliao-alunos-do-curso-tecnico-em-agricultura-concluem-estagio-na-fazenda-canas-veja-fotos\/","og_locale":"pt_BR","og_type":"article","og_title":"S\u00e3o Juli\u00e3o | Alunos do curso T\u00e9cnico em Agricultura concluem est\u00e1gio na fazenda Canas; veja fotos! - Portal NPM","og_description":"Os alunos do Pronatec do curso \u201cT\u00e9cnico em Agricultura\u201d, iniciaram o est\u00e1gio no dia 03 de setembro e conclu\u00edram neste s\u00e1bado (28), supervisionado pelo engenheiro agr\u00f4nomo Lindelmar da Paz Brand\u00e3o, com dura\u00e7\u00e3o de 120 horas na Fazenda Canas, localizada no munic\u00edpio de S\u00e3o Juli\u00e3o \u2013 PI. O curso teve a coordena\u00e7\u00e3o de Verissima Maria, conseguido &hellip;","og_url":"https:\/\/portalnpm.com\/index.php\/2019\/09\/29\/sao-juliao-alunos-do-curso-tecnico-em-agricultura-concluem-estagio-na-fazenda-canas-veja-fotos\/","og_site_name":"Portal NPM","article_published_time":"2019-09-29T16:59:33+00:00","author":"Luis Alberto","twitter_card":"summary_large_image","twitter_misc":{"Escrito por":"Luis Alberto","Est. tempo de leitura":"2 minutos"},"schema":{"@context":"https:\/\/schema.org","@graph":[{"@type":"WebPage","@id":"https:\/\/portalnpm.com\/index.php\/2019\/09\/29\/sao-juliao-alunos-do-curso-tecnico-em-agricultura-concluem-estagio-na-fazenda-canas-veja-fotos\/","url":"https:\/\/portalnpm.com\/index.php\/2019\/09\/29\/sao-juliao-alunos-do-curso-tecnico-em-agricultura-concluem-estagio-na-fazenda-canas-veja-fotos\/","name":"S\u00e3o Juli\u00e3o | Alunos do curso T\u00e9cnico em Agricultura concluem est\u00e1gio na fazenda Canas; veja fotos! - Portal NPM","isPartOf":{"@id":"https:\/\/portalnpm.com\/#website"},"primaryImageOfPage":{"@id":"https:\/\/portalnpm.com\/index.php\/2019\/09\/29\/sao-juliao-alunos-do-curso-tecnico-em-agricultura-concluem-estagio-na-fazenda-canas-veja-fotos\/#primaryimage"},"image":{"@id":"https:\/\/portalnpm.com\/index.php\/2019\/09\/29\/sao-juliao-alunos-do-curso-tecnico-em-agricultura-concluem-estagio-na-fazenda-canas-veja-fotos\/#primaryimage"},"thumbnailUrl":"","datePublished":"2019-09-29T16:59:33+00:00","dateModified":"2019-09-29T16:59:33+00:00","author":{"@id":"https:\/\/portalnpm.com\/#\/schema\/person\/5c8006acdf71774cd4e7a5ab98482152"},"breadcrumb":{"@id":"https:\/\/portalnpm.com\/index.php\/2019\/09\/29\/sao-juliao-alunos-do-curso-tecnico-em-agricultura-concluem-estagio-na-fazenda-canas-veja-fotos\/#breadcrumb"},"inLanguage":"pt-BR","potentialAction":[{"@type":"ReadAction","target":["https:\/\/portalnpm.com\/index.php\/2019\/09\/29\/sao-juliao-alunos-do-curso-tecnico-em-agricultura-concluem-estagio-na-fazenda-canas-veja-fotos\/"]}]},{"@type":"ImageObject","inLanguage":"pt-BR","@id":"https:\/\/portalnpm.com\/index.php\/2019\/09\/29\/sao-juliao-alunos-do-curso-tecnico-em-agricultura-concluem-estagio-na-fazenda-canas-veja-fotos\/#primaryimage","url":"","contentUrl":""},{"@type":"BreadcrumbList","@id":"https:\/\/portalnpm.com\/index.php\/2019\/09\/29\/sao-juliao-alunos-do-curso-tecnico-em-agricultura-concluem-estagio-na-fazenda-canas-veja-fotos\/#breadcrumb","itemListElement":[{"@type":"ListItem","position":1,"name":"In\u00edcio","item":"https:\/\/portalnpm.com\/"},{"@type":"ListItem","position":2,"name":"S\u00e3o Juli\u00e3o | Alunos do curso T\u00e9cnico em Agricultura concluem est\u00e1gio na fazenda Canas; veja fotos!"}]},{"@type":"WebSite","@id":"https:\/\/portalnpm.com\/#website","url":"https:\/\/portalnpm.com\/","name":"Portal NPM","description":"Not\u00edcias em Primeira M\u00e3o","potentialAction":[{"@type":"SearchAction","target":{"@type":"EntryPoint","urlTemplate":"https:\/\/portalnpm.com\/?s={search_term_string}"},"query-input":"required name=search_term_string"}],"inLanguage":"pt-BR"},{"@type":"Person","@id":"https:\/\/portalnpm.com\/#\/schema\/person\/5c8006acdf71774cd4e7a5ab98482152","name":"Luis Alberto","image":{"@type":"ImageObject","inLanguage":"pt-BR","@id":"https:\/\/portalnpm.com\/#\/schema\/person\/image\/","url":"https:\/\/portalnpm.com\/wp-content\/uploads\/2024\/12\/avatar_user_3_1734699769-96x96.jpeg","contentUrl":"https:\/\/portalnpm.com\/wp-content\/uploads\/2024\/12\/avatar_user_3_1734699769-96x96.jpeg","caption":"Luis Alberto"},"description":"Editor-geral do Portal NPM, \u00e9 formado como T\u00e9cnico em Seguran\u00e7a do Trabalho pela Escola Metropolitana de Cursos T\u00e9cnicos. Det\u00e9m ainda licenciatura em Educa\u00e7\u00e3o F\u00edsica e bacharelado em Ci\u00eancias Pol\u00edticas, ambos obtidos pela institui\u00e7\u00e3o Anhanguera\/UNOPAR.","url":"https:\/\/portalnpm.com\/index.php\/author\/pereira\/"}]}},"jetpack_sharing_enabled":true,"jetpack_featured_media_url":"","_links":{"self":[{"href":"https:\/\/portalnpm.com\/index.php\/wp-json\/wp\/v2\/posts\/11881"}],"collection":[{"href":"https:\/\/portalnpm.com\/index.php\/wp-json\/wp\/v2\/posts"}],"about":[{"href":"https:\/\/portalnpm.com\/index.php\/wp-json\/wp\/v2\/types\/post"}],"author":[{"embeddable":true,"href":"https:\/\/portalnpm.com\/index.php\/wp-json\/wp\/v2\/users\/3"}],"replies":[{"embeddable":true,"href":"https:\/\/portalnpm.com\/index.php\/wp-json\/wp\/v2\/comments?post=11881"}],"version-history":[{"count":0,"href":"https:\/\/portalnpm.com\/index.php\/wp-json\/wp\/v2\/posts\/11881\/revisions"}],"wp:featuredmedia":[{"embeddable":true,"href":"https:\/\/portalnpm.com\/index.php\/wp-json\/"}],"wp:attachment":[{"href":"https:\/\/portalnpm.com\/index.php\/wp-json\/wp\/v2\/media?parent=11881"}],"wp:term":[{"taxonomy":"category","embeddable":true,"href":"https:\/\/portalnpm.com\/index.php\/wp-json\/wp\/v2\/categories?post=11881"},{"taxonomy":"post_tag","embeddable":true,"href":"https:\/\/portalnpm.com\/index.php\/wp-json\/wp\/v2\/tags?post=11881"}],"curies":[{"name":"wp","href":"https:\/\/api.w.org\/{rel}","templated":true}]}}