{"id":11935,"date":"2019-09-30T20:03:30","date_gmt":"2019-09-30T23:03:30","guid":{"rendered":"http:\/\/srv.portalnpm.com.br\/?p=11935"},"modified":"2019-09-30T20:03:30","modified_gmt":"2019-09-30T23:03:30","slug":"sobe-para-113-o-numero-de-locais-com-manchas-de-oleo-em-praias-do-nordeste","status":"publish","type":"post","link":"https:\/\/portalnpm.com\/index.php\/2019\/09\/30\/sobe-para-113-o-numero-de-locais-com-manchas-de-oleo-em-praias-do-nordeste\/","title":{"rendered":"Sobe para 113 o n\u00famero de locais com manchas de \u00f3leo em praias do Nordeste"},"content":{"rendered":"<div class=\"mc-column content-text active-extra-styles active-capital-letter\" data-block-type=\"unstyled\" data-block-weight=\"32\" data-block-id=\"1\">\n<p class=\"content-text__container theme-color-primary-first-letter\" style=\"text-align: justify;\" data-track-category=\"Link no Texto\" data-track-links=\"\">Os registros de manchas de \u00f3leo em praias do Nordeste\u00a0subiram para 113, de acordo com o mais recente levantamento, divulgado pelo Instituto Brasileiro do Meio Ambiente (Ibama), neste domingo (29).<\/p>\n<\/div>\n<div class=\"wall protected-content\">\n<div class=\"mc-column content-text active-extra-styles \" style=\"text-align: justify;\" data-block-type=\"unstyled\" data-block-weight=\"30\" data-block-id=\"2\">\n<p class=\"content-text__container \" data-track-category=\"Link no Texto\" data-track-links=\"\">Ao todo,\u00a0oito estados\u00a0registram casos de \u00f3leo na praia. Ao menos\u00a013 animais foram atingidos\u00a0\u2013 nove tartarugas e uma ave foram encontradas mortas ou morreram ap\u00f3s o resgate.<\/p>\n<\/div>\n<div class=\"mc-column content-text active-extra-styles\" style=\"text-align: justify;\" data-block-type=\"raw\" data-block-weight=\"12\" data-block-id=\"3\">\n<ul class=\"content-unordered-list\">\n<li>Manchas de \u00f3leo no Nordeste: o que se sabe sobre o problema<\/li>\n<\/ul>\n<\/div>\n<div class=\"mc-column content-text active-extra-styles \" style=\"text-align: justify;\" data-block-type=\"unstyled\" data-block-weight=\"40\" data-block-id=\"4\">\n<p class=\"content-text__container \" data-track-category=\"Link no Texto\" data-track-links=\"\">Uma investiga\u00e7\u00e3o do \u00f3rg\u00e3o aponta que o \u00f3leo que est\u00e1 poluindo as praias t\u00eam a mesma origem, mas ainda n\u00e3o \u00e9 poss\u00edvel afirmar de onde ele viria. Segundo a Petrobras, trata-se de \u00f3leo cru, que n\u00e3o \u00e9 produzido no Brasil.<\/p>\n<\/div>\n<div class=\"mc-column content-text active-extra-styles \" style=\"text-align: justify;\" data-block-type=\"unstyled\" data-block-weight=\"41\" data-block-id=\"5\">\n<p class=\"content-text__container \" data-track-category=\"Link no Texto\" data-track-links=\"\">A suspeita \u00e9 que o petr\u00f3leo tenha vindo de navios que passam pela regi\u00e3o, segundo a Ag\u00eancia Estadual de Meio Ambiente de Pernambuco (CPRH), que est\u00e1 analisando imagens de sat\u00e9lite do mar. A pesquisa, no entanto, ainda est\u00e1 em est\u00e1gio inicial.<\/p>\n<\/div>\n<div class=\"mc-column content-text active-extra-styles \" style=\"text-align: justify;\" data-block-type=\"unstyled\" data-block-weight=\"26\" data-block-id=\"6\">\n<p class=\"content-text__container \" data-track-category=\"Link no Texto\" data-track-links=\"\">As manchas come\u00e7aram a aparecer no in\u00edcio de setembro. At\u00e9 quinta-feira (26),\u00a0eram 99. Na sexta (27), o n\u00famero\u00a0subiu para 109. Agora,\u00a0chegou a 113.<\/p>\n<\/div>\n<div class=\"mc-column content-text active-extra-styles \" style=\"text-align: justify;\" data-block-type=\"unstyled\" data-block-weight=\"11\" data-block-id=\"7\">\n<p class=\"content-text__container \" data-track-category=\"Link no Texto\" data-track-links=\"\">Confira quantos locais foram atingidos em cada estado, segundo o Ibama:<\/p>\n<\/div>\n<div class=\"mc-column content-text active-extra-styles\" style=\"text-align: justify;\" data-block-type=\"raw\" data-block-weight=\"27\" data-block-id=\"8\">\n<ul class=\"content-unordered-list\">\n<li><strong>Alagoas<\/strong>: 11 locais<\/li>\n<li><strong>Cear\u00e1<\/strong>: 8 locais<\/li>\n<li><strong>Maranh\u00e3o<\/strong>: 11 locais<\/li>\n<li><strong>Para\u00edba<\/strong>: 16 locais<\/li>\n<li><strong>Pernambuco<\/strong>: 19 locais<\/li>\n<li><strong>Piau\u00ed<\/strong>: 1 local<\/li>\n<li><strong>Rio Grande do Norte<\/strong>: 43 locais<\/li>\n<li><strong>Sergipe<\/strong>: 4 locais<\/li>\n<\/ul>\n<\/div>\n<div class=\"mc-column content-text active-extra-styles\" style=\"text-align: justify;\" data-block-type=\"raw\" data-block-weight=\"2\" data-block-id=\"9\">\n<div class=\"content-intertitle\">\n<h2>Animais afetados<\/h2>\n<\/div>\n<\/div>\n<div class=\"mc-column content-text active-extra-styles \" style=\"text-align: justify;\" data-block-type=\"unstyled\" data-block-weight=\"49\" data-block-id=\"10\">\n<p class=\"content-text__container \" data-track-category=\"Link no Texto\" data-track-links=\"\">O n\u00famero de animais afetados tamb\u00e9m cresceu. O \u00f3leo j\u00e1 atingiu ao menos\u00a012 tartarugas\u00a0e\u00a0uma ave bobo-pequeno ou furabucho\u00a0(<em>Puffinus puffinus<\/em>), conhecida pela longa migra\u00e7\u00e3o. Tr\u00eas tartarugas foram encontradas vivas e nove foram encontradas mortas ou morreram ap\u00f3s o resgate. A ave tamb\u00e9m n\u00e3o resistiu ao \u00f3leo.<\/p>\n<\/div>\n<div class=\"mc-column content-text active-extra-styles\" data-block-type=\"raw\" data-block-weight=\"136\" data-block-id=\"11\">\n<ul class=\"content-unordered-list\">\n<li style=\"text-align: justify;\">1\/9 \u2013\u00a0<strong>1 tartaruga marinha<\/strong>\u00a0\u2013 Praia de Sabiaguaba, Fortaleza (CE) \u2013\u00a0<strong>morta<\/strong><\/li>\n<li style=\"text-align: justify;\">4\/9 \u2013\u00a0<strong>2 tartarugas marinhas<\/strong>\u00a0\u2013 Praia do Paiva, Cabo de Santo Agostinho (PE) \u2013\u00a0<strong>mortas<\/strong><\/li>\n<li style=\"text-align: justify;\">7\/9 \u2013\u00a0<strong>1 ave bobo pequeno<\/strong>\u00a0\u2013 Praia de Cumbuco, Caucaia (CE) \u2013\u00a0<strong>morta<\/strong><\/li>\n<li style=\"text-align: justify;\">11\/9 \u2013\u00a0<strong>1 tartaruga marinha<\/strong>\u00a0\u2013 Praia de Jacum\u00e3, Cear\u00e1-Mirim (RN) \u2013\u00a0<strong>viva<\/strong><\/li>\n<li style=\"text-align: justify;\">16\/9 \u2013\u00a0<strong>1 tartaruga marinha\u00a0<\/strong>\u2013 Ilha dos Poldos, Aroises (MA) \u2013\u00a0<strong>morta<\/strong><\/li>\n<li style=\"text-align: justify;\">22\/9 \u2013\u00a0<strong>1 tartaruga marinha\u00a0<\/strong>\u2013 Praia de Itatinga, Alc\u00e2ntara (RN) \u2013\u00a0<strong>viva<\/strong><\/li>\n<li style=\"text-align: justify;\">22\/9 \u2013\u00a0<strong>1 tartaruga marinha<\/strong>\u00a0\u2013 Praia da Redinha Nova, Extremoz (RN) \u2013\u00a0<strong>morta<\/strong><\/li>\n<li style=\"text-align: justify;\">23\/9 \u2013\u00a0<strong>1 tartaruga marinha\u00a0<\/strong>\u2013 Praia da Redinha Nova, Extremoz (RN) \u2013\u00a0<strong>viva<\/strong><\/li>\n<li style=\"text-align: justify;\">24\/9 \u2013\u00a0<strong>1 tartaruga marinha<\/strong>\u00a0\u2013 Jericoacoara, Jijoca de Jericoacoara (RN) \u2013\u00a0<strong>morta<\/strong><\/li>\n<li style=\"text-align: justify;\">28\/09 \u2013\u00a0<strong>1 tartaruga marinha<\/strong>\u00a0\u2013 Ilha Grande, Ilha Grande (PI) \u2013\u00a0<strong>morta<\/strong><\/li>\n<\/ul>\n<figure id=\"attachment_11936\" aria-describedby=\"caption-attachment-11936\" style=\"width: 1200px\" class=\"wp-caption aligncenter\"><img fetchpriority=\"high\" decoding=\"async\" class=\"size-full wp-image-11936\" src=\"http:\/\/portalnpm.com\/wp-content\/uploads\/2019\/09\/tartaruga-ceara.jpg\" alt=\"\" width=\"1200\" height=\"1200\" \/><figcaption id=\"caption-attachment-11936\" class=\"wp-caption-text\">Tartarugas cobertas de \u00f3leos foram encontradas em praias do litoral nordestino \u2014 Foto: Instituto Verdeluz\/Divulga\u00e7\u00e3o<\/figcaption><\/figure>\n<div class=\"mc-article-body\">\n<article>\n<div class=\"wall protected-content\">\n<div class=\"mc-column content-text active-extra-styles\" data-block-type=\"raw\" data-block-weight=\"3\" data-block-id=\"14\">\n<div class=\"content-intertitle\">\n<h2 style=\"text-align: justify;\">Origem da subst\u00e2ncia<\/h2>\n<\/div>\n<\/div>\n<div class=\"mc-column content-text active-extra-styles \" style=\"text-align: justify;\" data-block-type=\"unstyled\" data-block-weight=\"29\" data-block-id=\"15\">\n<p class=\"content-text__container \" data-track-category=\"Link no Texto\" data-track-links=\"\">H\u00e1 suspeita de que a contamina\u00e7\u00e3o tenha rela\u00e7\u00e3o com navios petroleiros. A hip\u00f3tese \u00e9 que algum deles tenha efetuado uma limpeza nos tanques e despejado os rejeitos no mar.<\/p>\n<\/div>\n<div class=\"mc-column content-text active-extra-styles \" style=\"text-align: justify;\" data-block-type=\"unstyled\" data-block-weight=\"50\" data-block-id=\"16\">\n<p class=\"content-text__container \" data-track-category=\"Link no Texto\" data-track-links=\"\">Em entrevista ao\u00a0G1\u00a0na \u00faltima sexta, o diretor da Ag\u00eancia Estadual de Meio Ambiente de Pernambuco, Eduardo Elvino, disse que o \u00f3rg\u00e3o est\u00e1 atuando em conjunto com a Universidade Federal de Pernambuco (UFPE) e a Universidade Federal Rural de Pernambuco (UFRPE) para identificar poss\u00edveis fontes do vazamento.<\/p>\n<\/div>\n<div class=\"mc-column content-text active-extra-styles \" style=\"text-align: justify;\" data-block-type=\"unstyled\" data-block-weight=\"42\" data-block-id=\"17\">\n<p class=\"content-text__container \" data-track-category=\"Link no Texto\" data-track-links=\"\">O trabalho envolve analisar imagens de sat\u00e9lite que abrangem 187 quil\u00f4metros do litoral dos estados de Pernambuco e Para\u00edba. Segundo Elvino, ainda n\u00e3o \u00e9 poss\u00edvel apontar quais navios podem ser respons\u00e1veis pela trag\u00e9dia ambiental porque a an\u00e1lise est\u00e1 em est\u00e1gio inicial.<\/p>\n<\/div>\n<div class=\"mc-column content-text active-extra-styles \" style=\"text-align: justify;\" data-block-type=\"unstyled\" data-block-weight=\"60\" data-block-id=\"18\">\n<p class=\"content-text__container \" data-track-category=\"Link no Texto\" data-track-links=\"\">\u201cCom essa varredura das imagens de sat\u00e9lite a gente identificou os pontos no mapa que podem ser navios, e a\u00ed estamos analisando a exist\u00eancia de pontos pigmentados ao lado desses poss\u00edveis navios. Esses pontos coloridos podem ser realmente manchas de \u00f3leo, mas tamb\u00e9m podem ser cardumes de peixe ou concentra\u00e7\u00f5es de alga, por exemplo. S\u00e3o v\u00e1rias possibilidades\u201d, explica Elvino.<\/p>\n<\/div>\n<div class=\"mc-column content-text active-extra-styles \" style=\"text-align: justify;\" data-block-type=\"unstyled\" data-block-weight=\"27\" data-block-id=\"19\">\n<p class=\"content-text__container \" data-track-category=\"Link no Texto\" data-track-links=\"\">Segundo o coordenador do sindicato dos trabalhadores na ind\u00fastria do petr\u00f3leo de Pernambuco e Para\u00edba (Sindipetro PE\/PB), Rog\u00e9rio Almeida, a pr\u00e1tica \u00e9 proibida, mas ainda \u00e9 realizada.<\/p>\n<\/div>\n<div class=\"mc-column content-text active-extra-styles \" style=\"text-align: justify;\" data-block-type=\"unstyled\" data-block-weight=\"33\" data-block-id=\"21\">\n<p class=\"content-text__container \" data-track-category=\"Link no Texto\" data-track-links=\"\">\u201c\u00c9 um \u00f3leo grosso, quase um piche. Pode ser rejeito de um navio ap\u00f3s a limpeza dos tanques. Muitos navios continuam fazendo isso e deve ter ca\u00eddo em uma corrente mar\u00edtima\u201d, disse Almeida.<\/p>\n<\/div>\n<div style=\"text-align: justify;\" data-track-category=\"multicontent\" data-track-action=\"ultimo chunk conteudo\" data-track-noninteraction=\"false\" data-track-scroll=\"view\">\n<div class=\"mc-column content-text active-extra-styles \" data-block-type=\"unstyled\" data-block-weight=\"55\" data-block-id=\"22\">\n<p class=\"content-text__container \" data-track-category=\"Link no Texto\" data-track-links=\"\">De acordo com Elvino, com a identifica\u00e7\u00e3o das correntes marinhas, \u201cexiste a possibilidade de identificar o navio que fez a referida rota\u201d e tentar rastrear se \u201co piche encontrado nas praias faz parte do combust\u00edvel dos navios\u201d. Segundo o analista, pela legisla\u00e7\u00e3o, o produto deve ser descartado nos portos, onde empresas especializadas recolhem o material.<\/p>\n<\/div>\n<\/div>\n<\/div>\n<\/article>\n<\/div>\n<div class=\"mc-column entities\" style=\"text-align: justify;\"><strong>Fonte<\/strong>: Cidade Verde<\/div>\n<div><\/div>\n<\/div>\n<\/div>\n","protected":false},"excerpt":{"rendered":"<p>Os registros de manchas de \u00f3leo em praias do Nordeste\u00a0subiram para 113, de acordo com o mais recente levantamento, divulgado pelo Instituto Brasileiro do Meio Ambiente (Ibama), neste domingo (29). Ao todo,\u00a0oito estados\u00a0registram casos de \u00f3leo na praia. Ao menos\u00a013 animais foram atingidos\u00a0\u2013 nove tartarugas e uma ave foram encontradas mortas ou morreram ap\u00f3s o &hellip;<\/p>\n","protected":false},"author":8,"featured_media":11937,"comment_status":"open","ping_status":"open","sticky":false,"template":"","format":"standard","meta":{"content-type":"","rop_custom_images_group":[],"rop_custom_messages_group":[],"rop_publish_now":"initial","rop_publish_now_accounts":{"facebook_2648258775420054_1618374048415101":""},"rop_publish_now_history":[],"rop_publish_now_status":"pending","footnotes":"","_jetpack_memberships_contains_paid_content":false},"categories":[125],"tags":[3380,941,3381],"yoast_head":"<!-- This site is optimized with the Yoast SEO plugin v22.3 - https:\/\/yoast.com\/wordpress\/plugins\/seo\/ -->\n<title>Sobe para 113 o n\u00famero de locais com manchas de \u00f3leo em praias do Nordeste - Portal NPM<\/title>\n<meta name=\"robots\" content=\"index, follow, max-snippet:-1, max-image-preview:large, max-video-preview:-1\" \/>\n<link rel=\"canonical\" href=\"https:\/\/portalnpm.com\/index.php\/2019\/09\/30\/sobe-para-113-o-numero-de-locais-com-manchas-de-oleo-em-praias-do-nordeste\/\" \/>\n<meta property=\"og:locale\" content=\"pt_BR\" \/>\n<meta property=\"og:type\" content=\"article\" \/>\n<meta property=\"og:title\" content=\"Sobe para 113 o n\u00famero de locais com manchas de \u00f3leo em praias do Nordeste - Portal NPM\" \/>\n<meta property=\"og:description\" content=\"Os registros de manchas de \u00f3leo em praias do Nordeste\u00a0subiram para 113, de acordo com o mais recente levantamento, divulgado pelo Instituto Brasileiro do Meio Ambiente (Ibama), neste domingo (29). Ao todo,\u00a0oito estados\u00a0registram casos de \u00f3leo na praia. Ao menos\u00a013 animais foram atingidos\u00a0\u2013 nove tartarugas e uma ave foram encontradas mortas ou morreram ap\u00f3s o &hellip;\" \/>\n<meta property=\"og:url\" content=\"https:\/\/portalnpm.com\/index.php\/2019\/09\/30\/sobe-para-113-o-numero-de-locais-com-manchas-de-oleo-em-praias-do-nordeste\/\" \/>\n<meta property=\"og:site_name\" content=\"Portal NPM\" \/>\n<meta property=\"article:published_time\" content=\"2019-09-30T23:03:30+00:00\" \/>\n<meta name=\"author\" content=\"Zenilton Lima\" \/>\n<meta name=\"twitter:card\" content=\"summary_large_image\" \/>\n<meta name=\"twitter:label1\" content=\"Escrito por\" \/>\n\t<meta name=\"twitter:data1\" content=\"Zenilton Lima\" \/>\n\t<meta name=\"twitter:label2\" content=\"Est. tempo de leitura\" \/>\n\t<meta name=\"twitter:data2\" content=\"4 minutos\" \/>\n<script type=\"application\/ld+json\" class=\"yoast-schema-graph\">{\"@context\":\"https:\/\/schema.org\",\"@graph\":[{\"@type\":\"WebPage\",\"@id\":\"https:\/\/portalnpm.com\/index.php\/2019\/09\/30\/sobe-para-113-o-numero-de-locais-com-manchas-de-oleo-em-praias-do-nordeste\/\",\"url\":\"https:\/\/portalnpm.com\/index.php\/2019\/09\/30\/sobe-para-113-o-numero-de-locais-com-manchas-de-oleo-em-praias-do-nordeste\/\",\"name\":\"Sobe para 113 o n\u00famero de locais com manchas de \u00f3leo em praias do Nordeste - Portal NPM\",\"isPartOf\":{\"@id\":\"https:\/\/portalnpm.com\/#website\"},\"primaryImageOfPage\":{\"@id\":\"https:\/\/portalnpm.com\/index.php\/2019\/09\/30\/sobe-para-113-o-numero-de-locais-com-manchas-de-oleo-em-praias-do-nordeste\/#primaryimage\"},\"image\":{\"@id\":\"https:\/\/portalnpm.com\/index.php\/2019\/09\/30\/sobe-para-113-o-numero-de-locais-com-manchas-de-oleo-em-praias-do-nordeste\/#primaryimage\"},\"thumbnailUrl\":\"\",\"datePublished\":\"2019-09-30T23:03:30+00:00\",\"dateModified\":\"2019-09-30T23:03:30+00:00\",\"author\":{\"@id\":\"https:\/\/portalnpm.com\/#\/schema\/person\/35cb55186eae3f074b6783da6d35591e\"},\"breadcrumb\":{\"@id\":\"https:\/\/portalnpm.com\/index.php\/2019\/09\/30\/sobe-para-113-o-numero-de-locais-com-manchas-de-oleo-em-praias-do-nordeste\/#breadcrumb\"},\"inLanguage\":\"pt-BR\",\"potentialAction\":[{\"@type\":\"ReadAction\",\"target\":[\"https:\/\/portalnpm.com\/index.php\/2019\/09\/30\/sobe-para-113-o-numero-de-locais-com-manchas-de-oleo-em-praias-do-nordeste\/\"]}]},{\"@type\":\"ImageObject\",\"inLanguage\":\"pt-BR\",\"@id\":\"https:\/\/portalnpm.com\/index.php\/2019\/09\/30\/sobe-para-113-o-numero-de-locais-com-manchas-de-oleo-em-praias-do-nordeste\/#primaryimage\",\"url\":\"\",\"contentUrl\":\"\"},{\"@type\":\"BreadcrumbList\",\"@id\":\"https:\/\/portalnpm.com\/index.php\/2019\/09\/30\/sobe-para-113-o-numero-de-locais-com-manchas-de-oleo-em-praias-do-nordeste\/#breadcrumb\",\"itemListElement\":[{\"@type\":\"ListItem\",\"position\":1,\"name\":\"In\u00edcio\",\"item\":\"https:\/\/portalnpm.com\/\"},{\"@type\":\"ListItem\",\"position\":2,\"name\":\"Sobe para 113 o n\u00famero de locais com manchas de \u00f3leo em praias do Nordeste\"}]},{\"@type\":\"WebSite\",\"@id\":\"https:\/\/portalnpm.com\/#website\",\"url\":\"https:\/\/portalnpm.com\/\",\"name\":\"Portal NPM\",\"description\":\"Not\u00edcias em Primeira M\u00e3o\",\"potentialAction\":[{\"@type\":\"SearchAction\",\"target\":{\"@type\":\"EntryPoint\",\"urlTemplate\":\"https:\/\/portalnpm.com\/?s={search_term_string}\"},\"query-input\":\"required name=search_term_string\"}],\"inLanguage\":\"pt-BR\"},{\"@type\":\"Person\",\"@id\":\"https:\/\/portalnpm.com\/#\/schema\/person\/35cb55186eae3f074b6783da6d35591e\",\"name\":\"Zenilton Lima\",\"image\":{\"@type\":\"ImageObject\",\"inLanguage\":\"pt-BR\",\"@id\":\"https:\/\/portalnpm.com\/#\/schema\/person\/image\/\",\"url\":\"https:\/\/portalnpm.com\/wp-content\/uploads\/2024\/12\/avatar_user_8_1733658137-96x96.jpeg\",\"contentUrl\":\"https:\/\/portalnpm.com\/wp-content\/uploads\/2024\/12\/avatar_user_8_1733658137-96x96.jpeg\",\"caption\":\"Zenilton Lima\"},\"url\":\"https:\/\/portalnpm.com\/index.php\/author\/zenilton\/\"}]}<\/script>\n<!-- \/ Yoast SEO plugin. -->","yoast_head_json":{"title":"Sobe para 113 o n\u00famero de locais com manchas de \u00f3leo em praias do Nordeste - Portal NPM","robots":{"index":"index","follow":"follow","max-snippet":"max-snippet:-1","max-image-preview":"max-image-preview:large","max-video-preview":"max-video-preview:-1"},"canonical":"https:\/\/portalnpm.com\/index.php\/2019\/09\/30\/sobe-para-113-o-numero-de-locais-com-manchas-de-oleo-em-praias-do-nordeste\/","og_locale":"pt_BR","og_type":"article","og_title":"Sobe para 113 o n\u00famero de locais com manchas de \u00f3leo em praias do Nordeste - Portal NPM","og_description":"Os registros de manchas de \u00f3leo em praias do Nordeste\u00a0subiram para 113, de acordo com o mais recente levantamento, divulgado pelo Instituto Brasileiro do Meio Ambiente (Ibama), neste domingo (29). Ao todo,\u00a0oito estados\u00a0registram casos de \u00f3leo na praia. Ao menos\u00a013 animais foram atingidos\u00a0\u2013 nove tartarugas e uma ave foram encontradas mortas ou morreram ap\u00f3s o &hellip;","og_url":"https:\/\/portalnpm.com\/index.php\/2019\/09\/30\/sobe-para-113-o-numero-de-locais-com-manchas-de-oleo-em-praias-do-nordeste\/","og_site_name":"Portal NPM","article_published_time":"2019-09-30T23:03:30+00:00","author":"Zenilton Lima","twitter_card":"summary_large_image","twitter_misc":{"Escrito por":"Zenilton Lima","Est. tempo de leitura":"4 minutos"},"schema":{"@context":"https:\/\/schema.org","@graph":[{"@type":"WebPage","@id":"https:\/\/portalnpm.com\/index.php\/2019\/09\/30\/sobe-para-113-o-numero-de-locais-com-manchas-de-oleo-em-praias-do-nordeste\/","url":"https:\/\/portalnpm.com\/index.php\/2019\/09\/30\/sobe-para-113-o-numero-de-locais-com-manchas-de-oleo-em-praias-do-nordeste\/","name":"Sobe para 113 o n\u00famero de locais com manchas de \u00f3leo em praias do Nordeste - Portal NPM","isPartOf":{"@id":"https:\/\/portalnpm.com\/#website"},"primaryImageOfPage":{"@id":"https:\/\/portalnpm.com\/index.php\/2019\/09\/30\/sobe-para-113-o-numero-de-locais-com-manchas-de-oleo-em-praias-do-nordeste\/#primaryimage"},"image":{"@id":"https:\/\/portalnpm.com\/index.php\/2019\/09\/30\/sobe-para-113-o-numero-de-locais-com-manchas-de-oleo-em-praias-do-nordeste\/#primaryimage"},"thumbnailUrl":"","datePublished":"2019-09-30T23:03:30+00:00","dateModified":"2019-09-30T23:03:30+00:00","author":{"@id":"https:\/\/portalnpm.com\/#\/schema\/person\/35cb55186eae3f074b6783da6d35591e"},"breadcrumb":{"@id":"https:\/\/portalnpm.com\/index.php\/2019\/09\/30\/sobe-para-113-o-numero-de-locais-com-manchas-de-oleo-em-praias-do-nordeste\/#breadcrumb"},"inLanguage":"pt-BR","potentialAction":[{"@type":"ReadAction","target":["https:\/\/portalnpm.com\/index.php\/2019\/09\/30\/sobe-para-113-o-numero-de-locais-com-manchas-de-oleo-em-praias-do-nordeste\/"]}]},{"@type":"ImageObject","inLanguage":"pt-BR","@id":"https:\/\/portalnpm.com\/index.php\/2019\/09\/30\/sobe-para-113-o-numero-de-locais-com-manchas-de-oleo-em-praias-do-nordeste\/#primaryimage","url":"","contentUrl":""},{"@type":"BreadcrumbList","@id":"https:\/\/portalnpm.com\/index.php\/2019\/09\/30\/sobe-para-113-o-numero-de-locais-com-manchas-de-oleo-em-praias-do-nordeste\/#breadcrumb","itemListElement":[{"@type":"ListItem","position":1,"name":"In\u00edcio","item":"https:\/\/portalnpm.com\/"},{"@type":"ListItem","position":2,"name":"Sobe para 113 o n\u00famero de locais com manchas de \u00f3leo em praias do Nordeste"}]},{"@type":"WebSite","@id":"https:\/\/portalnpm.com\/#website","url":"https:\/\/portalnpm.com\/","name":"Portal NPM","description":"Not\u00edcias em Primeira M\u00e3o","potentialAction":[{"@type":"SearchAction","target":{"@type":"EntryPoint","urlTemplate":"https:\/\/portalnpm.com\/?s={search_term_string}"},"query-input":"required name=search_term_string"}],"inLanguage":"pt-BR"},{"@type":"Person","@id":"https:\/\/portalnpm.com\/#\/schema\/person\/35cb55186eae3f074b6783da6d35591e","name":"Zenilton Lima","image":{"@type":"ImageObject","inLanguage":"pt-BR","@id":"https:\/\/portalnpm.com\/#\/schema\/person\/image\/","url":"https:\/\/portalnpm.com\/wp-content\/uploads\/2024\/12\/avatar_user_8_1733658137-96x96.jpeg","contentUrl":"https:\/\/portalnpm.com\/wp-content\/uploads\/2024\/12\/avatar_user_8_1733658137-96x96.jpeg","caption":"Zenilton Lima"},"url":"https:\/\/portalnpm.com\/index.php\/author\/zenilton\/"}]}},"jetpack_sharing_enabled":true,"jetpack_featured_media_url":"","_links":{"self":[{"href":"https:\/\/portalnpm.com\/index.php\/wp-json\/wp\/v2\/posts\/11935"}],"collection":[{"href":"https:\/\/portalnpm.com\/index.php\/wp-json\/wp\/v2\/posts"}],"about":[{"href":"https:\/\/portalnpm.com\/index.php\/wp-json\/wp\/v2\/types\/post"}],"author":[{"embeddable":true,"href":"https:\/\/portalnpm.com\/index.php\/wp-json\/wp\/v2\/users\/8"}],"replies":[{"embeddable":true,"href":"https:\/\/portalnpm.com\/index.php\/wp-json\/wp\/v2\/comments?post=11935"}],"version-history":[{"count":0,"href":"https:\/\/portalnpm.com\/index.php\/wp-json\/wp\/v2\/posts\/11935\/revisions"}],"wp:featuredmedia":[{"embeddable":true,"href":"https:\/\/portalnpm.com\/index.php\/wp-json\/"}],"wp:attachment":[{"href":"https:\/\/portalnpm.com\/index.php\/wp-json\/wp\/v2\/media?parent=11935"}],"wp:term":[{"taxonomy":"category","embeddable":true,"href":"https:\/\/portalnpm.com\/index.php\/wp-json\/wp\/v2\/categories?post=11935"},{"taxonomy":"post_tag","embeddable":true,"href":"https:\/\/portalnpm.com\/index.php\/wp-json\/wp\/v2\/tags?post=11935"}],"curies":[{"name":"wp","href":"https:\/\/api.w.org\/{rel}","templated":true}]}}