{"id":11939,"date":"2019-09-30T20:09:27","date_gmt":"2019-09-30T23:09:27","guid":{"rendered":"http:\/\/srv.portalnpm.com.br\/?p=11939"},"modified":"2019-09-30T20:09:27","modified_gmt":"2019-09-30T23:09:27","slug":"ex-integrante-da-in-the-clouds-paulo-morais-morre-em-picos-aos-38-anos","status":"publish","type":"post","link":"https:\/\/portalnpm.com\/index.php\/2019\/09\/30\/ex-integrante-da-in-the-clouds-paulo-morais-morre-em-picos-aos-38-anos\/","title":{"rendered":"Ex-integrante da In The Clouds, Paulo Morais, morre em Picos aos 38 anos"},"content":{"rendered":"<p style=\"text-align: justify;\">Na manh\u00e3 desta segunda-feira (30 de setembro) o m\u00fasico e ex-integrante da banda In The Clouds, Paulo Morais de Albuquerque, de apenas 38 anos, morreu na Unidade de Terapia Intensiva (UTI) do Hospital Regional Justino Luz (HRJL), em Picos.<\/p>\n<p style=\"text-align: justify;\">Paulo Morais ficou conhecido nos eventos picoenses e na regi\u00e3o pelo seu talento tocando baixo e como vocalista da In The Clouds.<\/p>\n<p style=\"text-align: justify;\">H\u00e1 pouco mais de um ano, o m\u00fasico foi diagnosticado com Esclerose Lateral Amiotr\u00f3fica, doen\u00e7a rara que afeta o sistema nervoso de forma degenerativa e progressiva, acarretando em paralisia motora irrevers\u00edvel.<\/p>\n<p style=\"text-align: justify;\">Ap\u00f3s o diagn\u00f3stico, o m\u00fasico foi perdendo os movimentos motores, ainda chegou a continuar na banda apenas como vocalista, mas a paralisia motora foi aumentando. Recentemente, devido complica\u00e7\u00f5es no seu quadro de sa\u00fade foi internado no HRJL onde veio a \u00f3bito.<\/p>\n<p style=\"text-align: justify;\">Paulo Morais de Albuquerque deixa um filho e a esposa gr\u00e1vida.<\/p>\n<p style=\"text-align: justify;\">Diversos amigos e familiares tem externado sua tristeza pela partida do m\u00fasico nas redes sociais virtuais.<\/p>\n<p style=\"text-align: justify;\"><strong>Fonte<\/strong>: Folha Atual<\/p>\n","protected":false},"excerpt":{"rendered":"<p>Na manh\u00e3 desta segunda-feira (30 de setembro) o m\u00fasico e ex-integrante da banda In The Clouds, Paulo Morais de Albuquerque, de apenas 38 anos, morreu na Unidade de Terapia Intensiva (UTI) do Hospital Regional Justino Luz (HRJL), em Picos. Paulo Morais ficou conhecido nos eventos picoenses e na regi\u00e3o pelo seu talento tocando baixo e &hellip;<\/p>\n","protected":false},"author":8,"featured_media":11940,"comment_status":"open","ping_status":"open","sticky":false,"template":"","format":"standard","meta":{"content-type":"","rop_custom_images_group":[],"rop_custom_messages_group":[],"rop_publish_now":"initial","rop_publish_now_accounts":{"facebook_2648258775420054_1618374048415101":""},"rop_publish_now_history":[],"rop_publish_now_status":"pending","footnotes":"","_jetpack_memberships_contains_paid_content":false},"categories":[113,127],"tags":[3382,3383,3384],"yoast_head":"<!-- This site is optimized with the Yoast SEO plugin v22.3 - https:\/\/yoast.com\/wordpress\/plugins\/seo\/ -->\n<title>Ex-integrante da In The Clouds, Paulo Morais, morre em Picos aos 38 anos - Portal NPM<\/title>\n<meta name=\"robots\" content=\"index, follow, max-snippet:-1, max-image-preview:large, max-video-preview:-1\" \/>\n<link rel=\"canonical\" href=\"https:\/\/portalnpm.com\/index.php\/2019\/09\/30\/ex-integrante-da-in-the-clouds-paulo-morais-morre-em-picos-aos-38-anos\/\" \/>\n<meta property=\"og:locale\" content=\"pt_BR\" \/>\n<meta property=\"og:type\" content=\"article\" \/>\n<meta property=\"og:title\" content=\"Ex-integrante da In The Clouds, Paulo Morais, morre em Picos aos 38 anos - Portal NPM\" \/>\n<meta property=\"og:description\" content=\"Na manh\u00e3 desta segunda-feira (30 de setembro) o m\u00fasico e ex-integrante da banda In The Clouds, Paulo Morais de Albuquerque, de apenas 38 anos, morreu na Unidade de Terapia Intensiva (UTI) do Hospital Regional Justino Luz (HRJL), em Picos. Paulo Morais ficou conhecido nos eventos picoenses e na regi\u00e3o pelo seu talento tocando baixo e &hellip;\" \/>\n<meta property=\"og:url\" content=\"https:\/\/portalnpm.com\/index.php\/2019\/09\/30\/ex-integrante-da-in-the-clouds-paulo-morais-morre-em-picos-aos-38-anos\/\" \/>\n<meta property=\"og:site_name\" content=\"Portal NPM\" \/>\n<meta property=\"article:published_time\" content=\"2019-09-30T23:09:27+00:00\" \/>\n<meta name=\"author\" content=\"Zenilton Lima\" \/>\n<meta name=\"twitter:card\" content=\"summary_large_image\" \/>\n<meta name=\"twitter:label1\" content=\"Escrito por\" \/>\n\t<meta name=\"twitter:data1\" content=\"Zenilton Lima\" \/>\n\t<meta name=\"twitter:label2\" content=\"Est. tempo de leitura\" \/>\n\t<meta name=\"twitter:data2\" content=\"1 minuto\" \/>\n<script type=\"application\/ld+json\" class=\"yoast-schema-graph\">{\"@context\":\"https:\/\/schema.org\",\"@graph\":[{\"@type\":\"WebPage\",\"@id\":\"https:\/\/portalnpm.com\/index.php\/2019\/09\/30\/ex-integrante-da-in-the-clouds-paulo-morais-morre-em-picos-aos-38-anos\/\",\"url\":\"https:\/\/portalnpm.com\/index.php\/2019\/09\/30\/ex-integrante-da-in-the-clouds-paulo-morais-morre-em-picos-aos-38-anos\/\",\"name\":\"Ex-integrante da In The Clouds, Paulo Morais, morre em Picos aos 38 anos - Portal NPM\",\"isPartOf\":{\"@id\":\"https:\/\/portalnpm.com\/#website\"},\"primaryImageOfPage\":{\"@id\":\"https:\/\/portalnpm.com\/index.php\/2019\/09\/30\/ex-integrante-da-in-the-clouds-paulo-morais-morre-em-picos-aos-38-anos\/#primaryimage\"},\"image\":{\"@id\":\"https:\/\/portalnpm.com\/index.php\/2019\/09\/30\/ex-integrante-da-in-the-clouds-paulo-morais-morre-em-picos-aos-38-anos\/#primaryimage\"},\"thumbnailUrl\":\"\",\"datePublished\":\"2019-09-30T23:09:27+00:00\",\"dateModified\":\"2019-09-30T23:09:27+00:00\",\"author\":{\"@id\":\"https:\/\/portalnpm.com\/#\/schema\/person\/35cb55186eae3f074b6783da6d35591e\"},\"breadcrumb\":{\"@id\":\"https:\/\/portalnpm.com\/index.php\/2019\/09\/30\/ex-integrante-da-in-the-clouds-paulo-morais-morre-em-picos-aos-38-anos\/#breadcrumb\"},\"inLanguage\":\"pt-BR\",\"potentialAction\":[{\"@type\":\"ReadAction\",\"target\":[\"https:\/\/portalnpm.com\/index.php\/2019\/09\/30\/ex-integrante-da-in-the-clouds-paulo-morais-morre-em-picos-aos-38-anos\/\"]}]},{\"@type\":\"ImageObject\",\"inLanguage\":\"pt-BR\",\"@id\":\"https:\/\/portalnpm.com\/index.php\/2019\/09\/30\/ex-integrante-da-in-the-clouds-paulo-morais-morre-em-picos-aos-38-anos\/#primaryimage\",\"url\":\"\",\"contentUrl\":\"\"},{\"@type\":\"BreadcrumbList\",\"@id\":\"https:\/\/portalnpm.com\/index.php\/2019\/09\/30\/ex-integrante-da-in-the-clouds-paulo-morais-morre-em-picos-aos-38-anos\/#breadcrumb\",\"itemListElement\":[{\"@type\":\"ListItem\",\"position\":1,\"name\":\"In\u00edcio\",\"item\":\"https:\/\/portalnpm.com\/\"},{\"@type\":\"ListItem\",\"position\":2,\"name\":\"Ex-integrante da In The Clouds, Paulo Morais, morre em Picos aos 38 anos\"}]},{\"@type\":\"WebSite\",\"@id\":\"https:\/\/portalnpm.com\/#website\",\"url\":\"https:\/\/portalnpm.com\/\",\"name\":\"Portal NPM\",\"description\":\"Not\u00edcias em Primeira M\u00e3o\",\"potentialAction\":[{\"@type\":\"SearchAction\",\"target\":{\"@type\":\"EntryPoint\",\"urlTemplate\":\"https:\/\/portalnpm.com\/?s={search_term_string}\"},\"query-input\":\"required name=search_term_string\"}],\"inLanguage\":\"pt-BR\"},{\"@type\":\"Person\",\"@id\":\"https:\/\/portalnpm.com\/#\/schema\/person\/35cb55186eae3f074b6783da6d35591e\",\"name\":\"Zenilton Lima\",\"image\":{\"@type\":\"ImageObject\",\"inLanguage\":\"pt-BR\",\"@id\":\"https:\/\/portalnpm.com\/#\/schema\/person\/image\/\",\"url\":\"https:\/\/portalnpm.com\/wp-content\/uploads\/2024\/12\/avatar_user_8_1733658137-96x96.jpeg\",\"contentUrl\":\"https:\/\/portalnpm.com\/wp-content\/uploads\/2024\/12\/avatar_user_8_1733658137-96x96.jpeg\",\"caption\":\"Zenilton Lima\"},\"url\":\"https:\/\/portalnpm.com\/index.php\/author\/zenilton\/\"}]}<\/script>\n<!-- \/ Yoast SEO plugin. -->","yoast_head_json":{"title":"Ex-integrante da In The Clouds, Paulo Morais, morre em Picos aos 38 anos - Portal NPM","robots":{"index":"index","follow":"follow","max-snippet":"max-snippet:-1","max-image-preview":"max-image-preview:large","max-video-preview":"max-video-preview:-1"},"canonical":"https:\/\/portalnpm.com\/index.php\/2019\/09\/30\/ex-integrante-da-in-the-clouds-paulo-morais-morre-em-picos-aos-38-anos\/","og_locale":"pt_BR","og_type":"article","og_title":"Ex-integrante da In The Clouds, Paulo Morais, morre em Picos aos 38 anos - Portal NPM","og_description":"Na manh\u00e3 desta segunda-feira (30 de setembro) o m\u00fasico e ex-integrante da banda In The Clouds, Paulo Morais de Albuquerque, de apenas 38 anos, morreu na Unidade de Terapia Intensiva (UTI) do Hospital Regional Justino Luz (HRJL), em Picos. Paulo Morais ficou conhecido nos eventos picoenses e na regi\u00e3o pelo seu talento tocando baixo e &hellip;","og_url":"https:\/\/portalnpm.com\/index.php\/2019\/09\/30\/ex-integrante-da-in-the-clouds-paulo-morais-morre-em-picos-aos-38-anos\/","og_site_name":"Portal NPM","article_published_time":"2019-09-30T23:09:27+00:00","author":"Zenilton Lima","twitter_card":"summary_large_image","twitter_misc":{"Escrito por":"Zenilton Lima","Est. tempo de leitura":"1 minuto"},"schema":{"@context":"https:\/\/schema.org","@graph":[{"@type":"WebPage","@id":"https:\/\/portalnpm.com\/index.php\/2019\/09\/30\/ex-integrante-da-in-the-clouds-paulo-morais-morre-em-picos-aos-38-anos\/","url":"https:\/\/portalnpm.com\/index.php\/2019\/09\/30\/ex-integrante-da-in-the-clouds-paulo-morais-morre-em-picos-aos-38-anos\/","name":"Ex-integrante da In The Clouds, Paulo Morais, morre em Picos aos 38 anos - Portal NPM","isPartOf":{"@id":"https:\/\/portalnpm.com\/#website"},"primaryImageOfPage":{"@id":"https:\/\/portalnpm.com\/index.php\/2019\/09\/30\/ex-integrante-da-in-the-clouds-paulo-morais-morre-em-picos-aos-38-anos\/#primaryimage"},"image":{"@id":"https:\/\/portalnpm.com\/index.php\/2019\/09\/30\/ex-integrante-da-in-the-clouds-paulo-morais-morre-em-picos-aos-38-anos\/#primaryimage"},"thumbnailUrl":"","datePublished":"2019-09-30T23:09:27+00:00","dateModified":"2019-09-30T23:09:27+00:00","author":{"@id":"https:\/\/portalnpm.com\/#\/schema\/person\/35cb55186eae3f074b6783da6d35591e"},"breadcrumb":{"@id":"https:\/\/portalnpm.com\/index.php\/2019\/09\/30\/ex-integrante-da-in-the-clouds-paulo-morais-morre-em-picos-aos-38-anos\/#breadcrumb"},"inLanguage":"pt-BR","potentialAction":[{"@type":"ReadAction","target":["https:\/\/portalnpm.com\/index.php\/2019\/09\/30\/ex-integrante-da-in-the-clouds-paulo-morais-morre-em-picos-aos-38-anos\/"]}]},{"@type":"ImageObject","inLanguage":"pt-BR","@id":"https:\/\/portalnpm.com\/index.php\/2019\/09\/30\/ex-integrante-da-in-the-clouds-paulo-morais-morre-em-picos-aos-38-anos\/#primaryimage","url":"","contentUrl":""},{"@type":"BreadcrumbList","@id":"https:\/\/portalnpm.com\/index.php\/2019\/09\/30\/ex-integrante-da-in-the-clouds-paulo-morais-morre-em-picos-aos-38-anos\/#breadcrumb","itemListElement":[{"@type":"ListItem","position":1,"name":"In\u00edcio","item":"https:\/\/portalnpm.com\/"},{"@type":"ListItem","position":2,"name":"Ex-integrante da In The Clouds, Paulo Morais, morre em Picos aos 38 anos"}]},{"@type":"WebSite","@id":"https:\/\/portalnpm.com\/#website","url":"https:\/\/portalnpm.com\/","name":"Portal NPM","description":"Not\u00edcias em Primeira M\u00e3o","potentialAction":[{"@type":"SearchAction","target":{"@type":"EntryPoint","urlTemplate":"https:\/\/portalnpm.com\/?s={search_term_string}"},"query-input":"required name=search_term_string"}],"inLanguage":"pt-BR"},{"@type":"Person","@id":"https:\/\/portalnpm.com\/#\/schema\/person\/35cb55186eae3f074b6783da6d35591e","name":"Zenilton Lima","image":{"@type":"ImageObject","inLanguage":"pt-BR","@id":"https:\/\/portalnpm.com\/#\/schema\/person\/image\/","url":"https:\/\/portalnpm.com\/wp-content\/uploads\/2024\/12\/avatar_user_8_1733658137-96x96.jpeg","contentUrl":"https:\/\/portalnpm.com\/wp-content\/uploads\/2024\/12\/avatar_user_8_1733658137-96x96.jpeg","caption":"Zenilton Lima"},"url":"https:\/\/portalnpm.com\/index.php\/author\/zenilton\/"}]}},"jetpack_sharing_enabled":true,"jetpack_featured_media_url":"","_links":{"self":[{"href":"https:\/\/portalnpm.com\/index.php\/wp-json\/wp\/v2\/posts\/11939"}],"collection":[{"href":"https:\/\/portalnpm.com\/index.php\/wp-json\/wp\/v2\/posts"}],"about":[{"href":"https:\/\/portalnpm.com\/index.php\/wp-json\/wp\/v2\/types\/post"}],"author":[{"embeddable":true,"href":"https:\/\/portalnpm.com\/index.php\/wp-json\/wp\/v2\/users\/8"}],"replies":[{"embeddable":true,"href":"https:\/\/portalnpm.com\/index.php\/wp-json\/wp\/v2\/comments?post=11939"}],"version-history":[{"count":0,"href":"https:\/\/portalnpm.com\/index.php\/wp-json\/wp\/v2\/posts\/11939\/revisions"}],"wp:featuredmedia":[{"embeddable":true,"href":"https:\/\/portalnpm.com\/index.php\/wp-json\/"}],"wp:attachment":[{"href":"https:\/\/portalnpm.com\/index.php\/wp-json\/wp\/v2\/media?parent=11939"}],"wp:term":[{"taxonomy":"category","embeddable":true,"href":"https:\/\/portalnpm.com\/index.php\/wp-json\/wp\/v2\/categories?post=11939"},{"taxonomy":"post_tag","embeddable":true,"href":"https:\/\/portalnpm.com\/index.php\/wp-json\/wp\/v2\/tags?post=11939"}],"curies":[{"name":"wp","href":"https:\/\/api.w.org\/{rel}","templated":true}]}}