{"id":1212,"date":"2018-09-05T23:46:21","date_gmt":"2018-09-06T02:46:21","guid":{"rendered":"http:\/\/srv.portalnpm.com.br\/?p=1212"},"modified":"2018-09-05T23:46:21","modified_gmt":"2018-09-06T02:46:21","slug":"luto-saojuliaoense-evando-carvalho-perde-a-luta-contra-a-leucemia","status":"publish","type":"post","link":"https:\/\/portalnpm.com\/index.php\/2018\/09\/05\/luto-saojuliaoense-evando-carvalho-perde-a-luta-contra-a-leucemia\/","title":{"rendered":"Luto: S\u00e3ojuli\u00e3oense Evando Carvalho perde a luta contra a leucemia"},"content":{"rendered":"<p style=\"text-align: justify;\">Morreu nesta noite de quarta-feira, 05 de setembro, em Bel\u00e9m, capital do Par\u00e1, o estudante de medicina Evando da Silva Carvalho, de 39 anos, natural de S\u00e3o Juli\u00e3o \u2013 PI.<\/p>\n<p style=\"text-align: justify;\">O s\u00e3ojuli\u00e3oense tinha sido diagnosticado com Leucemia Mieloide Aguda (LMA) no final do ano passado e desde ent\u00e3o teve que interromper o curso para realiza\u00e7\u00e3o do tratamento.<\/p>\n<p style=\"text-align: justify;\">Evando vinha reagindo bem ao tratamento, mas precisava de um transplante de medula \u00f3ssea. Familiares fizeram diversos exames, mas ningu\u00e9m da fam\u00edlia possu\u00eda uma medula compat\u00edvel.<\/p>\n<p style=\"text-align: justify;\">Amigos da fam\u00edlia tamb\u00e9m passaram por exames e mobilizaram campanhas nas redes sociais no intuito de ajudar Evando, mas at\u00e9 o momento n\u00e3o havia encontrado ningu\u00e9m com compatibilidade.<\/p>\n<p style=\"text-align: justify;\">Segundo familiares, seu quadro de sa\u00fade se agravou durante a semana e ele foi internado numa Unidade de Terapia Intensiva (UTI) de Bel\u00e9m, capital do Par\u00e1, mas n\u00e3o resistiu e veio a \u00f3bito nesta noite de quarta-feira, 05 de setembro.<\/p>\n<p style=\"text-align: justify;\">Evando Carvalho \u00e9 de fam\u00edlia bastante conhecida em S\u00e3o Juli\u00e3o \u2013 PI, sendo filho de \u201cDona Zulmira\u201d e \u201cSeu Chico da Lina\u201d e irm\u00e3o do ex-vereador, Cil\u00e2ndio.<\/p>\n<p style=\"text-align: justify;\">A fam\u00edlia est\u00e1 providenciando o traslado do mesmo para ser velado e sepultado em sua terra natal.<\/p>\n<figure id=\"attachment_1214\" aria-describedby=\"caption-attachment-1214\" style=\"width: 300px\" class=\"wp-caption alignnone\"><img fetchpriority=\"high\" decoding=\"async\" class=\"size-medium wp-image-1214\" src=\"http:\/\/portalnpm.com.br\/wp-content\/uploads\/2018\/09\/evandosaojulioa-2-300x225.jpg\" alt=\"\" width=\"300\" height=\"225\" srcset=\"https:\/\/portalnpm.com\/wp-content\/uploads\/2018\/09\/evandosaojulioa-2-300x225.jpg 300w, https:\/\/portalnpm.com\/wp-content\/uploads\/2018\/09\/evandosaojulioa-2.jpg 640w\" sizes=\"(max-width: 300px) 100vw, 300px\" \/><figcaption id=\"caption-attachment-1214\" class=\"wp-caption-text\">Evando Carvalho com a fam\u00edlia<\/figcaption><\/figure>\n<p><strong>Fonte: Portal \u00c9 Not\u00edcias\u00a0<\/strong><\/p>\n","protected":false},"excerpt":{"rendered":"<p>Morreu nesta noite de quarta-feira, 05 de setembro, em Bel\u00e9m, capital do Par\u00e1, o estudante de medicina Evando da Silva Carvalho, de 39 anos, natural de S\u00e3o Juli\u00e3o \u2013 PI. O s\u00e3ojuli\u00e3oense tinha sido diagnosticado com Leucemia Mieloide Aguda (LMA) no final do ano passado e desde ent\u00e3o teve que interromper o curso para realiza\u00e7\u00e3o &hellip;<\/p>\n","protected":false},"author":3,"featured_media":1213,"comment_status":"open","ping_status":"open","sticky":false,"template":"","format":"standard","meta":{"content-type":"","rop_custom_images_group":[],"rop_custom_messages_group":[],"rop_publish_now":"initial","rop_publish_now_accounts":{"facebook_2648258775420054_1618374048415101":""},"rop_publish_now_history":[],"rop_publish_now_status":"pending","footnotes":"","_jetpack_memberships_contains_paid_content":false},"categories":[113,109,136],"tags":[716,717,718],"yoast_head":"<!-- This site is optimized with the Yoast SEO plugin v22.3 - https:\/\/yoast.com\/wordpress\/plugins\/seo\/ -->\n<title>Luto: S\u00e3ojuli\u00e3oense Evando Carvalho perde a luta contra a leucemia - Portal NPM<\/title>\n<meta name=\"robots\" content=\"index, follow, max-snippet:-1, max-image-preview:large, max-video-preview:-1\" \/>\n<link rel=\"canonical\" href=\"https:\/\/portalnpm.com\/index.php\/2018\/09\/05\/luto-saojuliaoense-evando-carvalho-perde-a-luta-contra-a-leucemia\/\" \/>\n<meta property=\"og:locale\" content=\"pt_BR\" \/>\n<meta property=\"og:type\" content=\"article\" \/>\n<meta property=\"og:title\" content=\"Luto: S\u00e3ojuli\u00e3oense Evando Carvalho perde a luta contra a leucemia - Portal NPM\" \/>\n<meta property=\"og:description\" content=\"Morreu nesta noite de quarta-feira, 05 de setembro, em Bel\u00e9m, capital do Par\u00e1, o estudante de medicina Evando da Silva Carvalho, de 39 anos, natural de S\u00e3o Juli\u00e3o \u2013 PI. O s\u00e3ojuli\u00e3oense tinha sido diagnosticado com Leucemia Mieloide Aguda (LMA) no final do ano passado e desde ent\u00e3o teve que interromper o curso para realiza\u00e7\u00e3o &hellip;\" \/>\n<meta property=\"og:url\" content=\"https:\/\/portalnpm.com\/index.php\/2018\/09\/05\/luto-saojuliaoense-evando-carvalho-perde-a-luta-contra-a-leucemia\/\" \/>\n<meta property=\"og:site_name\" content=\"Portal NPM\" \/>\n<meta property=\"article:published_time\" content=\"2018-09-06T02:46:21+00:00\" \/>\n<meta property=\"og:image\" content=\"https:\/\/portalnpm.com\/wp-content\/uploads\/2018\/09\/evandosaojulioa-1.jpg\" \/>\n\t<meta property=\"og:image:width\" content=\"480\" \/>\n\t<meta property=\"og:image:height\" content=\"499\" \/>\n\t<meta property=\"og:image:type\" content=\"image\/jpeg\" \/>\n<meta name=\"author\" content=\"Luis Alberto\" \/>\n<meta name=\"twitter:card\" content=\"summary_large_image\" \/>\n<meta name=\"twitter:label1\" content=\"Escrito por\" \/>\n\t<meta name=\"twitter:data1\" content=\"Luis Alberto\" \/>\n\t<meta name=\"twitter:label2\" content=\"Est. tempo de leitura\" \/>\n\t<meta name=\"twitter:data2\" content=\"1 minuto\" \/>\n<script type=\"application\/ld+json\" class=\"yoast-schema-graph\">{\"@context\":\"https:\/\/schema.org\",\"@graph\":[{\"@type\":\"WebPage\",\"@id\":\"https:\/\/portalnpm.com\/index.php\/2018\/09\/05\/luto-saojuliaoense-evando-carvalho-perde-a-luta-contra-a-leucemia\/\",\"url\":\"https:\/\/portalnpm.com\/index.php\/2018\/09\/05\/luto-saojuliaoense-evando-carvalho-perde-a-luta-contra-a-leucemia\/\",\"name\":\"Luto: S\u00e3ojuli\u00e3oense Evando Carvalho perde a luta contra a leucemia - Portal NPM\",\"isPartOf\":{\"@id\":\"https:\/\/portalnpm.com\/#website\"},\"primaryImageOfPage\":{\"@id\":\"https:\/\/portalnpm.com\/index.php\/2018\/09\/05\/luto-saojuliaoense-evando-carvalho-perde-a-luta-contra-a-leucemia\/#primaryimage\"},\"image\":{\"@id\":\"https:\/\/portalnpm.com\/index.php\/2018\/09\/05\/luto-saojuliaoense-evando-carvalho-perde-a-luta-contra-a-leucemia\/#primaryimage\"},\"thumbnailUrl\":\"https:\/\/portalnpm.com\/wp-content\/uploads\/2018\/09\/evandosaojulioa-1.jpg\",\"datePublished\":\"2018-09-06T02:46:21+00:00\",\"dateModified\":\"2018-09-06T02:46:21+00:00\",\"author\":{\"@id\":\"https:\/\/portalnpm.com\/#\/schema\/person\/5c8006acdf71774cd4e7a5ab98482152\"},\"breadcrumb\":{\"@id\":\"https:\/\/portalnpm.com\/index.php\/2018\/09\/05\/luto-saojuliaoense-evando-carvalho-perde-a-luta-contra-a-leucemia\/#breadcrumb\"},\"inLanguage\":\"pt-BR\",\"potentialAction\":[{\"@type\":\"ReadAction\",\"target\":[\"https:\/\/portalnpm.com\/index.php\/2018\/09\/05\/luto-saojuliaoense-evando-carvalho-perde-a-luta-contra-a-leucemia\/\"]}]},{\"@type\":\"ImageObject\",\"inLanguage\":\"pt-BR\",\"@id\":\"https:\/\/portalnpm.com\/index.php\/2018\/09\/05\/luto-saojuliaoense-evando-carvalho-perde-a-luta-contra-a-leucemia\/#primaryimage\",\"url\":\"https:\/\/portalnpm.com\/wp-content\/uploads\/2018\/09\/evandosaojulioa-1.jpg\",\"contentUrl\":\"https:\/\/portalnpm.com\/wp-content\/uploads\/2018\/09\/evandosaojulioa-1.jpg\",\"width\":480,\"height\":499},{\"@type\":\"BreadcrumbList\",\"@id\":\"https:\/\/portalnpm.com\/index.php\/2018\/09\/05\/luto-saojuliaoense-evando-carvalho-perde-a-luta-contra-a-leucemia\/#breadcrumb\",\"itemListElement\":[{\"@type\":\"ListItem\",\"position\":1,\"name\":\"In\u00edcio\",\"item\":\"https:\/\/portalnpm.com\/\"},{\"@type\":\"ListItem\",\"position\":2,\"name\":\"Luto: S\u00e3ojuli\u00e3oense Evando Carvalho perde a luta contra a leucemia\"}]},{\"@type\":\"WebSite\",\"@id\":\"https:\/\/portalnpm.com\/#website\",\"url\":\"https:\/\/portalnpm.com\/\",\"name\":\"Portal NPM\",\"description\":\"Not\u00edcias em Primeira M\u00e3o\",\"potentialAction\":[{\"@type\":\"SearchAction\",\"target\":{\"@type\":\"EntryPoint\",\"urlTemplate\":\"https:\/\/portalnpm.com\/?s={search_term_string}\"},\"query-input\":\"required name=search_term_string\"}],\"inLanguage\":\"pt-BR\"},{\"@type\":\"Person\",\"@id\":\"https:\/\/portalnpm.com\/#\/schema\/person\/5c8006acdf71774cd4e7a5ab98482152\",\"name\":\"Luis Alberto\",\"image\":{\"@type\":\"ImageObject\",\"inLanguage\":\"pt-BR\",\"@id\":\"https:\/\/portalnpm.com\/#\/schema\/person\/image\/\",\"url\":\"https:\/\/portalnpm.com\/wp-content\/uploads\/2024\/12\/avatar_user_3_1734699769-96x96.jpeg\",\"contentUrl\":\"https:\/\/portalnpm.com\/wp-content\/uploads\/2024\/12\/avatar_user_3_1734699769-96x96.jpeg\",\"caption\":\"Luis Alberto\"},\"description\":\"Editor-geral do Portal NPM, \u00e9 formado como T\u00e9cnico em Seguran\u00e7a do Trabalho pela Escola Metropolitana de Cursos T\u00e9cnicos. Det\u00e9m ainda licenciatura em Educa\u00e7\u00e3o F\u00edsica e bacharelado em Ci\u00eancias Pol\u00edticas, ambos obtidos pela institui\u00e7\u00e3o Anhanguera\/UNOPAR.\",\"url\":\"https:\/\/portalnpm.com\/index.php\/author\/pereira\/\"}]}<\/script>\n<!-- \/ Yoast SEO plugin. -->","yoast_head_json":{"title":"Luto: S\u00e3ojuli\u00e3oense Evando Carvalho perde a luta contra a leucemia - Portal NPM","robots":{"index":"index","follow":"follow","max-snippet":"max-snippet:-1","max-image-preview":"max-image-preview:large","max-video-preview":"max-video-preview:-1"},"canonical":"https:\/\/portalnpm.com\/index.php\/2018\/09\/05\/luto-saojuliaoense-evando-carvalho-perde-a-luta-contra-a-leucemia\/","og_locale":"pt_BR","og_type":"article","og_title":"Luto: S\u00e3ojuli\u00e3oense Evando Carvalho perde a luta contra a leucemia - Portal NPM","og_description":"Morreu nesta noite de quarta-feira, 05 de setembro, em Bel\u00e9m, capital do Par\u00e1, o estudante de medicina Evando da Silva Carvalho, de 39 anos, natural de S\u00e3o Juli\u00e3o \u2013 PI. O s\u00e3ojuli\u00e3oense tinha sido diagnosticado com Leucemia Mieloide Aguda (LMA) no final do ano passado e desde ent\u00e3o teve que interromper o curso para realiza\u00e7\u00e3o &hellip;","og_url":"https:\/\/portalnpm.com\/index.php\/2018\/09\/05\/luto-saojuliaoense-evando-carvalho-perde-a-luta-contra-a-leucemia\/","og_site_name":"Portal NPM","article_published_time":"2018-09-06T02:46:21+00:00","og_image":[{"width":480,"height":499,"url":"https:\/\/portalnpm.com\/wp-content\/uploads\/2018\/09\/evandosaojulioa-1.jpg","type":"image\/jpeg"}],"author":"Luis Alberto","twitter_card":"summary_large_image","twitter_misc":{"Escrito por":"Luis Alberto","Est. tempo de leitura":"1 minuto"},"schema":{"@context":"https:\/\/schema.org","@graph":[{"@type":"WebPage","@id":"https:\/\/portalnpm.com\/index.php\/2018\/09\/05\/luto-saojuliaoense-evando-carvalho-perde-a-luta-contra-a-leucemia\/","url":"https:\/\/portalnpm.com\/index.php\/2018\/09\/05\/luto-saojuliaoense-evando-carvalho-perde-a-luta-contra-a-leucemia\/","name":"Luto: S\u00e3ojuli\u00e3oense Evando Carvalho perde a luta contra a leucemia - Portal NPM","isPartOf":{"@id":"https:\/\/portalnpm.com\/#website"},"primaryImageOfPage":{"@id":"https:\/\/portalnpm.com\/index.php\/2018\/09\/05\/luto-saojuliaoense-evando-carvalho-perde-a-luta-contra-a-leucemia\/#primaryimage"},"image":{"@id":"https:\/\/portalnpm.com\/index.php\/2018\/09\/05\/luto-saojuliaoense-evando-carvalho-perde-a-luta-contra-a-leucemia\/#primaryimage"},"thumbnailUrl":"https:\/\/portalnpm.com\/wp-content\/uploads\/2018\/09\/evandosaojulioa-1.jpg","datePublished":"2018-09-06T02:46:21+00:00","dateModified":"2018-09-06T02:46:21+00:00","author":{"@id":"https:\/\/portalnpm.com\/#\/schema\/person\/5c8006acdf71774cd4e7a5ab98482152"},"breadcrumb":{"@id":"https:\/\/portalnpm.com\/index.php\/2018\/09\/05\/luto-saojuliaoense-evando-carvalho-perde-a-luta-contra-a-leucemia\/#breadcrumb"},"inLanguage":"pt-BR","potentialAction":[{"@type":"ReadAction","target":["https:\/\/portalnpm.com\/index.php\/2018\/09\/05\/luto-saojuliaoense-evando-carvalho-perde-a-luta-contra-a-leucemia\/"]}]},{"@type":"ImageObject","inLanguage":"pt-BR","@id":"https:\/\/portalnpm.com\/index.php\/2018\/09\/05\/luto-saojuliaoense-evando-carvalho-perde-a-luta-contra-a-leucemia\/#primaryimage","url":"https:\/\/portalnpm.com\/wp-content\/uploads\/2018\/09\/evandosaojulioa-1.jpg","contentUrl":"https:\/\/portalnpm.com\/wp-content\/uploads\/2018\/09\/evandosaojulioa-1.jpg","width":480,"height":499},{"@type":"BreadcrumbList","@id":"https:\/\/portalnpm.com\/index.php\/2018\/09\/05\/luto-saojuliaoense-evando-carvalho-perde-a-luta-contra-a-leucemia\/#breadcrumb","itemListElement":[{"@type":"ListItem","position":1,"name":"In\u00edcio","item":"https:\/\/portalnpm.com\/"},{"@type":"ListItem","position":2,"name":"Luto: S\u00e3ojuli\u00e3oense Evando Carvalho perde a luta contra a leucemia"}]},{"@type":"WebSite","@id":"https:\/\/portalnpm.com\/#website","url":"https:\/\/portalnpm.com\/","name":"Portal NPM","description":"Not\u00edcias em Primeira M\u00e3o","potentialAction":[{"@type":"SearchAction","target":{"@type":"EntryPoint","urlTemplate":"https:\/\/portalnpm.com\/?s={search_term_string}"},"query-input":"required name=search_term_string"}],"inLanguage":"pt-BR"},{"@type":"Person","@id":"https:\/\/portalnpm.com\/#\/schema\/person\/5c8006acdf71774cd4e7a5ab98482152","name":"Luis Alberto","image":{"@type":"ImageObject","inLanguage":"pt-BR","@id":"https:\/\/portalnpm.com\/#\/schema\/person\/image\/","url":"https:\/\/portalnpm.com\/wp-content\/uploads\/2024\/12\/avatar_user_3_1734699769-96x96.jpeg","contentUrl":"https:\/\/portalnpm.com\/wp-content\/uploads\/2024\/12\/avatar_user_3_1734699769-96x96.jpeg","caption":"Luis Alberto"},"description":"Editor-geral do Portal NPM, \u00e9 formado como T\u00e9cnico em Seguran\u00e7a do Trabalho pela Escola Metropolitana de Cursos T\u00e9cnicos. Det\u00e9m ainda licenciatura em Educa\u00e7\u00e3o F\u00edsica e bacharelado em Ci\u00eancias Pol\u00edticas, ambos obtidos pela institui\u00e7\u00e3o Anhanguera\/UNOPAR.","url":"https:\/\/portalnpm.com\/index.php\/author\/pereira\/"}]}},"jetpack_sharing_enabled":true,"jetpack_featured_media_url":"https:\/\/portalnpm.com\/wp-content\/uploads\/2018\/09\/evandosaojulioa-1.jpg","_links":{"self":[{"href":"https:\/\/portalnpm.com\/index.php\/wp-json\/wp\/v2\/posts\/1212"}],"collection":[{"href":"https:\/\/portalnpm.com\/index.php\/wp-json\/wp\/v2\/posts"}],"about":[{"href":"https:\/\/portalnpm.com\/index.php\/wp-json\/wp\/v2\/types\/post"}],"author":[{"embeddable":true,"href":"https:\/\/portalnpm.com\/index.php\/wp-json\/wp\/v2\/users\/3"}],"replies":[{"embeddable":true,"href":"https:\/\/portalnpm.com\/index.php\/wp-json\/wp\/v2\/comments?post=1212"}],"version-history":[{"count":0,"href":"https:\/\/portalnpm.com\/index.php\/wp-json\/wp\/v2\/posts\/1212\/revisions"}],"wp:featuredmedia":[{"embeddable":true,"href":"https:\/\/portalnpm.com\/index.php\/wp-json\/wp\/v2\/media\/1213"}],"wp:attachment":[{"href":"https:\/\/portalnpm.com\/index.php\/wp-json\/wp\/v2\/media?parent=1212"}],"wp:term":[{"taxonomy":"category","embeddable":true,"href":"https:\/\/portalnpm.com\/index.php\/wp-json\/wp\/v2\/categories?post=1212"},{"taxonomy":"post_tag","embeddable":true,"href":"https:\/\/portalnpm.com\/index.php\/wp-json\/wp\/v2\/tags?post=1212"}],"curies":[{"name":"wp","href":"https:\/\/api.w.org\/{rel}","templated":true}]}}