{"id":12280,"date":"2019-10-07T00:07:51","date_gmt":"2019-10-07T03:07:51","guid":{"rendered":"http:\/\/srv.portalnpm.com.br\/?p=12280"},"modified":"2019-10-07T00:07:51","modified_gmt":"2019-10-07T03:07:51","slug":"veja-quem-sao-os-eleitos-para-o-conselho-tutelar-de-francisco-macedo","status":"publish","type":"post","link":"https:\/\/portalnpm.com\/index.php\/2019\/10\/07\/veja-quem-sao-os-eleitos-para-o-conselho-tutelar-de-francisco-macedo\/","title":{"rendered":"Veja quem s\u00e3o os eleitos para o Conselho Tutelar de Francisco Macedo"},"content":{"rendered":"<p style=\"text-align: justify;\">Neste domingo, 06 de outubro, o munic\u00edpio de Francisco Macedo elegeu os conselheiros tutelares que atuar\u00e3o no quadri\u00eanio 2020\/2023.<\/p>\n<p style=\"text-align: justify;\">A vota\u00e7\u00e3o foi realizada das 08h \u00e0s 17h, na Escola Municipal Joaquim Ant\u00e3o de Carvalho, localizada na Rua Professora Geralda Alencar, centro do munic\u00edpio.<\/p>\n<p style=\"text-align: justify;\">Ap\u00f3s o fechamento das urnas foi realizada a apura\u00e7\u00e3o de votos, e cinco candidatos foram eleitos pela popula\u00e7\u00e3o:<\/p>\n<p style=\"text-align: justify;\">1\u00b0 \u2013 Osmarina Albertina De Assis Silva \u2013 221 votos.<\/p>\n<p style=\"text-align: justify;\">2\u00b0 \u2013 Edivaldo Manoel de Sousa \u2013 192 votos, reeleito.<\/p>\n<p style=\"text-align: justify;\">3\u00b0 \u2013 Neuza Romana Alves \u2013 181 votos, reeleita.<\/p>\n<p style=\"text-align: justify;\">4\u00b0 \u2013 Maria Marlene de Carvalho (Silvania) \u2013 177 votos.<\/p>\n<p style=\"text-align: justify;\">5\u00b0 \u2013 Veriana Carvalho \u2013 165 votos.<\/p>\n<p style=\"text-align: justify;\">Prevalecendo o crit\u00e9rio de que o mais velho assume a primeira coloca\u00e7\u00e3o, o 1\u00b0 lugar da supl\u00eancia ficou com Maria Aparecida que empatou com Carlos Renan, que assume a 2\u00b0 coloca\u00e7\u00e3o, ambos com 155 votos.\u00a0 Os suplentes s\u00e3o:<\/p>\n<p style=\"text-align: justify;\">1\u00b0 \u2013 Maria Aparecida \u2013 155 votos<\/p>\n<p style=\"text-align: justify;\">2\u00b0 \u2013 Carlos Renan \u2013 155 votos<\/p>\n<p style=\"text-align: justify;\">3\u00b0 \u2013 Branca \u2013 121 votos<\/p>\n<p style=\"text-align: justify;\">4\u00b0 \u2013\u00a0Carol Carvalho \u2013 101 votos<\/p>\n<p style=\"text-align: justify;\">5\u00b0 \u2013 Maria das Dores \u2013 55 votos<\/p>\n<p style=\"text-align: justify;\">A posse dos eleitos e seus respectivos suplentes ocorrer\u00e3o at\u00e9 o dia 10 de janeiro de 2020.<\/p>\n<p><strong>Fonte<\/strong>: Cidades na Net<\/p>\n","protected":false},"excerpt":{"rendered":"<p>Neste domingo, 06 de outubro, o munic\u00edpio de Francisco Macedo elegeu os conselheiros tutelares que atuar\u00e3o no quadri\u00eanio 2020\/2023. A vota\u00e7\u00e3o foi realizada das 08h \u00e0s 17h, na Escola Municipal Joaquim Ant\u00e3o de Carvalho, localizada na Rua Professora Geralda Alencar, centro do munic\u00edpio. Ap\u00f3s o fechamento das urnas foi realizada a apura\u00e7\u00e3o de votos, e &hellip;<\/p>\n","protected":false},"author":4,"featured_media":12281,"comment_status":"open","ping_status":"open","sticky":false,"template":"","format":"standard","meta":{"content-type":"","rop_custom_images_group":[],"rop_custom_messages_group":[],"rop_publish_now":"initial","rop_publish_now_accounts":{"facebook_2648258775420054_1618374048415101":""},"rop_publish_now_history":[],"rop_publish_now_status":"pending","footnotes":"","_jetpack_memberships_contains_paid_content":false},"categories":[502],"tags":[1956,1001,1006],"yoast_head":"<!-- This site is optimized with the Yoast SEO plugin v22.3 - https:\/\/yoast.com\/wordpress\/plugins\/seo\/ -->\n<title>Veja quem s\u00e3o os eleitos para o Conselho Tutelar de Francisco Macedo - Portal NPM<\/title>\n<meta name=\"robots\" content=\"index, follow, max-snippet:-1, max-image-preview:large, max-video-preview:-1\" \/>\n<link rel=\"canonical\" href=\"https:\/\/portalnpm.com\/index.php\/2019\/10\/07\/veja-quem-sao-os-eleitos-para-o-conselho-tutelar-de-francisco-macedo\/\" \/>\n<meta property=\"og:locale\" content=\"pt_BR\" \/>\n<meta property=\"og:type\" content=\"article\" \/>\n<meta property=\"og:title\" content=\"Veja quem s\u00e3o os eleitos para o Conselho Tutelar de Francisco Macedo - Portal NPM\" \/>\n<meta property=\"og:description\" content=\"Neste domingo, 06 de outubro, o munic\u00edpio de Francisco Macedo elegeu os conselheiros tutelares que atuar\u00e3o no quadri\u00eanio 2020\/2023. A vota\u00e7\u00e3o foi realizada das 08h \u00e0s 17h, na Escola Municipal Joaquim Ant\u00e3o de Carvalho, localizada na Rua Professora Geralda Alencar, centro do munic\u00edpio. Ap\u00f3s o fechamento das urnas foi realizada a apura\u00e7\u00e3o de votos, e &hellip;\" \/>\n<meta property=\"og:url\" content=\"https:\/\/portalnpm.com\/index.php\/2019\/10\/07\/veja-quem-sao-os-eleitos-para-o-conselho-tutelar-de-francisco-macedo\/\" \/>\n<meta property=\"og:site_name\" content=\"Portal NPM\" \/>\n<meta property=\"article:published_time\" content=\"2019-10-07T03:07:51+00:00\" \/>\n<meta name=\"author\" content=\"Reda\u00e7\u00e3o\" \/>\n<meta name=\"twitter:card\" content=\"summary_large_image\" \/>\n<meta name=\"twitter:label1\" content=\"Escrito por\" \/>\n\t<meta name=\"twitter:data1\" content=\"Reda\u00e7\u00e3o\" \/>\n\t<meta name=\"twitter:label2\" content=\"Est. tempo de leitura\" \/>\n\t<meta name=\"twitter:data2\" content=\"1 minuto\" \/>\n<script type=\"application\/ld+json\" class=\"yoast-schema-graph\">{\"@context\":\"https:\/\/schema.org\",\"@graph\":[{\"@type\":\"WebPage\",\"@id\":\"https:\/\/portalnpm.com\/index.php\/2019\/10\/07\/veja-quem-sao-os-eleitos-para-o-conselho-tutelar-de-francisco-macedo\/\",\"url\":\"https:\/\/portalnpm.com\/index.php\/2019\/10\/07\/veja-quem-sao-os-eleitos-para-o-conselho-tutelar-de-francisco-macedo\/\",\"name\":\"Veja quem s\u00e3o os eleitos para o Conselho Tutelar de Francisco Macedo - Portal NPM\",\"isPartOf\":{\"@id\":\"https:\/\/portalnpm.com\/#website\"},\"primaryImageOfPage\":{\"@id\":\"https:\/\/portalnpm.com\/index.php\/2019\/10\/07\/veja-quem-sao-os-eleitos-para-o-conselho-tutelar-de-francisco-macedo\/#primaryimage\"},\"image\":{\"@id\":\"https:\/\/portalnpm.com\/index.php\/2019\/10\/07\/veja-quem-sao-os-eleitos-para-o-conselho-tutelar-de-francisco-macedo\/#primaryimage\"},\"thumbnailUrl\":\"\",\"datePublished\":\"2019-10-07T03:07:51+00:00\",\"dateModified\":\"2019-10-07T03:07:51+00:00\",\"author\":{\"@id\":\"https:\/\/portalnpm.com\/#\/schema\/person\/0b5f230ec96cee25504fa328e7f2b733\"},\"breadcrumb\":{\"@id\":\"https:\/\/portalnpm.com\/index.php\/2019\/10\/07\/veja-quem-sao-os-eleitos-para-o-conselho-tutelar-de-francisco-macedo\/#breadcrumb\"},\"inLanguage\":\"pt-BR\",\"potentialAction\":[{\"@type\":\"ReadAction\",\"target\":[\"https:\/\/portalnpm.com\/index.php\/2019\/10\/07\/veja-quem-sao-os-eleitos-para-o-conselho-tutelar-de-francisco-macedo\/\"]}]},{\"@type\":\"ImageObject\",\"inLanguage\":\"pt-BR\",\"@id\":\"https:\/\/portalnpm.com\/index.php\/2019\/10\/07\/veja-quem-sao-os-eleitos-para-o-conselho-tutelar-de-francisco-macedo\/#primaryimage\",\"url\":\"\",\"contentUrl\":\"\"},{\"@type\":\"BreadcrumbList\",\"@id\":\"https:\/\/portalnpm.com\/index.php\/2019\/10\/07\/veja-quem-sao-os-eleitos-para-o-conselho-tutelar-de-francisco-macedo\/#breadcrumb\",\"itemListElement\":[{\"@type\":\"ListItem\",\"position\":1,\"name\":\"In\u00edcio\",\"item\":\"https:\/\/portalnpm.com\/\"},{\"@type\":\"ListItem\",\"position\":2,\"name\":\"Veja quem s\u00e3o os eleitos para o Conselho Tutelar de Francisco Macedo\"}]},{\"@type\":\"WebSite\",\"@id\":\"https:\/\/portalnpm.com\/#website\",\"url\":\"https:\/\/portalnpm.com\/\",\"name\":\"Portal NPM\",\"description\":\"Not\u00edcias em Primeira M\u00e3o\",\"potentialAction\":[{\"@type\":\"SearchAction\",\"target\":{\"@type\":\"EntryPoint\",\"urlTemplate\":\"https:\/\/portalnpm.com\/?s={search_term_string}\"},\"query-input\":\"required name=search_term_string\"}],\"inLanguage\":\"pt-BR\"},{\"@type\":\"Person\",\"@id\":\"https:\/\/portalnpm.com\/#\/schema\/person\/0b5f230ec96cee25504fa328e7f2b733\",\"name\":\"Reda\u00e7\u00e3o\",\"image\":{\"@type\":\"ImageObject\",\"inLanguage\":\"pt-BR\",\"@id\":\"https:\/\/portalnpm.com\/#\/schema\/person\/image\/\",\"url\":\"https:\/\/portalnpm.com\/wp-content\/uploads\/2024\/03\/avatar_user_4_1710097212-96x96.png\",\"contentUrl\":\"https:\/\/portalnpm.com\/wp-content\/uploads\/2024\/03\/avatar_user_4_1710097212-96x96.png\",\"caption\":\"Reda\u00e7\u00e3o\"},\"url\":\"https:\/\/portalnpm.com\/index.php\/author\/redacao\/\"}]}<\/script>\n<!-- \/ Yoast SEO plugin. -->","yoast_head_json":{"title":"Veja quem s\u00e3o os eleitos para o Conselho Tutelar de Francisco Macedo - Portal NPM","robots":{"index":"index","follow":"follow","max-snippet":"max-snippet:-1","max-image-preview":"max-image-preview:large","max-video-preview":"max-video-preview:-1"},"canonical":"https:\/\/portalnpm.com\/index.php\/2019\/10\/07\/veja-quem-sao-os-eleitos-para-o-conselho-tutelar-de-francisco-macedo\/","og_locale":"pt_BR","og_type":"article","og_title":"Veja quem s\u00e3o os eleitos para o Conselho Tutelar de Francisco Macedo - Portal NPM","og_description":"Neste domingo, 06 de outubro, o munic\u00edpio de Francisco Macedo elegeu os conselheiros tutelares que atuar\u00e3o no quadri\u00eanio 2020\/2023. A vota\u00e7\u00e3o foi realizada das 08h \u00e0s 17h, na Escola Municipal Joaquim Ant\u00e3o de Carvalho, localizada na Rua Professora Geralda Alencar, centro do munic\u00edpio. Ap\u00f3s o fechamento das urnas foi realizada a apura\u00e7\u00e3o de votos, e &hellip;","og_url":"https:\/\/portalnpm.com\/index.php\/2019\/10\/07\/veja-quem-sao-os-eleitos-para-o-conselho-tutelar-de-francisco-macedo\/","og_site_name":"Portal NPM","article_published_time":"2019-10-07T03:07:51+00:00","author":"Reda\u00e7\u00e3o","twitter_card":"summary_large_image","twitter_misc":{"Escrito por":"Reda\u00e7\u00e3o","Est. tempo de leitura":"1 minuto"},"schema":{"@context":"https:\/\/schema.org","@graph":[{"@type":"WebPage","@id":"https:\/\/portalnpm.com\/index.php\/2019\/10\/07\/veja-quem-sao-os-eleitos-para-o-conselho-tutelar-de-francisco-macedo\/","url":"https:\/\/portalnpm.com\/index.php\/2019\/10\/07\/veja-quem-sao-os-eleitos-para-o-conselho-tutelar-de-francisco-macedo\/","name":"Veja quem s\u00e3o os eleitos para o Conselho Tutelar de Francisco Macedo - Portal NPM","isPartOf":{"@id":"https:\/\/portalnpm.com\/#website"},"primaryImageOfPage":{"@id":"https:\/\/portalnpm.com\/index.php\/2019\/10\/07\/veja-quem-sao-os-eleitos-para-o-conselho-tutelar-de-francisco-macedo\/#primaryimage"},"image":{"@id":"https:\/\/portalnpm.com\/index.php\/2019\/10\/07\/veja-quem-sao-os-eleitos-para-o-conselho-tutelar-de-francisco-macedo\/#primaryimage"},"thumbnailUrl":"","datePublished":"2019-10-07T03:07:51+00:00","dateModified":"2019-10-07T03:07:51+00:00","author":{"@id":"https:\/\/portalnpm.com\/#\/schema\/person\/0b5f230ec96cee25504fa328e7f2b733"},"breadcrumb":{"@id":"https:\/\/portalnpm.com\/index.php\/2019\/10\/07\/veja-quem-sao-os-eleitos-para-o-conselho-tutelar-de-francisco-macedo\/#breadcrumb"},"inLanguage":"pt-BR","potentialAction":[{"@type":"ReadAction","target":["https:\/\/portalnpm.com\/index.php\/2019\/10\/07\/veja-quem-sao-os-eleitos-para-o-conselho-tutelar-de-francisco-macedo\/"]}]},{"@type":"ImageObject","inLanguage":"pt-BR","@id":"https:\/\/portalnpm.com\/index.php\/2019\/10\/07\/veja-quem-sao-os-eleitos-para-o-conselho-tutelar-de-francisco-macedo\/#primaryimage","url":"","contentUrl":""},{"@type":"BreadcrumbList","@id":"https:\/\/portalnpm.com\/index.php\/2019\/10\/07\/veja-quem-sao-os-eleitos-para-o-conselho-tutelar-de-francisco-macedo\/#breadcrumb","itemListElement":[{"@type":"ListItem","position":1,"name":"In\u00edcio","item":"https:\/\/portalnpm.com\/"},{"@type":"ListItem","position":2,"name":"Veja quem s\u00e3o os eleitos para o Conselho Tutelar de Francisco Macedo"}]},{"@type":"WebSite","@id":"https:\/\/portalnpm.com\/#website","url":"https:\/\/portalnpm.com\/","name":"Portal NPM","description":"Not\u00edcias em Primeira M\u00e3o","potentialAction":[{"@type":"SearchAction","target":{"@type":"EntryPoint","urlTemplate":"https:\/\/portalnpm.com\/?s={search_term_string}"},"query-input":"required name=search_term_string"}],"inLanguage":"pt-BR"},{"@type":"Person","@id":"https:\/\/portalnpm.com\/#\/schema\/person\/0b5f230ec96cee25504fa328e7f2b733","name":"Reda\u00e7\u00e3o","image":{"@type":"ImageObject","inLanguage":"pt-BR","@id":"https:\/\/portalnpm.com\/#\/schema\/person\/image\/","url":"https:\/\/portalnpm.com\/wp-content\/uploads\/2024\/03\/avatar_user_4_1710097212-96x96.png","contentUrl":"https:\/\/portalnpm.com\/wp-content\/uploads\/2024\/03\/avatar_user_4_1710097212-96x96.png","caption":"Reda\u00e7\u00e3o"},"url":"https:\/\/portalnpm.com\/index.php\/author\/redacao\/"}]}},"jetpack_sharing_enabled":true,"jetpack_featured_media_url":"","_links":{"self":[{"href":"https:\/\/portalnpm.com\/index.php\/wp-json\/wp\/v2\/posts\/12280"}],"collection":[{"href":"https:\/\/portalnpm.com\/index.php\/wp-json\/wp\/v2\/posts"}],"about":[{"href":"https:\/\/portalnpm.com\/index.php\/wp-json\/wp\/v2\/types\/post"}],"author":[{"embeddable":true,"href":"https:\/\/portalnpm.com\/index.php\/wp-json\/wp\/v2\/users\/4"}],"replies":[{"embeddable":true,"href":"https:\/\/portalnpm.com\/index.php\/wp-json\/wp\/v2\/comments?post=12280"}],"version-history":[{"count":0,"href":"https:\/\/portalnpm.com\/index.php\/wp-json\/wp\/v2\/posts\/12280\/revisions"}],"wp:featuredmedia":[{"embeddable":true,"href":"https:\/\/portalnpm.com\/index.php\/wp-json\/"}],"wp:attachment":[{"href":"https:\/\/portalnpm.com\/index.php\/wp-json\/wp\/v2\/media?parent=12280"}],"wp:term":[{"taxonomy":"category","embeddable":true,"href":"https:\/\/portalnpm.com\/index.php\/wp-json\/wp\/v2\/categories?post=12280"},{"taxonomy":"post_tag","embeddable":true,"href":"https:\/\/portalnpm.com\/index.php\/wp-json\/wp\/v2\/tags?post=12280"}],"curies":[{"name":"wp","href":"https:\/\/api.w.org\/{rel}","templated":true}]}}