{"id":12285,"date":"2019-10-08T09:43:58","date_gmt":"2019-10-08T12:43:58","guid":{"rendered":"http:\/\/srv.portalnpm.com.br\/?p=12285"},"modified":"2019-10-08T09:43:58","modified_gmt":"2019-10-08T12:43:58","slug":"estudante-de-belem-do-piaui-vence-etapa-estadual-do-concurso-jovem-senador","status":"publish","type":"post","link":"https:\/\/portalnpm.com\/index.php\/2019\/10\/08\/estudante-de-belem-do-piaui-vence-etapa-estadual-do-concurso-jovem-senador\/","title":{"rendered":"Estudante de Bel\u00e9m do Piau\u00ed vence etapa estadual do concurso Jovem Senador"},"content":{"rendered":"<p style=\"text-align: justify;\">A jovem Yasmin de Carvalho Leal de 16 anos, que cursa o 2\u00b0 Ano do Ensino M\u00e9dio na Escola Estadual Centro Educacional Sebasti\u00e3o de Sousa, do munic\u00edpio de Bel\u00e9m do Piau\u00ed, foi a vencedora a etapa estadual do Concurso de Reda\u00e7\u00e3o do Senado Federal Jovem Senador.<\/p>\n<p style=\"text-align: justify;\">O tema da reda\u00e7\u00e3o este ano foi\u00a0<em>\u201c<\/em>Cidad\u00e3o que acompanha o or\u00e7amento p\u00fablico d\u00e1 valor ao Brasil<em>\u201d<\/em>.<\/p>\n<p style=\"text-align: justify;\">A estudante de escola p\u00fablica foi eleita vencedora com o tema da reda\u00e7\u00e3o,\u00a0<em>\u201c<\/em>Cidad\u00e3o ativo: pa\u00eds de todos<em>\u201d.\u00a0<\/em>Yasmin e outros 26 estudantes do ensino m\u00e9dio de escolas p\u00fablicas \u2013 um de cada estado da Federa\u00e7\u00e3o, passar\u00e3o uma semana em Bras\u00edlia para atuar como jovens senadores.<\/p>\n<p style=\"text-align: justify;\"><a title=\"\" href=\"https:\/\/infonewss.com\/wp-content\/uploads\/2019\/10\/Reda%C3%A7%C3%A3o-Yasmin-Leal-de-Bel%C3%A9m-do-Piau%C3%AD-1.jpg\" data-rel=\"lightbox-gallery-0\" data-rl_title=\"\" data-rl_caption=\"\"><strong>\u2013 Clique aqui e veja a reda\u00e7\u00e3o na integra!<\/strong><\/a><\/p>\n<p style=\"text-align: justify;\"><img fetchpriority=\"high\" decoding=\"async\" class=\"alignnone size-full wp-image-12286\" src=\"http:\/\/portalnpm.com\/wp-content\/uploads\/2019\/10\/08-35-05-Reda\u00c3\u00a7\u00c3\u00a3o-Yasmin-Leal-de-Bel\u00c3\u00a9m-do-Piau\u00c3\u00ad-1.jpg\" alt=\"\" width=\"859\" height=\"758\" \/><\/p>\n<p style=\"text-align: justify;\">Entre os dias 25 e 29 de novembro ir\u00e3o se reunir nas comiss\u00f5es e no Plen\u00e1rio para discutir e aprovar sugest\u00f5es que podem tramitar como projetos de lei, se acolhidas pela Comiss\u00e3o Direitos Humanos e Legisla\u00e7\u00e3o Participativa (CDH).<\/p>\n<p style=\"text-align: justify;\">Para a Belenense Yasmin, a conquista foi um sonho realizado.\u00a0<em>\u201c<\/em>Foi uma enorme e prazerosa surpresa receber a not\u00edcia dessa grande conquista, um sonho pra mim. Estou imensamente feliz por poder representar o CESS, assim como o nosso estado, e l\u00f3gico, est\u00e1 levando o nome da nossa Bel\u00e9m adiante. Essa conquista possui suma import\u00e2ncia pra mim, pois atrav\u00e9s dela poderei ampliar meus horizonte e agregar novos conhecimentos e experi\u00eancias a minha bagagem. Escrever, sempre foi algo que gostei bastante, isso eu reconhe\u00e7o, por\u00e9m, tamanha conquista mesmo que com esperan\u00e7as, me parecia um tanto distante da minha realidade e por isso, sou imensamente grata a minha professora Janeide que acreditou no meu potencial\u201d, disse a aluna.<\/p>\n<p style=\"text-align: justify;\"><img decoding=\"async\" class=\"alignnone size-full wp-image-12287\" src=\"http:\/\/portalnpm.com\/wp-content\/uploads\/2019\/10\/08-36-58-5B3FA863-1C37-4284-BAEE-FDCFEEA96AC0.jpeg\" alt=\"\" width=\"750\" height=\"624\" \/><\/p>\n<p style=\"text-align: justify;\">Yasmin teve como professora orientadora Janeide Sousa e Silva, que em suas palavras explanou o sentimento em poder participar da grande conquista.\u00a0<em>\u201c<\/em>A sele\u00e7\u00e3o da aluna Yasmin, no concurso Jovem Senador, nos deixa extremamente felizes e orgulhosos. Como professora, \u00e9 um reconhecimento importante de tudo que \u00e9 planejado e realizado no dia a dia em sala de aula. Como aluna, e o resultado de empenho e dedica\u00e7\u00e3o pessoal que deixa uma mensagem valiosa para os outros estudantes: \u00e9 poss\u00edvel alcan\u00e7ar seus ideais, por mais distantes que possam parecer da sua realidade\u201d, comemorou a professora<em>.<\/em><\/p>\n<p style=\"text-align: justify;\"><img decoding=\"async\" class=\"alignnone size-full wp-image-12288\" src=\"http:\/\/portalnpm.com\/wp-content\/uploads\/2019\/10\/08-37-50-11CB78BE-BFF6-404B-AD84-6625106D421B.jpeg\" alt=\"\" width=\"750\" height=\"656\" \/><\/p>\n<p style=\"text-align: justify;\">A diretora do Centro Educacional Sebasti\u00e3o de Sousa, Maria Auxiliadora, enfatizou o tamanho da conquista e avaliou o pr\u00eamio para o col\u00e9gio.\u00a0<em>\u201c<\/em>O CESS sempre se destacou na realiza\u00e7\u00e3o de muitos projetos internos, mas desej\u00e1vamos um reconhecimento a n\u00edvel estadual e nacional, e, sempre participando dos concursos nacionais, batalh\u00e1vamos por isso. A conquista da aluna Yasmin, muito bem orientada pela professora Janeide, foi sem d\u00favida um momento \u00edmpar que ficar\u00e1 na hist\u00f3ria de nossa escola. Representar nacionalmente o nosso estado como primeira colocada do Piau\u00ed no concurso Jovem Senador promovido pelo senado nacional \u00e9 uma honraria de muito valor para n\u00f3s que fazemos essa escola. Toda a equipe gestora bem como docentes e discentes vibraram com isso,\u201d salientou Auxiliadora.<\/p>\n<p style=\"text-align: justify;\"><img loading=\"lazy\" decoding=\"async\" class=\"alignnone size-full wp-image-12289\" src=\"http:\/\/portalnpm.com\/wp-content\/uploads\/2019\/10\/08-39-06-DSC_0408.jpg\" alt=\"\" width=\"1024\" height=\"683\" \/><\/p>\n<p style=\"text-align: justify;\">O Prefeito de Bel\u00e9m, Ademar Carvalho, tamb\u00e9m falou sobre a conquista para o munic\u00edpio. \u201c\u00c9 uma grande conquista para nosso munic\u00edpio, \u00e9 a comprova\u00e7\u00e3o que o trabalho voltado para a educa\u00e7\u00e3o traz sim grandes resultados. Nossa cidade vem evoluindo de forma constante nesta \u00e1rea, o que nos deixa muito feliz, e esse pr\u00eamio conquistado pela estudante Yasmim coloca Bel\u00e9m em um lugar bastante ambicionado, que \u00e9 representar nacionalmente o estado piauiense. Quero aqui agradecer a todos que colaboram para essa grande vit\u00f3ria\u201d. Disse Ademar.<\/p>\n<p style=\"text-align: justify;\"><img loading=\"lazy\" decoding=\"async\" class=\"alignnone size-full wp-image-12291\" src=\"http:\/\/portalnpm.com\/wp-content\/uploads\/2019\/10\/08-40-48-DSC_0035-2.jpg\" alt=\"\" width=\"800\" height=\"533\" \/><\/p>\n<p style=\"text-align: justify;\"><strong>Jovem Senador<\/strong><\/p>\n<p style=\"text-align: justify;\">O Jovem Senador \u00e9 um projeto anual que seleciona, por meio de um concurso de reda\u00e7\u00e3o, 27 estudantes do ensino m\u00e9dio de escolas p\u00fablicas estaduais, com idade at\u00e9 19 anos, para vivenciarem o trabalho dos senadores em Bras\u00edlia.<\/p>\n<p style=\"text-align: justify;\"><img loading=\"lazy\" decoding=\"async\" class=\"alignnone size-full wp-image-12292\" src=\"http:\/\/portalnpm.com\/wp-content\/uploads\/2019\/10\/08-41-56-D2D8F048-D112-49E0-A5E3-4840DC9984DF.png\" alt=\"\" width=\"700\" height=\"464\" \/><\/p>\n<p style=\"text-align: justify;\">O programa \u00e9 realizado pela Secretaria de Rela\u00e7\u00f5es P\u00fablicas, Publicidade e Marketing, da Secretaria-Geral da Mesa (SGM) e das Consultorias Legislativa e de Or\u00e7amento, com apoio da Diretoria-Geral.<\/p>\n<p style=\"text-align: justify;\"><strong>Fonte: InfoNewss<\/strong><\/p>\n","protected":false},"excerpt":{"rendered":"<p>A jovem Yasmin de Carvalho Leal de 16 anos, que cursa o 2\u00b0 Ano do Ensino M\u00e9dio na Escola Estadual Centro Educacional Sebasti\u00e3o de Sousa, do munic\u00edpio de Bel\u00e9m do Piau\u00ed, foi a vencedora a etapa estadual do Concurso de Reda\u00e7\u00e3o do Senado Federal Jovem Senador. O tema da reda\u00e7\u00e3o este ano foi\u00a0\u201cCidad\u00e3o que acompanha &hellip;<\/p>\n","protected":false},"author":3,"featured_media":12293,"comment_status":"open","ping_status":"open","sticky":false,"template":"","format":"standard","meta":{"content-type":"","rop_custom_images_group":[],"rop_custom_messages_group":[],"rop_publish_now":"initial","rop_publish_now_accounts":{"facebook_2648258775420054_1618374048415101":""},"rop_publish_now_history":[],"rop_publish_now_status":"pending","footnotes":"","_jetpack_memberships_contains_paid_content":false},"categories":[106,113,109],"tags":[2910,606,3420],"yoast_head":"<!-- This site is optimized with the Yoast SEO plugin v22.3 - https:\/\/yoast.com\/wordpress\/plugins\/seo\/ -->\n<title>Estudante de Bel\u00e9m do Piau\u00ed vence etapa estadual do concurso Jovem Senador - Portal NPM<\/title>\n<meta name=\"robots\" content=\"index, follow, max-snippet:-1, max-image-preview:large, max-video-preview:-1\" \/>\n<link rel=\"canonical\" href=\"https:\/\/portalnpm.com\/index.php\/2019\/10\/08\/estudante-de-belem-do-piaui-vence-etapa-estadual-do-concurso-jovem-senador\/\" \/>\n<meta property=\"og:locale\" content=\"pt_BR\" \/>\n<meta property=\"og:type\" content=\"article\" \/>\n<meta property=\"og:title\" content=\"Estudante de Bel\u00e9m do Piau\u00ed vence etapa estadual do concurso Jovem Senador - Portal NPM\" \/>\n<meta property=\"og:description\" content=\"A jovem Yasmin de Carvalho Leal de 16 anos, que cursa o 2\u00b0 Ano do Ensino M\u00e9dio na Escola Estadual Centro Educacional Sebasti\u00e3o de Sousa, do munic\u00edpio de Bel\u00e9m do Piau\u00ed, foi a vencedora a etapa estadual do Concurso de Reda\u00e7\u00e3o do Senado Federal Jovem Senador. O tema da reda\u00e7\u00e3o este ano foi\u00a0\u201cCidad\u00e3o que acompanha &hellip;\" \/>\n<meta property=\"og:url\" content=\"https:\/\/portalnpm.com\/index.php\/2019\/10\/08\/estudante-de-belem-do-piaui-vence-etapa-estadual-do-concurso-jovem-senador\/\" \/>\n<meta property=\"og:site_name\" content=\"Portal NPM\" \/>\n<meta property=\"article:published_time\" content=\"2019-10-08T12:43:58+00:00\" \/>\n<meta name=\"author\" content=\"Luis Alberto\" \/>\n<meta name=\"twitter:card\" content=\"summary_large_image\" \/>\n<meta name=\"twitter:label1\" content=\"Escrito por\" \/>\n\t<meta name=\"twitter:data1\" content=\"Luis Alberto\" \/>\n\t<meta name=\"twitter:label2\" content=\"Est. tempo de leitura\" \/>\n\t<meta name=\"twitter:data2\" content=\"3 minutos\" \/>\n<script type=\"application\/ld+json\" class=\"yoast-schema-graph\">{\"@context\":\"https:\/\/schema.org\",\"@graph\":[{\"@type\":\"WebPage\",\"@id\":\"https:\/\/portalnpm.com\/index.php\/2019\/10\/08\/estudante-de-belem-do-piaui-vence-etapa-estadual-do-concurso-jovem-senador\/\",\"url\":\"https:\/\/portalnpm.com\/index.php\/2019\/10\/08\/estudante-de-belem-do-piaui-vence-etapa-estadual-do-concurso-jovem-senador\/\",\"name\":\"Estudante de Bel\u00e9m do Piau\u00ed vence etapa estadual do concurso Jovem Senador - Portal NPM\",\"isPartOf\":{\"@id\":\"https:\/\/portalnpm.com\/#website\"},\"primaryImageOfPage\":{\"@id\":\"https:\/\/portalnpm.com\/index.php\/2019\/10\/08\/estudante-de-belem-do-piaui-vence-etapa-estadual-do-concurso-jovem-senador\/#primaryimage\"},\"image\":{\"@id\":\"https:\/\/portalnpm.com\/index.php\/2019\/10\/08\/estudante-de-belem-do-piaui-vence-etapa-estadual-do-concurso-jovem-senador\/#primaryimage\"},\"thumbnailUrl\":\"\",\"datePublished\":\"2019-10-08T12:43:58+00:00\",\"dateModified\":\"2019-10-08T12:43:58+00:00\",\"author\":{\"@id\":\"https:\/\/portalnpm.com\/#\/schema\/person\/5c8006acdf71774cd4e7a5ab98482152\"},\"breadcrumb\":{\"@id\":\"https:\/\/portalnpm.com\/index.php\/2019\/10\/08\/estudante-de-belem-do-piaui-vence-etapa-estadual-do-concurso-jovem-senador\/#breadcrumb\"},\"inLanguage\":\"pt-BR\",\"potentialAction\":[{\"@type\":\"ReadAction\",\"target\":[\"https:\/\/portalnpm.com\/index.php\/2019\/10\/08\/estudante-de-belem-do-piaui-vence-etapa-estadual-do-concurso-jovem-senador\/\"]}]},{\"@type\":\"ImageObject\",\"inLanguage\":\"pt-BR\",\"@id\":\"https:\/\/portalnpm.com\/index.php\/2019\/10\/08\/estudante-de-belem-do-piaui-vence-etapa-estadual-do-concurso-jovem-senador\/#primaryimage\",\"url\":\"\",\"contentUrl\":\"\"},{\"@type\":\"BreadcrumbList\",\"@id\":\"https:\/\/portalnpm.com\/index.php\/2019\/10\/08\/estudante-de-belem-do-piaui-vence-etapa-estadual-do-concurso-jovem-senador\/#breadcrumb\",\"itemListElement\":[{\"@type\":\"ListItem\",\"position\":1,\"name\":\"In\u00edcio\",\"item\":\"https:\/\/portalnpm.com\/\"},{\"@type\":\"ListItem\",\"position\":2,\"name\":\"Estudante de Bel\u00e9m do Piau\u00ed vence etapa estadual do concurso Jovem Senador\"}]},{\"@type\":\"WebSite\",\"@id\":\"https:\/\/portalnpm.com\/#website\",\"url\":\"https:\/\/portalnpm.com\/\",\"name\":\"Portal NPM\",\"description\":\"Not\u00edcias em Primeira M\u00e3o\",\"potentialAction\":[{\"@type\":\"SearchAction\",\"target\":{\"@type\":\"EntryPoint\",\"urlTemplate\":\"https:\/\/portalnpm.com\/?s={search_term_string}\"},\"query-input\":\"required name=search_term_string\"}],\"inLanguage\":\"pt-BR\"},{\"@type\":\"Person\",\"@id\":\"https:\/\/portalnpm.com\/#\/schema\/person\/5c8006acdf71774cd4e7a5ab98482152\",\"name\":\"Luis Alberto\",\"image\":{\"@type\":\"ImageObject\",\"inLanguage\":\"pt-BR\",\"@id\":\"https:\/\/portalnpm.com\/#\/schema\/person\/image\/\",\"url\":\"https:\/\/portalnpm.com\/wp-content\/uploads\/2024\/12\/avatar_user_3_1734699769-96x96.jpeg\",\"contentUrl\":\"https:\/\/portalnpm.com\/wp-content\/uploads\/2024\/12\/avatar_user_3_1734699769-96x96.jpeg\",\"caption\":\"Luis Alberto\"},\"description\":\"Editor-geral do Portal NPM, \u00e9 formado como T\u00e9cnico em Seguran\u00e7a do Trabalho pela Escola Metropolitana de Cursos T\u00e9cnicos. Det\u00e9m ainda licenciatura em Educa\u00e7\u00e3o F\u00edsica e bacharelado em Ci\u00eancias Pol\u00edticas, ambos obtidos pela institui\u00e7\u00e3o Anhanguera\/UNOPAR.\",\"url\":\"https:\/\/portalnpm.com\/index.php\/author\/pereira\/\"}]}<\/script>\n<!-- \/ Yoast SEO plugin. -->","yoast_head_json":{"title":"Estudante de Bel\u00e9m do Piau\u00ed vence etapa estadual do concurso Jovem Senador - Portal NPM","robots":{"index":"index","follow":"follow","max-snippet":"max-snippet:-1","max-image-preview":"max-image-preview:large","max-video-preview":"max-video-preview:-1"},"canonical":"https:\/\/portalnpm.com\/index.php\/2019\/10\/08\/estudante-de-belem-do-piaui-vence-etapa-estadual-do-concurso-jovem-senador\/","og_locale":"pt_BR","og_type":"article","og_title":"Estudante de Bel\u00e9m do Piau\u00ed vence etapa estadual do concurso Jovem Senador - Portal NPM","og_description":"A jovem Yasmin de Carvalho Leal de 16 anos, que cursa o 2\u00b0 Ano do Ensino M\u00e9dio na Escola Estadual Centro Educacional Sebasti\u00e3o de Sousa, do munic\u00edpio de Bel\u00e9m do Piau\u00ed, foi a vencedora a etapa estadual do Concurso de Reda\u00e7\u00e3o do Senado Federal Jovem Senador. O tema da reda\u00e7\u00e3o este ano foi\u00a0\u201cCidad\u00e3o que acompanha &hellip;","og_url":"https:\/\/portalnpm.com\/index.php\/2019\/10\/08\/estudante-de-belem-do-piaui-vence-etapa-estadual-do-concurso-jovem-senador\/","og_site_name":"Portal NPM","article_published_time":"2019-10-08T12:43:58+00:00","author":"Luis Alberto","twitter_card":"summary_large_image","twitter_misc":{"Escrito por":"Luis Alberto","Est. tempo de leitura":"3 minutos"},"schema":{"@context":"https:\/\/schema.org","@graph":[{"@type":"WebPage","@id":"https:\/\/portalnpm.com\/index.php\/2019\/10\/08\/estudante-de-belem-do-piaui-vence-etapa-estadual-do-concurso-jovem-senador\/","url":"https:\/\/portalnpm.com\/index.php\/2019\/10\/08\/estudante-de-belem-do-piaui-vence-etapa-estadual-do-concurso-jovem-senador\/","name":"Estudante de Bel\u00e9m do Piau\u00ed vence etapa estadual do concurso Jovem Senador - Portal NPM","isPartOf":{"@id":"https:\/\/portalnpm.com\/#website"},"primaryImageOfPage":{"@id":"https:\/\/portalnpm.com\/index.php\/2019\/10\/08\/estudante-de-belem-do-piaui-vence-etapa-estadual-do-concurso-jovem-senador\/#primaryimage"},"image":{"@id":"https:\/\/portalnpm.com\/index.php\/2019\/10\/08\/estudante-de-belem-do-piaui-vence-etapa-estadual-do-concurso-jovem-senador\/#primaryimage"},"thumbnailUrl":"","datePublished":"2019-10-08T12:43:58+00:00","dateModified":"2019-10-08T12:43:58+00:00","author":{"@id":"https:\/\/portalnpm.com\/#\/schema\/person\/5c8006acdf71774cd4e7a5ab98482152"},"breadcrumb":{"@id":"https:\/\/portalnpm.com\/index.php\/2019\/10\/08\/estudante-de-belem-do-piaui-vence-etapa-estadual-do-concurso-jovem-senador\/#breadcrumb"},"inLanguage":"pt-BR","potentialAction":[{"@type":"ReadAction","target":["https:\/\/portalnpm.com\/index.php\/2019\/10\/08\/estudante-de-belem-do-piaui-vence-etapa-estadual-do-concurso-jovem-senador\/"]}]},{"@type":"ImageObject","inLanguage":"pt-BR","@id":"https:\/\/portalnpm.com\/index.php\/2019\/10\/08\/estudante-de-belem-do-piaui-vence-etapa-estadual-do-concurso-jovem-senador\/#primaryimage","url":"","contentUrl":""},{"@type":"BreadcrumbList","@id":"https:\/\/portalnpm.com\/index.php\/2019\/10\/08\/estudante-de-belem-do-piaui-vence-etapa-estadual-do-concurso-jovem-senador\/#breadcrumb","itemListElement":[{"@type":"ListItem","position":1,"name":"In\u00edcio","item":"https:\/\/portalnpm.com\/"},{"@type":"ListItem","position":2,"name":"Estudante de Bel\u00e9m do Piau\u00ed vence etapa estadual do concurso Jovem Senador"}]},{"@type":"WebSite","@id":"https:\/\/portalnpm.com\/#website","url":"https:\/\/portalnpm.com\/","name":"Portal NPM","description":"Not\u00edcias em Primeira M\u00e3o","potentialAction":[{"@type":"SearchAction","target":{"@type":"EntryPoint","urlTemplate":"https:\/\/portalnpm.com\/?s={search_term_string}"},"query-input":"required name=search_term_string"}],"inLanguage":"pt-BR"},{"@type":"Person","@id":"https:\/\/portalnpm.com\/#\/schema\/person\/5c8006acdf71774cd4e7a5ab98482152","name":"Luis Alberto","image":{"@type":"ImageObject","inLanguage":"pt-BR","@id":"https:\/\/portalnpm.com\/#\/schema\/person\/image\/","url":"https:\/\/portalnpm.com\/wp-content\/uploads\/2024\/12\/avatar_user_3_1734699769-96x96.jpeg","contentUrl":"https:\/\/portalnpm.com\/wp-content\/uploads\/2024\/12\/avatar_user_3_1734699769-96x96.jpeg","caption":"Luis Alberto"},"description":"Editor-geral do Portal NPM, \u00e9 formado como T\u00e9cnico em Seguran\u00e7a do Trabalho pela Escola Metropolitana de Cursos T\u00e9cnicos. Det\u00e9m ainda licenciatura em Educa\u00e7\u00e3o F\u00edsica e bacharelado em Ci\u00eancias Pol\u00edticas, ambos obtidos pela institui\u00e7\u00e3o Anhanguera\/UNOPAR.","url":"https:\/\/portalnpm.com\/index.php\/author\/pereira\/"}]}},"jetpack_sharing_enabled":true,"jetpack_featured_media_url":"","_links":{"self":[{"href":"https:\/\/portalnpm.com\/index.php\/wp-json\/wp\/v2\/posts\/12285"}],"collection":[{"href":"https:\/\/portalnpm.com\/index.php\/wp-json\/wp\/v2\/posts"}],"about":[{"href":"https:\/\/portalnpm.com\/index.php\/wp-json\/wp\/v2\/types\/post"}],"author":[{"embeddable":true,"href":"https:\/\/portalnpm.com\/index.php\/wp-json\/wp\/v2\/users\/3"}],"replies":[{"embeddable":true,"href":"https:\/\/portalnpm.com\/index.php\/wp-json\/wp\/v2\/comments?post=12285"}],"version-history":[{"count":0,"href":"https:\/\/portalnpm.com\/index.php\/wp-json\/wp\/v2\/posts\/12285\/revisions"}],"wp:featuredmedia":[{"embeddable":true,"href":"https:\/\/portalnpm.com\/index.php\/wp-json\/"}],"wp:attachment":[{"href":"https:\/\/portalnpm.com\/index.php\/wp-json\/wp\/v2\/media?parent=12285"}],"wp:term":[{"taxonomy":"category","embeddable":true,"href":"https:\/\/portalnpm.com\/index.php\/wp-json\/wp\/v2\/categories?post=12285"},{"taxonomy":"post_tag","embeddable":true,"href":"https:\/\/portalnpm.com\/index.php\/wp-json\/wp\/v2\/tags?post=12285"}],"curies":[{"name":"wp","href":"https:\/\/api.w.org\/{rel}","templated":true}]}}