{"id":12323,"date":"2019-10-09T13:56:47","date_gmt":"2019-10-09T16:56:47","guid":{"rendered":"http:\/\/srv.portalnpm.com.br\/?p=12323"},"modified":"2019-10-09T13:56:47","modified_gmt":"2019-10-09T16:56:47","slug":"francisco-santos-de-luto-morre-aos-58-anos-o-vereador-ze-albino","status":"publish","type":"post","link":"https:\/\/portalnpm.com\/index.php\/2019\/10\/09\/francisco-santos-de-luto-morre-aos-58-anos-o-vereador-ze-albino\/","title":{"rendered":"Francisco Santos de luto: morre aos 58 anos o vereador Z\u00e9 Albino"},"content":{"rendered":"<p style=\"text-align: justify;\">O munic\u00edpio de Francisco Santos \u2013 PI est\u00e1 de luto. Morreu nesta manh\u00e3 de quarta-feira, 09 de outubro, o agricultor Jos\u00e9 Francisco de Brito, conhecido por todos como Vereador Z\u00e9 Albino.<\/p>\n<p>&nbsp;<\/p>\n<p style=\"text-align: justify;\">Segundo informa\u00e7\u00f5es repassadas ao <em><strong>Portal \u00c9 Not\u00edcias<\/strong><\/em>, as causas da morte do agricultor pode ter sido um infarto decorrente de complica\u00e7\u00f5es com o diabetes.<\/p>\n<p style=\"text-align: justify;\"><strong>Sobre Z\u00e9 Albino<\/strong><\/p>\n<p style=\"text-align: justify;\">Jos\u00e9 Francisco de Brito, o Z\u00e9 Albino, era filiado ao PP e exerceu o cargo de vereador por diversas vezes em Francisco Santos \u2013 PI. Em 2016 ele eleito com 488 votos ocupando a 8\u00aa coloca\u00e7\u00e3o geral. Casado, ele deixa esposa e quatro filhos.<\/p>\n<p><strong>Fonte<\/strong>: Portal \u00c9 Not\u00edcias<\/p>\n","protected":false},"excerpt":{"rendered":"<p>O munic\u00edpio de Francisco Santos \u2013 PI est\u00e1 de luto. Morreu nesta manh\u00e3 de quarta-feira, 09 de outubro, o agricultor Jos\u00e9 Francisco de Brito, conhecido por todos como Vereador Z\u00e9 Albino. &nbsp; Segundo informa\u00e7\u00f5es repassadas ao Portal \u00c9 Not\u00edcias, as causas da morte do agricultor pode ter sido um infarto decorrente de complica\u00e7\u00f5es com o &hellip;<\/p>\n","protected":false},"author":8,"featured_media":12324,"comment_status":"open","ping_status":"open","sticky":false,"template":"","format":"standard","meta":{"content-type":"","rop_custom_images_group":[],"rop_custom_messages_group":[],"rop_publish_now":"initial","rop_publish_now_accounts":{"facebook_2648258775420054_1618374048415101":""},"rop_publish_now_history":[],"rop_publish_now_status":"pending","footnotes":"","_jetpack_memberships_contains_paid_content":false},"categories":[2891],"tags":[2396,717,132,194],"yoast_head":"<!-- This site is optimized with the Yoast SEO plugin v22.3 - https:\/\/yoast.com\/wordpress\/plugins\/seo\/ -->\n<title>Francisco Santos de luto: morre aos 58 anos o vereador Z\u00e9 Albino - Portal NPM<\/title>\n<meta name=\"robots\" content=\"index, follow, max-snippet:-1, max-image-preview:large, max-video-preview:-1\" \/>\n<link rel=\"canonical\" href=\"https:\/\/portalnpm.com\/index.php\/2019\/10\/09\/francisco-santos-de-luto-morre-aos-58-anos-o-vereador-ze-albino\/\" \/>\n<meta property=\"og:locale\" content=\"pt_BR\" \/>\n<meta property=\"og:type\" content=\"article\" \/>\n<meta property=\"og:title\" content=\"Francisco Santos de luto: morre aos 58 anos o vereador Z\u00e9 Albino - Portal NPM\" \/>\n<meta property=\"og:description\" content=\"O munic\u00edpio de Francisco Santos \u2013 PI est\u00e1 de luto. Morreu nesta manh\u00e3 de quarta-feira, 09 de outubro, o agricultor Jos\u00e9 Francisco de Brito, conhecido por todos como Vereador Z\u00e9 Albino. &nbsp; Segundo informa\u00e7\u00f5es repassadas ao Portal \u00c9 Not\u00edcias, as causas da morte do agricultor pode ter sido um infarto decorrente de complica\u00e7\u00f5es com o &hellip;\" \/>\n<meta property=\"og:url\" content=\"https:\/\/portalnpm.com\/index.php\/2019\/10\/09\/francisco-santos-de-luto-morre-aos-58-anos-o-vereador-ze-albino\/\" \/>\n<meta property=\"og:site_name\" content=\"Portal NPM\" \/>\n<meta property=\"article:published_time\" content=\"2019-10-09T16:56:47+00:00\" \/>\n<meta name=\"author\" content=\"Zenilton Lima\" \/>\n<meta name=\"twitter:card\" content=\"summary_large_image\" \/>\n<meta name=\"twitter:label1\" content=\"Escrito por\" \/>\n\t<meta name=\"twitter:data1\" content=\"Zenilton Lima\" \/>\n\t<meta name=\"twitter:label2\" content=\"Est. tempo de leitura\" \/>\n\t<meta name=\"twitter:data2\" content=\"1 minuto\" \/>\n<script type=\"application\/ld+json\" class=\"yoast-schema-graph\">{\"@context\":\"https:\/\/schema.org\",\"@graph\":[{\"@type\":\"WebPage\",\"@id\":\"https:\/\/portalnpm.com\/index.php\/2019\/10\/09\/francisco-santos-de-luto-morre-aos-58-anos-o-vereador-ze-albino\/\",\"url\":\"https:\/\/portalnpm.com\/index.php\/2019\/10\/09\/francisco-santos-de-luto-morre-aos-58-anos-o-vereador-ze-albino\/\",\"name\":\"Francisco Santos de luto: morre aos 58 anos o vereador Z\u00e9 Albino - Portal NPM\",\"isPartOf\":{\"@id\":\"https:\/\/portalnpm.com\/#website\"},\"primaryImageOfPage\":{\"@id\":\"https:\/\/portalnpm.com\/index.php\/2019\/10\/09\/francisco-santos-de-luto-morre-aos-58-anos-o-vereador-ze-albino\/#primaryimage\"},\"image\":{\"@id\":\"https:\/\/portalnpm.com\/index.php\/2019\/10\/09\/francisco-santos-de-luto-morre-aos-58-anos-o-vereador-ze-albino\/#primaryimage\"},\"thumbnailUrl\":\"\",\"datePublished\":\"2019-10-09T16:56:47+00:00\",\"dateModified\":\"2019-10-09T16:56:47+00:00\",\"author\":{\"@id\":\"https:\/\/portalnpm.com\/#\/schema\/person\/35cb55186eae3f074b6783da6d35591e\"},\"breadcrumb\":{\"@id\":\"https:\/\/portalnpm.com\/index.php\/2019\/10\/09\/francisco-santos-de-luto-morre-aos-58-anos-o-vereador-ze-albino\/#breadcrumb\"},\"inLanguage\":\"pt-BR\",\"potentialAction\":[{\"@type\":\"ReadAction\",\"target\":[\"https:\/\/portalnpm.com\/index.php\/2019\/10\/09\/francisco-santos-de-luto-morre-aos-58-anos-o-vereador-ze-albino\/\"]}]},{\"@type\":\"ImageObject\",\"inLanguage\":\"pt-BR\",\"@id\":\"https:\/\/portalnpm.com\/index.php\/2019\/10\/09\/francisco-santos-de-luto-morre-aos-58-anos-o-vereador-ze-albino\/#primaryimage\",\"url\":\"\",\"contentUrl\":\"\"},{\"@type\":\"BreadcrumbList\",\"@id\":\"https:\/\/portalnpm.com\/index.php\/2019\/10\/09\/francisco-santos-de-luto-morre-aos-58-anos-o-vereador-ze-albino\/#breadcrumb\",\"itemListElement\":[{\"@type\":\"ListItem\",\"position\":1,\"name\":\"In\u00edcio\",\"item\":\"https:\/\/portalnpm.com\/\"},{\"@type\":\"ListItem\",\"position\":2,\"name\":\"Francisco Santos de luto: morre aos 58 anos o vereador Z\u00e9 Albino\"}]},{\"@type\":\"WebSite\",\"@id\":\"https:\/\/portalnpm.com\/#website\",\"url\":\"https:\/\/portalnpm.com\/\",\"name\":\"Portal NPM\",\"description\":\"Not\u00edcias em Primeira M\u00e3o\",\"potentialAction\":[{\"@type\":\"SearchAction\",\"target\":{\"@type\":\"EntryPoint\",\"urlTemplate\":\"https:\/\/portalnpm.com\/?s={search_term_string}\"},\"query-input\":\"required name=search_term_string\"}],\"inLanguage\":\"pt-BR\"},{\"@type\":\"Person\",\"@id\":\"https:\/\/portalnpm.com\/#\/schema\/person\/35cb55186eae3f074b6783da6d35591e\",\"name\":\"Zenilton Lima\",\"image\":{\"@type\":\"ImageObject\",\"inLanguage\":\"pt-BR\",\"@id\":\"https:\/\/portalnpm.com\/#\/schema\/person\/image\/\",\"url\":\"https:\/\/portalnpm.com\/wp-content\/uploads\/2024\/12\/avatar_user_8_1733658137-96x96.jpeg\",\"contentUrl\":\"https:\/\/portalnpm.com\/wp-content\/uploads\/2024\/12\/avatar_user_8_1733658137-96x96.jpeg\",\"caption\":\"Zenilton Lima\"},\"url\":\"https:\/\/portalnpm.com\/index.php\/author\/zenilton\/\"}]}<\/script>\n<!-- \/ Yoast SEO plugin. -->","yoast_head_json":{"title":"Francisco Santos de luto: morre aos 58 anos o vereador Z\u00e9 Albino - Portal NPM","robots":{"index":"index","follow":"follow","max-snippet":"max-snippet:-1","max-image-preview":"max-image-preview:large","max-video-preview":"max-video-preview:-1"},"canonical":"https:\/\/portalnpm.com\/index.php\/2019\/10\/09\/francisco-santos-de-luto-morre-aos-58-anos-o-vereador-ze-albino\/","og_locale":"pt_BR","og_type":"article","og_title":"Francisco Santos de luto: morre aos 58 anos o vereador Z\u00e9 Albino - Portal NPM","og_description":"O munic\u00edpio de Francisco Santos \u2013 PI est\u00e1 de luto. Morreu nesta manh\u00e3 de quarta-feira, 09 de outubro, o agricultor Jos\u00e9 Francisco de Brito, conhecido por todos como Vereador Z\u00e9 Albino. &nbsp; Segundo informa\u00e7\u00f5es repassadas ao Portal \u00c9 Not\u00edcias, as causas da morte do agricultor pode ter sido um infarto decorrente de complica\u00e7\u00f5es com o &hellip;","og_url":"https:\/\/portalnpm.com\/index.php\/2019\/10\/09\/francisco-santos-de-luto-morre-aos-58-anos-o-vereador-ze-albino\/","og_site_name":"Portal NPM","article_published_time":"2019-10-09T16:56:47+00:00","author":"Zenilton Lima","twitter_card":"summary_large_image","twitter_misc":{"Escrito por":"Zenilton Lima","Est. tempo de leitura":"1 minuto"},"schema":{"@context":"https:\/\/schema.org","@graph":[{"@type":"WebPage","@id":"https:\/\/portalnpm.com\/index.php\/2019\/10\/09\/francisco-santos-de-luto-morre-aos-58-anos-o-vereador-ze-albino\/","url":"https:\/\/portalnpm.com\/index.php\/2019\/10\/09\/francisco-santos-de-luto-morre-aos-58-anos-o-vereador-ze-albino\/","name":"Francisco Santos de luto: morre aos 58 anos o vereador Z\u00e9 Albino - Portal NPM","isPartOf":{"@id":"https:\/\/portalnpm.com\/#website"},"primaryImageOfPage":{"@id":"https:\/\/portalnpm.com\/index.php\/2019\/10\/09\/francisco-santos-de-luto-morre-aos-58-anos-o-vereador-ze-albino\/#primaryimage"},"image":{"@id":"https:\/\/portalnpm.com\/index.php\/2019\/10\/09\/francisco-santos-de-luto-morre-aos-58-anos-o-vereador-ze-albino\/#primaryimage"},"thumbnailUrl":"","datePublished":"2019-10-09T16:56:47+00:00","dateModified":"2019-10-09T16:56:47+00:00","author":{"@id":"https:\/\/portalnpm.com\/#\/schema\/person\/35cb55186eae3f074b6783da6d35591e"},"breadcrumb":{"@id":"https:\/\/portalnpm.com\/index.php\/2019\/10\/09\/francisco-santos-de-luto-morre-aos-58-anos-o-vereador-ze-albino\/#breadcrumb"},"inLanguage":"pt-BR","potentialAction":[{"@type":"ReadAction","target":["https:\/\/portalnpm.com\/index.php\/2019\/10\/09\/francisco-santos-de-luto-morre-aos-58-anos-o-vereador-ze-albino\/"]}]},{"@type":"ImageObject","inLanguage":"pt-BR","@id":"https:\/\/portalnpm.com\/index.php\/2019\/10\/09\/francisco-santos-de-luto-morre-aos-58-anos-o-vereador-ze-albino\/#primaryimage","url":"","contentUrl":""},{"@type":"BreadcrumbList","@id":"https:\/\/portalnpm.com\/index.php\/2019\/10\/09\/francisco-santos-de-luto-morre-aos-58-anos-o-vereador-ze-albino\/#breadcrumb","itemListElement":[{"@type":"ListItem","position":1,"name":"In\u00edcio","item":"https:\/\/portalnpm.com\/"},{"@type":"ListItem","position":2,"name":"Francisco Santos de luto: morre aos 58 anos o vereador Z\u00e9 Albino"}]},{"@type":"WebSite","@id":"https:\/\/portalnpm.com\/#website","url":"https:\/\/portalnpm.com\/","name":"Portal NPM","description":"Not\u00edcias em Primeira M\u00e3o","potentialAction":[{"@type":"SearchAction","target":{"@type":"EntryPoint","urlTemplate":"https:\/\/portalnpm.com\/?s={search_term_string}"},"query-input":"required name=search_term_string"}],"inLanguage":"pt-BR"},{"@type":"Person","@id":"https:\/\/portalnpm.com\/#\/schema\/person\/35cb55186eae3f074b6783da6d35591e","name":"Zenilton Lima","image":{"@type":"ImageObject","inLanguage":"pt-BR","@id":"https:\/\/portalnpm.com\/#\/schema\/person\/image\/","url":"https:\/\/portalnpm.com\/wp-content\/uploads\/2024\/12\/avatar_user_8_1733658137-96x96.jpeg","contentUrl":"https:\/\/portalnpm.com\/wp-content\/uploads\/2024\/12\/avatar_user_8_1733658137-96x96.jpeg","caption":"Zenilton Lima"},"url":"https:\/\/portalnpm.com\/index.php\/author\/zenilton\/"}]}},"jetpack_sharing_enabled":true,"jetpack_featured_media_url":"","_links":{"self":[{"href":"https:\/\/portalnpm.com\/index.php\/wp-json\/wp\/v2\/posts\/12323"}],"collection":[{"href":"https:\/\/portalnpm.com\/index.php\/wp-json\/wp\/v2\/posts"}],"about":[{"href":"https:\/\/portalnpm.com\/index.php\/wp-json\/wp\/v2\/types\/post"}],"author":[{"embeddable":true,"href":"https:\/\/portalnpm.com\/index.php\/wp-json\/wp\/v2\/users\/8"}],"replies":[{"embeddable":true,"href":"https:\/\/portalnpm.com\/index.php\/wp-json\/wp\/v2\/comments?post=12323"}],"version-history":[{"count":0,"href":"https:\/\/portalnpm.com\/index.php\/wp-json\/wp\/v2\/posts\/12323\/revisions"}],"wp:featuredmedia":[{"embeddable":true,"href":"https:\/\/portalnpm.com\/index.php\/wp-json\/"}],"wp:attachment":[{"href":"https:\/\/portalnpm.com\/index.php\/wp-json\/wp\/v2\/media?parent=12323"}],"wp:term":[{"taxonomy":"category","embeddable":true,"href":"https:\/\/portalnpm.com\/index.php\/wp-json\/wp\/v2\/categories?post=12323"},{"taxonomy":"post_tag","embeddable":true,"href":"https:\/\/portalnpm.com\/index.php\/wp-json\/wp\/v2\/tags?post=12323"}],"curies":[{"name":"wp","href":"https:\/\/api.w.org\/{rel}","templated":true}]}}