{"id":1262,"date":"2018-09-07T22:37:43","date_gmt":"2018-09-08T01:37:43","guid":{"rendered":"http:\/\/srv.portalnpm.com.br\/?p=1262"},"modified":"2018-09-07T22:37:43","modified_gmt":"2018-09-08T01:37:43","slug":"literatura-pedras-que-cantam-e-lancado-em-vila-nova-do-piaui-veja-fotos","status":"publish","type":"post","link":"https:\/\/portalnpm.com\/index.php\/2018\/09\/07\/literatura-pedras-que-cantam-e-lancado-em-vila-nova-do-piaui-veja-fotos\/","title":{"rendered":"Literatura: Pedras que Cantam \u00e9 lan\u00e7ado em Vila Nova do Piau\u00ed. Veja fotos!"},"content":{"rendered":"<p style=\"text-align: justify;\">Foi lan\u00e7ado na tarde desta quinta-feira, 06 de setembro, na U. E. Zacarias Manoel da Silva, no povoado S\u00e3o Jo\u00e3o Batista, no munic\u00edpio de Vila Nova do Piau\u00ed, o 3\u00ba livro de cr\u00f4nicas do professor Francisco de Assis Sousa,\u00a0<strong>Pedras que Cantam.<br \/>\n<\/strong><\/p>\n<div class=\"container-image image-full\" style=\"text-align: justify;\"><span class=\"image-credits\">Imagem: Cidades na Net<\/span><img decoding=\"async\" src=\"http:\/\/www.tvcanal13.com\/images\/prof-francisco-de-assis-sousa-apresenta-a-obra-ao-publico-350154.jpg\" alt=\"Prof. Francisco de Assis Sousa apresenta a obra ao p\u00fablico.(Imagem:Cidades na Net)\" \/><span class=\"image-legend\">Prof. Francisco de Assis Sousa apresenta a obra ao p\u00fablico.<\/span><\/div>\n<p style=\"text-align: justify;\">O evento foi idealizado e realizado pela Secretaria de Cultura do munic\u00edpio, dentro da programa\u00e7\u00e3o do 17\u00ba anivers\u00e1rio da Biblioteca P\u00fablica Municipal Patativa do Assar\u00e9, e da dire\u00e7\u00e3o da U. E. Zacarias Manoel da Silva.<\/p>\n<div class=\"container-image image-full\" style=\"text-align: justify;\"><span class=\"image-credits\">Imagem: Cidades na Net<\/span><img decoding=\"async\" src=\"http:\/\/www.tvcanal13.com\/images\/marli-veloso-secretaria-de-cultura-de-vila-nova-do-piaui-350150.jpg\" alt=\"Marli Veloso, secret\u00e1ria de Cultura de Vila Nova do Piau\u00ed(Imagem:Cidades na Net)\" \/><span class=\"image-legend\">Marli Veloso, secret\u00e1ria de Cultura de Vila Nova do Piau\u00ed<\/span><\/div>\n<p style=\"text-align: justify;\">A cerim\u00f4nia teve in\u00edcio com a fala da secret\u00e1ria de cultura, prof\u00aa Marli Veloso, que ressaltou a import\u00e2ncia da triade obra, leitor, autor, e que esse \u00e9 um grande momento. Falou tamb\u00e9m sobre a obra do prof. Francisco de Assis Sousa: &#8220;Com um olhar arguto, capta a beleza do seu entorno e a transforma ora em verso, ora em prosa, ora em fotografia&#8221;.<\/p>\n<div class=\"container-image image-full\" style=\"text-align: justify;\"><span class=\"image-credits\">Imagem: Cidades na Net<\/span><img decoding=\"async\" src=\"http:\/\/www.tvcanal13.com\/images\/profa-luzia-diretora-da-escola-350153.jpg\" alt=\"Prof\u00aa Luzia, diretora da Escola.(Imagem:Cidades na Net)\" \/><span class=\"image-legend\">Prof\u00aa Luzia, diretora da Escola.<\/span><\/div>\n<p style=\"text-align: justify;\">A diretora da escola, prof\u00aa Luzia Eremita, fez a leitura do pref\u00e1cio da obra, redigido pelo acad\u00eamico da APL, Homero Castelo Branco, enquanto a professora Francisca Leal discorreu sobre a trajet\u00f3ria, sobre os servi\u00e7os prestados pelo professor Francisco de Assis Sousa ao munic\u00edpio de Vila Nova do Piau\u00ed.<\/p>\n<div class=\"container-image image-full\" style=\"text-align: justify;\"><span class=\"image-credits\">Imagem: Cidades na Net<\/span><img decoding=\"async\" src=\"http:\/\/www.tvcanal13.com\/images\/com-o-livro-vila-nova-cidade-poesia-onde-tudo-comecou-350159.jpg\" alt=\"Com o livro Vila Nova - Cidade Poesia, onde tudo come\u00e7ou.(Imagem:Cidades na Net)\" \/><span class=\"image-legend\">Com o livro Vila Nova &#8211; Cidade Poesia, onde tudo come\u00e7ou.<\/span><\/div>\n<p style=\"text-align: justify;\">Na sequencia, uma breve biografia do autor foi lida pela professora Geov\u00e2nia de S\u00e1 Assis, esposa do escritor.<\/p>\n<div class=\"container-image image-full\" style=\"text-align: justify;\"><span class=\"image-credits\">Imagem: Cidades na Net<\/span><img decoding=\"async\" src=\"http:\/\/www.tvcanal13.com\/images\/profa-geovania-apresenta-a-biografia-do-autor-350156.jpg\" alt=\"Prof\u00aa Geov\u00e2nia apresenta a biografia do autor.(Imagem:Cidades na Net)\" \/><span class=\"image-legend\">Prof\u00aa Geov\u00e2nia apresenta a biografia do autor.<\/span><\/div>\n<p style=\"text-align: justify;\">Como amostra do que est\u00e1 contido no\u00a0<strong>Pedras que Cantam<\/strong>, estudantes do 6\u00ba ano da escola anfitri\u00e3 desse momento cultural, apresentaram a cr\u00f5nica\u00a0<strong>&#8220;\u00c9 poss\u00edvel acreditar no ser humano?&#8221;.<\/strong><\/p>\n<div class=\"container-image image-full\" style=\"text-align: justify;\"><span class=\"image-credits\">Imagem: Cidades na Net<\/span><img decoding=\"async\" src=\"http:\/\/www.tvcanal13.com\/images\/com-os-alunos-do-6o-ano-350158.jpg\" alt=\"Com os alunos do 6\u00ba ano.(Imagem:Cidades na Net)\" \/><span class=\"image-legend\">Com os alunos do 6\u00ba ano.<\/span><\/div>\n<p style=\"text-align: justify;\">Em sua participa\u00e7\u00e3o, o professor Francisco de Assis Sousa falou da alegria e notoriedade que \u00e9 vivenciar momentos como este diante de seus alunos, colegas de profiss\u00e3o e convidados. &#8220;Falar de leitura e literatura \u00e9 sempre muito prazeroso, ainda se torna ainda mais significativo por ser realizado na escola onde eu trabalho&#8221;.<\/p>\n<p>O professor tamb\u00e9m ressaltou sobre a import\u00e2ncia do trabalho da professora\u00a0<strong>Marli Veloso<\/strong>, no munic\u00edpio de Vila Nova do Piau\u00ed e rememorou o tempo em que tudo come\u00e7ou. Falou dos concursos de poesia, realizados nos tr\u00eas primeiros anos do s\u00e9culo XXI, e do projeto que culminou com o lan\u00e7amento da colet\u00e2nea\u00a0<strong>Vila Nova &#8211; Cidade Poesia,\u00a0<\/strong>no ano de 2003,<strong>\u00a0<\/strong>onde teve os seus primeiros poemas publicados<strong>,\u00a0<\/strong>e que,<strong>\u00a0<\/strong>a partir dali, um ciclo de incentivo a leitura e \u00e0 produ\u00e7\u00e3o liter\u00e1ria ganhou corpo e segue firme at\u00e9 hoje.<\/p>\n<div class=\"container-image image-full\" style=\"text-align: justify;\"><span class=\"image-credits\">Imagem: Cidades na Net<\/span><img decoding=\"async\" src=\"http:\/\/www.tvcanal13.com\/images\/publico-presente-ao-evento-350155.jpg\" alt=\"P\u00fablico presente ao evento.(Imagem:Cidades na Net)\" \/><span class=\"image-legend\">P\u00fablico presente ao evento.<\/span><\/div>\n<p style=\"text-align: justify;\">O professor Francisco de Assis Sousa falou tamb\u00e9m sobre o processo de produ\u00e7\u00e3o de seus textos e apresentou o\u00a0<strong>Pedras que Cantam.<\/p>\n<p>Veja fotos!<br \/>\n<\/strong><\/p>\n<div class=\"container-image image-full\" style=\"text-align: justify;\"><span class=\"image-credits\">Imagem: Cidades na Net<\/span><img decoding=\"async\" src=\"http:\/\/www.tvcanal13.com\/images\/o-evento-em-movimento-350157.jpg\" alt=\"O evento em movimento.(Imagem:Cidades na Net)\" \/><span class=\"image-legend\">O evento em movimento.<\/span><\/div>\n<div class=\"container-image image-full\" style=\"text-align: justify;\"><span class=\"image-credits\">Imagem: Cidades na Net<\/span><img decoding=\"async\" src=\"http:\/\/www.tvcanal13.com\/images\/com-a-professora-francisca-leal-350167.jpg\" alt=\"Com a professora Francisca Leal.(Imagem:Cidades na Net)\" \/><span class=\"image-legend\">Com a professora Francisca Leal.<\/span><\/div>\n<div class=\"container-image image-full\" style=\"text-align: justify;\"><span class=\"image-credits\">Imagem: Cidades na Net<\/span><img decoding=\"async\" src=\"http:\/\/www.tvcanal13.com\/images\/com-a-profa-socorrinha-350160.jpg\" alt=\"Com a prof\u00aa Socorrinha.(Imagem:Cidades na Net)\" \/><span class=\"image-legend\">Com a prof\u00aa Socorrinha.<\/span><\/div>\n<p style=\"text-align: justify;\">Imagem: Cidades na Net<\/p>\n<div class=\"container-image image-full\" style=\"text-align: justify;\"><img decoding=\"async\" src=\"http:\/\/www.tvcanal13.com\/images\/com-o-prof-gilmar-e-a-aluna-herica-350161.jpg\" alt=\"Com o prof. Gilmar e a aluna H\u00e9rica.(Imagem:Cidades na Net)\" \/><span class=\"image-legend\">Com o prof. Gilmar e a aluna H\u00e9rica.<\/span><\/div>\n<div class=\"container-image image-full\" style=\"text-align: justify;\"><span class=\"image-credits\">Imagem: Cidades na Net<\/span><img decoding=\"async\" src=\"http:\/\/www.tvcanal13.com\/images\/com-as-professoras-gisele-e-geovania-de-sa-assis-350162.jpg\" alt=\"Com as professoras Gisele e Geov\u00e2nia de S\u00e1 Assis.(Imagem:Cidades na Net)\" \/><span class=\"image-legend\">Com as professoras Gisele e Geov\u00e2nia de S\u00e1 Assis.<\/span><\/div>\n<div class=\"container-image image-full\" style=\"text-align: justify;\"><span class=\"image-credits\">Imagem: Cidades na Net<\/span><img decoding=\"async\" src=\"http:\/\/www.tvcanal13.com\/images\/com-hugo-leal-350163.jpg\" alt=\"Com Hugo Leal.(Imagem:Cidades na Net)\" \/><span class=\"image-legend\">Com Hugo Leal.<\/span><\/div>\n<div class=\"container-image image-full\" style=\"text-align: justify;\"><span class=\"image-credits\">Imagem: Cidades na Net<\/span><img decoding=\"async\" src=\"http:\/\/www.tvcanal13.com\/images\/com-o-prof-jose-sabino-de-lima-bidunga-350164.jpg\" alt=\"Com o prof. Jos\u00e9 Sabino de Lima (Bidunga)(Imagem:Cidades na Net)\" \/><span class=\"image-legend\">Com o prof. Jos\u00e9 Sabino de Lima (Bidunga)<\/span><\/div>\n<div class=\"container-image image-full\" style=\"text-align: justify;\"><span class=\"image-credits\">Imagem: Cidades na Net<\/span><img decoding=\"async\" src=\"http:\/\/www.tvcanal13.com\/images\/com-a-familia-zacarias-manoel-da-silva-350165.jpg\" alt=\"Com a fam\u00edlia Zacarias Manoel da Silva.(Imagem:Cidades na Net)\" \/><span class=\"image-legend\">Com a fam\u00edlia Zacarias Manoel da Silva.<\/span><\/div>\n<div class=\"container-image image-full\" style=\"text-align: justify;\"><span class=\"image-credits\">Imagem: Cidades na Net<\/span><img decoding=\"async\" src=\"http:\/\/www.tvcanal13.com\/images\/idem-350166.jpg\" alt=\"Idem(Imagem:Cidades na Net)\" \/><span class=\"image-legend\">Idem<\/span><\/div>\n<div class=\"container-image image-full\" style=\"text-align: justify;\"><span class=\"image-credits\">Imagem: Cidades na Net<\/span><img decoding=\"async\" src=\"http:\/\/www.tvcanal13.com\/images\/vista-da-u-e-zacarias-manoel-da-silva-no-pov-sao-joao-batista-350151.jpg\" alt=\"Vista da U. E. Zacarias Manoel da Silva, no pov. S\u00e3o Jo\u00e3o Batista.(Imagem:Cidades na Net)\" \/><span class=\"image-legend\">Vista da U. E. Zacarias Manoel da Silva, no pov. S\u00e3o Jo\u00e3o Batista.<\/span><\/div>\n<p style=\"text-align: justify;\"><b>Fonte:<\/b>\u00a0Prof. Francisco de Assis Sousa e Cidades na Net<\/p>\n","protected":false},"excerpt":{"rendered":"<p>Foi lan\u00e7ado na tarde desta quinta-feira, 06 de setembro, na U. E. Zacarias Manoel da Silva, no povoado S\u00e3o Jo\u00e3o Batista, no munic\u00edpio de Vila Nova do Piau\u00ed, o 3\u00ba livro de cr\u00f4nicas do professor Francisco de Assis Sousa,\u00a0Pedras que Cantam. Imagem: Cidades na NetProf. Francisco de Assis Sousa apresenta a obra ao p\u00fablico. O &hellip;<\/p>\n","protected":false},"author":3,"featured_media":1263,"comment_status":"open","ping_status":"open","sticky":false,"template":"","format":"standard","meta":{"content-type":"","rop_custom_images_group":[],"rop_custom_messages_group":[],"rop_publish_now":"initial","rop_publish_now_accounts":{"facebook_2648258775420054_1618374048415101":""},"rop_publish_now_history":[],"rop_publish_now_status":"pending","footnotes":"","_jetpack_memberships_contains_paid_content":false},"categories":[147,125,574],"tags":[704,734,575],"yoast_head":"<!-- This site is optimized with the Yoast SEO plugin v22.3 - https:\/\/yoast.com\/wordpress\/plugins\/seo\/ -->\n<title>Literatura: Pedras que Cantam \u00e9 lan\u00e7ado em Vila Nova do Piau\u00ed. Veja fotos! - Portal NPM<\/title>\n<meta name=\"robots\" content=\"index, follow, max-snippet:-1, max-image-preview:large, max-video-preview:-1\" \/>\n<link rel=\"canonical\" href=\"https:\/\/portalnpm.com\/index.php\/2018\/09\/07\/literatura-pedras-que-cantam-e-lancado-em-vila-nova-do-piaui-veja-fotos\/\" \/>\n<meta property=\"og:locale\" content=\"pt_BR\" \/>\n<meta property=\"og:type\" content=\"article\" \/>\n<meta property=\"og:title\" content=\"Literatura: Pedras que Cantam \u00e9 lan\u00e7ado em Vila Nova do Piau\u00ed. Veja fotos! - Portal NPM\" \/>\n<meta property=\"og:description\" content=\"Foi lan\u00e7ado na tarde desta quinta-feira, 06 de setembro, na U. E. Zacarias Manoel da Silva, no povoado S\u00e3o Jo\u00e3o Batista, no munic\u00edpio de Vila Nova do Piau\u00ed, o 3\u00ba livro de cr\u00f4nicas do professor Francisco de Assis Sousa,\u00a0Pedras que Cantam. Imagem: Cidades na NetProf. Francisco de Assis Sousa apresenta a obra ao p\u00fablico. O &hellip;\" \/>\n<meta property=\"og:url\" content=\"https:\/\/portalnpm.com\/index.php\/2018\/09\/07\/literatura-pedras-que-cantam-e-lancado-em-vila-nova-do-piaui-veja-fotos\/\" \/>\n<meta property=\"og:site_name\" content=\"Portal NPM\" \/>\n<meta property=\"article:published_time\" content=\"2018-09-08T01:37:43+00:00\" \/>\n<meta property=\"og:image\" content=\"https:\/\/portalnpm.com\/wp-content\/uploads\/2018\/09\/pedras-que-cantam-no-pov-sao-joao-batista-350149.jpg\" \/>\n\t<meta property=\"og:image:width\" content=\"940\" \/>\n\t<meta property=\"og:image:height\" content=\"626\" \/>\n\t<meta property=\"og:image:type\" content=\"image\/jpeg\" \/>\n<meta name=\"author\" content=\"Luis Alberto\" \/>\n<meta name=\"twitter:card\" content=\"summary_large_image\" \/>\n<meta name=\"twitter:label1\" content=\"Escrito por\" \/>\n\t<meta name=\"twitter:data1\" content=\"Luis Alberto\" \/>\n\t<meta name=\"twitter:label2\" content=\"Est. tempo de leitura\" \/>\n\t<meta name=\"twitter:data2\" content=\"3 minutos\" \/>\n<script type=\"application\/ld+json\" class=\"yoast-schema-graph\">{\"@context\":\"https:\/\/schema.org\",\"@graph\":[{\"@type\":\"WebPage\",\"@id\":\"https:\/\/portalnpm.com\/index.php\/2018\/09\/07\/literatura-pedras-que-cantam-e-lancado-em-vila-nova-do-piaui-veja-fotos\/\",\"url\":\"https:\/\/portalnpm.com\/index.php\/2018\/09\/07\/literatura-pedras-que-cantam-e-lancado-em-vila-nova-do-piaui-veja-fotos\/\",\"name\":\"Literatura: Pedras que Cantam \u00e9 lan\u00e7ado em Vila Nova do Piau\u00ed. Veja fotos! - Portal NPM\",\"isPartOf\":{\"@id\":\"https:\/\/portalnpm.com\/#website\"},\"primaryImageOfPage\":{\"@id\":\"https:\/\/portalnpm.com\/index.php\/2018\/09\/07\/literatura-pedras-que-cantam-e-lancado-em-vila-nova-do-piaui-veja-fotos\/#primaryimage\"},\"image\":{\"@id\":\"https:\/\/portalnpm.com\/index.php\/2018\/09\/07\/literatura-pedras-que-cantam-e-lancado-em-vila-nova-do-piaui-veja-fotos\/#primaryimage\"},\"thumbnailUrl\":\"https:\/\/portalnpm.com\/wp-content\/uploads\/2018\/09\/pedras-que-cantam-no-pov-sao-joao-batista-350149.jpg\",\"datePublished\":\"2018-09-08T01:37:43+00:00\",\"dateModified\":\"2018-09-08T01:37:43+00:00\",\"author\":{\"@id\":\"https:\/\/portalnpm.com\/#\/schema\/person\/5c8006acdf71774cd4e7a5ab98482152\"},\"breadcrumb\":{\"@id\":\"https:\/\/portalnpm.com\/index.php\/2018\/09\/07\/literatura-pedras-que-cantam-e-lancado-em-vila-nova-do-piaui-veja-fotos\/#breadcrumb\"},\"inLanguage\":\"pt-BR\",\"potentialAction\":[{\"@type\":\"ReadAction\",\"target\":[\"https:\/\/portalnpm.com\/index.php\/2018\/09\/07\/literatura-pedras-que-cantam-e-lancado-em-vila-nova-do-piaui-veja-fotos\/\"]}]},{\"@type\":\"ImageObject\",\"inLanguage\":\"pt-BR\",\"@id\":\"https:\/\/portalnpm.com\/index.php\/2018\/09\/07\/literatura-pedras-que-cantam-e-lancado-em-vila-nova-do-piaui-veja-fotos\/#primaryimage\",\"url\":\"https:\/\/portalnpm.com\/wp-content\/uploads\/2018\/09\/pedras-que-cantam-no-pov-sao-joao-batista-350149.jpg\",\"contentUrl\":\"https:\/\/portalnpm.com\/wp-content\/uploads\/2018\/09\/pedras-que-cantam-no-pov-sao-joao-batista-350149.jpg\",\"width\":940,\"height\":626},{\"@type\":\"BreadcrumbList\",\"@id\":\"https:\/\/portalnpm.com\/index.php\/2018\/09\/07\/literatura-pedras-que-cantam-e-lancado-em-vila-nova-do-piaui-veja-fotos\/#breadcrumb\",\"itemListElement\":[{\"@type\":\"ListItem\",\"position\":1,\"name\":\"In\u00edcio\",\"item\":\"https:\/\/portalnpm.com\/\"},{\"@type\":\"ListItem\",\"position\":2,\"name\":\"Literatura: Pedras que Cantam \u00e9 lan\u00e7ado em Vila Nova do Piau\u00ed. Veja fotos!\"}]},{\"@type\":\"WebSite\",\"@id\":\"https:\/\/portalnpm.com\/#website\",\"url\":\"https:\/\/portalnpm.com\/\",\"name\":\"Portal NPM\",\"description\":\"Not\u00edcias em Primeira M\u00e3o\",\"potentialAction\":[{\"@type\":\"SearchAction\",\"target\":{\"@type\":\"EntryPoint\",\"urlTemplate\":\"https:\/\/portalnpm.com\/?s={search_term_string}\"},\"query-input\":\"required name=search_term_string\"}],\"inLanguage\":\"pt-BR\"},{\"@type\":\"Person\",\"@id\":\"https:\/\/portalnpm.com\/#\/schema\/person\/5c8006acdf71774cd4e7a5ab98482152\",\"name\":\"Luis Alberto\",\"image\":{\"@type\":\"ImageObject\",\"inLanguage\":\"pt-BR\",\"@id\":\"https:\/\/portalnpm.com\/#\/schema\/person\/image\/\",\"url\":\"https:\/\/portalnpm.com\/wp-content\/uploads\/2024\/12\/avatar_user_3_1734699769-96x96.jpeg\",\"contentUrl\":\"https:\/\/portalnpm.com\/wp-content\/uploads\/2024\/12\/avatar_user_3_1734699769-96x96.jpeg\",\"caption\":\"Luis Alberto\"},\"description\":\"Editor-geral do Portal NPM, \u00e9 formado como T\u00e9cnico em Seguran\u00e7a do Trabalho pela Escola Metropolitana de Cursos T\u00e9cnicos. Det\u00e9m ainda licenciatura em Educa\u00e7\u00e3o F\u00edsica e bacharelado em Ci\u00eancias Pol\u00edticas, ambos obtidos pela institui\u00e7\u00e3o Anhanguera\/UNOPAR.\",\"url\":\"https:\/\/portalnpm.com\/index.php\/author\/pereira\/\"}]}<\/script>\n<!-- \/ Yoast SEO plugin. -->","yoast_head_json":{"title":"Literatura: Pedras que Cantam \u00e9 lan\u00e7ado em Vila Nova do Piau\u00ed. Veja fotos! - Portal NPM","robots":{"index":"index","follow":"follow","max-snippet":"max-snippet:-1","max-image-preview":"max-image-preview:large","max-video-preview":"max-video-preview:-1"},"canonical":"https:\/\/portalnpm.com\/index.php\/2018\/09\/07\/literatura-pedras-que-cantam-e-lancado-em-vila-nova-do-piaui-veja-fotos\/","og_locale":"pt_BR","og_type":"article","og_title":"Literatura: Pedras que Cantam \u00e9 lan\u00e7ado em Vila Nova do Piau\u00ed. Veja fotos! - Portal NPM","og_description":"Foi lan\u00e7ado na tarde desta quinta-feira, 06 de setembro, na U. E. Zacarias Manoel da Silva, no povoado S\u00e3o Jo\u00e3o Batista, no munic\u00edpio de Vila Nova do Piau\u00ed, o 3\u00ba livro de cr\u00f4nicas do professor Francisco de Assis Sousa,\u00a0Pedras que Cantam. Imagem: Cidades na NetProf. Francisco de Assis Sousa apresenta a obra ao p\u00fablico. O &hellip;","og_url":"https:\/\/portalnpm.com\/index.php\/2018\/09\/07\/literatura-pedras-que-cantam-e-lancado-em-vila-nova-do-piaui-veja-fotos\/","og_site_name":"Portal NPM","article_published_time":"2018-09-08T01:37:43+00:00","og_image":[{"width":940,"height":626,"url":"https:\/\/portalnpm.com\/wp-content\/uploads\/2018\/09\/pedras-que-cantam-no-pov-sao-joao-batista-350149.jpg","type":"image\/jpeg"}],"author":"Luis Alberto","twitter_card":"summary_large_image","twitter_misc":{"Escrito por":"Luis Alberto","Est. tempo de leitura":"3 minutos"},"schema":{"@context":"https:\/\/schema.org","@graph":[{"@type":"WebPage","@id":"https:\/\/portalnpm.com\/index.php\/2018\/09\/07\/literatura-pedras-que-cantam-e-lancado-em-vila-nova-do-piaui-veja-fotos\/","url":"https:\/\/portalnpm.com\/index.php\/2018\/09\/07\/literatura-pedras-que-cantam-e-lancado-em-vila-nova-do-piaui-veja-fotos\/","name":"Literatura: Pedras que Cantam \u00e9 lan\u00e7ado em Vila Nova do Piau\u00ed. Veja fotos! - Portal NPM","isPartOf":{"@id":"https:\/\/portalnpm.com\/#website"},"primaryImageOfPage":{"@id":"https:\/\/portalnpm.com\/index.php\/2018\/09\/07\/literatura-pedras-que-cantam-e-lancado-em-vila-nova-do-piaui-veja-fotos\/#primaryimage"},"image":{"@id":"https:\/\/portalnpm.com\/index.php\/2018\/09\/07\/literatura-pedras-que-cantam-e-lancado-em-vila-nova-do-piaui-veja-fotos\/#primaryimage"},"thumbnailUrl":"https:\/\/portalnpm.com\/wp-content\/uploads\/2018\/09\/pedras-que-cantam-no-pov-sao-joao-batista-350149.jpg","datePublished":"2018-09-08T01:37:43+00:00","dateModified":"2018-09-08T01:37:43+00:00","author":{"@id":"https:\/\/portalnpm.com\/#\/schema\/person\/5c8006acdf71774cd4e7a5ab98482152"},"breadcrumb":{"@id":"https:\/\/portalnpm.com\/index.php\/2018\/09\/07\/literatura-pedras-que-cantam-e-lancado-em-vila-nova-do-piaui-veja-fotos\/#breadcrumb"},"inLanguage":"pt-BR","potentialAction":[{"@type":"ReadAction","target":["https:\/\/portalnpm.com\/index.php\/2018\/09\/07\/literatura-pedras-que-cantam-e-lancado-em-vila-nova-do-piaui-veja-fotos\/"]}]},{"@type":"ImageObject","inLanguage":"pt-BR","@id":"https:\/\/portalnpm.com\/index.php\/2018\/09\/07\/literatura-pedras-que-cantam-e-lancado-em-vila-nova-do-piaui-veja-fotos\/#primaryimage","url":"https:\/\/portalnpm.com\/wp-content\/uploads\/2018\/09\/pedras-que-cantam-no-pov-sao-joao-batista-350149.jpg","contentUrl":"https:\/\/portalnpm.com\/wp-content\/uploads\/2018\/09\/pedras-que-cantam-no-pov-sao-joao-batista-350149.jpg","width":940,"height":626},{"@type":"BreadcrumbList","@id":"https:\/\/portalnpm.com\/index.php\/2018\/09\/07\/literatura-pedras-que-cantam-e-lancado-em-vila-nova-do-piaui-veja-fotos\/#breadcrumb","itemListElement":[{"@type":"ListItem","position":1,"name":"In\u00edcio","item":"https:\/\/portalnpm.com\/"},{"@type":"ListItem","position":2,"name":"Literatura: Pedras que Cantam \u00e9 lan\u00e7ado em Vila Nova do Piau\u00ed. Veja fotos!"}]},{"@type":"WebSite","@id":"https:\/\/portalnpm.com\/#website","url":"https:\/\/portalnpm.com\/","name":"Portal NPM","description":"Not\u00edcias em Primeira M\u00e3o","potentialAction":[{"@type":"SearchAction","target":{"@type":"EntryPoint","urlTemplate":"https:\/\/portalnpm.com\/?s={search_term_string}"},"query-input":"required name=search_term_string"}],"inLanguage":"pt-BR"},{"@type":"Person","@id":"https:\/\/portalnpm.com\/#\/schema\/person\/5c8006acdf71774cd4e7a5ab98482152","name":"Luis Alberto","image":{"@type":"ImageObject","inLanguage":"pt-BR","@id":"https:\/\/portalnpm.com\/#\/schema\/person\/image\/","url":"https:\/\/portalnpm.com\/wp-content\/uploads\/2024\/12\/avatar_user_3_1734699769-96x96.jpeg","contentUrl":"https:\/\/portalnpm.com\/wp-content\/uploads\/2024\/12\/avatar_user_3_1734699769-96x96.jpeg","caption":"Luis Alberto"},"description":"Editor-geral do Portal NPM, \u00e9 formado como T\u00e9cnico em Seguran\u00e7a do Trabalho pela Escola Metropolitana de Cursos T\u00e9cnicos. Det\u00e9m ainda licenciatura em Educa\u00e7\u00e3o F\u00edsica e bacharelado em Ci\u00eancias Pol\u00edticas, ambos obtidos pela institui\u00e7\u00e3o Anhanguera\/UNOPAR.","url":"https:\/\/portalnpm.com\/index.php\/author\/pereira\/"}]}},"jetpack_sharing_enabled":true,"jetpack_featured_media_url":"https:\/\/portalnpm.com\/wp-content\/uploads\/2018\/09\/pedras-que-cantam-no-pov-sao-joao-batista-350149.jpg","_links":{"self":[{"href":"https:\/\/portalnpm.com\/index.php\/wp-json\/wp\/v2\/posts\/1262"}],"collection":[{"href":"https:\/\/portalnpm.com\/index.php\/wp-json\/wp\/v2\/posts"}],"about":[{"href":"https:\/\/portalnpm.com\/index.php\/wp-json\/wp\/v2\/types\/post"}],"author":[{"embeddable":true,"href":"https:\/\/portalnpm.com\/index.php\/wp-json\/wp\/v2\/users\/3"}],"replies":[{"embeddable":true,"href":"https:\/\/portalnpm.com\/index.php\/wp-json\/wp\/v2\/comments?post=1262"}],"version-history":[{"count":0,"href":"https:\/\/portalnpm.com\/index.php\/wp-json\/wp\/v2\/posts\/1262\/revisions"}],"wp:featuredmedia":[{"embeddable":true,"href":"https:\/\/portalnpm.com\/index.php\/wp-json\/wp\/v2\/media\/1263"}],"wp:attachment":[{"href":"https:\/\/portalnpm.com\/index.php\/wp-json\/wp\/v2\/media?parent=1262"}],"wp:term":[{"taxonomy":"category","embeddable":true,"href":"https:\/\/portalnpm.com\/index.php\/wp-json\/wp\/v2\/categories?post=1262"},{"taxonomy":"post_tag","embeddable":true,"href":"https:\/\/portalnpm.com\/index.php\/wp-json\/wp\/v2\/tags?post=1262"}],"curies":[{"name":"wp","href":"https:\/\/api.w.org\/{rel}","templated":true}]}}