{"id":12800,"date":"2019-10-21T19:42:11","date_gmt":"2019-10-21T22:42:11","guid":{"rendered":"http:\/\/srv.portalnpm.com.br\/?p=12800"},"modified":"2019-10-21T19:42:11","modified_gmt":"2019-10-21T22:42:11","slug":"com-decimo-terceiro-13o-valor-pago-pelo-bolsa-familia-podera-chegar-a-r-744-reais-em-dezembro","status":"publish","type":"post","link":"https:\/\/portalnpm.com\/index.php\/2019\/10\/21\/com-decimo-terceiro-13o-valor-pago-pelo-bolsa-familia-podera-chegar-a-r-744-reais-em-dezembro\/","title":{"rendered":"Com d\u00e9cimo terceiro (13\u00ba), valor pago pelo Bolsa Fam\u00edlia poder\u00e1 chegar a R$ 744 reais em dezembro"},"content":{"rendered":"<p style=\"text-align: justify;\">Foi na \u00faltima ter\u00e7a-feira (15\/10) que o presidente Jair Bolsonaro assinou a\u00a0<a href=\"http:\/\/www.in.gov.br\/en\/web\/dou\/-\/medida-provisoria-n-898-de-15-de-outubro-de-2019-222055793\" target=\"_blank\" rel=\"noopener noreferrer\">Medida Provis\u00f3ria n\u00ba 898\u00a0<\/a>que confirma o pagamento do d\u00e9cimo terceiro (13\u00ba) do Bolsa Fam\u00edlia para 2019. A libera\u00e7\u00e3o de saque ser\u00e1 feita conforme o calend\u00e1rio de dezembro. Sendo assim, as datas variam conforme o \u00faltimo n\u00famero NIS e os valores devem ser proporcionais ao per\u00edodo em que recebeu o benef\u00edcio neste ano de 2019.<\/p>\n<h4 style=\"text-align: justify;\"><strong>Qual valor m\u00e1ximo que o Bolsa Fam\u00edlia poder\u00e1 pagar em dezembro?<\/strong><\/h4>\n<p style=\"text-align: justify;\">Muitos benefici\u00e1rios do Bolsa Fam\u00edlia ainda est\u00e3o na d\u00favida sobre\u00a0<a href=\"https:\/\/www.n1bahia.com.br\/qual-sera-o-valor-do-decimo-terceiro-13o-do-bolsa-familia-quanto-vou-receber\/amp\" target=\"_blank\" rel=\"noopener noreferrer\">qual ser\u00e1 valor<\/a>\u00a0do d\u00e9cimo terceiro (13\u00ba) do Bolsa Fam\u00edlia, e quanto ir\u00e1 receber no total. Portanto, a conta \u00e9 muito simples: o valor do 13\u00b0 simplesmente ser\u00e1 igual ao voc\u00ea recebe atualmente, ou seja, o pagamento do benef\u00edcio em dezembro ser\u00e1 dobrado.<\/p>\n<p style=\"text-align: justify;\">Para assegurar esse adicional, a MP assinada por Bolsonaro diz que\u00a0<strong>\u201ca parcela de benef\u00edcio financeiro relativa ao m\u00eas de dezembro de 2019 ser\u00e1 paga em dobro\u201d.<\/strong>\u00a0Isto significa que se voc\u00ea recebe, por exemplo, R$ 372 mensal (valor m\u00e1ximo), ir\u00e1 receber mais R$ 372, totalizando R$ 744.<\/p>\n<p style=\"text-align: justify;\">\u00c9 exatamente este detalhe que explica como o valor total do Bolsa Fam\u00edlia poder\u00e1 chegar a R$ 744 reais em dezembro.<\/p>\n<h4 style=\"text-align: justify;\"><strong>Alguns benefici\u00e1rios podem receber at\u00e9 R$ 372\/m\u00eas<\/strong><\/h4>\n<p style=\"text-align: justify;\">Apesar de muitos inscritos do programa desconhecem essa informa\u00e7\u00e3o, o Programa Bolsa Fam\u00edlia \u00e9 divido em 7 tipos de benef\u00edcios. Uma parcela dos benefici\u00e1rios do programa que se enquadram nos requisitos m\u00ednimos de alguns desses benef\u00edcios podem receber at\u00e9, no m\u00e1ximo, R$ 372.<\/p>\n<p style=\"text-align: justify;\">Conhe\u00e7a melhor todos os tipos de benef\u00edcio do Bolsa Fam\u00edlia, e como esse pagamento de R$ 372 \u00e9 poss\u00edvel:<\/p>\n<h3 style=\"text-align: justify;\"><strong>Esses s\u00e3o os 7 tipos de benef\u00edcios do Bolsa Fam\u00edlia<\/strong><\/h3>\n<h4 style=\"text-align: justify;\"><strong>1. Benef\u00edcio B\u00e1sico<\/strong><\/h4>\n<p style=\"text-align: justify;\">Concedido \u00e0s fam\u00edlias em situa\u00e7\u00e3o de extrema pobreza (com renda mensal de at\u00e9 R$ 89,00 por pessoa). O aux\u00edlio \u00e9 de R$ 89,00 mensais.<\/p>\n<h4 style=\"text-align: justify;\"><strong>2 Benef\u00edcio Vari\u00e1vel<\/strong><\/h4>\n<p style=\"text-align: justify;\">Destinado \u00e0s\u00a0fam\u00edlias em situa\u00e7\u00e3o de pobreza ou extrema pobreza que tenham em sua composi\u00e7\u00e3o gestantes, nutrizes (m\u00e3es que amamentam), crian\u00e7as e adolescentes de 0 a 15 anos. O valor de cada benef\u00edcio \u00e9 de R$ 41,00 e cada fam\u00edlia pode acumular at\u00e9 5 benef\u00edcios por m\u00eas, chegando a R$ 205,00.<\/p>\n<h4 style=\"text-align: justify;\"><strong>3. Benef\u00edcio Vari\u00e1vel de 0 a 15 anos:<\/strong><\/h4>\n<p style=\"text-align: justify;\">Destinado \u00e0s fam\u00edlias que tenham em sua composi\u00e7\u00e3o, crian\u00e7as e adolescentes de 0 a 15 anos de idade. O valor do benef\u00edcio \u00e9 de R$ 41,00.<\/p>\n<h4 style=\"text-align: justify;\"><strong>4. Benef\u00edcio Vari\u00e1vel \u00e0 Gestante:<\/strong><\/h4>\n<p style=\"text-align: justify;\">Destinado \u00e0s fam\u00edlias que tenham em sua composi\u00e7\u00e3o gestante. Podem ser pagas at\u00e9 nove parcelas consecutivas a contar da data do in\u00edcio do pagamento do benef\u00edcio, desde que a gesta\u00e7\u00e3o tenha sido identificada at\u00e9 o nono m\u00eas. O valor do benef\u00edcio \u00e9 de R$ 41,00.<\/p>\n<h4 style=\"text-align: justify;\"><strong>5. Benef\u00edcio Vari\u00e1vel Nutriz:<\/strong><\/h4>\n<p style=\"text-align: justify;\">Destinado \u00e0s fam\u00edlias que tenham em sua composi\u00e7\u00e3o crian\u00e7as com idade entre 0 e 6 meses. Podem ser pagas at\u00e9 seis parcelas mensais consecutivas a contar da data do in\u00edcio do pagamento do benef\u00edcio, desde que a crian\u00e7a tenha sido identificada no Cadastro \u00danico at\u00e9 o sexto m\u00eas de vida. O valor do benef\u00edcio \u00e9 de R$ 41,00<\/p>\n<h4 style=\"text-align: justify;\"><strong>6. Benef\u00edcio Vari\u00e1vel Jovem:<\/strong><\/h4>\n<p style=\"text-align: justify;\">Destinado \u00e0s fam\u00edlias em situa\u00e7\u00e3o de pobreza ou extrema pobreza e que tenham em sua composi\u00e7\u00e3o adolescentes entre 16 e 17 anos. O valor do benef\u00edcio \u00e9 de R$ 48,00 por m\u00eas e cada fam\u00edlia pode acumular at\u00e9 dois benef\u00edcios, ou seja, R$ 96,00.<\/p>\n<h4 style=\"text-align: justify;\"><strong>7. Benef\u00edcio para Supera\u00e7\u00e3o da Extrema Pobreza:<\/strong><\/h4>\n<p style=\"text-align: justify;\">Destinado \u00e0s fam\u00edlias em situa\u00e7\u00e3o de extrema pobreza. Cada fam\u00edlia pode receber um benef\u00edcio por m\u00eas. O valor do benef\u00edcio varia em raz\u00e3o do c\u00e1lculo realizado a partir da renda por pessoa da fam\u00edlia e do benef\u00edcio j\u00e1 recebido no Programa Bolsa Fam\u00edlia.<\/p>\n<h4 style=\"text-align: justify;\"><strong>Como alguns benefici\u00e1rios podem receber at\u00e9 R$ 372\/m\u00eas?<\/strong><\/h4>\n<p style=\"text-align: justify;\">As fam\u00edlias em situa\u00e7\u00e3o de extrema pobreza podem acumular o benef\u00edcio B\u00e1sico, o Vari\u00e1vel e o Vari\u00e1vel Jovem<strong>, at\u00e9 o m\u00e1ximo de R$ 372,00 por m\u00eas.<\/strong>\u00a0Como tamb\u00e9m, podem acumular 1 (um) benef\u00edcio para Supera\u00e7\u00e3o da Extrema Pobreza.<\/p>\n<h3 style=\"text-align: justify;\"><strong>D\u00e9cimo terceiro (13\u00ba) do Bolsa Fam\u00edlia<\/strong><\/h3>\n<h4 style=\"text-align: justify;\">Essas s\u00e3o as datas de pagamento do D\u00e9cimo Terceiro do Bolsa Fam\u00edlia em dezembro de 2019:<\/h4>\n<p style=\"text-align: justify;\">10\/12 \u2013 Final do NIS 1<\/p>\n<p style=\"text-align: justify;\">11\/12 \u2013 Final do NIS 2<\/p>\n<p style=\"text-align: justify;\">12\/12 \u2013 Final do NIS 3<\/p>\n<p style=\"text-align: justify;\">13\/12 \u2013 Final do NIS 4<\/p>\n<p style=\"text-align: justify;\">16\/12 \u2013 Final do NIS 5<\/p>\n<p style=\"text-align: justify;\">17\/12 \u2013 Final do NIS 6<\/p>\n<p style=\"text-align: justify;\">18\/12 \u2013 Final do NIS 7<\/p>\n<p style=\"text-align: justify;\">19\/12 \u2013 Final do NIS 8<\/p>\n<p style=\"text-align: justify;\">20\/12 \u2013 Final do NIS 9<\/p>\n<p style=\"text-align: justify;\">23\/12 \u2013 Final do NIS 0<\/p>\n<h3 style=\"text-align: justify;\"><strong>Calend\u00e1rio completo 2019<\/strong><\/h3>\n<figure id=\"attachment_12801\" aria-describedby=\"caption-attachment-12801\" style=\"width: 656px\" class=\"wp-caption aligncenter\"><img fetchpriority=\"high\" decoding=\"async\" class=\"size-full wp-image-12801\" src=\"http:\/\/portalnpm.com\/wp-content\/uploads\/2019\/10\/calend\u00e1rio-Programa-Bolsa-Fam\u00edlia-datas-de-2019.png\" alt=\"\" width=\"656\" height=\"276\" \/><figcaption id=\"caption-attachment-12801\" class=\"wp-caption-text\">Quem entrou no Bolsa Fam\u00edlia em 2019 tamb\u00e9m receber\u00e1 o d\u00e9cimo terceiro (13\u00ba)<\/figcaption><\/figure>\n<h4 style=\"text-align: justify;\">Pagamento do Bolsa Fam\u00edlia para este m\u00eas (outubro)<\/h4>\n<p style=\"text-align: justify;\">1 \u2013 Final do NIS 1 \u2013 Saca em 18\/10<\/p>\n<p style=\"text-align: justify;\">2 \u2013 Final do NIS 2 \u2013 Saca em 21\/10<\/p>\n<p style=\"text-align: justify;\">3 \u2013 Final do NIS 3 \u2013 Saca em 22\/10<\/p>\n<p style=\"text-align: justify;\">4 \u2013 Final do NIS 4 \u2013 Saca em 23\/10<\/p>\n<p style=\"text-align: justify;\">5 \u2013 Final do NIS 5 \u2013 Saca em 24\/10<\/p>\n<p style=\"text-align: justify;\">6 \u2013 Final do NIS 6 \u2013 Saca em 25\/10<\/p>\n<p style=\"text-align: justify;\">7 \u2013 Final do NIS 7 \u2013 Saca em 28\/10<\/p>\n<p style=\"text-align: justify;\">8 \u2013 Final do NIS 8 \u2013 Saca em 29\/10<\/p>\n<p style=\"text-align: justify;\">9 \u2013 Final do NIS 9 \u2013 Saca em 30\/10<\/p>\n<p style=\"text-align: justify;\">0 \u2013 Final do NIS 0 \u2013 Saca em 31\/10<\/p>\n<p style=\"text-align: justify;\">Cada valor fica dispon\u00edvel para saque por 90 dias a partir da data prevista no calend\u00e1rio. O benef\u00edcio de outubro, por exemplo, pode ser sacado at\u00e9 o m\u00eas de janeiro de 2020.<\/p>\n<h2 style=\"text-align: justify;\">Saiba mais sobre o programa<\/h2>\n<h3 style=\"text-align: justify;\"><strong>O que \u00e9 o Bolsa Fam\u00edlia?<\/strong><\/h3>\n<p style=\"text-align: justify;\">O Bolsa Fam\u00edlia \u00e9 um programa de transfer\u00eancia direta de renda, direcionado \u00e0s fam\u00edlias em situa\u00e7\u00e3o de pobreza e de extrema pobreza em todo o Pa\u00eds, de modo que consigam superar a situa\u00e7\u00e3o de vulnerabilidade e pobreza.<\/p>\n<p style=\"text-align: justify;\">O programa busca garantir a essas fam\u00edlias o direito \u00e0 alimenta\u00e7\u00e3o e o acesso \u00e0 educa\u00e7\u00e3o e \u00e0 sa\u00fade. Portanto, em todo o Brasil, mais de 13 milh\u00f5es de fam\u00edlias s\u00e3o atendidas pelo Bolsa Fam\u00edlia.<\/p>\n<h3 style=\"text-align: justify;\"><strong>Quem pode participar do programa?<\/strong><\/h3>\n<p style=\"text-align: justify;\">A popula\u00e7\u00e3o alvo do programa \u00e9 constitu\u00edda por fam\u00edlias em situa\u00e7\u00e3o de pobreza ou extrema pobreza.<\/p>\n<p style=\"text-align: justify;\">Conforme citado, as fam\u00edlias extremamente pobres s\u00e3o aquelas que t\u00eam renda mensal de at\u00e9 R$ 89,00 por pessoa; j\u00e1\u00a0 as fam\u00edlias pobres s\u00e3o aquelas que t\u00eam renda mensal entre R$ 89,01 e R$ 178,00 por pessoa. As fam\u00edlias pobres participam do programa, desde que tenham em sua composi\u00e7\u00e3o gestantes e crian\u00e7as ou adolescentes entre 0 e 17 anos.<\/p>\n<p style=\"text-align: justify;\">Para se candidatar ao programa, \u00e9 necess\u00e1rio que a fam\u00edlia esteja inscrita no Cadastro \u00danico para Programas Sociais do Governo Federal, com seus dados atualizados h\u00e1 menos de 2 anos.<\/p>\n<p style=\"text-align: justify;\">Entretanto, caso atenda aos requisitos de renda e n\u00e3o esteja inscrito, procure o respons\u00e1vel pelo Programa Bolsa Fam\u00edlia na prefeitura de sua cidade para se inscrever no Cadastro \u00danico.<\/p>\n<p style=\"text-align: justify;\"><strong>Fonte: N1Bahia<\/strong><\/p>\n","protected":false},"excerpt":{"rendered":"<p>Foi na \u00faltima ter\u00e7a-feira (15\/10) que o presidente Jair Bolsonaro assinou a\u00a0Medida Provis\u00f3ria n\u00ba 898\u00a0que confirma o pagamento do d\u00e9cimo terceiro (13\u00ba) do Bolsa Fam\u00edlia para 2019. A libera\u00e7\u00e3o de saque ser\u00e1 feita conforme o calend\u00e1rio de dezembro. Sendo assim, as datas variam conforme o \u00faltimo n\u00famero NIS e os valores devem ser proporcionais ao &hellip;<\/p>\n","protected":false},"author":8,"featured_media":12802,"comment_status":"open","ping_status":"open","sticky":false,"template":"","format":"standard","meta":{"content-type":"","rop_custom_images_group":[],"rop_custom_messages_group":[],"rop_publish_now":"initial","rop_publish_now_accounts":{"facebook_2648258775420054_1618374048415101":""},"rop_publish_now_history":[],"rop_publish_now_status":"pending","footnotes":"","_jetpack_memberships_contains_paid_content":false},"categories":[113,125],"tags":[1825,655,1619],"yoast_head":"<!-- This site is optimized with the Yoast SEO plugin v22.3 - https:\/\/yoast.com\/wordpress\/plugins\/seo\/ -->\n<title>Com d\u00e9cimo terceiro (13\u00ba), valor pago pelo Bolsa Fam\u00edlia poder\u00e1 chegar a R$ 744 reais em dezembro - Portal NPM<\/title>\n<meta name=\"robots\" content=\"index, follow, max-snippet:-1, max-image-preview:large, max-video-preview:-1\" \/>\n<link rel=\"canonical\" href=\"https:\/\/portalnpm.com\/index.php\/2019\/10\/21\/com-decimo-terceiro-13o-valor-pago-pelo-bolsa-familia-podera-chegar-a-r-744-reais-em-dezembro\/\" \/>\n<meta property=\"og:locale\" content=\"pt_BR\" \/>\n<meta property=\"og:type\" content=\"article\" \/>\n<meta property=\"og:title\" content=\"Com d\u00e9cimo terceiro (13\u00ba), valor pago pelo Bolsa Fam\u00edlia poder\u00e1 chegar a R$ 744 reais em dezembro - Portal NPM\" \/>\n<meta property=\"og:description\" content=\"Foi na \u00faltima ter\u00e7a-feira (15\/10) que o presidente Jair Bolsonaro assinou a\u00a0Medida Provis\u00f3ria n\u00ba 898\u00a0que confirma o pagamento do d\u00e9cimo terceiro (13\u00ba) do Bolsa Fam\u00edlia para 2019. A libera\u00e7\u00e3o de saque ser\u00e1 feita conforme o calend\u00e1rio de dezembro. Sendo assim, as datas variam conforme o \u00faltimo n\u00famero NIS e os valores devem ser proporcionais ao &hellip;\" \/>\n<meta property=\"og:url\" content=\"https:\/\/portalnpm.com\/index.php\/2019\/10\/21\/com-decimo-terceiro-13o-valor-pago-pelo-bolsa-familia-podera-chegar-a-r-744-reais-em-dezembro\/\" \/>\n<meta property=\"og:site_name\" content=\"Portal NPM\" \/>\n<meta property=\"article:published_time\" content=\"2019-10-21T22:42:11+00:00\" \/>\n<meta name=\"author\" content=\"Zenilton Lima\" \/>\n<meta name=\"twitter:card\" content=\"summary_large_image\" \/>\n<meta name=\"twitter:label1\" content=\"Escrito por\" \/>\n\t<meta name=\"twitter:data1\" content=\"Zenilton Lima\" \/>\n\t<meta name=\"twitter:label2\" content=\"Est. tempo de leitura\" \/>\n\t<meta name=\"twitter:data2\" content=\"6 minutos\" \/>\n<script type=\"application\/ld+json\" class=\"yoast-schema-graph\">{\"@context\":\"https:\/\/schema.org\",\"@graph\":[{\"@type\":\"WebPage\",\"@id\":\"https:\/\/portalnpm.com\/index.php\/2019\/10\/21\/com-decimo-terceiro-13o-valor-pago-pelo-bolsa-familia-podera-chegar-a-r-744-reais-em-dezembro\/\",\"url\":\"https:\/\/portalnpm.com\/index.php\/2019\/10\/21\/com-decimo-terceiro-13o-valor-pago-pelo-bolsa-familia-podera-chegar-a-r-744-reais-em-dezembro\/\",\"name\":\"Com d\u00e9cimo terceiro (13\u00ba), valor pago pelo Bolsa Fam\u00edlia poder\u00e1 chegar a R$ 744 reais em dezembro - Portal NPM\",\"isPartOf\":{\"@id\":\"https:\/\/portalnpm.com\/#website\"},\"primaryImageOfPage\":{\"@id\":\"https:\/\/portalnpm.com\/index.php\/2019\/10\/21\/com-decimo-terceiro-13o-valor-pago-pelo-bolsa-familia-podera-chegar-a-r-744-reais-em-dezembro\/#primaryimage\"},\"image\":{\"@id\":\"https:\/\/portalnpm.com\/index.php\/2019\/10\/21\/com-decimo-terceiro-13o-valor-pago-pelo-bolsa-familia-podera-chegar-a-r-744-reais-em-dezembro\/#primaryimage\"},\"thumbnailUrl\":\"\",\"datePublished\":\"2019-10-21T22:42:11+00:00\",\"dateModified\":\"2019-10-21T22:42:11+00:00\",\"author\":{\"@id\":\"https:\/\/portalnpm.com\/#\/schema\/person\/35cb55186eae3f074b6783da6d35591e\"},\"breadcrumb\":{\"@id\":\"https:\/\/portalnpm.com\/index.php\/2019\/10\/21\/com-decimo-terceiro-13o-valor-pago-pelo-bolsa-familia-podera-chegar-a-r-744-reais-em-dezembro\/#breadcrumb\"},\"inLanguage\":\"pt-BR\",\"potentialAction\":[{\"@type\":\"ReadAction\",\"target\":[\"https:\/\/portalnpm.com\/index.php\/2019\/10\/21\/com-decimo-terceiro-13o-valor-pago-pelo-bolsa-familia-podera-chegar-a-r-744-reais-em-dezembro\/\"]}]},{\"@type\":\"ImageObject\",\"inLanguage\":\"pt-BR\",\"@id\":\"https:\/\/portalnpm.com\/index.php\/2019\/10\/21\/com-decimo-terceiro-13o-valor-pago-pelo-bolsa-familia-podera-chegar-a-r-744-reais-em-dezembro\/#primaryimage\",\"url\":\"\",\"contentUrl\":\"\"},{\"@type\":\"BreadcrumbList\",\"@id\":\"https:\/\/portalnpm.com\/index.php\/2019\/10\/21\/com-decimo-terceiro-13o-valor-pago-pelo-bolsa-familia-podera-chegar-a-r-744-reais-em-dezembro\/#breadcrumb\",\"itemListElement\":[{\"@type\":\"ListItem\",\"position\":1,\"name\":\"In\u00edcio\",\"item\":\"https:\/\/portalnpm.com\/\"},{\"@type\":\"ListItem\",\"position\":2,\"name\":\"Com d\u00e9cimo terceiro (13\u00ba), valor pago pelo Bolsa Fam\u00edlia poder\u00e1 chegar a R$ 744 reais em dezembro\"}]},{\"@type\":\"WebSite\",\"@id\":\"https:\/\/portalnpm.com\/#website\",\"url\":\"https:\/\/portalnpm.com\/\",\"name\":\"Portal NPM\",\"description\":\"Not\u00edcias em Primeira M\u00e3o\",\"potentialAction\":[{\"@type\":\"SearchAction\",\"target\":{\"@type\":\"EntryPoint\",\"urlTemplate\":\"https:\/\/portalnpm.com\/?s={search_term_string}\"},\"query-input\":\"required name=search_term_string\"}],\"inLanguage\":\"pt-BR\"},{\"@type\":\"Person\",\"@id\":\"https:\/\/portalnpm.com\/#\/schema\/person\/35cb55186eae3f074b6783da6d35591e\",\"name\":\"Zenilton Lima\",\"image\":{\"@type\":\"ImageObject\",\"inLanguage\":\"pt-BR\",\"@id\":\"https:\/\/portalnpm.com\/#\/schema\/person\/image\/\",\"url\":\"https:\/\/portalnpm.com\/wp-content\/uploads\/2024\/12\/avatar_user_8_1733658137-96x96.jpeg\",\"contentUrl\":\"https:\/\/portalnpm.com\/wp-content\/uploads\/2024\/12\/avatar_user_8_1733658137-96x96.jpeg\",\"caption\":\"Zenilton Lima\"},\"url\":\"https:\/\/portalnpm.com\/index.php\/author\/zenilton\/\"}]}<\/script>\n<!-- \/ Yoast SEO plugin. -->","yoast_head_json":{"title":"Com d\u00e9cimo terceiro (13\u00ba), valor pago pelo Bolsa Fam\u00edlia poder\u00e1 chegar a R$ 744 reais em dezembro - Portal NPM","robots":{"index":"index","follow":"follow","max-snippet":"max-snippet:-1","max-image-preview":"max-image-preview:large","max-video-preview":"max-video-preview:-1"},"canonical":"https:\/\/portalnpm.com\/index.php\/2019\/10\/21\/com-decimo-terceiro-13o-valor-pago-pelo-bolsa-familia-podera-chegar-a-r-744-reais-em-dezembro\/","og_locale":"pt_BR","og_type":"article","og_title":"Com d\u00e9cimo terceiro (13\u00ba), valor pago pelo Bolsa Fam\u00edlia poder\u00e1 chegar a R$ 744 reais em dezembro - Portal NPM","og_description":"Foi na \u00faltima ter\u00e7a-feira (15\/10) que o presidente Jair Bolsonaro assinou a\u00a0Medida Provis\u00f3ria n\u00ba 898\u00a0que confirma o pagamento do d\u00e9cimo terceiro (13\u00ba) do Bolsa Fam\u00edlia para 2019. A libera\u00e7\u00e3o de saque ser\u00e1 feita conforme o calend\u00e1rio de dezembro. Sendo assim, as datas variam conforme o \u00faltimo n\u00famero NIS e os valores devem ser proporcionais ao &hellip;","og_url":"https:\/\/portalnpm.com\/index.php\/2019\/10\/21\/com-decimo-terceiro-13o-valor-pago-pelo-bolsa-familia-podera-chegar-a-r-744-reais-em-dezembro\/","og_site_name":"Portal NPM","article_published_time":"2019-10-21T22:42:11+00:00","author":"Zenilton Lima","twitter_card":"summary_large_image","twitter_misc":{"Escrito por":"Zenilton Lima","Est. tempo de leitura":"6 minutos"},"schema":{"@context":"https:\/\/schema.org","@graph":[{"@type":"WebPage","@id":"https:\/\/portalnpm.com\/index.php\/2019\/10\/21\/com-decimo-terceiro-13o-valor-pago-pelo-bolsa-familia-podera-chegar-a-r-744-reais-em-dezembro\/","url":"https:\/\/portalnpm.com\/index.php\/2019\/10\/21\/com-decimo-terceiro-13o-valor-pago-pelo-bolsa-familia-podera-chegar-a-r-744-reais-em-dezembro\/","name":"Com d\u00e9cimo terceiro (13\u00ba), valor pago pelo Bolsa Fam\u00edlia poder\u00e1 chegar a R$ 744 reais em dezembro - Portal NPM","isPartOf":{"@id":"https:\/\/portalnpm.com\/#website"},"primaryImageOfPage":{"@id":"https:\/\/portalnpm.com\/index.php\/2019\/10\/21\/com-decimo-terceiro-13o-valor-pago-pelo-bolsa-familia-podera-chegar-a-r-744-reais-em-dezembro\/#primaryimage"},"image":{"@id":"https:\/\/portalnpm.com\/index.php\/2019\/10\/21\/com-decimo-terceiro-13o-valor-pago-pelo-bolsa-familia-podera-chegar-a-r-744-reais-em-dezembro\/#primaryimage"},"thumbnailUrl":"","datePublished":"2019-10-21T22:42:11+00:00","dateModified":"2019-10-21T22:42:11+00:00","author":{"@id":"https:\/\/portalnpm.com\/#\/schema\/person\/35cb55186eae3f074b6783da6d35591e"},"breadcrumb":{"@id":"https:\/\/portalnpm.com\/index.php\/2019\/10\/21\/com-decimo-terceiro-13o-valor-pago-pelo-bolsa-familia-podera-chegar-a-r-744-reais-em-dezembro\/#breadcrumb"},"inLanguage":"pt-BR","potentialAction":[{"@type":"ReadAction","target":["https:\/\/portalnpm.com\/index.php\/2019\/10\/21\/com-decimo-terceiro-13o-valor-pago-pelo-bolsa-familia-podera-chegar-a-r-744-reais-em-dezembro\/"]}]},{"@type":"ImageObject","inLanguage":"pt-BR","@id":"https:\/\/portalnpm.com\/index.php\/2019\/10\/21\/com-decimo-terceiro-13o-valor-pago-pelo-bolsa-familia-podera-chegar-a-r-744-reais-em-dezembro\/#primaryimage","url":"","contentUrl":""},{"@type":"BreadcrumbList","@id":"https:\/\/portalnpm.com\/index.php\/2019\/10\/21\/com-decimo-terceiro-13o-valor-pago-pelo-bolsa-familia-podera-chegar-a-r-744-reais-em-dezembro\/#breadcrumb","itemListElement":[{"@type":"ListItem","position":1,"name":"In\u00edcio","item":"https:\/\/portalnpm.com\/"},{"@type":"ListItem","position":2,"name":"Com d\u00e9cimo terceiro (13\u00ba), valor pago pelo Bolsa Fam\u00edlia poder\u00e1 chegar a R$ 744 reais em dezembro"}]},{"@type":"WebSite","@id":"https:\/\/portalnpm.com\/#website","url":"https:\/\/portalnpm.com\/","name":"Portal NPM","description":"Not\u00edcias em Primeira M\u00e3o","potentialAction":[{"@type":"SearchAction","target":{"@type":"EntryPoint","urlTemplate":"https:\/\/portalnpm.com\/?s={search_term_string}"},"query-input":"required name=search_term_string"}],"inLanguage":"pt-BR"},{"@type":"Person","@id":"https:\/\/portalnpm.com\/#\/schema\/person\/35cb55186eae3f074b6783da6d35591e","name":"Zenilton Lima","image":{"@type":"ImageObject","inLanguage":"pt-BR","@id":"https:\/\/portalnpm.com\/#\/schema\/person\/image\/","url":"https:\/\/portalnpm.com\/wp-content\/uploads\/2024\/12\/avatar_user_8_1733658137-96x96.jpeg","contentUrl":"https:\/\/portalnpm.com\/wp-content\/uploads\/2024\/12\/avatar_user_8_1733658137-96x96.jpeg","caption":"Zenilton Lima"},"url":"https:\/\/portalnpm.com\/index.php\/author\/zenilton\/"}]}},"jetpack_sharing_enabled":true,"jetpack_featured_media_url":"","_links":{"self":[{"href":"https:\/\/portalnpm.com\/index.php\/wp-json\/wp\/v2\/posts\/12800"}],"collection":[{"href":"https:\/\/portalnpm.com\/index.php\/wp-json\/wp\/v2\/posts"}],"about":[{"href":"https:\/\/portalnpm.com\/index.php\/wp-json\/wp\/v2\/types\/post"}],"author":[{"embeddable":true,"href":"https:\/\/portalnpm.com\/index.php\/wp-json\/wp\/v2\/users\/8"}],"replies":[{"embeddable":true,"href":"https:\/\/portalnpm.com\/index.php\/wp-json\/wp\/v2\/comments?post=12800"}],"version-history":[{"count":0,"href":"https:\/\/portalnpm.com\/index.php\/wp-json\/wp\/v2\/posts\/12800\/revisions"}],"wp:featuredmedia":[{"embeddable":true,"href":"https:\/\/portalnpm.com\/index.php\/wp-json\/"}],"wp:attachment":[{"href":"https:\/\/portalnpm.com\/index.php\/wp-json\/wp\/v2\/media?parent=12800"}],"wp:term":[{"taxonomy":"category","embeddable":true,"href":"https:\/\/portalnpm.com\/index.php\/wp-json\/wp\/v2\/categories?post=12800"},{"taxonomy":"post_tag","embeddable":true,"href":"https:\/\/portalnpm.com\/index.php\/wp-json\/wp\/v2\/tags?post=12800"}],"curies":[{"name":"wp","href":"https:\/\/api.w.org\/{rel}","templated":true}]}}