{"id":1283,"date":"2018-09-08T12:08:41","date_gmt":"2018-09-08T15:08:41","guid":{"rendered":"http:\/\/srv.portalnpm.com.br\/?p=1283"},"modified":"2018-09-08T12:08:41","modified_gmt":"2018-09-08T15:08:41","slug":"34-prefeitos-do-vale-do-rio-guaribas-declaram-apoio-a-wellington-dias","status":"publish","type":"post","link":"https:\/\/portalnpm.com\/index.php\/2018\/09\/08\/34-prefeitos-do-vale-do-rio-guaribas-declaram-apoio-a-wellington-dias\/","title":{"rendered":"34 prefeitos do Vale do Rio Guaribas declaram apoio a Wellington Dias"},"content":{"rendered":"<p style=\"text-align: justify;\">Em visita ao munic\u00edpio de Bocaina na noite dessa sexta-feira, 07, o governador e candidato \u00e0 reelei\u00e7\u00e3o pela coliga\u00e7\u00e3o \u201cA Vit\u00f3ria com a For\u00e7a do Povo\u201d, Wellington Dias, acompanhado dos candidatos ao Senado Ciro Nogueira (PP) e Marcelo Castro (MDB), recebeu a confirma\u00e7\u00e3o do apoio pol\u00edtico de 34 prefeitos da regi\u00e3o do Vale do Rio Guaribas.<\/p>\n<p style=\"text-align: justify;\">Os candidatos realizaram caminhada na cidade e foram recebidos pelo atual prefeito, Erivelto Barros, e pelo ex-prefeito Francisco Macedo que tamb\u00e9m confirmaram apoio ao time. \u201cOuvi o clamor da popula\u00e7\u00e3o pedindo o apoio ao governador. Wellington Dias \u00e9 um homem do povo que trouxe mais de sete mil metros de cal\u00e7amento para Bocaina e melhorias na sa\u00fade. Quero continuar essa parceria\u201d, declarou Erivelto Barros.<\/p>\n<p style=\"text-align: justify;\">Os avan\u00e7os na educa\u00e7\u00e3o piauiense tamb\u00e9m s\u00e3o reconhecidos pelos populares. Francisco Jos\u00e9, professor da rede estadual de Bocaina, fez seu relato. \u201cEm 2004, Wellington deu oportunidade a todos que estavam cursando Matem\u00e1tica, atrav\u00e9s da realiza\u00e7\u00e3o de teste seletivo para lecionar na Educa\u00e7\u00e3o. Na minha turma eram 30 alunos e todos come\u00e7aram a trabalhar. Ele ofereceu v\u00e1rios concursos e inclusive passei em um deles. Hoje estou professor e o Piau\u00ed paga um dos melhores sal\u00e1rios do Brasil. Tem a folha de pagamento em dia. \u00c9 por isso que irei votar nele novamente\u201d, afirmou.<\/p>\n<p style=\"text-align: justify;\">\u201cSou grato pela forma como fomos recebidos em Bocaina. S\u00e3o dois grupos pol\u00edticos bem definidos em n\u00edvel local, mas que tiveram a maturidade em nos receber e apoiar a nossa chapa. Isso nos d\u00e1 muita responsabilidade e seremos corretos com os l\u00edderes\u201d, retribui o candidato Wellington Dias.<\/p>\n<p style=\"text-align: justify;\">A reuni\u00e3o hist\u00f3rica com prefeitos e prefeitas da regi\u00e3o do Vale do Rio Guaribas, que abrande 42 munic\u00edpios, aconteceu em seguida com a confirma\u00e7\u00e3o do apoio \u00e0 coliga\u00e7\u00e3o. \u201cUm momento hist\u00f3rico. Reafirmo o compromisso de trabalhar e cuidar com muito carinho dessa importante regi\u00e3o\u201d, declarou o governador Wellington Dias.<\/p>\n<p style=\"text-align: justify;\">Os prefeitos presentes apresentaram uma pauta de reivindica\u00e7\u00f5es importante para a regi\u00e3o, como a estrada que liga o munic\u00edpio de Padre Marcos a Sim\u00f5es; a estrada que vai de Picos, Bocaina, S\u00e3o Jo\u00e3o da Canabrava e S\u00e3o Lu\u00eds em dire\u00e7\u00e3o \u00e0 Lagoa do S\u00edtio e Valen\u00e7a \u2013 uma estrada estrat\u00e9gica para o Piau\u00ed e o Brasil j\u00e1 com dinheiro na conta -, e a retomada do novo pr\u00e9dio do hospital local.<\/p>\n<p style=\"text-align: justify;\">\u201cWellington Dias tem feito muita por Vila Nova, principalmente na \u00e1rea de pavimenta\u00e7\u00e3o e na sa\u00fade\u201d, afirmou o prefeito de Vila Nova do Piau\u00ed, Edilson Brito. \u201cConseguimos cal\u00e7amento, ilumina\u00e7\u00e3o, ambul\u00e2ncia e sou muito grato. Por isso pe\u00e7o ao meu povo para ajudar quem fez crescer o nosso munic\u00edpio\u201d, declarou o prefeito de Acau\u00e3, Reginaldo Rodrigues.<\/p>\n<p style=\"text-align: justify;\"><strong>Fonte: Cidade Verde\u00a0<\/strong><\/p>\n","protected":false},"excerpt":{"rendered":"<p>Em visita ao munic\u00edpio de Bocaina na noite dessa sexta-feira, 07, o governador e candidato \u00e0 reelei\u00e7\u00e3o pela coliga\u00e7\u00e3o \u201cA Vit\u00f3ria com a For\u00e7a do Povo\u201d, Wellington Dias, acompanhado dos candidatos ao Senado Ciro Nogueira (PP) e Marcelo Castro (MDB), recebeu a confirma\u00e7\u00e3o do apoio pol\u00edtico de 34 prefeitos da regi\u00e3o do Vale do Rio &hellip;<\/p>\n","protected":false},"author":3,"featured_media":1284,"comment_status":"open","ping_status":"open","sticky":false,"template":"","format":"standard","meta":{"content-type":"","rop_custom_images_group":[],"rop_custom_messages_group":[],"rop_publish_now":"initial","rop_publish_now_accounts":{"facebook_2648258775420054_1618374048415101":""},"rop_publish_now_history":[],"rop_publish_now_status":"pending","footnotes":"","_jetpack_memberships_contains_paid_content":false},"categories":[113,130],"tags":[380,743,407],"yoast_head":"<!-- This site is optimized with the Yoast SEO plugin v22.3 - https:\/\/yoast.com\/wordpress\/plugins\/seo\/ -->\n<title>34 prefeitos do Vale do Rio Guaribas declaram apoio a Wellington Dias - Portal NPM<\/title>\n<meta name=\"robots\" content=\"index, follow, max-snippet:-1, max-image-preview:large, max-video-preview:-1\" \/>\n<link rel=\"canonical\" href=\"https:\/\/portalnpm.com\/index.php\/2018\/09\/08\/34-prefeitos-do-vale-do-rio-guaribas-declaram-apoio-a-wellington-dias\/\" \/>\n<meta property=\"og:locale\" content=\"pt_BR\" \/>\n<meta property=\"og:type\" content=\"article\" \/>\n<meta property=\"og:title\" content=\"34 prefeitos do Vale do Rio Guaribas declaram apoio a Wellington Dias - Portal NPM\" \/>\n<meta property=\"og:description\" content=\"Em visita ao munic\u00edpio de Bocaina na noite dessa sexta-feira, 07, o governador e candidato \u00e0 reelei\u00e7\u00e3o pela coliga\u00e7\u00e3o \u201cA Vit\u00f3ria com a For\u00e7a do Povo\u201d, Wellington Dias, acompanhado dos candidatos ao Senado Ciro Nogueira (PP) e Marcelo Castro (MDB), recebeu a confirma\u00e7\u00e3o do apoio pol\u00edtico de 34 prefeitos da regi\u00e3o do Vale do Rio &hellip;\" \/>\n<meta property=\"og:url\" content=\"https:\/\/portalnpm.com\/index.php\/2018\/09\/08\/34-prefeitos-do-vale-do-rio-guaribas-declaram-apoio-a-wellington-dias\/\" \/>\n<meta property=\"og:site_name\" content=\"Portal NPM\" \/>\n<meta property=\"article:published_time\" content=\"2018-09-08T15:08:41+00:00\" \/>\n<meta property=\"og:image\" content=\"https:\/\/portalnpm.com\/wp-content\/uploads\/2018\/09\/2022bb7a4f5ff813b5fda9dd93e3ce88.jpg\" \/>\n\t<meta property=\"og:image:width\" content=\"750\" \/>\n\t<meta property=\"og:image:height\" content=\"500\" \/>\n\t<meta property=\"og:image:type\" content=\"image\/jpeg\" \/>\n<meta name=\"author\" content=\"Luis Alberto\" \/>\n<meta name=\"twitter:card\" content=\"summary_large_image\" \/>\n<meta name=\"twitter:label1\" content=\"Escrito por\" \/>\n\t<meta name=\"twitter:data1\" content=\"Luis Alberto\" \/>\n\t<meta name=\"twitter:label2\" content=\"Est. tempo de leitura\" \/>\n\t<meta name=\"twitter:data2\" content=\"2 minutos\" \/>\n<script type=\"application\/ld+json\" class=\"yoast-schema-graph\">{\"@context\":\"https:\/\/schema.org\",\"@graph\":[{\"@type\":\"WebPage\",\"@id\":\"https:\/\/portalnpm.com\/index.php\/2018\/09\/08\/34-prefeitos-do-vale-do-rio-guaribas-declaram-apoio-a-wellington-dias\/\",\"url\":\"https:\/\/portalnpm.com\/index.php\/2018\/09\/08\/34-prefeitos-do-vale-do-rio-guaribas-declaram-apoio-a-wellington-dias\/\",\"name\":\"34 prefeitos do Vale do Rio Guaribas declaram apoio a Wellington Dias - Portal NPM\",\"isPartOf\":{\"@id\":\"https:\/\/portalnpm.com\/#website\"},\"primaryImageOfPage\":{\"@id\":\"https:\/\/portalnpm.com\/index.php\/2018\/09\/08\/34-prefeitos-do-vale-do-rio-guaribas-declaram-apoio-a-wellington-dias\/#primaryimage\"},\"image\":{\"@id\":\"https:\/\/portalnpm.com\/index.php\/2018\/09\/08\/34-prefeitos-do-vale-do-rio-guaribas-declaram-apoio-a-wellington-dias\/#primaryimage\"},\"thumbnailUrl\":\"https:\/\/portalnpm.com\/wp-content\/uploads\/2018\/09\/2022bb7a4f5ff813b5fda9dd93e3ce88.jpg\",\"datePublished\":\"2018-09-08T15:08:41+00:00\",\"dateModified\":\"2018-09-08T15:08:41+00:00\",\"author\":{\"@id\":\"https:\/\/portalnpm.com\/#\/schema\/person\/5c8006acdf71774cd4e7a5ab98482152\"},\"breadcrumb\":{\"@id\":\"https:\/\/portalnpm.com\/index.php\/2018\/09\/08\/34-prefeitos-do-vale-do-rio-guaribas-declaram-apoio-a-wellington-dias\/#breadcrumb\"},\"inLanguage\":\"pt-BR\",\"potentialAction\":[{\"@type\":\"ReadAction\",\"target\":[\"https:\/\/portalnpm.com\/index.php\/2018\/09\/08\/34-prefeitos-do-vale-do-rio-guaribas-declaram-apoio-a-wellington-dias\/\"]}]},{\"@type\":\"ImageObject\",\"inLanguage\":\"pt-BR\",\"@id\":\"https:\/\/portalnpm.com\/index.php\/2018\/09\/08\/34-prefeitos-do-vale-do-rio-guaribas-declaram-apoio-a-wellington-dias\/#primaryimage\",\"url\":\"https:\/\/portalnpm.com\/wp-content\/uploads\/2018\/09\/2022bb7a4f5ff813b5fda9dd93e3ce88.jpg\",\"contentUrl\":\"https:\/\/portalnpm.com\/wp-content\/uploads\/2018\/09\/2022bb7a4f5ff813b5fda9dd93e3ce88.jpg\",\"width\":750,\"height\":500},{\"@type\":\"BreadcrumbList\",\"@id\":\"https:\/\/portalnpm.com\/index.php\/2018\/09\/08\/34-prefeitos-do-vale-do-rio-guaribas-declaram-apoio-a-wellington-dias\/#breadcrumb\",\"itemListElement\":[{\"@type\":\"ListItem\",\"position\":1,\"name\":\"In\u00edcio\",\"item\":\"https:\/\/portalnpm.com\/\"},{\"@type\":\"ListItem\",\"position\":2,\"name\":\"34 prefeitos do Vale do Rio Guaribas declaram apoio a Wellington Dias\"}]},{\"@type\":\"WebSite\",\"@id\":\"https:\/\/portalnpm.com\/#website\",\"url\":\"https:\/\/portalnpm.com\/\",\"name\":\"Portal NPM\",\"description\":\"Not\u00edcias em Primeira M\u00e3o\",\"potentialAction\":[{\"@type\":\"SearchAction\",\"target\":{\"@type\":\"EntryPoint\",\"urlTemplate\":\"https:\/\/portalnpm.com\/?s={search_term_string}\"},\"query-input\":\"required name=search_term_string\"}],\"inLanguage\":\"pt-BR\"},{\"@type\":\"Person\",\"@id\":\"https:\/\/portalnpm.com\/#\/schema\/person\/5c8006acdf71774cd4e7a5ab98482152\",\"name\":\"Luis Alberto\",\"image\":{\"@type\":\"ImageObject\",\"inLanguage\":\"pt-BR\",\"@id\":\"https:\/\/portalnpm.com\/#\/schema\/person\/image\/\",\"url\":\"https:\/\/portalnpm.com\/wp-content\/uploads\/2024\/12\/avatar_user_3_1734699769-96x96.jpeg\",\"contentUrl\":\"https:\/\/portalnpm.com\/wp-content\/uploads\/2024\/12\/avatar_user_3_1734699769-96x96.jpeg\",\"caption\":\"Luis Alberto\"},\"description\":\"Editor-geral do Portal NPM, \u00e9 formado como T\u00e9cnico em Seguran\u00e7a do Trabalho pela Escola Metropolitana de Cursos T\u00e9cnicos. Det\u00e9m ainda licenciatura em Educa\u00e7\u00e3o F\u00edsica e bacharelado em Ci\u00eancias Pol\u00edticas, ambos obtidos pela institui\u00e7\u00e3o Anhanguera\/UNOPAR.\",\"url\":\"https:\/\/portalnpm.com\/index.php\/author\/pereira\/\"}]}<\/script>\n<!-- \/ Yoast SEO plugin. -->","yoast_head_json":{"title":"34 prefeitos do Vale do Rio Guaribas declaram apoio a Wellington Dias - Portal NPM","robots":{"index":"index","follow":"follow","max-snippet":"max-snippet:-1","max-image-preview":"max-image-preview:large","max-video-preview":"max-video-preview:-1"},"canonical":"https:\/\/portalnpm.com\/index.php\/2018\/09\/08\/34-prefeitos-do-vale-do-rio-guaribas-declaram-apoio-a-wellington-dias\/","og_locale":"pt_BR","og_type":"article","og_title":"34 prefeitos do Vale do Rio Guaribas declaram apoio a Wellington Dias - Portal NPM","og_description":"Em visita ao munic\u00edpio de Bocaina na noite dessa sexta-feira, 07, o governador e candidato \u00e0 reelei\u00e7\u00e3o pela coliga\u00e7\u00e3o \u201cA Vit\u00f3ria com a For\u00e7a do Povo\u201d, Wellington Dias, acompanhado dos candidatos ao Senado Ciro Nogueira (PP) e Marcelo Castro (MDB), recebeu a confirma\u00e7\u00e3o do apoio pol\u00edtico de 34 prefeitos da regi\u00e3o do Vale do Rio &hellip;","og_url":"https:\/\/portalnpm.com\/index.php\/2018\/09\/08\/34-prefeitos-do-vale-do-rio-guaribas-declaram-apoio-a-wellington-dias\/","og_site_name":"Portal NPM","article_published_time":"2018-09-08T15:08:41+00:00","og_image":[{"width":750,"height":500,"url":"https:\/\/portalnpm.com\/wp-content\/uploads\/2018\/09\/2022bb7a4f5ff813b5fda9dd93e3ce88.jpg","type":"image\/jpeg"}],"author":"Luis Alberto","twitter_card":"summary_large_image","twitter_misc":{"Escrito por":"Luis Alberto","Est. tempo de leitura":"2 minutos"},"schema":{"@context":"https:\/\/schema.org","@graph":[{"@type":"WebPage","@id":"https:\/\/portalnpm.com\/index.php\/2018\/09\/08\/34-prefeitos-do-vale-do-rio-guaribas-declaram-apoio-a-wellington-dias\/","url":"https:\/\/portalnpm.com\/index.php\/2018\/09\/08\/34-prefeitos-do-vale-do-rio-guaribas-declaram-apoio-a-wellington-dias\/","name":"34 prefeitos do Vale do Rio Guaribas declaram apoio a Wellington Dias - Portal NPM","isPartOf":{"@id":"https:\/\/portalnpm.com\/#website"},"primaryImageOfPage":{"@id":"https:\/\/portalnpm.com\/index.php\/2018\/09\/08\/34-prefeitos-do-vale-do-rio-guaribas-declaram-apoio-a-wellington-dias\/#primaryimage"},"image":{"@id":"https:\/\/portalnpm.com\/index.php\/2018\/09\/08\/34-prefeitos-do-vale-do-rio-guaribas-declaram-apoio-a-wellington-dias\/#primaryimage"},"thumbnailUrl":"https:\/\/portalnpm.com\/wp-content\/uploads\/2018\/09\/2022bb7a4f5ff813b5fda9dd93e3ce88.jpg","datePublished":"2018-09-08T15:08:41+00:00","dateModified":"2018-09-08T15:08:41+00:00","author":{"@id":"https:\/\/portalnpm.com\/#\/schema\/person\/5c8006acdf71774cd4e7a5ab98482152"},"breadcrumb":{"@id":"https:\/\/portalnpm.com\/index.php\/2018\/09\/08\/34-prefeitos-do-vale-do-rio-guaribas-declaram-apoio-a-wellington-dias\/#breadcrumb"},"inLanguage":"pt-BR","potentialAction":[{"@type":"ReadAction","target":["https:\/\/portalnpm.com\/index.php\/2018\/09\/08\/34-prefeitos-do-vale-do-rio-guaribas-declaram-apoio-a-wellington-dias\/"]}]},{"@type":"ImageObject","inLanguage":"pt-BR","@id":"https:\/\/portalnpm.com\/index.php\/2018\/09\/08\/34-prefeitos-do-vale-do-rio-guaribas-declaram-apoio-a-wellington-dias\/#primaryimage","url":"https:\/\/portalnpm.com\/wp-content\/uploads\/2018\/09\/2022bb7a4f5ff813b5fda9dd93e3ce88.jpg","contentUrl":"https:\/\/portalnpm.com\/wp-content\/uploads\/2018\/09\/2022bb7a4f5ff813b5fda9dd93e3ce88.jpg","width":750,"height":500},{"@type":"BreadcrumbList","@id":"https:\/\/portalnpm.com\/index.php\/2018\/09\/08\/34-prefeitos-do-vale-do-rio-guaribas-declaram-apoio-a-wellington-dias\/#breadcrumb","itemListElement":[{"@type":"ListItem","position":1,"name":"In\u00edcio","item":"https:\/\/portalnpm.com\/"},{"@type":"ListItem","position":2,"name":"34 prefeitos do Vale do Rio Guaribas declaram apoio a Wellington Dias"}]},{"@type":"WebSite","@id":"https:\/\/portalnpm.com\/#website","url":"https:\/\/portalnpm.com\/","name":"Portal NPM","description":"Not\u00edcias em Primeira M\u00e3o","potentialAction":[{"@type":"SearchAction","target":{"@type":"EntryPoint","urlTemplate":"https:\/\/portalnpm.com\/?s={search_term_string}"},"query-input":"required name=search_term_string"}],"inLanguage":"pt-BR"},{"@type":"Person","@id":"https:\/\/portalnpm.com\/#\/schema\/person\/5c8006acdf71774cd4e7a5ab98482152","name":"Luis Alberto","image":{"@type":"ImageObject","inLanguage":"pt-BR","@id":"https:\/\/portalnpm.com\/#\/schema\/person\/image\/","url":"https:\/\/portalnpm.com\/wp-content\/uploads\/2024\/12\/avatar_user_3_1734699769-96x96.jpeg","contentUrl":"https:\/\/portalnpm.com\/wp-content\/uploads\/2024\/12\/avatar_user_3_1734699769-96x96.jpeg","caption":"Luis Alberto"},"description":"Editor-geral do Portal NPM, \u00e9 formado como T\u00e9cnico em Seguran\u00e7a do Trabalho pela Escola Metropolitana de Cursos T\u00e9cnicos. Det\u00e9m ainda licenciatura em Educa\u00e7\u00e3o F\u00edsica e bacharelado em Ci\u00eancias Pol\u00edticas, ambos obtidos pela institui\u00e7\u00e3o Anhanguera\/UNOPAR.","url":"https:\/\/portalnpm.com\/index.php\/author\/pereira\/"}]}},"jetpack_sharing_enabled":true,"jetpack_featured_media_url":"https:\/\/portalnpm.com\/wp-content\/uploads\/2018\/09\/2022bb7a4f5ff813b5fda9dd93e3ce88.jpg","_links":{"self":[{"href":"https:\/\/portalnpm.com\/index.php\/wp-json\/wp\/v2\/posts\/1283"}],"collection":[{"href":"https:\/\/portalnpm.com\/index.php\/wp-json\/wp\/v2\/posts"}],"about":[{"href":"https:\/\/portalnpm.com\/index.php\/wp-json\/wp\/v2\/types\/post"}],"author":[{"embeddable":true,"href":"https:\/\/portalnpm.com\/index.php\/wp-json\/wp\/v2\/users\/3"}],"replies":[{"embeddable":true,"href":"https:\/\/portalnpm.com\/index.php\/wp-json\/wp\/v2\/comments?post=1283"}],"version-history":[{"count":0,"href":"https:\/\/portalnpm.com\/index.php\/wp-json\/wp\/v2\/posts\/1283\/revisions"}],"wp:featuredmedia":[{"embeddable":true,"href":"https:\/\/portalnpm.com\/index.php\/wp-json\/wp\/v2\/media\/1284"}],"wp:attachment":[{"href":"https:\/\/portalnpm.com\/index.php\/wp-json\/wp\/v2\/media?parent=1283"}],"wp:term":[{"taxonomy":"category","embeddable":true,"href":"https:\/\/portalnpm.com\/index.php\/wp-json\/wp\/v2\/categories?post=1283"},{"taxonomy":"post_tag","embeddable":true,"href":"https:\/\/portalnpm.com\/index.php\/wp-json\/wp\/v2\/tags?post=1283"}],"curies":[{"name":"wp","href":"https:\/\/api.w.org\/{rel}","templated":true}]}}