{"id":12844,"date":"2019-10-22T11:30:16","date_gmt":"2019-10-22T14:30:16","guid":{"rendered":"http:\/\/srv.portalnpm.com.br\/?p=12844"},"modified":"2019-10-22T11:30:16","modified_gmt":"2019-10-22T14:30:16","slug":"luan-fica-fora-de-treino-e-deve-desfalcar-o-gremio-contra-o-flamengo","status":"publish","type":"post","link":"https:\/\/portalnpm.com\/index.php\/2019\/10\/22\/luan-fica-fora-de-treino-e-deve-desfalcar-o-gremio-contra-o-flamengo\/","title":{"rendered":"Luan fica fora de treino e deve desfalcar o Gr\u00eamio contra o Flamengo"},"content":{"rendered":"<p style=\"text-align: justify;\">Com dores no p\u00e9 direito, Luan deve desfalcar o Gr\u00eamio, nesta quarta-feira, \u00e0s 21h30, no Maracan\u00e3, diante do Flamengo, no jogo de volta da semifinal da Copa Libertadores. O atacante, que chegou mancando no hotel domingo \u00e0 noite onde o elenco do time ga\u00facho est\u00e1 hospedado no Rio, n\u00e3o participou do treino da tarde de segunda-feira, no CT do Fluminense.<\/p>\n<p>&nbsp;<\/p>\n<p style=\"text-align: justify;\">Outro que n\u00e3o deve ficar \u00e1 disposi\u00e7\u00e3o do t\u00e9cnico Renato Ga\u00facho \u00e9 Jean Pyerre. O jogador teve uma les\u00e3o muscular na coxa direita h\u00e1 um m\u00eas e nesta segunda-feira ficou apenas \u00e0 beira do gramado, observando o trabalho feito pelos companheiros. Em compensa\u00e7\u00e3o, Maicon e Pedro Geromel, que tamb\u00e9m n\u00e3o participaram da atividade, foram apenas poupados e devem atuar na decis\u00e3o do Maracan\u00e3.<\/p>\n<p style=\"text-align: justify;\">A primeira parte do treino foi com os port\u00f5es fechados \u00e0 imprensa. Quando o acesso foi permitido, o grupo participava de um trabalho t\u00e9cnico em campo reduzido, limitado a tr\u00eas toques na bola por jogador. Renato dividiu os atletas em tr\u00eas times com oito jogadores que se enfrentavam alternadamente. Os outros oito que estavam de fora tamb\u00e9m auxiliavam podendo dar um toque quando a bola saia pelas laterais ou linhas de fundo.<\/p>\n<p style=\"text-align: justify;\">O elenco gremista volta a treinar na tarde desta ter\u00e7a-feira, novamente no CT do Fluminense. Ser\u00e1 o \u00faltimo trabalho antes do confronto diante do Flamengo. Uma prov\u00e1vel escala\u00e7\u00e3o do time tem: Paulo Victor; L\u00e9o Moura, Geromel, Kannemann e Bruno Cortez; Maicon, Matheus Henrique, Thaciano (Michel), Alisson e Everton; Diego Tardelli.<\/p>\n<p style=\"text-align: justify;\">O segundo jogo entre Flamengo e Gr\u00eamio ser\u00e1 disputado na quarta-feira, \u00e0s 21h30. Um novo empate por 1 a 1 leva a decis\u00e3o para os p\u00eanaltis. Uma igualdade sem gols d\u00e1 a vaga para os cariocas, enquanto qualquer outro empate classifica os ga\u00fachos. Quem avan\u00e7ar vai enfrentar o vencedor do duelo argentino entre Boca Juniors e River Plate, marcado para esta ter\u00e7a-feira. No primeiro confronto, o River ganhou por 2 a 0.<\/p>\n<p style=\"text-align: justify;\"><strong>Fonte<\/strong>: Estad\u00e3o Conte\u00fado<\/p>\n","protected":false},"excerpt":{"rendered":"<p>Com dores no p\u00e9 direito, Luan deve desfalcar o Gr\u00eamio, nesta quarta-feira, \u00e0s 21h30, no Maracan\u00e3, diante do Flamengo, no jogo de volta da semifinal da Copa Libertadores. O atacante, que chegou mancando no hotel domingo \u00e0 noite onde o elenco do time ga\u00facho est\u00e1 hospedado no Rio, n\u00e3o participou do treino da tarde de &hellip;<\/p>\n","protected":false},"author":8,"featured_media":12845,"comment_status":"open","ping_status":"open","sticky":false,"template":"","format":"standard","meta":{"content-type":"","rop_custom_images_group":[],"rop_custom_messages_group":[],"rop_publish_now":"initial","rop_publish_now_accounts":{"facebook_2648258775420054_1618374048415101":""},"rop_publish_now_history":[],"rop_publish_now_status":"pending","footnotes":"","_jetpack_memberships_contains_paid_content":false},"categories":[108,125],"tags":[550,865,158],"yoast_head":"<!-- This site is optimized with the Yoast SEO plugin v22.3 - https:\/\/yoast.com\/wordpress\/plugins\/seo\/ -->\n<title>Luan fica fora de treino e deve desfalcar o Gr\u00eamio contra o Flamengo - Portal NPM<\/title>\n<meta name=\"robots\" content=\"index, follow, max-snippet:-1, max-image-preview:large, max-video-preview:-1\" \/>\n<link rel=\"canonical\" href=\"https:\/\/portalnpm.com\/index.php\/2019\/10\/22\/luan-fica-fora-de-treino-e-deve-desfalcar-o-gremio-contra-o-flamengo\/\" \/>\n<meta property=\"og:locale\" content=\"pt_BR\" \/>\n<meta property=\"og:type\" content=\"article\" \/>\n<meta property=\"og:title\" content=\"Luan fica fora de treino e deve desfalcar o Gr\u00eamio contra o Flamengo - Portal NPM\" \/>\n<meta property=\"og:description\" content=\"Com dores no p\u00e9 direito, Luan deve desfalcar o Gr\u00eamio, nesta quarta-feira, \u00e0s 21h30, no Maracan\u00e3, diante do Flamengo, no jogo de volta da semifinal da Copa Libertadores. O atacante, que chegou mancando no hotel domingo \u00e0 noite onde o elenco do time ga\u00facho est\u00e1 hospedado no Rio, n\u00e3o participou do treino da tarde de &hellip;\" \/>\n<meta property=\"og:url\" content=\"https:\/\/portalnpm.com\/index.php\/2019\/10\/22\/luan-fica-fora-de-treino-e-deve-desfalcar-o-gremio-contra-o-flamengo\/\" \/>\n<meta property=\"og:site_name\" content=\"Portal NPM\" \/>\n<meta property=\"article:published_time\" content=\"2019-10-22T14:30:16+00:00\" \/>\n<meta name=\"author\" content=\"Zenilton Lima\" \/>\n<meta name=\"twitter:card\" content=\"summary_large_image\" \/>\n<meta name=\"twitter:label1\" content=\"Escrito por\" \/>\n\t<meta name=\"twitter:data1\" content=\"Zenilton Lima\" \/>\n\t<meta name=\"twitter:label2\" content=\"Est. tempo de leitura\" \/>\n\t<meta name=\"twitter:data2\" content=\"2 minutos\" \/>\n<script type=\"application\/ld+json\" class=\"yoast-schema-graph\">{\"@context\":\"https:\/\/schema.org\",\"@graph\":[{\"@type\":\"WebPage\",\"@id\":\"https:\/\/portalnpm.com\/index.php\/2019\/10\/22\/luan-fica-fora-de-treino-e-deve-desfalcar-o-gremio-contra-o-flamengo\/\",\"url\":\"https:\/\/portalnpm.com\/index.php\/2019\/10\/22\/luan-fica-fora-de-treino-e-deve-desfalcar-o-gremio-contra-o-flamengo\/\",\"name\":\"Luan fica fora de treino e deve desfalcar o Gr\u00eamio contra o Flamengo - Portal NPM\",\"isPartOf\":{\"@id\":\"https:\/\/portalnpm.com\/#website\"},\"primaryImageOfPage\":{\"@id\":\"https:\/\/portalnpm.com\/index.php\/2019\/10\/22\/luan-fica-fora-de-treino-e-deve-desfalcar-o-gremio-contra-o-flamengo\/#primaryimage\"},\"image\":{\"@id\":\"https:\/\/portalnpm.com\/index.php\/2019\/10\/22\/luan-fica-fora-de-treino-e-deve-desfalcar-o-gremio-contra-o-flamengo\/#primaryimage\"},\"thumbnailUrl\":\"\",\"datePublished\":\"2019-10-22T14:30:16+00:00\",\"dateModified\":\"2019-10-22T14:30:16+00:00\",\"author\":{\"@id\":\"https:\/\/portalnpm.com\/#\/schema\/person\/35cb55186eae3f074b6783da6d35591e\"},\"breadcrumb\":{\"@id\":\"https:\/\/portalnpm.com\/index.php\/2019\/10\/22\/luan-fica-fora-de-treino-e-deve-desfalcar-o-gremio-contra-o-flamengo\/#breadcrumb\"},\"inLanguage\":\"pt-BR\",\"potentialAction\":[{\"@type\":\"ReadAction\",\"target\":[\"https:\/\/portalnpm.com\/index.php\/2019\/10\/22\/luan-fica-fora-de-treino-e-deve-desfalcar-o-gremio-contra-o-flamengo\/\"]}]},{\"@type\":\"ImageObject\",\"inLanguage\":\"pt-BR\",\"@id\":\"https:\/\/portalnpm.com\/index.php\/2019\/10\/22\/luan-fica-fora-de-treino-e-deve-desfalcar-o-gremio-contra-o-flamengo\/#primaryimage\",\"url\":\"\",\"contentUrl\":\"\"},{\"@type\":\"BreadcrumbList\",\"@id\":\"https:\/\/portalnpm.com\/index.php\/2019\/10\/22\/luan-fica-fora-de-treino-e-deve-desfalcar-o-gremio-contra-o-flamengo\/#breadcrumb\",\"itemListElement\":[{\"@type\":\"ListItem\",\"position\":1,\"name\":\"In\u00edcio\",\"item\":\"https:\/\/portalnpm.com\/\"},{\"@type\":\"ListItem\",\"position\":2,\"name\":\"Luan fica fora de treino e deve desfalcar o Gr\u00eamio contra o Flamengo\"}]},{\"@type\":\"WebSite\",\"@id\":\"https:\/\/portalnpm.com\/#website\",\"url\":\"https:\/\/portalnpm.com\/\",\"name\":\"Portal NPM\",\"description\":\"Not\u00edcias em Primeira M\u00e3o\",\"potentialAction\":[{\"@type\":\"SearchAction\",\"target\":{\"@type\":\"EntryPoint\",\"urlTemplate\":\"https:\/\/portalnpm.com\/?s={search_term_string}\"},\"query-input\":\"required name=search_term_string\"}],\"inLanguage\":\"pt-BR\"},{\"@type\":\"Person\",\"@id\":\"https:\/\/portalnpm.com\/#\/schema\/person\/35cb55186eae3f074b6783da6d35591e\",\"name\":\"Zenilton Lima\",\"image\":{\"@type\":\"ImageObject\",\"inLanguage\":\"pt-BR\",\"@id\":\"https:\/\/portalnpm.com\/#\/schema\/person\/image\/\",\"url\":\"https:\/\/portalnpm.com\/wp-content\/uploads\/2024\/12\/avatar_user_8_1733658137-96x96.jpeg\",\"contentUrl\":\"https:\/\/portalnpm.com\/wp-content\/uploads\/2024\/12\/avatar_user_8_1733658137-96x96.jpeg\",\"caption\":\"Zenilton Lima\"},\"url\":\"https:\/\/portalnpm.com\/index.php\/author\/zenilton\/\"}]}<\/script>\n<!-- \/ Yoast SEO plugin. -->","yoast_head_json":{"title":"Luan fica fora de treino e deve desfalcar o Gr\u00eamio contra o Flamengo - Portal NPM","robots":{"index":"index","follow":"follow","max-snippet":"max-snippet:-1","max-image-preview":"max-image-preview:large","max-video-preview":"max-video-preview:-1"},"canonical":"https:\/\/portalnpm.com\/index.php\/2019\/10\/22\/luan-fica-fora-de-treino-e-deve-desfalcar-o-gremio-contra-o-flamengo\/","og_locale":"pt_BR","og_type":"article","og_title":"Luan fica fora de treino e deve desfalcar o Gr\u00eamio contra o Flamengo - Portal NPM","og_description":"Com dores no p\u00e9 direito, Luan deve desfalcar o Gr\u00eamio, nesta quarta-feira, \u00e0s 21h30, no Maracan\u00e3, diante do Flamengo, no jogo de volta da semifinal da Copa Libertadores. O atacante, que chegou mancando no hotel domingo \u00e0 noite onde o elenco do time ga\u00facho est\u00e1 hospedado no Rio, n\u00e3o participou do treino da tarde de &hellip;","og_url":"https:\/\/portalnpm.com\/index.php\/2019\/10\/22\/luan-fica-fora-de-treino-e-deve-desfalcar-o-gremio-contra-o-flamengo\/","og_site_name":"Portal NPM","article_published_time":"2019-10-22T14:30:16+00:00","author":"Zenilton Lima","twitter_card":"summary_large_image","twitter_misc":{"Escrito por":"Zenilton Lima","Est. tempo de leitura":"2 minutos"},"schema":{"@context":"https:\/\/schema.org","@graph":[{"@type":"WebPage","@id":"https:\/\/portalnpm.com\/index.php\/2019\/10\/22\/luan-fica-fora-de-treino-e-deve-desfalcar-o-gremio-contra-o-flamengo\/","url":"https:\/\/portalnpm.com\/index.php\/2019\/10\/22\/luan-fica-fora-de-treino-e-deve-desfalcar-o-gremio-contra-o-flamengo\/","name":"Luan fica fora de treino e deve desfalcar o Gr\u00eamio contra o Flamengo - Portal NPM","isPartOf":{"@id":"https:\/\/portalnpm.com\/#website"},"primaryImageOfPage":{"@id":"https:\/\/portalnpm.com\/index.php\/2019\/10\/22\/luan-fica-fora-de-treino-e-deve-desfalcar-o-gremio-contra-o-flamengo\/#primaryimage"},"image":{"@id":"https:\/\/portalnpm.com\/index.php\/2019\/10\/22\/luan-fica-fora-de-treino-e-deve-desfalcar-o-gremio-contra-o-flamengo\/#primaryimage"},"thumbnailUrl":"","datePublished":"2019-10-22T14:30:16+00:00","dateModified":"2019-10-22T14:30:16+00:00","author":{"@id":"https:\/\/portalnpm.com\/#\/schema\/person\/35cb55186eae3f074b6783da6d35591e"},"breadcrumb":{"@id":"https:\/\/portalnpm.com\/index.php\/2019\/10\/22\/luan-fica-fora-de-treino-e-deve-desfalcar-o-gremio-contra-o-flamengo\/#breadcrumb"},"inLanguage":"pt-BR","potentialAction":[{"@type":"ReadAction","target":["https:\/\/portalnpm.com\/index.php\/2019\/10\/22\/luan-fica-fora-de-treino-e-deve-desfalcar-o-gremio-contra-o-flamengo\/"]}]},{"@type":"ImageObject","inLanguage":"pt-BR","@id":"https:\/\/portalnpm.com\/index.php\/2019\/10\/22\/luan-fica-fora-de-treino-e-deve-desfalcar-o-gremio-contra-o-flamengo\/#primaryimage","url":"","contentUrl":""},{"@type":"BreadcrumbList","@id":"https:\/\/portalnpm.com\/index.php\/2019\/10\/22\/luan-fica-fora-de-treino-e-deve-desfalcar-o-gremio-contra-o-flamengo\/#breadcrumb","itemListElement":[{"@type":"ListItem","position":1,"name":"In\u00edcio","item":"https:\/\/portalnpm.com\/"},{"@type":"ListItem","position":2,"name":"Luan fica fora de treino e deve desfalcar o Gr\u00eamio contra o Flamengo"}]},{"@type":"WebSite","@id":"https:\/\/portalnpm.com\/#website","url":"https:\/\/portalnpm.com\/","name":"Portal NPM","description":"Not\u00edcias em Primeira M\u00e3o","potentialAction":[{"@type":"SearchAction","target":{"@type":"EntryPoint","urlTemplate":"https:\/\/portalnpm.com\/?s={search_term_string}"},"query-input":"required name=search_term_string"}],"inLanguage":"pt-BR"},{"@type":"Person","@id":"https:\/\/portalnpm.com\/#\/schema\/person\/35cb55186eae3f074b6783da6d35591e","name":"Zenilton Lima","image":{"@type":"ImageObject","inLanguage":"pt-BR","@id":"https:\/\/portalnpm.com\/#\/schema\/person\/image\/","url":"https:\/\/portalnpm.com\/wp-content\/uploads\/2024\/12\/avatar_user_8_1733658137-96x96.jpeg","contentUrl":"https:\/\/portalnpm.com\/wp-content\/uploads\/2024\/12\/avatar_user_8_1733658137-96x96.jpeg","caption":"Zenilton Lima"},"url":"https:\/\/portalnpm.com\/index.php\/author\/zenilton\/"}]}},"jetpack_sharing_enabled":true,"jetpack_featured_media_url":"","_links":{"self":[{"href":"https:\/\/portalnpm.com\/index.php\/wp-json\/wp\/v2\/posts\/12844"}],"collection":[{"href":"https:\/\/portalnpm.com\/index.php\/wp-json\/wp\/v2\/posts"}],"about":[{"href":"https:\/\/portalnpm.com\/index.php\/wp-json\/wp\/v2\/types\/post"}],"author":[{"embeddable":true,"href":"https:\/\/portalnpm.com\/index.php\/wp-json\/wp\/v2\/users\/8"}],"replies":[{"embeddable":true,"href":"https:\/\/portalnpm.com\/index.php\/wp-json\/wp\/v2\/comments?post=12844"}],"version-history":[{"count":0,"href":"https:\/\/portalnpm.com\/index.php\/wp-json\/wp\/v2\/posts\/12844\/revisions"}],"wp:featuredmedia":[{"embeddable":true,"href":"https:\/\/portalnpm.com\/index.php\/wp-json\/"}],"wp:attachment":[{"href":"https:\/\/portalnpm.com\/index.php\/wp-json\/wp\/v2\/media?parent=12844"}],"wp:term":[{"taxonomy":"category","embeddable":true,"href":"https:\/\/portalnpm.com\/index.php\/wp-json\/wp\/v2\/categories?post=12844"},{"taxonomy":"post_tag","embeddable":true,"href":"https:\/\/portalnpm.com\/index.php\/wp-json\/wp\/v2\/tags?post=12844"}],"curies":[{"name":"wp","href":"https:\/\/api.w.org\/{rel}","templated":true}]}}