{"id":12868,"date":"2019-10-23T16:50:42","date_gmt":"2019-10-23T19:50:42","guid":{"rendered":"http:\/\/srv.portalnpm.com.br\/?p=12868"},"modified":"2019-10-23T16:50:42","modified_gmt":"2019-10-23T19:50:42","slug":"bolsonaro-nao-descarta-pedir-suspensao-da-argentina-do-mercosul","status":"publish","type":"post","link":"https:\/\/portalnpm.com\/index.php\/2019\/10\/23\/bolsonaro-nao-descarta-pedir-suspensao-da-argentina-do-mercosul\/","title":{"rendered":"Bolsonaro n\u00e3o descarta pedir suspens\u00e3o da Argentina do Mercosul"},"content":{"rendered":"<p style=\"text-align: justify;\">Em seu \u00faltimo dia de viagem ao Jap\u00e3o, o presidente Jair Bolsonaro disse nesta quarta-feira (23) que a elei\u00e7\u00e3o da chapa de esquerda Alberto Fern\u00e1ndez e Cristina Kirchner pode colocar em risco o Mercosul.<\/p>\n<p style=\"text-align: justify;\">\n<p style=\"text-align: justify;\">Em conversa com a imprensa, o presidente disse que caso a Argentina atrapalhe um movimento de abertura de mercado do bloco comercial, ele pode pedir uma reuni\u00e3o com Uruguai e Paraguai para tomar alguma medida.<\/p>\n<p style=\"text-align: justify;\">&#8220;N\u00f3s sabemos que a volta da turma do Foro de S\u00e3o Paulo e da Cristina Kirchner para o governo argentino pode, sim, colocar em risco todo Mercosul. E se possivelmente colocando em risco todo o Mercosul, repito, possivelmente, voc\u00ea tem de ter uma alternativa no bolso&#8221;, disse.<br \/>\nO presidente sinalizou a possibilidade de um pedido de suspens\u00e3o da Argentina ao lembrar que medida semelhante foi adotada, em 2012, contra o Paraguai. Na \u00e9poca, a decis\u00e3o foi tomada por conta da deposi\u00e7\u00e3o do ent\u00e3o presidente paraguaio Fernando Lugo, ap\u00f3s r\u00e1pido processo de impeachment.<\/p>\n<p style=\"text-align: justify;\">&#8220;O que n\u00f3s queremos \u00e9 que a Argentina continue na quest\u00e3o comercial, caso a oposi\u00e7\u00e3o ven\u00e7a, da mesma forma do [presidente Mauricio] Macri. Caso contr\u00e1rio, podemos nos reunir com o Uruguai e o Paraguai&#8221;, disse.<\/p>\n<p style=\"text-align: justify;\">Segundo ele, o prop\u00f3sito do governo brasileiro n\u00e3o \u00e9 o de facilitar que grupos de esquerda formem, de acordo com ele, &#8220;uma grande p\u00e1tria bolivariana, como queriam os governantes daquela \u00e9poca&#8221;.<\/p>\n<p style=\"text-align: justify;\">&#8220;A nossa ideia \u00e9 sim, de fato, abrir o mercado e fazer com\u00e9rcio com o mundo todo&#8221;, disse Bolsonaro.<\/p>\n<p style=\"text-align: justify;\">Com a onda de protestos no Chile iniciada ap\u00f3s a possibilidade de aumento da tarifa de transporte, o presidente tem acusado partidos de esquerda de tentarem desestabilizar governos de centro-direita para retornar ao poder.<\/p>\n<p style=\"text-align: justify;\">Em encontro com empres\u00e1rios brasileiros, o ministro-chefe do GSI (Gabinete de Seguran\u00e7a Institucional), Augusto Heleno, que acompanha Bolsonaro na viagem ao Jap\u00e3o, acusou a &#8220;esquerda radical&#8221; de estar desesperada com &#8220;a perda do poder&#8221; na Am\u00e9rica do Sul.<br \/>\n&#8220;Neste momento na Am\u00e9rica do Sul, estamos vivendo um per\u00edodo dif\u00edcil, em que a esquerda radical, desesperada com a perda do poder, vai jogar todas as suas fichas na mesa para conturbar a vida dos pa\u00edses sul-americanos e tentar retornar ao poder de qualquer maneira&#8221;, criticou.<\/p>\n<p style=\"text-align: justify;\">O presidente disse que o Brasil tem monitorado a situa\u00e7\u00e3o de instabilidade e que pediu ao Minist\u00e9rio da Defesa que fique em alerta para, se for o caso, utilizar as For\u00e7as Armadas para evitar confrontos e tumultos no pa\u00eds.<\/p>\n<p style=\"text-align: justify;\">&#8220;Conversei com o ministro de Defesa sobre a possibilidade de ter movimentos como tivemos no passado, parecidos como que est\u00e1 acontecendo no Chile&#8221;, afirmou.<br \/>\nEle citou o artigo 142 da Constitui\u00e7\u00e3o, segundo o qual as For\u00e7as Armadas t\u00eam como atribui\u00e7\u00f5es a defesa do pa\u00eds, a &#8220;garantia dos poderes constitucionais&#8221; e, se convocadas por um dos tr\u00eas poderes, a garantia &#8220;da lei e da ordem&#8221;.<\/p>\n<p style=\"text-align: justify;\">\u00c9 com base nesse dispositivo que os militares foram chamados a participar de atividades de natureza policial nos \u00faltimos anos, como durante a interven\u00e7\u00e3o decretada pelo ex-presidente Michel Temer (MDB) na seguran\u00e7a do Rio de Janeiro.<\/p>\n<p style=\"text-align: justify;\">&#8220;Logicamente, essa conversa ele [ministro da Defesa] leva a seus comandantes. E a gente se prepara para usar o artigo 142, que \u00e9 pela manuten\u00e7\u00e3o da lei e da ordem caso eles [For\u00e7as Armadas] venham a ser convocados por um dos tr\u00eas poderes&#8221;, disse.<\/p>\n<p style=\"text-align: justify;\">Fonte: FolhaPress<\/p>\n","protected":false},"excerpt":{"rendered":"<p>Em seu \u00faltimo dia de viagem ao Jap\u00e3o, o presidente Jair Bolsonaro disse nesta quarta-feira (23) que a elei\u00e7\u00e3o da chapa de esquerda Alberto Fern\u00e1ndez e Cristina Kirchner pode colocar em risco o Mercosul. Em conversa com a imprensa, o presidente disse que caso a Argentina atrapalhe um movimento de abertura de mercado do bloco &hellip;<\/p>\n","protected":false},"author":3,"featured_media":12869,"comment_status":"open","ping_status":"open","sticky":false,"template":"","format":"standard","meta":{"content-type":"","rop_custom_images_group":[],"rop_custom_messages_group":[],"rop_publish_now":"initial","rop_publish_now_accounts":{"facebook_2648258775420054_1618374048415101":""},"rop_publish_now_history":[],"rop_publish_now_status":"pending","footnotes":"","_jetpack_memberships_contains_paid_content":false},"categories":[125],"tags":[1110,680,3492],"yoast_head":"<!-- This site is optimized with the Yoast SEO plugin v22.3 - https:\/\/yoast.com\/wordpress\/plugins\/seo\/ -->\n<title>Bolsonaro n\u00e3o descarta pedir suspens\u00e3o da Argentina do Mercosul - Portal NPM<\/title>\n<meta name=\"robots\" content=\"index, follow, max-snippet:-1, max-image-preview:large, max-video-preview:-1\" \/>\n<link rel=\"canonical\" href=\"https:\/\/portalnpm.com\/index.php\/2019\/10\/23\/bolsonaro-nao-descarta-pedir-suspensao-da-argentina-do-mercosul\/\" \/>\n<meta property=\"og:locale\" content=\"pt_BR\" \/>\n<meta property=\"og:type\" content=\"article\" \/>\n<meta property=\"og:title\" content=\"Bolsonaro n\u00e3o descarta pedir suspens\u00e3o da Argentina do Mercosul - Portal NPM\" \/>\n<meta property=\"og:description\" content=\"Em seu \u00faltimo dia de viagem ao Jap\u00e3o, o presidente Jair Bolsonaro disse nesta quarta-feira (23) que a elei\u00e7\u00e3o da chapa de esquerda Alberto Fern\u00e1ndez e Cristina Kirchner pode colocar em risco o Mercosul. Em conversa com a imprensa, o presidente disse que caso a Argentina atrapalhe um movimento de abertura de mercado do bloco &hellip;\" \/>\n<meta property=\"og:url\" content=\"https:\/\/portalnpm.com\/index.php\/2019\/10\/23\/bolsonaro-nao-descarta-pedir-suspensao-da-argentina-do-mercosul\/\" \/>\n<meta property=\"og:site_name\" content=\"Portal NPM\" \/>\n<meta property=\"article:published_time\" content=\"2019-10-23T19:50:42+00:00\" \/>\n<meta name=\"author\" content=\"Luis Alberto\" \/>\n<meta name=\"twitter:card\" content=\"summary_large_image\" \/>\n<meta name=\"twitter:label1\" content=\"Escrito por\" \/>\n\t<meta name=\"twitter:data1\" content=\"Luis Alberto\" \/>\n\t<meta name=\"twitter:label2\" content=\"Est. tempo de leitura\" \/>\n\t<meta name=\"twitter:data2\" content=\"3 minutos\" \/>\n<script type=\"application\/ld+json\" class=\"yoast-schema-graph\">{\"@context\":\"https:\/\/schema.org\",\"@graph\":[{\"@type\":\"WebPage\",\"@id\":\"https:\/\/portalnpm.com\/index.php\/2019\/10\/23\/bolsonaro-nao-descarta-pedir-suspensao-da-argentina-do-mercosul\/\",\"url\":\"https:\/\/portalnpm.com\/index.php\/2019\/10\/23\/bolsonaro-nao-descarta-pedir-suspensao-da-argentina-do-mercosul\/\",\"name\":\"Bolsonaro n\u00e3o descarta pedir suspens\u00e3o da Argentina do Mercosul - Portal NPM\",\"isPartOf\":{\"@id\":\"https:\/\/portalnpm.com\/#website\"},\"primaryImageOfPage\":{\"@id\":\"https:\/\/portalnpm.com\/index.php\/2019\/10\/23\/bolsonaro-nao-descarta-pedir-suspensao-da-argentina-do-mercosul\/#primaryimage\"},\"image\":{\"@id\":\"https:\/\/portalnpm.com\/index.php\/2019\/10\/23\/bolsonaro-nao-descarta-pedir-suspensao-da-argentina-do-mercosul\/#primaryimage\"},\"thumbnailUrl\":\"\",\"datePublished\":\"2019-10-23T19:50:42+00:00\",\"dateModified\":\"2019-10-23T19:50:42+00:00\",\"author\":{\"@id\":\"https:\/\/portalnpm.com\/#\/schema\/person\/5c8006acdf71774cd4e7a5ab98482152\"},\"breadcrumb\":{\"@id\":\"https:\/\/portalnpm.com\/index.php\/2019\/10\/23\/bolsonaro-nao-descarta-pedir-suspensao-da-argentina-do-mercosul\/#breadcrumb\"},\"inLanguage\":\"pt-BR\",\"potentialAction\":[{\"@type\":\"ReadAction\",\"target\":[\"https:\/\/portalnpm.com\/index.php\/2019\/10\/23\/bolsonaro-nao-descarta-pedir-suspensao-da-argentina-do-mercosul\/\"]}]},{\"@type\":\"ImageObject\",\"inLanguage\":\"pt-BR\",\"@id\":\"https:\/\/portalnpm.com\/index.php\/2019\/10\/23\/bolsonaro-nao-descarta-pedir-suspensao-da-argentina-do-mercosul\/#primaryimage\",\"url\":\"\",\"contentUrl\":\"\"},{\"@type\":\"BreadcrumbList\",\"@id\":\"https:\/\/portalnpm.com\/index.php\/2019\/10\/23\/bolsonaro-nao-descarta-pedir-suspensao-da-argentina-do-mercosul\/#breadcrumb\",\"itemListElement\":[{\"@type\":\"ListItem\",\"position\":1,\"name\":\"In\u00edcio\",\"item\":\"https:\/\/portalnpm.com\/\"},{\"@type\":\"ListItem\",\"position\":2,\"name\":\"Bolsonaro n\u00e3o descarta pedir suspens\u00e3o da Argentina do Mercosul\"}]},{\"@type\":\"WebSite\",\"@id\":\"https:\/\/portalnpm.com\/#website\",\"url\":\"https:\/\/portalnpm.com\/\",\"name\":\"Portal NPM\",\"description\":\"Not\u00edcias em Primeira M\u00e3o\",\"potentialAction\":[{\"@type\":\"SearchAction\",\"target\":{\"@type\":\"EntryPoint\",\"urlTemplate\":\"https:\/\/portalnpm.com\/?s={search_term_string}\"},\"query-input\":\"required name=search_term_string\"}],\"inLanguage\":\"pt-BR\"},{\"@type\":\"Person\",\"@id\":\"https:\/\/portalnpm.com\/#\/schema\/person\/5c8006acdf71774cd4e7a5ab98482152\",\"name\":\"Luis Alberto\",\"image\":{\"@type\":\"ImageObject\",\"inLanguage\":\"pt-BR\",\"@id\":\"https:\/\/portalnpm.com\/#\/schema\/person\/image\/\",\"url\":\"https:\/\/portalnpm.com\/wp-content\/uploads\/2024\/12\/avatar_user_3_1734699769-96x96.jpeg\",\"contentUrl\":\"https:\/\/portalnpm.com\/wp-content\/uploads\/2024\/12\/avatar_user_3_1734699769-96x96.jpeg\",\"caption\":\"Luis Alberto\"},\"description\":\"Editor-geral do Portal NPM, \u00e9 formado como T\u00e9cnico em Seguran\u00e7a do Trabalho pela Escola Metropolitana de Cursos T\u00e9cnicos. Det\u00e9m ainda licenciatura em Educa\u00e7\u00e3o F\u00edsica e bacharelado em Ci\u00eancias Pol\u00edticas, ambos obtidos pela institui\u00e7\u00e3o Anhanguera\/UNOPAR.\",\"url\":\"https:\/\/portalnpm.com\/index.php\/author\/pereira\/\"}]}<\/script>\n<!-- \/ Yoast SEO plugin. -->","yoast_head_json":{"title":"Bolsonaro n\u00e3o descarta pedir suspens\u00e3o da Argentina do Mercosul - Portal NPM","robots":{"index":"index","follow":"follow","max-snippet":"max-snippet:-1","max-image-preview":"max-image-preview:large","max-video-preview":"max-video-preview:-1"},"canonical":"https:\/\/portalnpm.com\/index.php\/2019\/10\/23\/bolsonaro-nao-descarta-pedir-suspensao-da-argentina-do-mercosul\/","og_locale":"pt_BR","og_type":"article","og_title":"Bolsonaro n\u00e3o descarta pedir suspens\u00e3o da Argentina do Mercosul - Portal NPM","og_description":"Em seu \u00faltimo dia de viagem ao Jap\u00e3o, o presidente Jair Bolsonaro disse nesta quarta-feira (23) que a elei\u00e7\u00e3o da chapa de esquerda Alberto Fern\u00e1ndez e Cristina Kirchner pode colocar em risco o Mercosul. Em conversa com a imprensa, o presidente disse que caso a Argentina atrapalhe um movimento de abertura de mercado do bloco &hellip;","og_url":"https:\/\/portalnpm.com\/index.php\/2019\/10\/23\/bolsonaro-nao-descarta-pedir-suspensao-da-argentina-do-mercosul\/","og_site_name":"Portal NPM","article_published_time":"2019-10-23T19:50:42+00:00","author":"Luis Alberto","twitter_card":"summary_large_image","twitter_misc":{"Escrito por":"Luis Alberto","Est. tempo de leitura":"3 minutos"},"schema":{"@context":"https:\/\/schema.org","@graph":[{"@type":"WebPage","@id":"https:\/\/portalnpm.com\/index.php\/2019\/10\/23\/bolsonaro-nao-descarta-pedir-suspensao-da-argentina-do-mercosul\/","url":"https:\/\/portalnpm.com\/index.php\/2019\/10\/23\/bolsonaro-nao-descarta-pedir-suspensao-da-argentina-do-mercosul\/","name":"Bolsonaro n\u00e3o descarta pedir suspens\u00e3o da Argentina do Mercosul - Portal NPM","isPartOf":{"@id":"https:\/\/portalnpm.com\/#website"},"primaryImageOfPage":{"@id":"https:\/\/portalnpm.com\/index.php\/2019\/10\/23\/bolsonaro-nao-descarta-pedir-suspensao-da-argentina-do-mercosul\/#primaryimage"},"image":{"@id":"https:\/\/portalnpm.com\/index.php\/2019\/10\/23\/bolsonaro-nao-descarta-pedir-suspensao-da-argentina-do-mercosul\/#primaryimage"},"thumbnailUrl":"","datePublished":"2019-10-23T19:50:42+00:00","dateModified":"2019-10-23T19:50:42+00:00","author":{"@id":"https:\/\/portalnpm.com\/#\/schema\/person\/5c8006acdf71774cd4e7a5ab98482152"},"breadcrumb":{"@id":"https:\/\/portalnpm.com\/index.php\/2019\/10\/23\/bolsonaro-nao-descarta-pedir-suspensao-da-argentina-do-mercosul\/#breadcrumb"},"inLanguage":"pt-BR","potentialAction":[{"@type":"ReadAction","target":["https:\/\/portalnpm.com\/index.php\/2019\/10\/23\/bolsonaro-nao-descarta-pedir-suspensao-da-argentina-do-mercosul\/"]}]},{"@type":"ImageObject","inLanguage":"pt-BR","@id":"https:\/\/portalnpm.com\/index.php\/2019\/10\/23\/bolsonaro-nao-descarta-pedir-suspensao-da-argentina-do-mercosul\/#primaryimage","url":"","contentUrl":""},{"@type":"BreadcrumbList","@id":"https:\/\/portalnpm.com\/index.php\/2019\/10\/23\/bolsonaro-nao-descarta-pedir-suspensao-da-argentina-do-mercosul\/#breadcrumb","itemListElement":[{"@type":"ListItem","position":1,"name":"In\u00edcio","item":"https:\/\/portalnpm.com\/"},{"@type":"ListItem","position":2,"name":"Bolsonaro n\u00e3o descarta pedir suspens\u00e3o da Argentina do Mercosul"}]},{"@type":"WebSite","@id":"https:\/\/portalnpm.com\/#website","url":"https:\/\/portalnpm.com\/","name":"Portal NPM","description":"Not\u00edcias em Primeira M\u00e3o","potentialAction":[{"@type":"SearchAction","target":{"@type":"EntryPoint","urlTemplate":"https:\/\/portalnpm.com\/?s={search_term_string}"},"query-input":"required name=search_term_string"}],"inLanguage":"pt-BR"},{"@type":"Person","@id":"https:\/\/portalnpm.com\/#\/schema\/person\/5c8006acdf71774cd4e7a5ab98482152","name":"Luis Alberto","image":{"@type":"ImageObject","inLanguage":"pt-BR","@id":"https:\/\/portalnpm.com\/#\/schema\/person\/image\/","url":"https:\/\/portalnpm.com\/wp-content\/uploads\/2024\/12\/avatar_user_3_1734699769-96x96.jpeg","contentUrl":"https:\/\/portalnpm.com\/wp-content\/uploads\/2024\/12\/avatar_user_3_1734699769-96x96.jpeg","caption":"Luis Alberto"},"description":"Editor-geral do Portal NPM, \u00e9 formado como T\u00e9cnico em Seguran\u00e7a do Trabalho pela Escola Metropolitana de Cursos T\u00e9cnicos. Det\u00e9m ainda licenciatura em Educa\u00e7\u00e3o F\u00edsica e bacharelado em Ci\u00eancias Pol\u00edticas, ambos obtidos pela institui\u00e7\u00e3o Anhanguera\/UNOPAR.","url":"https:\/\/portalnpm.com\/index.php\/author\/pereira\/"}]}},"jetpack_sharing_enabled":true,"jetpack_featured_media_url":"","_links":{"self":[{"href":"https:\/\/portalnpm.com\/index.php\/wp-json\/wp\/v2\/posts\/12868"}],"collection":[{"href":"https:\/\/portalnpm.com\/index.php\/wp-json\/wp\/v2\/posts"}],"about":[{"href":"https:\/\/portalnpm.com\/index.php\/wp-json\/wp\/v2\/types\/post"}],"author":[{"embeddable":true,"href":"https:\/\/portalnpm.com\/index.php\/wp-json\/wp\/v2\/users\/3"}],"replies":[{"embeddable":true,"href":"https:\/\/portalnpm.com\/index.php\/wp-json\/wp\/v2\/comments?post=12868"}],"version-history":[{"count":0,"href":"https:\/\/portalnpm.com\/index.php\/wp-json\/wp\/v2\/posts\/12868\/revisions"}],"wp:featuredmedia":[{"embeddable":true,"href":"https:\/\/portalnpm.com\/index.php\/wp-json\/"}],"wp:attachment":[{"href":"https:\/\/portalnpm.com\/index.php\/wp-json\/wp\/v2\/media?parent=12868"}],"wp:term":[{"taxonomy":"category","embeddable":true,"href":"https:\/\/portalnpm.com\/index.php\/wp-json\/wp\/v2\/categories?post=12868"},{"taxonomy":"post_tag","embeddable":true,"href":"https:\/\/portalnpm.com\/index.php\/wp-json\/wp\/v2\/tags?post=12868"}],"curies":[{"name":"wp","href":"https:\/\/api.w.org\/{rel}","templated":true}]}}