{"id":12944,"date":"2019-10-28T10:46:22","date_gmt":"2019-10-28T13:46:22","guid":{"rendered":"http:\/\/srv.portalnpm.com.br\/?p=12944"},"modified":"2019-10-28T10:46:22","modified_gmt":"2019-10-28T13:46:22","slug":"pio-ix-localidade-serra-da-barauna-promove-evento-voltado-a-qualidade-de-vida-e-bem-estar-da-comunidade-veja-videos-e-fotos","status":"publish","type":"post","link":"https:\/\/portalnpm.com\/index.php\/2019\/10\/28\/pio-ix-localidade-serra-da-barauna-promove-evento-voltado-a-qualidade-de-vida-e-bem-estar-da-comunidade-veja-videos-e-fotos\/","title":{"rendered":"Pio IX | Localidade Serra da Bara\u00fana promove evento voltado a qualidade de vida e bem-estar da comunidade; veja v\u00eddeos e fotos!"},"content":{"rendered":"<p>O Professor de Educa\u00e7\u00e3o F\u00edsica, Paulo S\u00e9rgio, da comunidade de Serra da Bara\u00fana, munic\u00edpio de Pio IX-PI, promoveu o evento &#8220;Blitz Sa\u00fade Parada Obrigat\u00f3ria Serra da Bara\u00fana&#8221;, voltado a qualidade de vida e bem-estar da comunidade.<\/p>\n<p><img fetchpriority=\"high\" decoding=\"async\" class=\"alignnone size-full wp-image-12959\" src=\"http:\/\/portalnpm.com\/wp-content\/uploads\/2019\/10\/IMG-20191028-WA0085.jpg\" alt=\"\" width=\"1152\" height=\"864\" \/><\/p>\n<p>O evento aconteceu nesse \u00faltimo s\u00e1bado, dia 26 de outubro, organizado pelo jovem da comunidade visando o bem-estar e qualidade de vida dos moradores. As atividades foram realizadas pelo professor Denis Costa de Picos &#8211; PI, com avalia\u00e7\u00e3o f\u00edsica, palestras e v\u00e1rias atividades f\u00edsicas.<\/p>\n<p>O acontecimento contou com o total apoio do vereador Z\u00e9 Miguel, apoiando e participando junto a comunidade.<\/p>\n<p>O evento recebeu o apoio de:<\/p>\n<p>Oficina e casa de pe\u00e7as JB. Org: Joaquim Brando<br \/>\nSalgados AL. Org: Janailda<br \/>\nLojinha ANB variedades. Org: Cassia e Fam\u00edlia<br \/>\nEnivalda com\u00e9sticos<br \/>\nVanessa Modas<br \/>\nAline Modas Org: Berivan \u00e9 Bet\u00e2nia<br \/>\nJos\u00e9 Francisco<br \/>\nPaulinha Matos<br \/>\nEnzo cosm\u00e9ticos Org:Elineide<br \/>\nNarcirene Gomes<\/p>\n<p><img decoding=\"async\" class=\"alignnone size-medium wp-image-12947\" src=\"http:\/\/portalnpm.com\/wp-content\/uploads\/2019\/10\/IMG-20191028-WA0054.jpg\" alt=\"\" width=\"581\" height=\"1032\" \/> <img decoding=\"async\" class=\"alignnone size-medium wp-image-12948\" src=\"http:\/\/portalnpm.com\/wp-content\/uploads\/2019\/10\/IMG-20191028-WA0053.jpg\" alt=\"\" width=\"968\" height=\"714\" \/> <img loading=\"lazy\" decoding=\"async\" class=\"alignnone size-medium wp-image-12949\" src=\"http:\/\/portalnpm.com\/wp-content\/uploads\/2019\/10\/IMG-20191028-WA0056.jpg\" alt=\"\" width=\"1280\" height=\"720\" \/> <img loading=\"lazy\" decoding=\"async\" class=\"alignnone size-medium wp-image-12950\" src=\"http:\/\/portalnpm.com\/wp-content\/uploads\/2019\/10\/IMG-20191028-WA0055.jpg\" alt=\"\" width=\"720\" height=\"841\" \/> <img loading=\"lazy\" decoding=\"async\" class=\"alignnone size-medium wp-image-12951\" src=\"http:\/\/portalnpm.com\/wp-content\/uploads\/2019\/10\/IMG-20191028-WA0058.jpg\" alt=\"\" width=\"720\" height=\"1065\" \/> <img loading=\"lazy\" decoding=\"async\" class=\"alignnone size-medium wp-image-12953\" src=\"http:\/\/portalnpm.com\/wp-content\/uploads\/2019\/10\/IMG-20191028-WA0057.jpg\" alt=\"\" width=\"720\" height=\"931\" \/> <img loading=\"lazy\" decoding=\"async\" class=\"alignnone size-medium wp-image-12954\" src=\"http:\/\/portalnpm.com\/wp-content\/uploads\/2019\/10\/IMG-20191028-WA0084.jpg\" alt=\"\" width=\"1024\" height=\"576\" \/> <img loading=\"lazy\" decoding=\"async\" class=\"alignnone size-medium wp-image-12955\" src=\"http:\/\/portalnpm.com\/wp-content\/uploads\/2019\/10\/IMG-20191028-WA0059.jpg\" alt=\"\" width=\"716\" height=\"1160\" \/> <img loading=\"lazy\" decoding=\"async\" class=\"alignnone size-medium wp-image-12956\" src=\"http:\/\/portalnpm.com\/wp-content\/uploads\/2019\/10\/IMG-20191028-WA0083.jpg\" alt=\"\" width=\"1024\" height=\"768\" \/> <img loading=\"lazy\" decoding=\"async\" class=\"alignnone size-medium wp-image-12957\" src=\"http:\/\/portalnpm.com\/wp-content\/uploads\/2019\/10\/IMG-20191028-WA0086.jpg\" alt=\"\" width=\"1152\" height=\"864\" \/> <img loading=\"lazy\" decoding=\"async\" class=\"alignnone size-medium wp-image-12958\" src=\"http:\/\/portalnpm.com\/wp-content\/uploads\/2019\/10\/IMG-20191028-WA0061.jpg\" alt=\"\" width=\"720\" height=\"1008\" \/> <img loading=\"lazy\" decoding=\"async\" class=\"alignnone size-medium wp-image-12959\" src=\"http:\/\/portalnpm.com\/wp-content\/uploads\/2019\/10\/IMG-20191028-WA0085.jpg\" alt=\"\" width=\"1152\" height=\"864\" \/> <img loading=\"lazy\" decoding=\"async\" class=\"alignnone size-full wp-image-12960\" src=\"http:\/\/portalnpm.com\/wp-content\/uploads\/2019\/10\/IMG-20191028-WA0060.jpg\" alt=\"\" width=\"720\" height=\"917\" \/><\/p>\n<p><iframe title=\"Parada obrigat\u00f3ria, na localidade Serra da Bara\u00fana\" width=\"500\" height=\"281\" src=\"https:\/\/www.youtube.com\/embed\/_wl_Oqgi8oc?feature=oembed\" frameborder=\"0\" allow=\"accelerometer; autoplay; clipboard-write; encrypted-media; gyroscope; picture-in-picture; web-share\" referrerpolicy=\"strict-origin-when-cross-origin\" allowfullscreen><\/iframe><\/p>\n<p><iframe title=\"Blitz da Sa\u00fade, em Pio IX\" width=\"500\" height=\"281\" src=\"https:\/\/www.youtube.com\/embed\/p9HEbxObpKs?feature=oembed\" frameborder=\"0\" allow=\"accelerometer; autoplay; clipboard-write; encrypted-media; gyroscope; picture-in-picture; web-share\" referrerpolicy=\"strict-origin-when-cross-origin\" allowfullscreen><\/iframe><\/p>\n<p>Instagram<br \/>\ntf_paulosergio<\/p>\n<p>Fece<br \/>\nPaulo Capoterapia<\/p>\n<p><strong>Fotos e v\u00eddeos: Paulinha Matos\u00a0<\/strong><\/p>\n","protected":false},"excerpt":{"rendered":"<p>O Professor de Educa\u00e7\u00e3o F\u00edsica, Paulo S\u00e9rgio, da comunidade de Serra da Bara\u00fana, munic\u00edpio de Pio IX-PI, promoveu o evento &#8220;Blitz Sa\u00fade Parada Obrigat\u00f3ria Serra da Bara\u00fana&#8221;, voltado a qualidade de vida e bem-estar da comunidade. O evento aconteceu nesse \u00faltimo s\u00e1bado, dia 26 de outubro, organizado pelo jovem da comunidade visando o bem-estar e &hellip;<\/p>\n","protected":false},"author":3,"featured_media":12945,"comment_status":"open","ping_status":"open","sticky":false,"template":"","format":"standard","meta":{"content-type":"","rop_custom_images_group":[],"rop_custom_messages_group":[],"rop_publish_now":"initial","rop_publish_now_accounts":{"facebook_2648258775420054_1618374048415101":""},"rop_publish_now_history":[],"rop_publish_now_status":"pending","footnotes":"","_jetpack_memberships_contains_paid_content":false},"categories":[113,109,439],"tags":[3501,3267,679,3502],"yoast_head":"<!-- This site is optimized with the Yoast SEO plugin v22.3 - https:\/\/yoast.com\/wordpress\/plugins\/seo\/ -->\n<title>Pio IX | Localidade Serra da Bara\u00fana promove evento voltado a qualidade de vida e bem-estar da comunidade; veja v\u00eddeos e fotos! - Portal NPM<\/title>\n<meta name=\"robots\" content=\"index, follow, max-snippet:-1, max-image-preview:large, max-video-preview:-1\" \/>\n<link rel=\"canonical\" href=\"https:\/\/portalnpm.com\/index.php\/2019\/10\/28\/pio-ix-localidade-serra-da-barauna-promove-evento-voltado-a-qualidade-de-vida-e-bem-estar-da-comunidade-veja-videos-e-fotos\/\" \/>\n<meta property=\"og:locale\" content=\"pt_BR\" \/>\n<meta property=\"og:type\" content=\"article\" \/>\n<meta property=\"og:title\" content=\"Pio IX | Localidade Serra da Bara\u00fana promove evento voltado a qualidade de vida e bem-estar da comunidade; veja v\u00eddeos e fotos! - Portal NPM\" \/>\n<meta property=\"og:description\" content=\"O Professor de Educa\u00e7\u00e3o F\u00edsica, Paulo S\u00e9rgio, da comunidade de Serra da Bara\u00fana, munic\u00edpio de Pio IX-PI, promoveu o evento &#8220;Blitz Sa\u00fade Parada Obrigat\u00f3ria Serra da Bara\u00fana&#8221;, voltado a qualidade de vida e bem-estar da comunidade. O evento aconteceu nesse \u00faltimo s\u00e1bado, dia 26 de outubro, organizado pelo jovem da comunidade visando o bem-estar e &hellip;\" \/>\n<meta property=\"og:url\" content=\"https:\/\/portalnpm.com\/index.php\/2019\/10\/28\/pio-ix-localidade-serra-da-barauna-promove-evento-voltado-a-qualidade-de-vida-e-bem-estar-da-comunidade-veja-videos-e-fotos\/\" \/>\n<meta property=\"og:site_name\" content=\"Portal NPM\" \/>\n<meta property=\"article:published_time\" content=\"2019-10-28T13:46:22+00:00\" \/>\n<meta name=\"author\" content=\"Luis Alberto\" \/>\n<meta name=\"twitter:card\" content=\"summary_large_image\" \/>\n<meta name=\"twitter:label1\" content=\"Escrito por\" \/>\n\t<meta name=\"twitter:data1\" content=\"Luis Alberto\" \/>\n\t<meta name=\"twitter:label2\" content=\"Est. tempo de leitura\" \/>\n\t<meta name=\"twitter:data2\" content=\"1 minuto\" \/>\n<script type=\"application\/ld+json\" class=\"yoast-schema-graph\">{\"@context\":\"https:\/\/schema.org\",\"@graph\":[{\"@type\":\"WebPage\",\"@id\":\"https:\/\/portalnpm.com\/index.php\/2019\/10\/28\/pio-ix-localidade-serra-da-barauna-promove-evento-voltado-a-qualidade-de-vida-e-bem-estar-da-comunidade-veja-videos-e-fotos\/\",\"url\":\"https:\/\/portalnpm.com\/index.php\/2019\/10\/28\/pio-ix-localidade-serra-da-barauna-promove-evento-voltado-a-qualidade-de-vida-e-bem-estar-da-comunidade-veja-videos-e-fotos\/\",\"name\":\"Pio IX | Localidade Serra da Bara\u00fana promove evento voltado a qualidade de vida e bem-estar da comunidade; veja v\u00eddeos e fotos! - Portal NPM\",\"isPartOf\":{\"@id\":\"https:\/\/portalnpm.com\/#website\"},\"primaryImageOfPage\":{\"@id\":\"https:\/\/portalnpm.com\/index.php\/2019\/10\/28\/pio-ix-localidade-serra-da-barauna-promove-evento-voltado-a-qualidade-de-vida-e-bem-estar-da-comunidade-veja-videos-e-fotos\/#primaryimage\"},\"image\":{\"@id\":\"https:\/\/portalnpm.com\/index.php\/2019\/10\/28\/pio-ix-localidade-serra-da-barauna-promove-evento-voltado-a-qualidade-de-vida-e-bem-estar-da-comunidade-veja-videos-e-fotos\/#primaryimage\"},\"thumbnailUrl\":\"\",\"datePublished\":\"2019-10-28T13:46:22+00:00\",\"dateModified\":\"2019-10-28T13:46:22+00:00\",\"author\":{\"@id\":\"https:\/\/portalnpm.com\/#\/schema\/person\/5c8006acdf71774cd4e7a5ab98482152\"},\"breadcrumb\":{\"@id\":\"https:\/\/portalnpm.com\/index.php\/2019\/10\/28\/pio-ix-localidade-serra-da-barauna-promove-evento-voltado-a-qualidade-de-vida-e-bem-estar-da-comunidade-veja-videos-e-fotos\/#breadcrumb\"},\"inLanguage\":\"pt-BR\",\"potentialAction\":[{\"@type\":\"ReadAction\",\"target\":[\"https:\/\/portalnpm.com\/index.php\/2019\/10\/28\/pio-ix-localidade-serra-da-barauna-promove-evento-voltado-a-qualidade-de-vida-e-bem-estar-da-comunidade-veja-videos-e-fotos\/\"]}]},{\"@type\":\"ImageObject\",\"inLanguage\":\"pt-BR\",\"@id\":\"https:\/\/portalnpm.com\/index.php\/2019\/10\/28\/pio-ix-localidade-serra-da-barauna-promove-evento-voltado-a-qualidade-de-vida-e-bem-estar-da-comunidade-veja-videos-e-fotos\/#primaryimage\",\"url\":\"\",\"contentUrl\":\"\"},{\"@type\":\"BreadcrumbList\",\"@id\":\"https:\/\/portalnpm.com\/index.php\/2019\/10\/28\/pio-ix-localidade-serra-da-barauna-promove-evento-voltado-a-qualidade-de-vida-e-bem-estar-da-comunidade-veja-videos-e-fotos\/#breadcrumb\",\"itemListElement\":[{\"@type\":\"ListItem\",\"position\":1,\"name\":\"In\u00edcio\",\"item\":\"https:\/\/portalnpm.com\/\"},{\"@type\":\"ListItem\",\"position\":2,\"name\":\"Pio IX | Localidade Serra da Bara\u00fana promove evento voltado a qualidade de vida e bem-estar da comunidade; veja v\u00eddeos e fotos!\"}]},{\"@type\":\"WebSite\",\"@id\":\"https:\/\/portalnpm.com\/#website\",\"url\":\"https:\/\/portalnpm.com\/\",\"name\":\"Portal NPM\",\"description\":\"Not\u00edcias em Primeira M\u00e3o\",\"potentialAction\":[{\"@type\":\"SearchAction\",\"target\":{\"@type\":\"EntryPoint\",\"urlTemplate\":\"https:\/\/portalnpm.com\/?s={search_term_string}\"},\"query-input\":\"required name=search_term_string\"}],\"inLanguage\":\"pt-BR\"},{\"@type\":\"Person\",\"@id\":\"https:\/\/portalnpm.com\/#\/schema\/person\/5c8006acdf71774cd4e7a5ab98482152\",\"name\":\"Luis Alberto\",\"image\":{\"@type\":\"ImageObject\",\"inLanguage\":\"pt-BR\",\"@id\":\"https:\/\/portalnpm.com\/#\/schema\/person\/image\/\",\"url\":\"https:\/\/portalnpm.com\/wp-content\/uploads\/2024\/12\/avatar_user_3_1734699769-96x96.jpeg\",\"contentUrl\":\"https:\/\/portalnpm.com\/wp-content\/uploads\/2024\/12\/avatar_user_3_1734699769-96x96.jpeg\",\"caption\":\"Luis Alberto\"},\"description\":\"Editor-geral do Portal NPM, \u00e9 formado como T\u00e9cnico em Seguran\u00e7a do Trabalho pela Escola Metropolitana de Cursos T\u00e9cnicos. Det\u00e9m ainda licenciatura em Educa\u00e7\u00e3o F\u00edsica e bacharelado em Ci\u00eancias Pol\u00edticas, ambos obtidos pela institui\u00e7\u00e3o Anhanguera\/UNOPAR.\",\"url\":\"https:\/\/portalnpm.com\/index.php\/author\/pereira\/\"}]}<\/script>\n<!-- \/ Yoast SEO plugin. -->","yoast_head_json":{"title":"Pio IX | Localidade Serra da Bara\u00fana promove evento voltado a qualidade de vida e bem-estar da comunidade; veja v\u00eddeos e fotos! - Portal NPM","robots":{"index":"index","follow":"follow","max-snippet":"max-snippet:-1","max-image-preview":"max-image-preview:large","max-video-preview":"max-video-preview:-1"},"canonical":"https:\/\/portalnpm.com\/index.php\/2019\/10\/28\/pio-ix-localidade-serra-da-barauna-promove-evento-voltado-a-qualidade-de-vida-e-bem-estar-da-comunidade-veja-videos-e-fotos\/","og_locale":"pt_BR","og_type":"article","og_title":"Pio IX | Localidade Serra da Bara\u00fana promove evento voltado a qualidade de vida e bem-estar da comunidade; veja v\u00eddeos e fotos! - Portal NPM","og_description":"O Professor de Educa\u00e7\u00e3o F\u00edsica, Paulo S\u00e9rgio, da comunidade de Serra da Bara\u00fana, munic\u00edpio de Pio IX-PI, promoveu o evento &#8220;Blitz Sa\u00fade Parada Obrigat\u00f3ria Serra da Bara\u00fana&#8221;, voltado a qualidade de vida e bem-estar da comunidade. O evento aconteceu nesse \u00faltimo s\u00e1bado, dia 26 de outubro, organizado pelo jovem da comunidade visando o bem-estar e &hellip;","og_url":"https:\/\/portalnpm.com\/index.php\/2019\/10\/28\/pio-ix-localidade-serra-da-barauna-promove-evento-voltado-a-qualidade-de-vida-e-bem-estar-da-comunidade-veja-videos-e-fotos\/","og_site_name":"Portal NPM","article_published_time":"2019-10-28T13:46:22+00:00","author":"Luis Alberto","twitter_card":"summary_large_image","twitter_misc":{"Escrito por":"Luis Alberto","Est. tempo de leitura":"1 minuto"},"schema":{"@context":"https:\/\/schema.org","@graph":[{"@type":"WebPage","@id":"https:\/\/portalnpm.com\/index.php\/2019\/10\/28\/pio-ix-localidade-serra-da-barauna-promove-evento-voltado-a-qualidade-de-vida-e-bem-estar-da-comunidade-veja-videos-e-fotos\/","url":"https:\/\/portalnpm.com\/index.php\/2019\/10\/28\/pio-ix-localidade-serra-da-barauna-promove-evento-voltado-a-qualidade-de-vida-e-bem-estar-da-comunidade-veja-videos-e-fotos\/","name":"Pio IX | Localidade Serra da Bara\u00fana promove evento voltado a qualidade de vida e bem-estar da comunidade; veja v\u00eddeos e fotos! - Portal NPM","isPartOf":{"@id":"https:\/\/portalnpm.com\/#website"},"primaryImageOfPage":{"@id":"https:\/\/portalnpm.com\/index.php\/2019\/10\/28\/pio-ix-localidade-serra-da-barauna-promove-evento-voltado-a-qualidade-de-vida-e-bem-estar-da-comunidade-veja-videos-e-fotos\/#primaryimage"},"image":{"@id":"https:\/\/portalnpm.com\/index.php\/2019\/10\/28\/pio-ix-localidade-serra-da-barauna-promove-evento-voltado-a-qualidade-de-vida-e-bem-estar-da-comunidade-veja-videos-e-fotos\/#primaryimage"},"thumbnailUrl":"","datePublished":"2019-10-28T13:46:22+00:00","dateModified":"2019-10-28T13:46:22+00:00","author":{"@id":"https:\/\/portalnpm.com\/#\/schema\/person\/5c8006acdf71774cd4e7a5ab98482152"},"breadcrumb":{"@id":"https:\/\/portalnpm.com\/index.php\/2019\/10\/28\/pio-ix-localidade-serra-da-barauna-promove-evento-voltado-a-qualidade-de-vida-e-bem-estar-da-comunidade-veja-videos-e-fotos\/#breadcrumb"},"inLanguage":"pt-BR","potentialAction":[{"@type":"ReadAction","target":["https:\/\/portalnpm.com\/index.php\/2019\/10\/28\/pio-ix-localidade-serra-da-barauna-promove-evento-voltado-a-qualidade-de-vida-e-bem-estar-da-comunidade-veja-videos-e-fotos\/"]}]},{"@type":"ImageObject","inLanguage":"pt-BR","@id":"https:\/\/portalnpm.com\/index.php\/2019\/10\/28\/pio-ix-localidade-serra-da-barauna-promove-evento-voltado-a-qualidade-de-vida-e-bem-estar-da-comunidade-veja-videos-e-fotos\/#primaryimage","url":"","contentUrl":""},{"@type":"BreadcrumbList","@id":"https:\/\/portalnpm.com\/index.php\/2019\/10\/28\/pio-ix-localidade-serra-da-barauna-promove-evento-voltado-a-qualidade-de-vida-e-bem-estar-da-comunidade-veja-videos-e-fotos\/#breadcrumb","itemListElement":[{"@type":"ListItem","position":1,"name":"In\u00edcio","item":"https:\/\/portalnpm.com\/"},{"@type":"ListItem","position":2,"name":"Pio IX | Localidade Serra da Bara\u00fana promove evento voltado a qualidade de vida e bem-estar da comunidade; veja v\u00eddeos e fotos!"}]},{"@type":"WebSite","@id":"https:\/\/portalnpm.com\/#website","url":"https:\/\/portalnpm.com\/","name":"Portal NPM","description":"Not\u00edcias em Primeira M\u00e3o","potentialAction":[{"@type":"SearchAction","target":{"@type":"EntryPoint","urlTemplate":"https:\/\/portalnpm.com\/?s={search_term_string}"},"query-input":"required name=search_term_string"}],"inLanguage":"pt-BR"},{"@type":"Person","@id":"https:\/\/portalnpm.com\/#\/schema\/person\/5c8006acdf71774cd4e7a5ab98482152","name":"Luis Alberto","image":{"@type":"ImageObject","inLanguage":"pt-BR","@id":"https:\/\/portalnpm.com\/#\/schema\/person\/image\/","url":"https:\/\/portalnpm.com\/wp-content\/uploads\/2024\/12\/avatar_user_3_1734699769-96x96.jpeg","contentUrl":"https:\/\/portalnpm.com\/wp-content\/uploads\/2024\/12\/avatar_user_3_1734699769-96x96.jpeg","caption":"Luis Alberto"},"description":"Editor-geral do Portal NPM, \u00e9 formado como T\u00e9cnico em Seguran\u00e7a do Trabalho pela Escola Metropolitana de Cursos T\u00e9cnicos. Det\u00e9m ainda licenciatura em Educa\u00e7\u00e3o F\u00edsica e bacharelado em Ci\u00eancias Pol\u00edticas, ambos obtidos pela institui\u00e7\u00e3o Anhanguera\/UNOPAR.","url":"https:\/\/portalnpm.com\/index.php\/author\/pereira\/"}]}},"jetpack_sharing_enabled":true,"jetpack_featured_media_url":"","_links":{"self":[{"href":"https:\/\/portalnpm.com\/index.php\/wp-json\/wp\/v2\/posts\/12944"}],"collection":[{"href":"https:\/\/portalnpm.com\/index.php\/wp-json\/wp\/v2\/posts"}],"about":[{"href":"https:\/\/portalnpm.com\/index.php\/wp-json\/wp\/v2\/types\/post"}],"author":[{"embeddable":true,"href":"https:\/\/portalnpm.com\/index.php\/wp-json\/wp\/v2\/users\/3"}],"replies":[{"embeddable":true,"href":"https:\/\/portalnpm.com\/index.php\/wp-json\/wp\/v2\/comments?post=12944"}],"version-history":[{"count":0,"href":"https:\/\/portalnpm.com\/index.php\/wp-json\/wp\/v2\/posts\/12944\/revisions"}],"wp:featuredmedia":[{"embeddable":true,"href":"https:\/\/portalnpm.com\/index.php\/wp-json\/"}],"wp:attachment":[{"href":"https:\/\/portalnpm.com\/index.php\/wp-json\/wp\/v2\/media?parent=12944"}],"wp:term":[{"taxonomy":"category","embeddable":true,"href":"https:\/\/portalnpm.com\/index.php\/wp-json\/wp\/v2\/categories?post=12944"},{"taxonomy":"post_tag","embeddable":true,"href":"https:\/\/portalnpm.com\/index.php\/wp-json\/wp\/v2\/tags?post=12944"}],"curies":[{"name":"wp","href":"https:\/\/api.w.org\/{rel}","templated":true}]}}