{"id":12965,"date":"2019-10-28T14:47:55","date_gmt":"2019-10-28T17:47:55","guid":{"rendered":"http:\/\/srv.portalnpm.com.br\/?p=12965"},"modified":"2019-10-28T14:47:55","modified_gmt":"2019-10-28T17:47:55","slug":"atacadao-inicia-construcao-de-unidade-em-picos-e-deve-gerar-mais-de-300-empregos-diretos","status":"publish","type":"post","link":"https:\/\/portalnpm.com\/index.php\/2019\/10\/28\/atacadao-inicia-construcao-de-unidade-em-picos-e-deve-gerar-mais-de-300-empregos-diretos\/","title":{"rendered":"Atacad\u00e3o inicia constru\u00e7\u00e3o de unidade em Picos e deve gerar mais de 300 empregos diretos"},"content":{"rendered":"<p style=\"text-align: justify;\">A rede de\u00a0<i>atacarejo<\/i>\u00a0(atacado e varejo)\u00a0Atacad\u00e3o, do grupo franc\u00eas\u00a0Carrefour, iniciou a constru\u00e7\u00e3o de uma unidade em\u00a0Picos, no terreno quase em frente ao seu concorrente\u00a0Assa\u00ed Atacadista, nas margens da BR 316, no bairro\u00a0Belo Norte. A previs\u00e3o \u00e9 de contratar cerca de\u00a0300 colaboradores\u00a0para a unidade de\u00a0Picos. A inaugura\u00e7\u00e3o deve ser\u00a0em abril de 2020, daqui a\u00a0<u>seis meses<\/u>. A divis\u00e3o de treinamentos do\u00a0<u>Marcas Vitoriosas<\/u>\u00a0\u00a0ir\u00e1 orientar e preparar candidatos que queiram se destacar na sele\u00e7\u00e3o.\u00a0As\u00a0<u>vagas s\u00e3o limitadas<\/u>. Informa\u00e7\u00f5es pelo WhatsApp\u00a0<u>89.99465.9661<\/u><b>.<\/b><\/p>\n<p style=\"text-align: justify;\">\n<p style=\"text-align: justify;\">A constru\u00e7\u00e3o da unidade do\u00a0Atacad\u00e3o\u00a0deve ficar pronta no prazo de\u00a0<em><u>quatro meses<\/u><\/em>. Houve um atraso no in\u00edcio da obra, devido a quest\u00f5es relacionadas ao licenciamento ambiental. Isso porque ser\u00e1 preciso desviar o curso do\u00a0riacho dos Macacos. Os trabalhos de terraplanagem foram iniciados, e est\u00e3o sendo executados pela construtora\u00a0Pietra Uno, de Mirassol\u00a0(SP).<\/p>\n<p><img fetchpriority=\"high\" decoding=\"async\" class=\"aligncenter size-full wp-image-12966\" src=\"http:\/\/portalnpm.com\/wp-content\/uploads\/2019\/10\/5FPXKtX-768x452.jpg\" alt=\"\" width=\"768\" height=\"452\" \/><\/p>\n<p style=\"text-align: justify;\">A expectativa, segundo fontes da pr\u00f3pria empresa, \u00e9 que at\u00e9 dezembro se inicie o processo seletivo para a contrata\u00e7\u00e3o de cerca de\u00a0<b><strong>300<\/strong><\/b>\u00a0colaboradores, em diversas fun\u00e7\u00f5es.<\/p>\n<figure id=\"attachment_12967\" aria-describedby=\"caption-attachment-12967\" style=\"width: 768px\" class=\"wp-caption aligncenter\"><img decoding=\"async\" class=\"size-full wp-image-12967\" src=\"http:\/\/portalnpm.com\/wp-content\/uploads\/2019\/10\/C5yNvql-768x272.jpg\" alt=\"\" width=\"768\" height=\"272\" \/><figcaption id=\"caption-attachment-12967\" class=\"wp-caption-text\">Vis\u00e3o do Assa\u00ed \u2013 da frente aonde vai ser o Atacad\u00e3o<\/figcaption><\/figure>\n<h3><b><strong><u>O QUE \u00c9 O ATACAD\u00c3O<\/u><\/strong><\/b><\/h3>\n<p style=\"text-align: justify;\">O\u00a0Atacad\u00e3o\u00a0\u00e9 uma rede brasileira de supermercados atacado-varejista, e atua em atividades comerciais como o\u00a0Atacado de Distribui\u00e7\u00e3o\u00a0e\u00a0Lojas de Auto-servi\u00e7o.<\/p>\n<p style=\"text-align: justify;\">Fundado na d\u00e9cada de 1960 e comprado pelo\u00a0Grupo Carrefour\u00a0em 2007 o\u00a0Atacad\u00e3o\u00a0est\u00e1 entre as melhores e maiores empresas do seu segmento no Pa\u00eds, ocupando posi\u00e7\u00e3o de destaque no cen\u00e1rio nacional.<\/p>\n<p style=\"text-align: justify;\">O\u00a0Carrefournasceu na Fran\u00e7a, no ano de 1963. Com o passar dos anos, ele se consolidou como uma rede internacional de hipermercados. A companhia mant\u00e9m mais de\u00a015 mil lojas\u00a0espalhadas pelo mundo e emprega mais de\u00a0495 mil\u00a0pessoas, sendo assim o\u00a0<u>s\u00e9timo maior empregador<\/u>\u00a0do planeta.<\/p>\n<p style=\"text-align: justify;\">A chegada do\u00a0Carrefour\u00a0no\u00a0Brasil\u00a0aconteceu em 1975. Hoje, a rede conta com\u00a0539 unidades\u00a0no pa\u00eds, que marcam presen\u00e7a em 17 estados. Para atender a demanda do mercado nacional, a empresa conta com\u00a070 mil\u00a0colaboradores.<\/p>\n<p style=\"text-align: justify;\">No\u00a0Brasil, o varejista franc\u00eas se encontra em ritmo de expans\u00e3o. Nos pr\u00f3ximos meses, a empresa espera refor\u00e7ar a bandeira\u00a0Atacad\u00e3o\u00a0e abrir\u00a020 unidades\u00a0ao ano no pa\u00eds.<\/p>\n<h3 style=\"text-align: justify;\"><b><strong><u>TRABALHAR NO CARREFOUR \u00c9 BOM?<\/u><\/strong><\/b><\/h3>\n<p style=\"text-align: justify;\">De acordo com o site\u00a099Jobs,\u00a067%\u00a0dos colaboradores e ex-funcion\u00e1rios recomendam o\u00a0Carrefour\u00a0para um amigo. Entre\u00a0<u>zero e cinco<\/u>, a avalia\u00e7\u00e3o geral da empresa \u00e9\u00a0<b><strong><u>2.9<\/u><\/strong><\/b>.<\/p>\n<p style=\"text-align: justify;\">Quem trabalha no\u00a0Carrefour\u00a0aprecia as oportunidades que a empresa oferece para a carreira. No entanto, refor\u00e7a a necessidade de melhorar os sal\u00e1rios e os benef\u00edcios.<\/p>\n<p style=\"text-align: justify;\"><b><strong><u>Sal\u00e1rios pagos pelo Carrefour<\/u><\/strong><\/b><\/p>\n<p style=\"text-align: justify;\">Veja a seguir os sal\u00e1rios\u00a0Carrefour Brasil, considerando as m\u00e9dias calculadas pelo site\u00a0Love Mondays:<\/p>\n<ul style=\"text-align: justify;\">\n<li><b><strong>Operador de caixa<\/strong><\/b>: R$1.299,00<\/li>\n<li><b><strong>Operador de loja<\/strong><\/b>: R$1.300,00<\/li>\n<li><b><strong>Assistente administrativo<\/strong><\/b>: R$1.817,00<\/li>\n<li><b><strong>Gerente<\/strong><\/b>: R$5.394,00<\/li>\n<li><b><strong>Vendedor<\/strong><\/b>: R$2.176,00<\/li>\n<li><b><strong>Repositor<\/strong><\/b>: R$1.226,00<\/li>\n<li><b><strong>Recepcionista de caixa<\/strong><\/b>: R$1.262,00<\/li>\n<li><b><strong>Jovem Aprendiz<\/strong><\/b>: R$643,00<\/li>\n<li><b><strong>A\u00e7ougueiro<\/strong><\/b>: R$1.442,00<\/li>\n<li><b><strong>Padeiro<\/strong><\/b>: R$1.490,00<\/li>\n<li><b><strong>Coordenador<\/strong><\/b>: R$8.066,00<\/li>\n<\/ul>\n<p style=\"text-align: justify;\">Al\u00e9m de receber sal\u00e1rio, quem trabalha no\u00a0Carrefour\u00a0tamb\u00e9m tem direito a\u00a0assist\u00eancia m\u00e9dica,\u00a0refeit\u00f3rio no local,\u00a0aux\u00edlio lanche,\u00a0vale-transporte\u00a0e\u00a0cart\u00e3o\u00a0Carrefour\u00a0(que garante descontos na compra de produtos).<b><strong>\u00a0<\/strong><\/b><\/p>\n<p style=\"text-align: justify;\"><b><strong><u>Como \u00e9 o processo seletivo do Carrefour?<\/u><\/strong><\/b><\/p>\n<p style=\"text-align: justify;\">O RH do Carrefour realiza uma triagem dos curr\u00edculos entregues pessoalmente ou cadastrados pela internet. Se o candidato tiver perfil para ocupar a vaga, ele \u00e9 convocado para uma\u00a0entrevista de emprego. O processo seletivo dura apenas alguns dias e o seu formato varia de acordo com o cargo pretendido.<\/p>\n<p style=\"text-align: justify;\"><b><strong><u>CONFIRA ABAIXO AS VAGAS QUE DEVEM SER ABERTAS<\/u><\/strong><\/b><\/p>\n<p style=\"text-align: justify;\"><b><strong>AUXILIAR DE RECURSO HUMANOS<br \/>\n<\/strong><\/b>Superior incompleto<br \/>\nDesej\u00e1vel Cursando Administra\u00e7\u00e3o ou \u00e1reas afins<br \/>\nTer conhecimento em departamento pessoal e legisla\u00e7\u00e3o trabalhista<\/p>\n<p style=\"text-align: justify;\"><b><strong>CONFERENTE DEP\u00d3SITO<\/strong><\/b><br \/>\nEnsino m\u00e9dio completo<\/p>\n<p style=\"text-align: justify;\"><b><strong>OPERADOR DE EMPILHADEIRA<\/strong><\/b><br \/>\nEnsino m\u00e9dio completo<\/p>\n<p style=\"text-align: justify;\"><b><strong>ESTOQUISTA<\/strong><\/b><br \/>\nEnsino m\u00e9dio completo<\/p>\n<p style=\"text-align: justify;\"><b><strong>L\u00cdDER DE SETOR<\/strong><\/b><br \/>\nEnsino Superior Incompleto<\/p>\n<p style=\"text-align: justify;\"><b><strong>FISCAL DE LOJA<\/strong><\/b><br \/>\nEnsino m\u00e9dio completo<\/p>\n<p style=\"text-align: justify;\"><b><strong>FRENTE DE CAIXA<\/strong><\/b><br \/>\nEnsino superior completo<\/p>\n<p style=\"text-align: justify;\"><b><strong>FISCAL DE CAIXA<\/strong><\/b><br \/>\nEnsino m\u00e9dio completo<\/p>\n<p style=\"text-align: justify;\"><b><strong>AUXILIAR DE MANUNTEN\u00c7\u00c3O<br \/>\n<\/strong><\/b>Ensino m\u00e9dio completo<\/p>\n<p style=\"text-align: justify;\"><b><strong>AUXILIAR DE COZINHA<br \/>\n<\/strong><\/b>Ensino fundamental completo<\/p>\n<p style=\"text-align: justify;\"><b><strong>NUTRICIONISTA<br \/>\n<\/strong><\/b>Ensino supeiror completo<\/p>\n<p style=\"text-align: justify;\"><b><strong>CAFETEIRA<br \/>\n<\/strong><\/b>Ensino superior incompleto<\/p>\n<p style=\"text-align: justify;\"><b><strong>AUXILIAR DE RECEBIMENTO DE MERCADORIA (Auxilar de Dep\u00f3sito)<\/strong><\/b><br \/>\nEnsino m\u00e9dio completo<\/p>\n<p style=\"text-align: justify;\"><b><strong>COZINHEIRO (A)<br \/>\n<\/strong><\/b>Ensino m\u00e9dio completo<\/p>\n<p style=\"text-align: justify;\"><b><strong>L\u00cdDER DE SETOR (dep\u00f3sito)<br \/>\n<\/strong><\/b>Ensino superior incompleto<\/p>\n<p style=\"text-align: justify;\"><b><strong>L\u00cdDER DE SETOR (Loja, Frios e Horti Fruti)<br \/>\n<\/strong><\/b>Ensino superior incompleto<\/p>\n<p style=\"text-align: justify;\"><b><strong>CARTAZISTA<br \/>\n<\/strong><\/b>Ensino m\u00e9dio completo<\/p>\n<h3 style=\"text-align: justify;\"><b><strong><u>PREPARA\u00c7\u00c3O VITORIOSA PARA A SELE\u00c7\u00c3O<\/u><\/strong><\/b><\/h3>\n<p style=\"text-align: justify;\">O Marcas Vitoriosas\u00a0(Carreira Vitoriosa<b><strong>M<\/strong><\/b>), atrav\u00e9s de sua\u00a0<em>divis\u00e3o de treinamentos<\/em>, vai preparar candidatos para a\u00a0<u>sele\u00e7\u00e3o\u00a0<\/u>do\u00a0<b><strong>Atacad\u00e3o<\/strong><\/b>. \u201cVamos treinar e capacitar os candidatos em rela\u00e7\u00e3o a\u00a0<b><strong>como se comportar em entrevistas de emprego<\/strong><\/b>, como\u00a0<b><strong>elaborar um curr\u00edculo vitorioso<\/strong><\/b>, e todas as dicas de\u00a0<b><strong>como se conseguir o emprego dos sonhos<\/strong><\/b>\u201d \u2013 explica o coordenador\u00a0<em>Josu\u00e9 Ribeiro de Ara\u00fajo<\/em>.<\/p>\n<p style=\"text-align: justify;\">\u201cVamos ter uma palestra nesta\u00a0<b><strong>sexta-feira<\/strong><\/b>, dia\u00a0<b><strong>01 de novembro<\/strong><\/b>, \u00e0s nove da manh\u00e3, no audit\u00f3rio da\u00a0<b><strong>Acinpi<\/strong><\/b>, com o professor\u00a0<b><strong>Wedson Bezerra<\/strong><\/b>, e o ingresso corresponde a dois quilos de alimentos n\u00e3o perec\u00edveis\u201d. As\u00a0<b><strong>vagas s\u00e3o limitadas<\/strong><\/b>, e \u00e9 necess\u00e1rio confirmar a presen\u00e7a pelo WhatsApp\u00a0<b><strong><u>89.99465.9661<\/u><\/strong><\/b><b><strong>.<\/strong><\/b><\/p>\n<h3 style=\"text-align: justify;\"><b><strong><u>CADASTRO GRATUITO<\/u><\/strong><\/b><\/h3>\n<p style=\"text-align: justify;\">H\u00e1 quase\u00a0SETEanos no mercado, a\u00a0Carreira Vitoriosa\u00a0mudou radicalmente a sua sistem\u00e1tica de trabalho. Agora, o site \u00e9 o\u00a0<b><strong><a href=\"http:\/\/www.marcasvitoriosas.com.br\/\">www.marcasvitoriosas.com.br<\/a><\/strong><\/b>, e o candidato a vaga de emprego cadastra o seu curr\u00edculo\u00a0<b><strong>GRATUITAMENTE<\/strong><\/b>, ficando vis\u00edvel e \u00e0 disposi\u00e7\u00e3o das empresas. Para informa\u00e7\u00f5es, basta nos contatar pelo\u00a0<b><strong>WhatsApp 89.99465.9661<\/strong><\/b>.<\/p>\n<p style=\"text-align: justify;\"><strong>Fonte<\/strong>:\u00a0 Marcas Vitoriosas<\/p>\n","protected":false},"excerpt":{"rendered":"<p>A rede de\u00a0atacarejo\u00a0(atacado e varejo)\u00a0Atacad\u00e3o, do grupo franc\u00eas\u00a0Carrefour, iniciou a constru\u00e7\u00e3o de uma unidade em\u00a0Picos, no terreno quase em frente ao seu concorrente\u00a0Assa\u00ed Atacadista, nas margens da BR 316, no bairro\u00a0Belo Norte. A previs\u00e3o \u00e9 de contratar cerca de\u00a0300 colaboradores\u00a0para a unidade de\u00a0Picos. A inaugura\u00e7\u00e3o deve ser\u00a0em abril de 2020, daqui a\u00a0seis meses. A divis\u00e3o &hellip;<\/p>\n","protected":false},"author":8,"featured_media":12968,"comment_status":"open","ping_status":"open","sticky":false,"template":"","format":"standard","meta":{"content-type":"","rop_custom_images_group":[],"rop_custom_messages_group":[],"rop_publish_now":"initial","rop_publish_now_accounts":{"facebook_2648258775420054_1618374048415101":""},"rop_publish_now_history":[],"rop_publish_now_status":"pending","footnotes":"","_jetpack_memberships_contains_paid_content":false},"categories":[113,127],"tags":[3503,1282,1284],"yoast_head":"<!-- This site is optimized with the Yoast SEO plugin v22.3 - https:\/\/yoast.com\/wordpress\/plugins\/seo\/ -->\n<title>Atacad\u00e3o inicia constru\u00e7\u00e3o de unidade em Picos e deve gerar mais de 300 empregos diretos - Portal NPM<\/title>\n<meta name=\"robots\" content=\"index, follow, max-snippet:-1, max-image-preview:large, max-video-preview:-1\" \/>\n<link rel=\"canonical\" href=\"https:\/\/portalnpm.com\/index.php\/2019\/10\/28\/atacadao-inicia-construcao-de-unidade-em-picos-e-deve-gerar-mais-de-300-empregos-diretos\/\" \/>\n<meta property=\"og:locale\" content=\"pt_BR\" \/>\n<meta property=\"og:type\" content=\"article\" \/>\n<meta property=\"og:title\" content=\"Atacad\u00e3o inicia constru\u00e7\u00e3o de unidade em Picos e deve gerar mais de 300 empregos diretos - Portal NPM\" \/>\n<meta property=\"og:description\" content=\"A rede de\u00a0atacarejo\u00a0(atacado e varejo)\u00a0Atacad\u00e3o, do grupo franc\u00eas\u00a0Carrefour, iniciou a constru\u00e7\u00e3o de uma unidade em\u00a0Picos, no terreno quase em frente ao seu concorrente\u00a0Assa\u00ed Atacadista, nas margens da BR 316, no bairro\u00a0Belo Norte. A previs\u00e3o \u00e9 de contratar cerca de\u00a0300 colaboradores\u00a0para a unidade de\u00a0Picos. A inaugura\u00e7\u00e3o deve ser\u00a0em abril de 2020, daqui a\u00a0seis meses. A divis\u00e3o &hellip;\" \/>\n<meta property=\"og:url\" content=\"https:\/\/portalnpm.com\/index.php\/2019\/10\/28\/atacadao-inicia-construcao-de-unidade-em-picos-e-deve-gerar-mais-de-300-empregos-diretos\/\" \/>\n<meta property=\"og:site_name\" content=\"Portal NPM\" \/>\n<meta property=\"article:published_time\" content=\"2019-10-28T17:47:55+00:00\" \/>\n<meta name=\"author\" content=\"Zenilton Lima\" \/>\n<meta name=\"twitter:card\" content=\"summary_large_image\" \/>\n<meta name=\"twitter:label1\" content=\"Escrito por\" \/>\n\t<meta name=\"twitter:data1\" content=\"Zenilton Lima\" \/>\n\t<meta name=\"twitter:label2\" content=\"Est. tempo de leitura\" \/>\n\t<meta name=\"twitter:data2\" content=\"5 minutos\" \/>\n<script type=\"application\/ld+json\" class=\"yoast-schema-graph\">{\"@context\":\"https:\/\/schema.org\",\"@graph\":[{\"@type\":\"WebPage\",\"@id\":\"https:\/\/portalnpm.com\/index.php\/2019\/10\/28\/atacadao-inicia-construcao-de-unidade-em-picos-e-deve-gerar-mais-de-300-empregos-diretos\/\",\"url\":\"https:\/\/portalnpm.com\/index.php\/2019\/10\/28\/atacadao-inicia-construcao-de-unidade-em-picos-e-deve-gerar-mais-de-300-empregos-diretos\/\",\"name\":\"Atacad\u00e3o inicia constru\u00e7\u00e3o de unidade em Picos e deve gerar mais de 300 empregos diretos - Portal NPM\",\"isPartOf\":{\"@id\":\"https:\/\/portalnpm.com\/#website\"},\"primaryImageOfPage\":{\"@id\":\"https:\/\/portalnpm.com\/index.php\/2019\/10\/28\/atacadao-inicia-construcao-de-unidade-em-picos-e-deve-gerar-mais-de-300-empregos-diretos\/#primaryimage\"},\"image\":{\"@id\":\"https:\/\/portalnpm.com\/index.php\/2019\/10\/28\/atacadao-inicia-construcao-de-unidade-em-picos-e-deve-gerar-mais-de-300-empregos-diretos\/#primaryimage\"},\"thumbnailUrl\":\"\",\"datePublished\":\"2019-10-28T17:47:55+00:00\",\"dateModified\":\"2019-10-28T17:47:55+00:00\",\"author\":{\"@id\":\"https:\/\/portalnpm.com\/#\/schema\/person\/35cb55186eae3f074b6783da6d35591e\"},\"breadcrumb\":{\"@id\":\"https:\/\/portalnpm.com\/index.php\/2019\/10\/28\/atacadao-inicia-construcao-de-unidade-em-picos-e-deve-gerar-mais-de-300-empregos-diretos\/#breadcrumb\"},\"inLanguage\":\"pt-BR\",\"potentialAction\":[{\"@type\":\"ReadAction\",\"target\":[\"https:\/\/portalnpm.com\/index.php\/2019\/10\/28\/atacadao-inicia-construcao-de-unidade-em-picos-e-deve-gerar-mais-de-300-empregos-diretos\/\"]}]},{\"@type\":\"ImageObject\",\"inLanguage\":\"pt-BR\",\"@id\":\"https:\/\/portalnpm.com\/index.php\/2019\/10\/28\/atacadao-inicia-construcao-de-unidade-em-picos-e-deve-gerar-mais-de-300-empregos-diretos\/#primaryimage\",\"url\":\"\",\"contentUrl\":\"\"},{\"@type\":\"BreadcrumbList\",\"@id\":\"https:\/\/portalnpm.com\/index.php\/2019\/10\/28\/atacadao-inicia-construcao-de-unidade-em-picos-e-deve-gerar-mais-de-300-empregos-diretos\/#breadcrumb\",\"itemListElement\":[{\"@type\":\"ListItem\",\"position\":1,\"name\":\"In\u00edcio\",\"item\":\"https:\/\/portalnpm.com\/\"},{\"@type\":\"ListItem\",\"position\":2,\"name\":\"Atacad\u00e3o inicia constru\u00e7\u00e3o de unidade em Picos e deve gerar mais de 300 empregos diretos\"}]},{\"@type\":\"WebSite\",\"@id\":\"https:\/\/portalnpm.com\/#website\",\"url\":\"https:\/\/portalnpm.com\/\",\"name\":\"Portal NPM\",\"description\":\"Not\u00edcias em Primeira M\u00e3o\",\"potentialAction\":[{\"@type\":\"SearchAction\",\"target\":{\"@type\":\"EntryPoint\",\"urlTemplate\":\"https:\/\/portalnpm.com\/?s={search_term_string}\"},\"query-input\":\"required name=search_term_string\"}],\"inLanguage\":\"pt-BR\"},{\"@type\":\"Person\",\"@id\":\"https:\/\/portalnpm.com\/#\/schema\/person\/35cb55186eae3f074b6783da6d35591e\",\"name\":\"Zenilton Lima\",\"image\":{\"@type\":\"ImageObject\",\"inLanguage\":\"pt-BR\",\"@id\":\"https:\/\/portalnpm.com\/#\/schema\/person\/image\/\",\"url\":\"https:\/\/portalnpm.com\/wp-content\/uploads\/2024\/12\/avatar_user_8_1733658137-96x96.jpeg\",\"contentUrl\":\"https:\/\/portalnpm.com\/wp-content\/uploads\/2024\/12\/avatar_user_8_1733658137-96x96.jpeg\",\"caption\":\"Zenilton Lima\"},\"url\":\"https:\/\/portalnpm.com\/index.php\/author\/zenilton\/\"}]}<\/script>\n<!-- \/ Yoast SEO plugin. -->","yoast_head_json":{"title":"Atacad\u00e3o inicia constru\u00e7\u00e3o de unidade em Picos e deve gerar mais de 300 empregos diretos - Portal NPM","robots":{"index":"index","follow":"follow","max-snippet":"max-snippet:-1","max-image-preview":"max-image-preview:large","max-video-preview":"max-video-preview:-1"},"canonical":"https:\/\/portalnpm.com\/index.php\/2019\/10\/28\/atacadao-inicia-construcao-de-unidade-em-picos-e-deve-gerar-mais-de-300-empregos-diretos\/","og_locale":"pt_BR","og_type":"article","og_title":"Atacad\u00e3o inicia constru\u00e7\u00e3o de unidade em Picos e deve gerar mais de 300 empregos diretos - Portal NPM","og_description":"A rede de\u00a0atacarejo\u00a0(atacado e varejo)\u00a0Atacad\u00e3o, do grupo franc\u00eas\u00a0Carrefour, iniciou a constru\u00e7\u00e3o de uma unidade em\u00a0Picos, no terreno quase em frente ao seu concorrente\u00a0Assa\u00ed Atacadista, nas margens da BR 316, no bairro\u00a0Belo Norte. A previs\u00e3o \u00e9 de contratar cerca de\u00a0300 colaboradores\u00a0para a unidade de\u00a0Picos. A inaugura\u00e7\u00e3o deve ser\u00a0em abril de 2020, daqui a\u00a0seis meses. A divis\u00e3o &hellip;","og_url":"https:\/\/portalnpm.com\/index.php\/2019\/10\/28\/atacadao-inicia-construcao-de-unidade-em-picos-e-deve-gerar-mais-de-300-empregos-diretos\/","og_site_name":"Portal NPM","article_published_time":"2019-10-28T17:47:55+00:00","author":"Zenilton Lima","twitter_card":"summary_large_image","twitter_misc":{"Escrito por":"Zenilton Lima","Est. tempo de leitura":"5 minutos"},"schema":{"@context":"https:\/\/schema.org","@graph":[{"@type":"WebPage","@id":"https:\/\/portalnpm.com\/index.php\/2019\/10\/28\/atacadao-inicia-construcao-de-unidade-em-picos-e-deve-gerar-mais-de-300-empregos-diretos\/","url":"https:\/\/portalnpm.com\/index.php\/2019\/10\/28\/atacadao-inicia-construcao-de-unidade-em-picos-e-deve-gerar-mais-de-300-empregos-diretos\/","name":"Atacad\u00e3o inicia constru\u00e7\u00e3o de unidade em Picos e deve gerar mais de 300 empregos diretos - Portal NPM","isPartOf":{"@id":"https:\/\/portalnpm.com\/#website"},"primaryImageOfPage":{"@id":"https:\/\/portalnpm.com\/index.php\/2019\/10\/28\/atacadao-inicia-construcao-de-unidade-em-picos-e-deve-gerar-mais-de-300-empregos-diretos\/#primaryimage"},"image":{"@id":"https:\/\/portalnpm.com\/index.php\/2019\/10\/28\/atacadao-inicia-construcao-de-unidade-em-picos-e-deve-gerar-mais-de-300-empregos-diretos\/#primaryimage"},"thumbnailUrl":"","datePublished":"2019-10-28T17:47:55+00:00","dateModified":"2019-10-28T17:47:55+00:00","author":{"@id":"https:\/\/portalnpm.com\/#\/schema\/person\/35cb55186eae3f074b6783da6d35591e"},"breadcrumb":{"@id":"https:\/\/portalnpm.com\/index.php\/2019\/10\/28\/atacadao-inicia-construcao-de-unidade-em-picos-e-deve-gerar-mais-de-300-empregos-diretos\/#breadcrumb"},"inLanguage":"pt-BR","potentialAction":[{"@type":"ReadAction","target":["https:\/\/portalnpm.com\/index.php\/2019\/10\/28\/atacadao-inicia-construcao-de-unidade-em-picos-e-deve-gerar-mais-de-300-empregos-diretos\/"]}]},{"@type":"ImageObject","inLanguage":"pt-BR","@id":"https:\/\/portalnpm.com\/index.php\/2019\/10\/28\/atacadao-inicia-construcao-de-unidade-em-picos-e-deve-gerar-mais-de-300-empregos-diretos\/#primaryimage","url":"","contentUrl":""},{"@type":"BreadcrumbList","@id":"https:\/\/portalnpm.com\/index.php\/2019\/10\/28\/atacadao-inicia-construcao-de-unidade-em-picos-e-deve-gerar-mais-de-300-empregos-diretos\/#breadcrumb","itemListElement":[{"@type":"ListItem","position":1,"name":"In\u00edcio","item":"https:\/\/portalnpm.com\/"},{"@type":"ListItem","position":2,"name":"Atacad\u00e3o inicia constru\u00e7\u00e3o de unidade em Picos e deve gerar mais de 300 empregos diretos"}]},{"@type":"WebSite","@id":"https:\/\/portalnpm.com\/#website","url":"https:\/\/portalnpm.com\/","name":"Portal NPM","description":"Not\u00edcias em Primeira M\u00e3o","potentialAction":[{"@type":"SearchAction","target":{"@type":"EntryPoint","urlTemplate":"https:\/\/portalnpm.com\/?s={search_term_string}"},"query-input":"required name=search_term_string"}],"inLanguage":"pt-BR"},{"@type":"Person","@id":"https:\/\/portalnpm.com\/#\/schema\/person\/35cb55186eae3f074b6783da6d35591e","name":"Zenilton Lima","image":{"@type":"ImageObject","inLanguage":"pt-BR","@id":"https:\/\/portalnpm.com\/#\/schema\/person\/image\/","url":"https:\/\/portalnpm.com\/wp-content\/uploads\/2024\/12\/avatar_user_8_1733658137-96x96.jpeg","contentUrl":"https:\/\/portalnpm.com\/wp-content\/uploads\/2024\/12\/avatar_user_8_1733658137-96x96.jpeg","caption":"Zenilton Lima"},"url":"https:\/\/portalnpm.com\/index.php\/author\/zenilton\/"}]}},"jetpack_sharing_enabled":true,"jetpack_featured_media_url":"","_links":{"self":[{"href":"https:\/\/portalnpm.com\/index.php\/wp-json\/wp\/v2\/posts\/12965"}],"collection":[{"href":"https:\/\/portalnpm.com\/index.php\/wp-json\/wp\/v2\/posts"}],"about":[{"href":"https:\/\/portalnpm.com\/index.php\/wp-json\/wp\/v2\/types\/post"}],"author":[{"embeddable":true,"href":"https:\/\/portalnpm.com\/index.php\/wp-json\/wp\/v2\/users\/8"}],"replies":[{"embeddable":true,"href":"https:\/\/portalnpm.com\/index.php\/wp-json\/wp\/v2\/comments?post=12965"}],"version-history":[{"count":0,"href":"https:\/\/portalnpm.com\/index.php\/wp-json\/wp\/v2\/posts\/12965\/revisions"}],"wp:featuredmedia":[{"embeddable":true,"href":"https:\/\/portalnpm.com\/index.php\/wp-json\/"}],"wp:attachment":[{"href":"https:\/\/portalnpm.com\/index.php\/wp-json\/wp\/v2\/media?parent=12965"}],"wp:term":[{"taxonomy":"category","embeddable":true,"href":"https:\/\/portalnpm.com\/index.php\/wp-json\/wp\/v2\/categories?post=12965"},{"taxonomy":"post_tag","embeddable":true,"href":"https:\/\/portalnpm.com\/index.php\/wp-json\/wp\/v2\/tags?post=12965"}],"curies":[{"name":"wp","href":"https:\/\/api.w.org\/{rel}","templated":true}]}}