{"id":12996,"date":"2019-10-28T15:36:07","date_gmt":"2019-10-28T18:36:07","guid":{"rendered":"http:\/\/srv.portalnpm.com.br\/?p=12996"},"modified":"2019-10-28T15:36:07","modified_gmt":"2019-10-28T18:36:07","slug":"marcha-para-jesus-e-cruzada-evangelistica-celebrarao-o-dia-do-evangelico-em-padre-marcos","status":"publish","type":"post","link":"https:\/\/portalnpm.com\/index.php\/2019\/10\/28\/marcha-para-jesus-e-cruzada-evangelistica-celebrarao-o-dia-do-evangelico-em-padre-marcos\/","title":{"rendered":"Marcha para Jesus e cruzada evangel\u00edstica celebrar\u00e3o o Dia do Evang\u00e9lico em Padre Marcos"},"content":{"rendered":"<p style=\"text-align: justify;\">O Dia do Evang\u00e9lico no munic\u00edpio de Padre Marcos, ser\u00e1 comemorado no dia 1\u00ba de novembro, pr\u00f3xima sexta-feira, com a realiza\u00e7\u00e3o da tradicional Marcha para Jesus e de uma cruzada evangel\u00edstica.<\/p>\n<p>&nbsp;<\/p>\n<p style=\"text-align: justify;\">O evento \u00e9 promovido pelas igrejas evang\u00e9licas do munic\u00edpio, com apoio da Prefeitura Municipal, gest\u00e3o do prefeito Jos\u00e9 Valdinar da Silva, e da C\u00e2mara de Vereadores.<\/p>\n<p style=\"text-align: justify;\">A programa\u00e7\u00e3o, que promete reunir um grande n\u00famero de crist\u00e3os evang\u00e9licos de Padre Marcos e munic\u00edpios vizinhos, ter\u00e1 in\u00edcio \u00e0s 16h, com a Marcha para Jesus. A noite, a partir das 19 horas, acontecer\u00e1 a cruzada evangel\u00edstica, que ser\u00e1 realizada na pra\u00e7a do Abrigo.<\/p>\n<p><img fetchpriority=\"high\" decoding=\"async\" class=\"aligncenter size-full wp-image-12997\" src=\"http:\/\/portalnpm.com\/wp-content\/uploads\/2019\/10\/Dia-do-Evang\u00e9lico-Pe-Marcos-1-724x1024.jpg\" alt=\"\" width=\"724\" height=\"1024\" \/><\/p>\n<p style=\"text-align: justify;\">O preletor da noite ser\u00e1 o pastor Serafim Sobrinho, de Teresina. O culto alusivo ao Dia do Evang\u00e9lico contar\u00e1 tamb\u00e9m com a participa\u00e7\u00e3o musical da cantora Rayanne Vanessa, de Recife- PE.<\/p>\n<p style=\"text-align: justify;\">Nos dias 2 e 3, acontecer\u00e1 tamb\u00e9m o I Congresso Unificado, promovido pela Assembl\u00e9ia de Deus, que ter\u00e1 como tema \u201cVinde pois e reedifiquemos o muro de Jerusal\u00e9m (Ne 2.17b)\u201d.<\/p>\n<p><img decoding=\"async\" class=\"aligncenter size-full wp-image-12998\" src=\"http:\/\/portalnpm.com\/wp-content\/uploads\/2019\/10\/Corngresso-Pe-Marcos.jpg\" alt=\"\" width=\"720\" height=\"1014\" \/><\/p>\n<p style=\"text-align: justify;\">A programa\u00e7\u00e3o do evento acontecer\u00e1 em frente ao templo da Igreja Assembl\u00e9ia de Deus, na avenida Jos\u00e9 de Moura Leal. Os ministrantes da palavra ser\u00e3o os pastores Mard\u00f4nio Macedo e Serafim Sobrinho, com participa\u00e7\u00e3o tamb\u00e9m da cantora Rayanne Vanessa.<\/p>\n<p><strong>Fonte<\/strong>: Cidades na Net<\/p>\n","protected":false},"excerpt":{"rendered":"<p>O Dia do Evang\u00e9lico no munic\u00edpio de Padre Marcos, ser\u00e1 comemorado no dia 1\u00ba de novembro, pr\u00f3xima sexta-feira, com a realiza\u00e7\u00e3o da tradicional Marcha para Jesus e de uma cruzada evangel\u00edstica. &nbsp; O evento \u00e9 promovido pelas igrejas evang\u00e9licas do munic\u00edpio, com apoio da Prefeitura Municipal, gest\u00e3o do prefeito Jos\u00e9 Valdinar da Silva, e da &hellip;<\/p>\n","protected":false},"author":8,"featured_media":12999,"comment_status":"open","ping_status":"open","sticky":false,"template":"","format":"standard","meta":{"content-type":"","rop_custom_images_group":[],"rop_custom_messages_group":[],"rop_publish_now":"initial","rop_publish_now_accounts":{"facebook_2648258775420054_1618374048415101":""},"rop_publish_now_history":[],"rop_publish_now_status":"pending","footnotes":"","_jetpack_memberships_contains_paid_content":false},"categories":[119],"tags":[3506,3507,3022],"yoast_head":"<!-- This site is optimized with the Yoast SEO plugin v22.3 - https:\/\/yoast.com\/wordpress\/plugins\/seo\/ -->\n<title>Marcha para Jesus e cruzada evangel\u00edstica celebrar\u00e3o o Dia do Evang\u00e9lico em Padre Marcos - Portal NPM<\/title>\n<meta name=\"robots\" content=\"index, follow, max-snippet:-1, max-image-preview:large, max-video-preview:-1\" \/>\n<link rel=\"canonical\" href=\"https:\/\/portalnpm.com\/index.php\/2019\/10\/28\/marcha-para-jesus-e-cruzada-evangelistica-celebrarao-o-dia-do-evangelico-em-padre-marcos\/\" \/>\n<meta property=\"og:locale\" content=\"pt_BR\" \/>\n<meta property=\"og:type\" content=\"article\" \/>\n<meta property=\"og:title\" content=\"Marcha para Jesus e cruzada evangel\u00edstica celebrar\u00e3o o Dia do Evang\u00e9lico em Padre Marcos - Portal NPM\" \/>\n<meta property=\"og:description\" content=\"O Dia do Evang\u00e9lico no munic\u00edpio de Padre Marcos, ser\u00e1 comemorado no dia 1\u00ba de novembro, pr\u00f3xima sexta-feira, com a realiza\u00e7\u00e3o da tradicional Marcha para Jesus e de uma cruzada evangel\u00edstica. &nbsp; O evento \u00e9 promovido pelas igrejas evang\u00e9licas do munic\u00edpio, com apoio da Prefeitura Municipal, gest\u00e3o do prefeito Jos\u00e9 Valdinar da Silva, e da &hellip;\" \/>\n<meta property=\"og:url\" content=\"https:\/\/portalnpm.com\/index.php\/2019\/10\/28\/marcha-para-jesus-e-cruzada-evangelistica-celebrarao-o-dia-do-evangelico-em-padre-marcos\/\" \/>\n<meta property=\"og:site_name\" content=\"Portal NPM\" \/>\n<meta property=\"article:published_time\" content=\"2019-10-28T18:36:07+00:00\" \/>\n<meta name=\"author\" content=\"Zenilton Lima\" \/>\n<meta name=\"twitter:card\" content=\"summary_large_image\" \/>\n<meta name=\"twitter:label1\" content=\"Escrito por\" \/>\n\t<meta name=\"twitter:data1\" content=\"Zenilton Lima\" \/>\n\t<meta name=\"twitter:label2\" content=\"Est. tempo de leitura\" \/>\n\t<meta name=\"twitter:data2\" content=\"1 minuto\" \/>\n<script type=\"application\/ld+json\" class=\"yoast-schema-graph\">{\"@context\":\"https:\/\/schema.org\",\"@graph\":[{\"@type\":\"WebPage\",\"@id\":\"https:\/\/portalnpm.com\/index.php\/2019\/10\/28\/marcha-para-jesus-e-cruzada-evangelistica-celebrarao-o-dia-do-evangelico-em-padre-marcos\/\",\"url\":\"https:\/\/portalnpm.com\/index.php\/2019\/10\/28\/marcha-para-jesus-e-cruzada-evangelistica-celebrarao-o-dia-do-evangelico-em-padre-marcos\/\",\"name\":\"Marcha para Jesus e cruzada evangel\u00edstica celebrar\u00e3o o Dia do Evang\u00e9lico em Padre Marcos - Portal NPM\",\"isPartOf\":{\"@id\":\"https:\/\/portalnpm.com\/#website\"},\"primaryImageOfPage\":{\"@id\":\"https:\/\/portalnpm.com\/index.php\/2019\/10\/28\/marcha-para-jesus-e-cruzada-evangelistica-celebrarao-o-dia-do-evangelico-em-padre-marcos\/#primaryimage\"},\"image\":{\"@id\":\"https:\/\/portalnpm.com\/index.php\/2019\/10\/28\/marcha-para-jesus-e-cruzada-evangelistica-celebrarao-o-dia-do-evangelico-em-padre-marcos\/#primaryimage\"},\"thumbnailUrl\":\"\",\"datePublished\":\"2019-10-28T18:36:07+00:00\",\"dateModified\":\"2019-10-28T18:36:07+00:00\",\"author\":{\"@id\":\"https:\/\/portalnpm.com\/#\/schema\/person\/35cb55186eae3f074b6783da6d35591e\"},\"breadcrumb\":{\"@id\":\"https:\/\/portalnpm.com\/index.php\/2019\/10\/28\/marcha-para-jesus-e-cruzada-evangelistica-celebrarao-o-dia-do-evangelico-em-padre-marcos\/#breadcrumb\"},\"inLanguage\":\"pt-BR\",\"potentialAction\":[{\"@type\":\"ReadAction\",\"target\":[\"https:\/\/portalnpm.com\/index.php\/2019\/10\/28\/marcha-para-jesus-e-cruzada-evangelistica-celebrarao-o-dia-do-evangelico-em-padre-marcos\/\"]}]},{\"@type\":\"ImageObject\",\"inLanguage\":\"pt-BR\",\"@id\":\"https:\/\/portalnpm.com\/index.php\/2019\/10\/28\/marcha-para-jesus-e-cruzada-evangelistica-celebrarao-o-dia-do-evangelico-em-padre-marcos\/#primaryimage\",\"url\":\"\",\"contentUrl\":\"\"},{\"@type\":\"BreadcrumbList\",\"@id\":\"https:\/\/portalnpm.com\/index.php\/2019\/10\/28\/marcha-para-jesus-e-cruzada-evangelistica-celebrarao-o-dia-do-evangelico-em-padre-marcos\/#breadcrumb\",\"itemListElement\":[{\"@type\":\"ListItem\",\"position\":1,\"name\":\"In\u00edcio\",\"item\":\"https:\/\/portalnpm.com\/\"},{\"@type\":\"ListItem\",\"position\":2,\"name\":\"Marcha para Jesus e cruzada evangel\u00edstica celebrar\u00e3o o Dia do Evang\u00e9lico em Padre Marcos\"}]},{\"@type\":\"WebSite\",\"@id\":\"https:\/\/portalnpm.com\/#website\",\"url\":\"https:\/\/portalnpm.com\/\",\"name\":\"Portal NPM\",\"description\":\"Not\u00edcias em Primeira M\u00e3o\",\"potentialAction\":[{\"@type\":\"SearchAction\",\"target\":{\"@type\":\"EntryPoint\",\"urlTemplate\":\"https:\/\/portalnpm.com\/?s={search_term_string}\"},\"query-input\":\"required name=search_term_string\"}],\"inLanguage\":\"pt-BR\"},{\"@type\":\"Person\",\"@id\":\"https:\/\/portalnpm.com\/#\/schema\/person\/35cb55186eae3f074b6783da6d35591e\",\"name\":\"Zenilton Lima\",\"image\":{\"@type\":\"ImageObject\",\"inLanguage\":\"pt-BR\",\"@id\":\"https:\/\/portalnpm.com\/#\/schema\/person\/image\/\",\"url\":\"https:\/\/portalnpm.com\/wp-content\/uploads\/2024\/12\/avatar_user_8_1733658137-96x96.jpeg\",\"contentUrl\":\"https:\/\/portalnpm.com\/wp-content\/uploads\/2024\/12\/avatar_user_8_1733658137-96x96.jpeg\",\"caption\":\"Zenilton Lima\"},\"url\":\"https:\/\/portalnpm.com\/index.php\/author\/zenilton\/\"}]}<\/script>\n<!-- \/ Yoast SEO plugin. -->","yoast_head_json":{"title":"Marcha para Jesus e cruzada evangel\u00edstica celebrar\u00e3o o Dia do Evang\u00e9lico em Padre Marcos - Portal NPM","robots":{"index":"index","follow":"follow","max-snippet":"max-snippet:-1","max-image-preview":"max-image-preview:large","max-video-preview":"max-video-preview:-1"},"canonical":"https:\/\/portalnpm.com\/index.php\/2019\/10\/28\/marcha-para-jesus-e-cruzada-evangelistica-celebrarao-o-dia-do-evangelico-em-padre-marcos\/","og_locale":"pt_BR","og_type":"article","og_title":"Marcha para Jesus e cruzada evangel\u00edstica celebrar\u00e3o o Dia do Evang\u00e9lico em Padre Marcos - Portal NPM","og_description":"O Dia do Evang\u00e9lico no munic\u00edpio de Padre Marcos, ser\u00e1 comemorado no dia 1\u00ba de novembro, pr\u00f3xima sexta-feira, com a realiza\u00e7\u00e3o da tradicional Marcha para Jesus e de uma cruzada evangel\u00edstica. &nbsp; O evento \u00e9 promovido pelas igrejas evang\u00e9licas do munic\u00edpio, com apoio da Prefeitura Municipal, gest\u00e3o do prefeito Jos\u00e9 Valdinar da Silva, e da &hellip;","og_url":"https:\/\/portalnpm.com\/index.php\/2019\/10\/28\/marcha-para-jesus-e-cruzada-evangelistica-celebrarao-o-dia-do-evangelico-em-padre-marcos\/","og_site_name":"Portal NPM","article_published_time":"2019-10-28T18:36:07+00:00","author":"Zenilton Lima","twitter_card":"summary_large_image","twitter_misc":{"Escrito por":"Zenilton Lima","Est. tempo de leitura":"1 minuto"},"schema":{"@context":"https:\/\/schema.org","@graph":[{"@type":"WebPage","@id":"https:\/\/portalnpm.com\/index.php\/2019\/10\/28\/marcha-para-jesus-e-cruzada-evangelistica-celebrarao-o-dia-do-evangelico-em-padre-marcos\/","url":"https:\/\/portalnpm.com\/index.php\/2019\/10\/28\/marcha-para-jesus-e-cruzada-evangelistica-celebrarao-o-dia-do-evangelico-em-padre-marcos\/","name":"Marcha para Jesus e cruzada evangel\u00edstica celebrar\u00e3o o Dia do Evang\u00e9lico em Padre Marcos - Portal NPM","isPartOf":{"@id":"https:\/\/portalnpm.com\/#website"},"primaryImageOfPage":{"@id":"https:\/\/portalnpm.com\/index.php\/2019\/10\/28\/marcha-para-jesus-e-cruzada-evangelistica-celebrarao-o-dia-do-evangelico-em-padre-marcos\/#primaryimage"},"image":{"@id":"https:\/\/portalnpm.com\/index.php\/2019\/10\/28\/marcha-para-jesus-e-cruzada-evangelistica-celebrarao-o-dia-do-evangelico-em-padre-marcos\/#primaryimage"},"thumbnailUrl":"","datePublished":"2019-10-28T18:36:07+00:00","dateModified":"2019-10-28T18:36:07+00:00","author":{"@id":"https:\/\/portalnpm.com\/#\/schema\/person\/35cb55186eae3f074b6783da6d35591e"},"breadcrumb":{"@id":"https:\/\/portalnpm.com\/index.php\/2019\/10\/28\/marcha-para-jesus-e-cruzada-evangelistica-celebrarao-o-dia-do-evangelico-em-padre-marcos\/#breadcrumb"},"inLanguage":"pt-BR","potentialAction":[{"@type":"ReadAction","target":["https:\/\/portalnpm.com\/index.php\/2019\/10\/28\/marcha-para-jesus-e-cruzada-evangelistica-celebrarao-o-dia-do-evangelico-em-padre-marcos\/"]}]},{"@type":"ImageObject","inLanguage":"pt-BR","@id":"https:\/\/portalnpm.com\/index.php\/2019\/10\/28\/marcha-para-jesus-e-cruzada-evangelistica-celebrarao-o-dia-do-evangelico-em-padre-marcos\/#primaryimage","url":"","contentUrl":""},{"@type":"BreadcrumbList","@id":"https:\/\/portalnpm.com\/index.php\/2019\/10\/28\/marcha-para-jesus-e-cruzada-evangelistica-celebrarao-o-dia-do-evangelico-em-padre-marcos\/#breadcrumb","itemListElement":[{"@type":"ListItem","position":1,"name":"In\u00edcio","item":"https:\/\/portalnpm.com\/"},{"@type":"ListItem","position":2,"name":"Marcha para Jesus e cruzada evangel\u00edstica celebrar\u00e3o o Dia do Evang\u00e9lico em Padre Marcos"}]},{"@type":"WebSite","@id":"https:\/\/portalnpm.com\/#website","url":"https:\/\/portalnpm.com\/","name":"Portal NPM","description":"Not\u00edcias em Primeira M\u00e3o","potentialAction":[{"@type":"SearchAction","target":{"@type":"EntryPoint","urlTemplate":"https:\/\/portalnpm.com\/?s={search_term_string}"},"query-input":"required name=search_term_string"}],"inLanguage":"pt-BR"},{"@type":"Person","@id":"https:\/\/portalnpm.com\/#\/schema\/person\/35cb55186eae3f074b6783da6d35591e","name":"Zenilton Lima","image":{"@type":"ImageObject","inLanguage":"pt-BR","@id":"https:\/\/portalnpm.com\/#\/schema\/person\/image\/","url":"https:\/\/portalnpm.com\/wp-content\/uploads\/2024\/12\/avatar_user_8_1733658137-96x96.jpeg","contentUrl":"https:\/\/portalnpm.com\/wp-content\/uploads\/2024\/12\/avatar_user_8_1733658137-96x96.jpeg","caption":"Zenilton Lima"},"url":"https:\/\/portalnpm.com\/index.php\/author\/zenilton\/"}]}},"jetpack_sharing_enabled":true,"jetpack_featured_media_url":"","_links":{"self":[{"href":"https:\/\/portalnpm.com\/index.php\/wp-json\/wp\/v2\/posts\/12996"}],"collection":[{"href":"https:\/\/portalnpm.com\/index.php\/wp-json\/wp\/v2\/posts"}],"about":[{"href":"https:\/\/portalnpm.com\/index.php\/wp-json\/wp\/v2\/types\/post"}],"author":[{"embeddable":true,"href":"https:\/\/portalnpm.com\/index.php\/wp-json\/wp\/v2\/users\/8"}],"replies":[{"embeddable":true,"href":"https:\/\/portalnpm.com\/index.php\/wp-json\/wp\/v2\/comments?post=12996"}],"version-history":[{"count":0,"href":"https:\/\/portalnpm.com\/index.php\/wp-json\/wp\/v2\/posts\/12996\/revisions"}],"wp:featuredmedia":[{"embeddable":true,"href":"https:\/\/portalnpm.com\/index.php\/wp-json\/"}],"wp:attachment":[{"href":"https:\/\/portalnpm.com\/index.php\/wp-json\/wp\/v2\/media?parent=12996"}],"wp:term":[{"taxonomy":"category","embeddable":true,"href":"https:\/\/portalnpm.com\/index.php\/wp-json\/wp\/v2\/categories?post=12996"},{"taxonomy":"post_tag","embeddable":true,"href":"https:\/\/portalnpm.com\/index.php\/wp-json\/wp\/v2\/tags?post=12996"}],"curies":[{"name":"wp","href":"https:\/\/api.w.org\/{rel}","templated":true}]}}