{"id":13049,"date":"2019-10-30T11:03:11","date_gmt":"2019-10-30T14:03:11","guid":{"rendered":"http:\/\/srv.portalnpm.com.br\/?p=13049"},"modified":"2019-10-30T11:03:11","modified_gmt":"2019-10-30T14:03:11","slug":"poetas-de-alagoinha-do-piaui-sao-premiados-em-concurso-da-alerp","status":"publish","type":"post","link":"https:\/\/portalnpm.com\/index.php\/2019\/10\/30\/poetas-de-alagoinha-do-piaui-sao-premiados-em-concurso-da-alerp\/","title":{"rendered":"Poetas de Alagoinha do Piau\u00ed s\u00e3o premiados em concurso da ALERP"},"content":{"rendered":"<p style=\"text-align: justify;\">Aconteceu na tarde deste s\u00e1bado, 26 de outubro de 2019, o anuncio dos vencedores do Concurso de Poesia da ALERP \u2013 Academia de Letras da Regi\u00e3o de Picos, em comemora\u00e7\u00e3o aos 30 anos da referida Institui\u00e7\u00e3o de Cultura.<\/p>\n<p style=\"text-align: justify;\">A premia\u00e7\u00e3o fez parte da programa\u00e7\u00e3o do XVI Semin\u00e1rio de Literatura Piauiense e XIII Semin\u00e1rio de Literatura Picoense, na cidade de Picos.<\/p>\n<p style=\"text-align: justify;\">O concurso contou com aproximadamente 80 poetas \u00a0inscritos. Dentre eles, cinco poetas alagoinhenses: Samuel Nascimento, Otaviano Arc\u00eanio de Brito, Eva Gra\u00e7a Brito, Regivalda Sousa e Fid\u00e9lia Rocha. \u00a0Todos os poetas alagoinhenses inscritos foram premiados.<\/p>\n<p style=\"text-align: justify;\">Premia\u00e7\u00f5es aos escritores alagoinhenses:<\/p>\n<p style=\"text-align: justify;\">3\u00b0 Lugar na categoria adulto:<\/p>\n<p style=\"text-align: justify;\">\u201cSou Negro\u201d, poema de autoria do Poeta Samuel Nascimento;<\/p>\n<p style=\"text-align: justify;\">Men\u00e7\u00e3o Honrosa:<\/p>\n<p style=\"text-align: justify;\">\u201cEsse Mundo Ficou Bom, Quando eu n\u00e3o prestava mais\u201d, poema de autoria do Poeta Otaviano Arc\u00eanio de Brito;<\/p>\n<p style=\"text-align: justify;\">Men\u00e7\u00e3o Honrosa:<\/p>\n<p style=\"text-align: justify;\">\u201cRebeli\u00e3o no C\u00e1rcere\u201d, poema de autoria da Escritora Eva Gra\u00e7a Brito;<\/p>\n<p style=\"text-align: justify;\">Men\u00e7\u00e3o Honrosa:<\/p>\n<p style=\"text-align: justify;\">\u201cA Bailarina\u201d, poema de autoria da Escritora Fid\u00e9lia Rocha;<\/p>\n<p style=\"text-align: justify;\">Men\u00e7\u00e3o Honrosa:<\/p>\n<p style=\"text-align: justify;\">\u201cA rosa \u00a0Vermelha\u201d, poema de autoria da Escritora Regivalda Sousa.<\/p>\n<p style=\"text-align: justify;\">Segue os poemas dos escritores alagoinhenses agraciados no concurso:<\/p>\n<p style=\"text-align: justify;\">SOU NEGRO\u00a0<span class=\"fr-img-caption fr-fic fr-dib\"><span class=\"fr-img-wrap\"><img decoding=\"async\" src=\"https:\/\/static.meionorte.com\/uploads\/imagens\/2019\/10\/29\/3ac9ec76-9825-49ce-8acb-4e2fbb32c766-5fb016e7-6e5f-44e3-9514-eccd6e0ed411.jpg\" data-cfsrc=\"https:\/\/static.meionorte.com\/uploads\/imagens\/2019\/10\/29\/3ac9ec76-9825-49ce-8acb-4e2fbb32c766-5fb016e7-6e5f-44e3-9514-eccd6e0ed411.jpg\" \/><span class=\"fr-inner\">Poeta Samuel Nascimento<\/span><\/span><\/span><\/p>\n<p style=\"text-align: justify;\">\u00a0Sou negro,<\/p>\n<p style=\"text-align: justify;\">Filho de Oxal\u00e1,<\/p>\n<p style=\"text-align: justify;\">\u201cBen\u00e7\u00e3o\u201d de Ossaim,<\/p>\n<p style=\"text-align: justify;\">E guerreiro de Xang\u00f4.<\/p>\n<p style=\"text-align: justify;\">Sou negro,<\/p>\n<p style=\"text-align: justify;\">Sangue africano,<\/p>\n<p style=\"text-align: justify;\">Homem forte<\/p>\n<p style=\"text-align: justify;\">&#8211; E valente,<\/p>\n<p style=\"text-align: justify;\">Bra\u00e7os para a luta<\/p>\n<p style=\"text-align: justify;\">&#8211; Sofrida \u2013 De viver.<\/p>\n<p style=\"text-align: justify;\">Sou negro,<\/p>\n<p style=\"text-align: justify;\">Sou a terra ferida,<\/p>\n<p style=\"text-align: justify;\">Gemidos inclementes,<\/p>\n<p style=\"text-align: justify;\">L\u00e1grimas ca\u00eddas,<\/p>\n<p style=\"text-align: justify;\">Virgens pervertidas,<\/p>\n<p style=\"text-align: justify;\">Vitimas demais<\/p>\n<p style=\"text-align: justify;\">&#8211; Dos animais<\/p>\n<p style=\"text-align: justify;\">&#8211; Brancos.<\/p>\n<p style=\"text-align: justify;\">Sou negro,<\/p>\n<p style=\"text-align: justify;\">Sou o corpo e a corrente,<\/p>\n<p style=\"text-align: justify;\">Sou o menino em sil\u00eancio<\/p>\n<p style=\"text-align: justify;\">&#8211; Jogado no inferno<\/p>\n<p style=\"text-align: justify;\">&#8211; Para os diabos do navio.<\/p>\n<p style=\"text-align: justify;\">Sou negro,<\/p>\n<p style=\"text-align: justify;\">Sou a vida &#8211; Vendida.<\/p>\n<p style=\"text-align: justify;\">Malditas moedas de prata.<\/p>\n<p style=\"text-align: justify;\">Sou a fome, a sede,<\/p>\n<p style=\"text-align: justify;\">A senzala e o tronco<\/p>\n<p style=\"text-align: justify;\">&#8211; Nas terras de Santa Cruz<\/p>\n<p style=\"text-align: justify;\">&#8211; Negro<\/p>\n<p style=\"text-align: justify;\">&#8211; Jesus.<\/p>\n<p style=\"text-align: justify;\">Sou negro,<\/p>\n<p style=\"text-align: justify;\">Sou o filho de Eva,<\/p>\n<p style=\"text-align: justify;\">Ref\u00e9m do carrasco feitor.<\/p>\n<p style=\"text-align: justify;\">Rapariga do \u201cdono\u201d<\/p>\n<p style=\"text-align: justify;\">&#8211; Desumano<\/p>\n<p style=\"text-align: justify;\">&#8211; Sem AMOR.<\/p>\n<p style=\"text-align: justify;\">Sou negro,<\/p>\n<p style=\"text-align: justify;\">Sou o corte da cana,<\/p>\n<p style=\"text-align: justify;\">A ama de leite,<\/p>\n<p style=\"text-align: justify;\">Arrobas de caf\u00e9<\/p>\n<p style=\"text-align: justify;\">&#8211; Dos coron\u00e9is<\/p>\n<p style=\"text-align: justify;\">&#8211; Cru\u00e9is<\/p>\n<p style=\"text-align: justify;\">&#8211; Covardes.<\/p>\n<p style=\"text-align: justify;\">Sou negro,<\/p>\n<p style=\"text-align: justify;\">De m\u00e3os calejadas,<\/p>\n<p style=\"text-align: justify;\">Peda\u00e7os de terra \u2013 A terra,<\/p>\n<p style=\"text-align: justify;\">Suor da riqueza da na\u00e7\u00e3o<\/p>\n<p style=\"text-align: justify;\">&#8211; Morrendo de fome<\/p>\n<p style=\"text-align: justify;\">&#8211; Sem nome.<\/p>\n<p style=\"text-align: justify;\">Brasil \u201cQue pa\u00eds \u00e9 este?\u201d.<\/p>\n<p style=\"text-align: justify;\">Sou negro,<\/p>\n<p style=\"text-align: justify;\">Zumbi, Palmares,<\/p>\n<p style=\"text-align: justify;\">Alves, Rebou\u00e7as,<\/p>\n<p style=\"text-align: justify;\">Gama, Nabuco e Patroc\u00ednio&#8230;<\/p>\n<p style=\"text-align: justify;\">&#8211; Lei \u00c1urea<\/p>\n<p style=\"text-align: justify;\">&#8211; Liberdade?<\/p>\n<p style=\"text-align: justify;\">Sou negro,<\/p>\n<p style=\"text-align: justify;\">Exu, candombl\u00e9,<\/p>\n<p style=\"text-align: justify;\">Sert\u00f5es \u2013 Favelas,<\/p>\n<p style=\"text-align: justify;\">Cultura \u2013 Ax\u00e9, Concei\u00e7\u00e3o,<\/p>\n<p style=\"text-align: justify;\">Firmina, Mel Ad\u00fan,<\/p>\n<p style=\"text-align: justify;\">Carolina, Maranh\u00e3o&#8230;<\/p>\n<p style=\"text-align: justify;\">&#8211; Brasil.<\/p>\n<p style=\"text-align: justify;\">Sou negro,<\/p>\n<p style=\"text-align: justify;\">Direitos feridos at\u00e9 quando?<\/p>\n<p style=\"text-align: justify;\">Quem fere?<\/p>\n<p style=\"text-align: justify;\">&#8211; A elite racista<\/p>\n<p style=\"text-align: justify;\">&#8211; De b\u00edblia na m\u00e3o<\/p>\n<p style=\"text-align: justify;\">&#8211; Piores animais<\/p>\n<p style=\"text-align: justify;\">&#8211; Humanos?<\/p>\n<p style=\"text-align: justify;\">Sou a luta,<\/p>\n<p style=\"text-align: justify;\">A vida,<\/p>\n<p style=\"text-align: justify;\">As m\u00e3os,<\/p>\n<p style=\"text-align: justify;\">As feridas.<\/p>\n<p style=\"text-align: justify;\">&#8211; Um sorriso negro.<\/p>\n<p style=\"text-align: justify;\">ESSE MUNDO FICOU BOM, QUANDO EU N\u00c3O PRESTAVA MAIS\u00a0<span class=\"fr-img-caption fr-fic fr-dib\"><span class=\"fr-img-wrap\"><img decoding=\"async\" src=\"https:\/\/static.meionorte.com\/uploads\/imagens\/2019\/10\/29\/43f45215-6f87-4735-b227-e1904a395f01-865bb235-df27-4405-89d5-401c20e9ad44.jpg\" data-cfsrc=\"https:\/\/static.meionorte.com\/uploads\/imagens\/2019\/10\/29\/43f45215-6f87-4735-b227-e1904a395f01-865bb235-df27-4405-89d5-401c20e9ad44.jpg\" \/><span class=\"fr-inner\">Otaviano Arc\u00eanio<\/span><\/span><\/span><\/p>\n<p style=\"text-align: justify;\">Recordo aquelas del\u00edcias<\/p>\n<p style=\"text-align: justify;\">Do meu tempo de crian\u00e7a,<\/p>\n<p style=\"text-align: justify;\">Hoje s\u00f3 resta lembran\u00e7a<\/p>\n<p style=\"text-align: justify;\">Do tempo da meninice,<\/p>\n<p style=\"text-align: justify;\">Porque ca\u00ed na velhice<\/p>\n<p style=\"text-align: justify;\">S\u00f3 dou um passo pra tr\u00e1s,<\/p>\n<p style=\"text-align: justify;\">O que fiz n\u00e3o fa\u00e7o mais<\/p>\n<p style=\"text-align: justify;\">Porque me faltou o dom,<\/p>\n<p style=\"text-align: justify;\">O mundo vei ficar bom<\/p>\n<p style=\"text-align: justify;\">Quando eu n\u00e3o prestava mais.<\/p>\n<p style=\"text-align: justify;\">L\u00e1 na minha mocidade<\/p>\n<p style=\"text-align: justify;\">Era tudo diferente,<\/p>\n<p style=\"text-align: justify;\">Quando eu era adolescente<\/p>\n<p style=\"text-align: justify;\">N\u00e3o havia vaidade,<\/p>\n<p style=\"text-align: justify;\">Nem tinha civilidade<\/p>\n<p style=\"text-align: justify;\">Como hoje o povo faz,<\/p>\n<p style=\"text-align: justify;\">No meu tempo de rapaz<\/p>\n<p style=\"text-align: justify;\">N\u00e3o existia lo\u00e7om,<\/p>\n<p style=\"text-align: justify;\">O mundo vei ficar bom<\/p>\n<p style=\"text-align: justify;\">Quando eu n\u00e3o prestava mais.<\/p>\n<p style=\"text-align: justify;\">Hoje vou um poer\u00e3o<\/p>\n<p style=\"text-align: justify;\">Vejo o povo chegar,<\/p>\n<p style=\"text-align: justify;\">Vejo as meninas pular<\/p>\n<p style=\"text-align: justify;\">Me chega recorda\u00e7\u00e3o,<\/p>\n<p style=\"text-align: justify;\">N\u00e3o entro na divers\u00e3o<\/p>\n<p style=\"text-align: justify;\">Porque me falta cartaz,<\/p>\n<p style=\"text-align: justify;\">Encosto nas laterais<\/p>\n<p style=\"text-align: justify;\">Fico distante do som,<\/p>\n<p style=\"text-align: justify;\">O mundo vei ficar bom<\/p>\n<p style=\"text-align: justify;\">Quando eu n\u00e3o prestava mais.<\/p>\n<p style=\"text-align: justify;\">Mas n\u00e3o odeio a pobreza<\/p>\n<p style=\"text-align: justify;\">Que vim de fam\u00edlia pobre,<\/p>\n<p style=\"text-align: justify;\">Mas quando a pessoa \u00e9 nobre<\/p>\n<p style=\"text-align: justify;\">Pra mim tem toda riqueza,<\/p>\n<p style=\"text-align: justify;\">Agora, amo a beleza<\/p>\n<p style=\"text-align: justify;\">Que a mulher bonita traz,<\/p>\n<p style=\"text-align: justify;\">Uma pele natural<\/p>\n<p style=\"text-align: justify;\">Sem precisar de batom,<\/p>\n<p style=\"text-align: justify;\">O mundo vei ficar bom<\/p>\n<p style=\"text-align: justify;\">Quando eu n\u00e3o prestava mais!<\/p>\n<p style=\"text-align: justify;\">REBELI\u00c3O NO C\u00c1RCERE \u00a0<span class=\"fr-img-caption fr-fic fr-dib\"><span class=\"fr-img-wrap\"><img decoding=\"async\" src=\"https:\/\/static.meionorte.com\/uploads\/imagens\/2019\/10\/29\/bfd27559-1421-4260-b2e5-c24cff8329d0-6c5c3daa-d40e-4a45-bb1d-bc07e8b33b93.jpg\" data-cfsrc=\"https:\/\/static.meionorte.com\/uploads\/imagens\/2019\/10\/29\/bfd27559-1421-4260-b2e5-c24cff8329d0-6c5c3daa-d40e-4a45-bb1d-bc07e8b33b93.jpg\" \/><span class=\"fr-inner\">Eva Gra\u00e7a Brito<\/span><\/span><\/span><\/p>\n<p style=\"text-align: justify;\">Adentrou sorrateiramente em meu caminho<\/p>\n<p style=\"text-align: justify;\">com promessas de \u00a0amor, aconchego \u00a0e carinho,<\/p>\n<p style=\"text-align: justify;\">tal qual \u00f3pio em demasia,<\/p>\n<p style=\"text-align: justify;\">mimos que \u00a0entorpeciam!<\/p>\n<p style=\"text-align: justify;\">E na \u00a0imers\u00e3o das chamas da paix\u00e3o,<\/p>\n<p style=\"text-align: justify;\">o cupido flechou meu insensato \u00a0cora\u00e7\u00e3o,<\/p>\n<p style=\"text-align: justify;\">conduzindo-me \u00a0a \u00a0um \u00a0 enlace \u00a0precipitado,<\/p>\n<p style=\"text-align: justify;\">tortura \u00e0 vista,rumo a um \u00a0c\u00e1rcere privado!<\/p>\n<p style=\"text-align: justify;\">Oh! \u201cEst\u00fapido cupido\u201d,<\/p>\n<p style=\"text-align: justify;\">antes \u00a0 sonhos, \u00a0risos, \u00a0promessas de para\u00edso,<\/p>\n<p style=\"text-align: justify;\">agora \u00a0s\u00f3 me \u00a0restou, desilus\u00e3o, pranto e dor!<\/p>\n<p style=\"text-align: justify;\">Oh! C\u00e1rcere descomunhal,<\/p>\n<p style=\"text-align: justify;\">a viol\u00eancia \u00a0psicol\u00f3gica tornou-se \u00a0 habitual.<\/p>\n<p style=\"text-align: justify;\">Oh!Quanto \u00a0pavor, qu\u00e3o \u00a0 inclemente \u00e9 \u00a0o \u00a0ritual!<\/p>\n<p style=\"text-align: justify;\">Oh! C\u00e1rcere maldito,<\/p>\n<p style=\"text-align: justify;\">sem \u00a0vez ,sem voz, sem motivos para \u00a0risos,<\/p>\n<p style=\"text-align: justify;\">que desatino!<\/p>\n<p style=\"text-align: justify;\">Rebelo-me, pois \u00a0 n\u00e3o aceito este destino!<\/p>\n<p style=\"text-align: justify;\">Desafio \u00a0o \u00a0medo,o \u00a0conformismo, o previs\u00edvel,<\/p>\n<p style=\"text-align: justify;\">rompo \u00a0o sil\u00eancio e fa\u00e7o \u00a0ecoar \u00a0 meu \u00a0grito,<\/p>\n<p style=\"text-align: justify;\">mas \u00a0neste c\u00e1rcere eu n\u00e3o fico!<\/p>\n<p style=\"text-align: justify;\">Promovo aqui uma rebeli\u00e3o,<\/p>\n<p style=\"text-align: justify;\">quebro \u00a0as \u00a0algemas da submiss\u00e3o,<\/p>\n<p style=\"text-align: justify;\">viro tudo \u00a0pelo avesso<\/p>\n<p style=\"text-align: justify;\">e \u00a0vou \u00e0 luta, pra \u00a0conquistar a vida que \u00a0mere\u00e7o!<\/p>\n<p style=\"text-align: justify;\">A BAILARINA\u00a0<span class=\"fr-img-caption fr-fic fr-dib\"><span class=\"fr-img-wrap\"><img decoding=\"async\" src=\"https:\/\/static.meionorte.com\/uploads\/imagens\/2019\/10\/29\/7327e7a2-2659-49e3-aeef-3983bad64b44-fa836515-caea-49df-95f1-eb23df8de24f.jpg\" data-cfsrc=\"https:\/\/static.meionorte.com\/uploads\/imagens\/2019\/10\/29\/7327e7a2-2659-49e3-aeef-3983bad64b44-fa836515-caea-49df-95f1-eb23df8de24f.jpg\" \/><span class=\"fr-inner\">Fid\u00e9lia Rocha<\/span><\/span><\/span><\/p>\n<p style=\"text-align: justify;\">Dan\u00e7ando o bal\u00e9 da vida<\/p>\n<p style=\"text-align: justify;\">L\u00e1 se vai a bailarina,<\/p>\n<p style=\"text-align: justify;\">Se no p\u00e9 sangra a ferida<\/p>\n<p style=\"text-align: justify;\">Na face o riso domina.<\/p>\n<p style=\"text-align: justify;\">Dan\u00e7ando literalmente<\/p>\n<p style=\"text-align: justify;\">A dan\u00e7a dos seus desejos,<\/p>\n<p style=\"text-align: justify;\">\u00c0s vezes em sua mente<\/p>\n<p style=\"text-align: justify;\">V\u00e3o ocorrendo os lampejos:<\/p>\n<p style=\"text-align: justify;\">A falta que faz algu\u00e9m<\/p>\n<p style=\"text-align: justify;\">A conta que j\u00e1 chegou,<\/p>\n<p style=\"text-align: justify;\">A saudade que j\u00e1 vem<\/p>\n<p style=\"text-align: justify;\">Pro vazio que ficou.<\/p>\n<p style=\"text-align: justify;\">O sonho que foi gestado<\/p>\n<p style=\"text-align: justify;\">Numa esperan\u00e7a tenaz,<\/p>\n<p style=\"text-align: justify;\">Viu enfim ser abortado<\/p>\n<p style=\"text-align: justify;\">Pelas m\u00e3os do quero mais.<\/p>\n<p style=\"text-align: justify;\">O jardim n\u00e3o floresceu<\/p>\n<p style=\"text-align: justify;\">O beija-flor n\u00e3o chegou,<\/p>\n<p style=\"text-align: justify;\">Pra trazer o beijo seu<\/p>\n<p style=\"text-align: justify;\">Carregado de amor.<\/p>\n<p style=\"text-align: justify;\">O bem pago com o mal<\/p>\n<p style=\"text-align: justify;\">Na puxada do tapete,<\/p>\n<p style=\"text-align: justify;\">M\u00e1scara de carnaval<\/p>\n<p style=\"text-align: justify;\">Mais um breve cacoete.<\/p>\n<p style=\"text-align: justify;\">Mas o som est\u00e1 tocando<\/p>\n<p style=\"text-align: justify;\">O sal\u00e3o est\u00e1 aberto,<\/p>\n<p style=\"text-align: justify;\">Firme no palco bailando<\/p>\n<p style=\"text-align: justify;\">Pois o futuro \u00e9 incerto.<\/p>\n<p style=\"text-align: justify;\">O som como um copo d\u2019\u00e1gua<\/p>\n<p style=\"text-align: justify;\">Suavizando a secura<\/p>\n<p style=\"text-align: justify;\">Do peito, feito uma fr\u00e1gua<\/p>\n<p style=\"text-align: justify;\">De tormentosa quentura.<\/p>\n<p style=\"text-align: justify;\">Marcando os passos na lida<\/p>\n<p style=\"text-align: justify;\">Numa aventura dram\u00e1tica,<\/p>\n<p style=\"text-align: justify;\">Com sua postura erguida<\/p>\n<p style=\"text-align: justify;\">Nesta festa enigm\u00e1tica.<\/p>\n<p style=\"text-align: justify;\">Segue assim a bailarina<\/p>\n<p style=\"text-align: justify;\">Na pantomima da vida,<\/p>\n<p style=\"text-align: justify;\">At\u00e9 fechar a cortina<\/p>\n<p style=\"text-align: justify;\">Aceno de despedida.<\/p>\n<p style=\"text-align: justify;\">A ROSA VERMELHA\u00a0<span class=\"fr-img-caption fr-fic fr-dib\"><span class=\"fr-img-wrap\"><img decoding=\"async\" src=\"https:\/\/static.meionorte.com\/uploads\/imagens\/2019\/10\/29\/150b8227-d254-4e4e-8312-fbd22c5a28df-f45d4181-62bb-4208-a47f-41f28a10f7fe.jpg\" data-cfsrc=\"https:\/\/static.meionorte.com\/uploads\/imagens\/2019\/10\/29\/150b8227-d254-4e4e-8312-fbd22c5a28df-f45d4181-62bb-4208-a47f-41f28a10f7fe.jpg\" \/><span class=\"fr-inner\">Regivalda Sousa<\/span><\/span><\/span><\/p>\n<p style=\"text-align: justify;\">Ela \u00e9 feita de sonhos&#8230;<\/p>\n<p style=\"text-align: justify;\">A traduzir quem puder.<\/p>\n<p style=\"text-align: justify;\">Para apreciar a vida<\/p>\n<p style=\"text-align: justify;\">N\u00e3o lhe basta uma colher&#8230;<\/p>\n<p style=\"text-align: justify;\">Luta por garfo e por faca<\/p>\n<p style=\"text-align: justify;\">Sem deixar de ser mulher.<\/p>\n<p style=\"text-align: justify;\">Porque sabe ser guerreira<\/p>\n<p style=\"text-align: justify;\">Como toda brasileira&#8230;<\/p>\n<p style=\"text-align: justify;\">Que sabe bem o que quer.<\/p>\n<p style=\"text-align: justify;\">Ela tem os seus espinhos<\/p>\n<p style=\"text-align: justify;\">Porque n\u00e3o somos perfeitos.<\/p>\n<p style=\"text-align: justify;\">Conhece suas qualidades<\/p>\n<p style=\"text-align: justify;\">Reconhece seus defeitos.<\/p>\n<p style=\"text-align: justify;\">E sabe que tem deveres<\/p>\n<p style=\"text-align: justify;\">E que tamb\u00e9m tem direitos.<\/p>\n<p style=\"text-align: justify;\">E por isso vai vivendo<\/p>\n<p style=\"text-align: justify;\">E aos pouco vai vencendo<\/p>\n<p style=\"text-align: justify;\">A guerra dos preconceitos.<\/p>\n<p style=\"text-align: justify;\">Ela sabe que encanta<\/p>\n<p style=\"text-align: justify;\">E bota medo na gente.<\/p>\n<p style=\"text-align: justify;\">Porque saiu da cozinha<\/p>\n<p style=\"text-align: justify;\">E aprendeu a ser valente.<\/p>\n<p style=\"text-align: justify;\">Ela aprendeu a ler<\/p>\n<p style=\"text-align: justify;\">Se tornou inteligente&#8230;<\/p>\n<p style=\"text-align: justify;\">Pois aprendeu a pensar<\/p>\n<p style=\"text-align: justify;\">E agora pode voar<\/p>\n<p style=\"text-align: justify;\">E ela voa livremente.<\/p>\n<p style=\"text-align: justify;\">J\u00e1 n\u00e0o sonha em ser princesa<\/p>\n<p style=\"text-align: justify;\">Porque sabe ser rainha.<\/p>\n<p style=\"text-align: justify;\">Ela n\u00e3o espera o principe<\/p>\n<p style=\"text-align: justify;\">Porque se salvou sozinha&#8230;<\/p>\n<p style=\"text-align: justify;\">Para alguns virou a bruxa<\/p>\n<p style=\"text-align: justify;\">E deixou de ser mocinha.<\/p>\n<p style=\"text-align: justify;\">Por\u00e9m ela ainda \u00e9 ela<\/p>\n<p style=\"text-align: justify;\">\u00c9 a mesma cinderela<\/p>\n<p style=\"text-align: justify;\">Que sonhava na cozinha.<\/p>\n<p style=\"text-align: justify;\">S\u00f3 que agora ela sonha<\/p>\n<p style=\"text-align: justify;\">E a si mesma aconselha&#8230;<\/p>\n<p style=\"text-align: justify;\">Ela sabe que tem asas<\/p>\n<p style=\"text-align: justify;\">E voa como uma abelha.<\/p>\n<p style=\"text-align: justify;\">Sabe que pode fazer<\/p>\n<p style=\"text-align: justify;\">Tudo o que lhe d\u00ea na telha.<\/p>\n<p style=\"text-align: justify;\">Mas \u00e9 doce e amorosa&#8230;<\/p>\n<p style=\"text-align: justify;\">Continua sendo a rosa&#8230;<\/p>\n<p style=\"text-align: justify;\">Mas \u00e9 a Rosa Vermelha!<\/p>\n<p style=\"text-align: justify;\">Via Portal Meio norte<\/p>\n<p style=\"text-align: justify;\">FOTOS: DIVULGA\u00c7\u00c3O<\/p>\n","protected":false},"excerpt":{"rendered":"<p>Aconteceu na tarde deste s\u00e1bado, 26 de outubro de 2019, o anuncio dos vencedores do Concurso de Poesia da ALERP \u2013 Academia de Letras da Regi\u00e3o de Picos, em comemora\u00e7\u00e3o aos 30 anos da referida Institui\u00e7\u00e3o de Cultura. A premia\u00e7\u00e3o fez parte da programa\u00e7\u00e3o do XVI Semin\u00e1rio de Literatura Piauiense e XIII Semin\u00e1rio de Literatura &hellip;<\/p>\n","protected":false},"author":6,"featured_media":13048,"comment_status":"open","ping_status":"open","sticky":false,"template":"","format":"standard","meta":{"content-type":"","rop_custom_images_group":[],"rop_custom_messages_group":[],"rop_publish_now":"initial","rop_publish_now_accounts":{"facebook_2648258775420054_1618374048415101":""},"rop_publish_now_history":[],"rop_publish_now_status":"pending","footnotes":"","_jetpack_memberships_contains_paid_content":false},"categories":[144],"tags":[],"yoast_head":"<!-- This site is optimized with the Yoast SEO plugin v22.3 - https:\/\/yoast.com\/wordpress\/plugins\/seo\/ -->\n<title>Poetas de Alagoinha do Piau\u00ed s\u00e3o premiados em concurso da ALERP - Portal NPM<\/title>\n<meta name=\"robots\" content=\"index, follow, max-snippet:-1, max-image-preview:large, max-video-preview:-1\" \/>\n<link rel=\"canonical\" href=\"https:\/\/portalnpm.com\/index.php\/2019\/10\/30\/poetas-de-alagoinha-do-piaui-sao-premiados-em-concurso-da-alerp\/\" \/>\n<meta property=\"og:locale\" content=\"pt_BR\" \/>\n<meta property=\"og:type\" content=\"article\" \/>\n<meta property=\"og:title\" content=\"Poetas de Alagoinha do Piau\u00ed s\u00e3o premiados em concurso da ALERP - Portal NPM\" \/>\n<meta property=\"og:description\" content=\"Aconteceu na tarde deste s\u00e1bado, 26 de outubro de 2019, o anuncio dos vencedores do Concurso de Poesia da ALERP \u2013 Academia de Letras da Regi\u00e3o de Picos, em comemora\u00e7\u00e3o aos 30 anos da referida Institui\u00e7\u00e3o de Cultura. A premia\u00e7\u00e3o fez parte da programa\u00e7\u00e3o do XVI Semin\u00e1rio de Literatura Piauiense e XIII Semin\u00e1rio de Literatura &hellip;\" \/>\n<meta property=\"og:url\" content=\"https:\/\/portalnpm.com\/index.php\/2019\/10\/30\/poetas-de-alagoinha-do-piaui-sao-premiados-em-concurso-da-alerp\/\" \/>\n<meta property=\"og:site_name\" content=\"Portal NPM\" \/>\n<meta property=\"article:published_time\" content=\"2019-10-30T14:03:11+00:00\" \/>\n<meta name=\"author\" content=\"Carmo Sousa\" \/>\n<meta name=\"twitter:card\" content=\"summary_large_image\" \/>\n<meta name=\"twitter:label1\" content=\"Escrito por\" \/>\n\t<meta name=\"twitter:data1\" content=\"Carmo Sousa\" \/>\n\t<meta name=\"twitter:label2\" content=\"Est. tempo de leitura\" \/>\n\t<meta name=\"twitter:data2\" content=\"6 minutos\" \/>\n<script type=\"application\/ld+json\" class=\"yoast-schema-graph\">{\"@context\":\"https:\/\/schema.org\",\"@graph\":[{\"@type\":\"WebPage\",\"@id\":\"https:\/\/portalnpm.com\/index.php\/2019\/10\/30\/poetas-de-alagoinha-do-piaui-sao-premiados-em-concurso-da-alerp\/\",\"url\":\"https:\/\/portalnpm.com\/index.php\/2019\/10\/30\/poetas-de-alagoinha-do-piaui-sao-premiados-em-concurso-da-alerp\/\",\"name\":\"Poetas de Alagoinha do Piau\u00ed s\u00e3o premiados em concurso da ALERP - Portal NPM\",\"isPartOf\":{\"@id\":\"https:\/\/portalnpm.com\/#website\"},\"primaryImageOfPage\":{\"@id\":\"https:\/\/portalnpm.com\/index.php\/2019\/10\/30\/poetas-de-alagoinha-do-piaui-sao-premiados-em-concurso-da-alerp\/#primaryimage\"},\"image\":{\"@id\":\"https:\/\/portalnpm.com\/index.php\/2019\/10\/30\/poetas-de-alagoinha-do-piaui-sao-premiados-em-concurso-da-alerp\/#primaryimage\"},\"thumbnailUrl\":\"\",\"datePublished\":\"2019-10-30T14:03:11+00:00\",\"dateModified\":\"2019-10-30T14:03:11+00:00\",\"author\":{\"@id\":\"https:\/\/portalnpm.com\/#\/schema\/person\/30ebeeb0fabc3a66e3851f3b312ef8cf\"},\"breadcrumb\":{\"@id\":\"https:\/\/portalnpm.com\/index.php\/2019\/10\/30\/poetas-de-alagoinha-do-piaui-sao-premiados-em-concurso-da-alerp\/#breadcrumb\"},\"inLanguage\":\"pt-BR\",\"potentialAction\":[{\"@type\":\"ReadAction\",\"target\":[\"https:\/\/portalnpm.com\/index.php\/2019\/10\/30\/poetas-de-alagoinha-do-piaui-sao-premiados-em-concurso-da-alerp\/\"]}]},{\"@type\":\"ImageObject\",\"inLanguage\":\"pt-BR\",\"@id\":\"https:\/\/portalnpm.com\/index.php\/2019\/10\/30\/poetas-de-alagoinha-do-piaui-sao-premiados-em-concurso-da-alerp\/#primaryimage\",\"url\":\"\",\"contentUrl\":\"\"},{\"@type\":\"BreadcrumbList\",\"@id\":\"https:\/\/portalnpm.com\/index.php\/2019\/10\/30\/poetas-de-alagoinha-do-piaui-sao-premiados-em-concurso-da-alerp\/#breadcrumb\",\"itemListElement\":[{\"@type\":\"ListItem\",\"position\":1,\"name\":\"In\u00edcio\",\"item\":\"https:\/\/portalnpm.com\/\"},{\"@type\":\"ListItem\",\"position\":2,\"name\":\"Poetas de Alagoinha do Piau\u00ed s\u00e3o premiados em concurso da ALERP\"}]},{\"@type\":\"WebSite\",\"@id\":\"https:\/\/portalnpm.com\/#website\",\"url\":\"https:\/\/portalnpm.com\/\",\"name\":\"Portal NPM\",\"description\":\"Not\u00edcias em Primeira M\u00e3o\",\"potentialAction\":[{\"@type\":\"SearchAction\",\"target\":{\"@type\":\"EntryPoint\",\"urlTemplate\":\"https:\/\/portalnpm.com\/?s={search_term_string}\"},\"query-input\":\"required name=search_term_string\"}],\"inLanguage\":\"pt-BR\"},{\"@type\":\"Person\",\"@id\":\"https:\/\/portalnpm.com\/#\/schema\/person\/30ebeeb0fabc3a66e3851f3b312ef8cf\",\"name\":\"Carmo Sousa\",\"image\":{\"@type\":\"ImageObject\",\"inLanguage\":\"pt-BR\",\"@id\":\"https:\/\/portalnpm.com\/#\/schema\/person\/image\/\",\"url\":\"https:\/\/secure.gravatar.com\/avatar\/b6c155fba4519217beec00845c63f36d?s=96&d=mm&r=g\",\"contentUrl\":\"https:\/\/secure.gravatar.com\/avatar\/b6c155fba4519217beec00845c63f36d?s=96&d=mm&r=g\",\"caption\":\"Carmo Sousa\"},\"url\":\"https:\/\/portalnpm.com\/index.php\/author\/carmosousa\/\"}]}<\/script>\n<!-- \/ Yoast SEO plugin. -->","yoast_head_json":{"title":"Poetas de Alagoinha do Piau\u00ed s\u00e3o premiados em concurso da ALERP - Portal NPM","robots":{"index":"index","follow":"follow","max-snippet":"max-snippet:-1","max-image-preview":"max-image-preview:large","max-video-preview":"max-video-preview:-1"},"canonical":"https:\/\/portalnpm.com\/index.php\/2019\/10\/30\/poetas-de-alagoinha-do-piaui-sao-premiados-em-concurso-da-alerp\/","og_locale":"pt_BR","og_type":"article","og_title":"Poetas de Alagoinha do Piau\u00ed s\u00e3o premiados em concurso da ALERP - Portal NPM","og_description":"Aconteceu na tarde deste s\u00e1bado, 26 de outubro de 2019, o anuncio dos vencedores do Concurso de Poesia da ALERP \u2013 Academia de Letras da Regi\u00e3o de Picos, em comemora\u00e7\u00e3o aos 30 anos da referida Institui\u00e7\u00e3o de Cultura. A premia\u00e7\u00e3o fez parte da programa\u00e7\u00e3o do XVI Semin\u00e1rio de Literatura Piauiense e XIII Semin\u00e1rio de Literatura &hellip;","og_url":"https:\/\/portalnpm.com\/index.php\/2019\/10\/30\/poetas-de-alagoinha-do-piaui-sao-premiados-em-concurso-da-alerp\/","og_site_name":"Portal NPM","article_published_time":"2019-10-30T14:03:11+00:00","author":"Carmo Sousa","twitter_card":"summary_large_image","twitter_misc":{"Escrito por":"Carmo Sousa","Est. tempo de leitura":"6 minutos"},"schema":{"@context":"https:\/\/schema.org","@graph":[{"@type":"WebPage","@id":"https:\/\/portalnpm.com\/index.php\/2019\/10\/30\/poetas-de-alagoinha-do-piaui-sao-premiados-em-concurso-da-alerp\/","url":"https:\/\/portalnpm.com\/index.php\/2019\/10\/30\/poetas-de-alagoinha-do-piaui-sao-premiados-em-concurso-da-alerp\/","name":"Poetas de Alagoinha do Piau\u00ed s\u00e3o premiados em concurso da ALERP - Portal NPM","isPartOf":{"@id":"https:\/\/portalnpm.com\/#website"},"primaryImageOfPage":{"@id":"https:\/\/portalnpm.com\/index.php\/2019\/10\/30\/poetas-de-alagoinha-do-piaui-sao-premiados-em-concurso-da-alerp\/#primaryimage"},"image":{"@id":"https:\/\/portalnpm.com\/index.php\/2019\/10\/30\/poetas-de-alagoinha-do-piaui-sao-premiados-em-concurso-da-alerp\/#primaryimage"},"thumbnailUrl":"","datePublished":"2019-10-30T14:03:11+00:00","dateModified":"2019-10-30T14:03:11+00:00","author":{"@id":"https:\/\/portalnpm.com\/#\/schema\/person\/30ebeeb0fabc3a66e3851f3b312ef8cf"},"breadcrumb":{"@id":"https:\/\/portalnpm.com\/index.php\/2019\/10\/30\/poetas-de-alagoinha-do-piaui-sao-premiados-em-concurso-da-alerp\/#breadcrumb"},"inLanguage":"pt-BR","potentialAction":[{"@type":"ReadAction","target":["https:\/\/portalnpm.com\/index.php\/2019\/10\/30\/poetas-de-alagoinha-do-piaui-sao-premiados-em-concurso-da-alerp\/"]}]},{"@type":"ImageObject","inLanguage":"pt-BR","@id":"https:\/\/portalnpm.com\/index.php\/2019\/10\/30\/poetas-de-alagoinha-do-piaui-sao-premiados-em-concurso-da-alerp\/#primaryimage","url":"","contentUrl":""},{"@type":"BreadcrumbList","@id":"https:\/\/portalnpm.com\/index.php\/2019\/10\/30\/poetas-de-alagoinha-do-piaui-sao-premiados-em-concurso-da-alerp\/#breadcrumb","itemListElement":[{"@type":"ListItem","position":1,"name":"In\u00edcio","item":"https:\/\/portalnpm.com\/"},{"@type":"ListItem","position":2,"name":"Poetas de Alagoinha do Piau\u00ed s\u00e3o premiados em concurso da ALERP"}]},{"@type":"WebSite","@id":"https:\/\/portalnpm.com\/#website","url":"https:\/\/portalnpm.com\/","name":"Portal NPM","description":"Not\u00edcias em Primeira M\u00e3o","potentialAction":[{"@type":"SearchAction","target":{"@type":"EntryPoint","urlTemplate":"https:\/\/portalnpm.com\/?s={search_term_string}"},"query-input":"required name=search_term_string"}],"inLanguage":"pt-BR"},{"@type":"Person","@id":"https:\/\/portalnpm.com\/#\/schema\/person\/30ebeeb0fabc3a66e3851f3b312ef8cf","name":"Carmo Sousa","image":{"@type":"ImageObject","inLanguage":"pt-BR","@id":"https:\/\/portalnpm.com\/#\/schema\/person\/image\/","url":"https:\/\/secure.gravatar.com\/avatar\/b6c155fba4519217beec00845c63f36d?s=96&d=mm&r=g","contentUrl":"https:\/\/secure.gravatar.com\/avatar\/b6c155fba4519217beec00845c63f36d?s=96&d=mm&r=g","caption":"Carmo Sousa"},"url":"https:\/\/portalnpm.com\/index.php\/author\/carmosousa\/"}]}},"jetpack_sharing_enabled":true,"jetpack_featured_media_url":"","_links":{"self":[{"href":"https:\/\/portalnpm.com\/index.php\/wp-json\/wp\/v2\/posts\/13049"}],"collection":[{"href":"https:\/\/portalnpm.com\/index.php\/wp-json\/wp\/v2\/posts"}],"about":[{"href":"https:\/\/portalnpm.com\/index.php\/wp-json\/wp\/v2\/types\/post"}],"author":[{"embeddable":true,"href":"https:\/\/portalnpm.com\/index.php\/wp-json\/wp\/v2\/users\/6"}],"replies":[{"embeddable":true,"href":"https:\/\/portalnpm.com\/index.php\/wp-json\/wp\/v2\/comments?post=13049"}],"version-history":[{"count":0,"href":"https:\/\/portalnpm.com\/index.php\/wp-json\/wp\/v2\/posts\/13049\/revisions"}],"wp:featuredmedia":[{"embeddable":true,"href":"https:\/\/portalnpm.com\/index.php\/wp-json\/"}],"wp:attachment":[{"href":"https:\/\/portalnpm.com\/index.php\/wp-json\/wp\/v2\/media?parent=13049"}],"wp:term":[{"taxonomy":"category","embeddable":true,"href":"https:\/\/portalnpm.com\/index.php\/wp-json\/wp\/v2\/categories?post=13049"},{"taxonomy":"post_tag","embeddable":true,"href":"https:\/\/portalnpm.com\/index.php\/wp-json\/wp\/v2\/tags?post=13049"}],"curies":[{"name":"wp","href":"https:\/\/api.w.org\/{rel}","templated":true}]}}