{"id":13184,"date":"2019-11-05T13:52:19","date_gmt":"2019-11-05T16:52:19","guid":{"rendered":"http:\/\/srv.portalnpm.com.br\/?p=13184"},"modified":"2019-11-05T13:52:19","modified_gmt":"2019-11-05T16:52:19","slug":"em-pio-ix-policia-investiga-se-acao-e-criminosa-em-incendio-que-ja-dura-quatro-dias-assista-a-reportagem","status":"publish","type":"post","link":"https:\/\/portalnpm.com\/index.php\/2019\/11\/05\/em-pio-ix-policia-investiga-se-acao-e-criminosa-em-incendio-que-ja-dura-quatro-dias-assista-a-reportagem\/","title":{"rendered":"Em Pio IX, pol\u00edcia investiga se a\u00e7\u00e3o \u00e9 criminosa em inc\u00eandio que j\u00e1 dura quatro dias; assista a reportagem"},"content":{"rendered":"<p style=\"text-align: justify;\">Novos focos de inc\u00eandio amea\u00e7am moradores de Pio IX em uma \u00e1rea residencial no Assentamento S\u00e3o Lu\u00eds, na zona rural do munic\u00edpio.\u00a0\u00a0O fogo atinge \u00e1reas rurais h\u00e1 pelo menos quatro dias. As chamas continuam sendo combatidas nesta segunda-feira (4), uma nova equipe do Corpo de Bombeiros de Picos foi acionada para controlar o fogo, dessa vez em uma \u00e1rea distante das casas.<\/p>\n<p style=\"text-align: justify;\">\n<p style=\"text-align: justify;\">O sargento da Pol\u00edcia Militar, Hildomar Batista, que auxiliou os bombeiros na ocorr\u00eancia, contou que os soldados e os moradores combateram o fogo at\u00e9 as 4h30 da manh\u00e3 de hoje (4). Uma guarni\u00e7\u00e3o dos Bombeiros chegou ao local \u00e0s 19h.<\/p>\n<figure id=\"attachment_13185\" aria-describedby=\"caption-attachment-13185\" style=\"width: 768px\" class=\"wp-caption aligncenter\"><img fetchpriority=\"high\" decoding=\"async\" class=\"size-full wp-image-13185\" src=\"http:\/\/portalnpm.com\/wp-content\/uploads\/2019\/11\/incendio_pio-ix.jpg\" alt=\"\" width=\"768\" height=\"437\" \/><figcaption id=\"caption-attachment-13185\" class=\"wp-caption-text\">Vista a\u00e9rea de inc\u00eandio em Pio IX \u2013 Foto: Reprodu\u00e7\u00e3o\/V\u00eddeo Grasiane S\u00e1<\/figcaption><\/figure>\n<p style=\"text-align: justify;\">\u201cOs moradores ficaram apavorados. A situa\u00e7\u00e3o de fogo n\u00e3o \u00e9 uma situa\u00e7\u00e3o muito boa. Mas com a chegada dos Bombeiros as pessoas come\u00e7aram a se tranquilizar\u201d, relembrou o sargento.<\/p>\n<p style=\"text-align: justify;\">\u201cQuando amanheceu o dia, os focos que amea\u00e7ava as resid\u00eancias foram apagadas durante a noite. Antes de meio dia, ele reacendeu. Infelizmente com a quentura, os ventos, alguma fa\u00edsca deve ter propagada. Nesse outro local os moradores est\u00e3o em vig\u00edlia\u201d, completou o PM.<\/p>\n<p><iframe title=\"Imagens mostram dimens\u00e3o de inc\u00eandios em Pio IX\" width=\"500\" height=\"281\" src=\"https:\/\/www.youtube.com\/embed\/jfsT1JpxspE?feature=oembed\" frameborder=\"0\" allow=\"accelerometer; autoplay; clipboard-write; encrypted-media; gyroscope; picture-in-picture; web-share\" referrerpolicy=\"strict-origin-when-cross-origin\" allowfullscreen><\/iframe><\/p>\n<p style=\"text-align: justify;\"><strong>Investiga\u00e7\u00e3o das causas<\/strong><\/p>\n<p style=\"text-align: justify;\">Segundo o comandante do Corpo de Bombeiros de Picos, Hamilton Lemos, o fogo pr\u00f3ximo \u00e0s casas foi controlado.<\/p>\n<p style=\"text-align: justify;\">\u201c\u00c9 um local de dif\u00edcil acesso e n\u00e3o tem comunica\u00e7\u00e3o. Estamos com um sargento fazendo uma busca no local. Est\u00e1 muito estranho esses focos. Vamos investigar as causas\u201d, disse.<\/p>\n<p style=\"text-align: justify;\">As marcas deixadas pelo fogo ultrapassam mais de um quil\u00f4metro de extens\u00e3o.<\/p>\n<p style=\"text-align: justify;\">A Pol\u00edcia Militar local afirmou que h\u00e1 informa\u00e7\u00f5es de queimada ilegal. \u201cExistem informa\u00e7\u00f5es que um morador negligenciou fazendo um trabalho com fogo, foi quando as chamas perderam o controle\u201d, disse o sargento.<\/p>\n<p style=\"text-align: justify;\">O comandante do Corpo de Bombeiros garante que os focos de queimadas registrados em Aroeiras do Itaim e Itain\u00f3polis tamb\u00e9m foram contidos.<\/p>\n<p><iframe title=\"Moradores falam sobre inc\u00eandios em Pio IX\" width=\"500\" height=\"281\" src=\"https:\/\/www.youtube.com\/embed\/trQ9WW3ZSuQ?feature=oembed\" frameborder=\"0\" allow=\"accelerometer; autoplay; clipboard-write; encrypted-media; gyroscope; picture-in-picture; web-share\" referrerpolicy=\"strict-origin-when-cross-origin\" allowfullscreen><\/iframe><\/p>\n<p style=\"text-align: justify;\"><strong>Moradores no combate<\/strong><\/p>\n<p style=\"text-align: justify;\">Os moradores auxiliaram a guarni\u00e7\u00e3o de Bombeiros no combate ao fogo. Os assentados ajudaram no aceiro da \u00e1rea, separando a parte queimada da vegeta\u00e7\u00e3o seca. \u201cMuitos moradores ajudaram combatendo o fogo no aceiro e com kits anti-inc\u00eandio da prefeitura\u201d, concluiu o sargento.<\/p>\n<p style=\"text-align: justify;\"><strong>Fonte: Cidade Verde<\/strong><\/p>\n","protected":false},"excerpt":{"rendered":"<p>Novos focos de inc\u00eandio amea\u00e7am moradores de Pio IX em uma \u00e1rea residencial no Assentamento S\u00e3o Lu\u00eds, na zona rural do munic\u00edpio.\u00a0\u00a0O fogo atinge \u00e1reas rurais h\u00e1 pelo menos quatro dias. As chamas continuam sendo combatidas nesta segunda-feira (4), uma nova equipe do Corpo de Bombeiros de Picos foi acionada para controlar o fogo, dessa &hellip;<\/p>\n","protected":false},"author":8,"featured_media":13186,"comment_status":"open","ping_status":"open","sticky":false,"template":"","format":"standard","meta":{"content-type":"","rop_custom_images_group":[],"rop_custom_messages_group":[],"rop_publish_now":"initial","rop_publish_now_accounts":{"facebook_2648258775420054_1618374048415101":""},"rop_publish_now_history":[],"rop_publish_now_status":"pending","footnotes":"","_jetpack_memberships_contains_paid_content":false},"categories":[127],"tags":[3150,3532,861,515],"yoast_head":"<!-- This site is optimized with the Yoast SEO plugin v22.3 - https:\/\/yoast.com\/wordpress\/plugins\/seo\/ -->\n<title>Em Pio IX, pol\u00edcia investiga se a\u00e7\u00e3o \u00e9 criminosa em inc\u00eandio que j\u00e1 dura quatro dias; assista a reportagem - Portal NPM<\/title>\n<meta name=\"robots\" content=\"index, follow, max-snippet:-1, max-image-preview:large, max-video-preview:-1\" \/>\n<link rel=\"canonical\" href=\"https:\/\/portalnpm.com\/index.php\/2019\/11\/05\/em-pio-ix-policia-investiga-se-acao-e-criminosa-em-incendio-que-ja-dura-quatro-dias-assista-a-reportagem\/\" \/>\n<meta property=\"og:locale\" content=\"pt_BR\" \/>\n<meta property=\"og:type\" content=\"article\" \/>\n<meta property=\"og:title\" content=\"Em Pio IX, pol\u00edcia investiga se a\u00e7\u00e3o \u00e9 criminosa em inc\u00eandio que j\u00e1 dura quatro dias; assista a reportagem - Portal NPM\" \/>\n<meta property=\"og:description\" content=\"Novos focos de inc\u00eandio amea\u00e7am moradores de Pio IX em uma \u00e1rea residencial no Assentamento S\u00e3o Lu\u00eds, na zona rural do munic\u00edpio.\u00a0\u00a0O fogo atinge \u00e1reas rurais h\u00e1 pelo menos quatro dias. As chamas continuam sendo combatidas nesta segunda-feira (4), uma nova equipe do Corpo de Bombeiros de Picos foi acionada para controlar o fogo, dessa &hellip;\" \/>\n<meta property=\"og:url\" content=\"https:\/\/portalnpm.com\/index.php\/2019\/11\/05\/em-pio-ix-policia-investiga-se-acao-e-criminosa-em-incendio-que-ja-dura-quatro-dias-assista-a-reportagem\/\" \/>\n<meta property=\"og:site_name\" content=\"Portal NPM\" \/>\n<meta property=\"article:published_time\" content=\"2019-11-05T16:52:19+00:00\" \/>\n<meta name=\"author\" content=\"Zenilton Lima\" \/>\n<meta name=\"twitter:card\" content=\"summary_large_image\" \/>\n<meta name=\"twitter:label1\" content=\"Escrito por\" \/>\n\t<meta name=\"twitter:data1\" content=\"Zenilton Lima\" \/>\n\t<meta name=\"twitter:label2\" content=\"Est. tempo de leitura\" \/>\n\t<meta name=\"twitter:data2\" content=\"2 minutos\" \/>\n<script type=\"application\/ld+json\" class=\"yoast-schema-graph\">{\"@context\":\"https:\/\/schema.org\",\"@graph\":[{\"@type\":\"WebPage\",\"@id\":\"https:\/\/portalnpm.com\/index.php\/2019\/11\/05\/em-pio-ix-policia-investiga-se-acao-e-criminosa-em-incendio-que-ja-dura-quatro-dias-assista-a-reportagem\/\",\"url\":\"https:\/\/portalnpm.com\/index.php\/2019\/11\/05\/em-pio-ix-policia-investiga-se-acao-e-criminosa-em-incendio-que-ja-dura-quatro-dias-assista-a-reportagem\/\",\"name\":\"Em Pio IX, pol\u00edcia investiga se a\u00e7\u00e3o \u00e9 criminosa em inc\u00eandio que j\u00e1 dura quatro dias; assista a reportagem - Portal NPM\",\"isPartOf\":{\"@id\":\"https:\/\/portalnpm.com\/#website\"},\"primaryImageOfPage\":{\"@id\":\"https:\/\/portalnpm.com\/index.php\/2019\/11\/05\/em-pio-ix-policia-investiga-se-acao-e-criminosa-em-incendio-que-ja-dura-quatro-dias-assista-a-reportagem\/#primaryimage\"},\"image\":{\"@id\":\"https:\/\/portalnpm.com\/index.php\/2019\/11\/05\/em-pio-ix-policia-investiga-se-acao-e-criminosa-em-incendio-que-ja-dura-quatro-dias-assista-a-reportagem\/#primaryimage\"},\"thumbnailUrl\":\"\",\"datePublished\":\"2019-11-05T16:52:19+00:00\",\"dateModified\":\"2019-11-05T16:52:19+00:00\",\"author\":{\"@id\":\"https:\/\/portalnpm.com\/#\/schema\/person\/35cb55186eae3f074b6783da6d35591e\"},\"breadcrumb\":{\"@id\":\"https:\/\/portalnpm.com\/index.php\/2019\/11\/05\/em-pio-ix-policia-investiga-se-acao-e-criminosa-em-incendio-que-ja-dura-quatro-dias-assista-a-reportagem\/#breadcrumb\"},\"inLanguage\":\"pt-BR\",\"potentialAction\":[{\"@type\":\"ReadAction\",\"target\":[\"https:\/\/portalnpm.com\/index.php\/2019\/11\/05\/em-pio-ix-policia-investiga-se-acao-e-criminosa-em-incendio-que-ja-dura-quatro-dias-assista-a-reportagem\/\"]}]},{\"@type\":\"ImageObject\",\"inLanguage\":\"pt-BR\",\"@id\":\"https:\/\/portalnpm.com\/index.php\/2019\/11\/05\/em-pio-ix-policia-investiga-se-acao-e-criminosa-em-incendio-que-ja-dura-quatro-dias-assista-a-reportagem\/#primaryimage\",\"url\":\"\",\"contentUrl\":\"\"},{\"@type\":\"BreadcrumbList\",\"@id\":\"https:\/\/portalnpm.com\/index.php\/2019\/11\/05\/em-pio-ix-policia-investiga-se-acao-e-criminosa-em-incendio-que-ja-dura-quatro-dias-assista-a-reportagem\/#breadcrumb\",\"itemListElement\":[{\"@type\":\"ListItem\",\"position\":1,\"name\":\"In\u00edcio\",\"item\":\"https:\/\/portalnpm.com\/\"},{\"@type\":\"ListItem\",\"position\":2,\"name\":\"Em Pio IX, pol\u00edcia investiga se a\u00e7\u00e3o \u00e9 criminosa em inc\u00eandio que j\u00e1 dura quatro dias; assista a reportagem\"}]},{\"@type\":\"WebSite\",\"@id\":\"https:\/\/portalnpm.com\/#website\",\"url\":\"https:\/\/portalnpm.com\/\",\"name\":\"Portal NPM\",\"description\":\"Not\u00edcias em Primeira M\u00e3o\",\"potentialAction\":[{\"@type\":\"SearchAction\",\"target\":{\"@type\":\"EntryPoint\",\"urlTemplate\":\"https:\/\/portalnpm.com\/?s={search_term_string}\"},\"query-input\":\"required name=search_term_string\"}],\"inLanguage\":\"pt-BR\"},{\"@type\":\"Person\",\"@id\":\"https:\/\/portalnpm.com\/#\/schema\/person\/35cb55186eae3f074b6783da6d35591e\",\"name\":\"Zenilton Lima\",\"image\":{\"@type\":\"ImageObject\",\"inLanguage\":\"pt-BR\",\"@id\":\"https:\/\/portalnpm.com\/#\/schema\/person\/image\/\",\"url\":\"https:\/\/portalnpm.com\/wp-content\/uploads\/2024\/12\/avatar_user_8_1733658137-96x96.jpeg\",\"contentUrl\":\"https:\/\/portalnpm.com\/wp-content\/uploads\/2024\/12\/avatar_user_8_1733658137-96x96.jpeg\",\"caption\":\"Zenilton Lima\"},\"url\":\"https:\/\/portalnpm.com\/index.php\/author\/zenilton\/\"}]}<\/script>\n<!-- \/ Yoast SEO plugin. -->","yoast_head_json":{"title":"Em Pio IX, pol\u00edcia investiga se a\u00e7\u00e3o \u00e9 criminosa em inc\u00eandio que j\u00e1 dura quatro dias; assista a reportagem - Portal NPM","robots":{"index":"index","follow":"follow","max-snippet":"max-snippet:-1","max-image-preview":"max-image-preview:large","max-video-preview":"max-video-preview:-1"},"canonical":"https:\/\/portalnpm.com\/index.php\/2019\/11\/05\/em-pio-ix-policia-investiga-se-acao-e-criminosa-em-incendio-que-ja-dura-quatro-dias-assista-a-reportagem\/","og_locale":"pt_BR","og_type":"article","og_title":"Em Pio IX, pol\u00edcia investiga se a\u00e7\u00e3o \u00e9 criminosa em inc\u00eandio que j\u00e1 dura quatro dias; assista a reportagem - Portal NPM","og_description":"Novos focos de inc\u00eandio amea\u00e7am moradores de Pio IX em uma \u00e1rea residencial no Assentamento S\u00e3o Lu\u00eds, na zona rural do munic\u00edpio.\u00a0\u00a0O fogo atinge \u00e1reas rurais h\u00e1 pelo menos quatro dias. As chamas continuam sendo combatidas nesta segunda-feira (4), uma nova equipe do Corpo de Bombeiros de Picos foi acionada para controlar o fogo, dessa &hellip;","og_url":"https:\/\/portalnpm.com\/index.php\/2019\/11\/05\/em-pio-ix-policia-investiga-se-acao-e-criminosa-em-incendio-que-ja-dura-quatro-dias-assista-a-reportagem\/","og_site_name":"Portal NPM","article_published_time":"2019-11-05T16:52:19+00:00","author":"Zenilton Lima","twitter_card":"summary_large_image","twitter_misc":{"Escrito por":"Zenilton Lima","Est. tempo de leitura":"2 minutos"},"schema":{"@context":"https:\/\/schema.org","@graph":[{"@type":"WebPage","@id":"https:\/\/portalnpm.com\/index.php\/2019\/11\/05\/em-pio-ix-policia-investiga-se-acao-e-criminosa-em-incendio-que-ja-dura-quatro-dias-assista-a-reportagem\/","url":"https:\/\/portalnpm.com\/index.php\/2019\/11\/05\/em-pio-ix-policia-investiga-se-acao-e-criminosa-em-incendio-que-ja-dura-quatro-dias-assista-a-reportagem\/","name":"Em Pio IX, pol\u00edcia investiga se a\u00e7\u00e3o \u00e9 criminosa em inc\u00eandio que j\u00e1 dura quatro dias; assista a reportagem - Portal NPM","isPartOf":{"@id":"https:\/\/portalnpm.com\/#website"},"primaryImageOfPage":{"@id":"https:\/\/portalnpm.com\/index.php\/2019\/11\/05\/em-pio-ix-policia-investiga-se-acao-e-criminosa-em-incendio-que-ja-dura-quatro-dias-assista-a-reportagem\/#primaryimage"},"image":{"@id":"https:\/\/portalnpm.com\/index.php\/2019\/11\/05\/em-pio-ix-policia-investiga-se-acao-e-criminosa-em-incendio-que-ja-dura-quatro-dias-assista-a-reportagem\/#primaryimage"},"thumbnailUrl":"","datePublished":"2019-11-05T16:52:19+00:00","dateModified":"2019-11-05T16:52:19+00:00","author":{"@id":"https:\/\/portalnpm.com\/#\/schema\/person\/35cb55186eae3f074b6783da6d35591e"},"breadcrumb":{"@id":"https:\/\/portalnpm.com\/index.php\/2019\/11\/05\/em-pio-ix-policia-investiga-se-acao-e-criminosa-em-incendio-que-ja-dura-quatro-dias-assista-a-reportagem\/#breadcrumb"},"inLanguage":"pt-BR","potentialAction":[{"@type":"ReadAction","target":["https:\/\/portalnpm.com\/index.php\/2019\/11\/05\/em-pio-ix-policia-investiga-se-acao-e-criminosa-em-incendio-que-ja-dura-quatro-dias-assista-a-reportagem\/"]}]},{"@type":"ImageObject","inLanguage":"pt-BR","@id":"https:\/\/portalnpm.com\/index.php\/2019\/11\/05\/em-pio-ix-policia-investiga-se-acao-e-criminosa-em-incendio-que-ja-dura-quatro-dias-assista-a-reportagem\/#primaryimage","url":"","contentUrl":""},{"@type":"BreadcrumbList","@id":"https:\/\/portalnpm.com\/index.php\/2019\/11\/05\/em-pio-ix-policia-investiga-se-acao-e-criminosa-em-incendio-que-ja-dura-quatro-dias-assista-a-reportagem\/#breadcrumb","itemListElement":[{"@type":"ListItem","position":1,"name":"In\u00edcio","item":"https:\/\/portalnpm.com\/"},{"@type":"ListItem","position":2,"name":"Em Pio IX, pol\u00edcia investiga se a\u00e7\u00e3o \u00e9 criminosa em inc\u00eandio que j\u00e1 dura quatro dias; assista a reportagem"}]},{"@type":"WebSite","@id":"https:\/\/portalnpm.com\/#website","url":"https:\/\/portalnpm.com\/","name":"Portal NPM","description":"Not\u00edcias em Primeira M\u00e3o","potentialAction":[{"@type":"SearchAction","target":{"@type":"EntryPoint","urlTemplate":"https:\/\/portalnpm.com\/?s={search_term_string}"},"query-input":"required name=search_term_string"}],"inLanguage":"pt-BR"},{"@type":"Person","@id":"https:\/\/portalnpm.com\/#\/schema\/person\/35cb55186eae3f074b6783da6d35591e","name":"Zenilton Lima","image":{"@type":"ImageObject","inLanguage":"pt-BR","@id":"https:\/\/portalnpm.com\/#\/schema\/person\/image\/","url":"https:\/\/portalnpm.com\/wp-content\/uploads\/2024\/12\/avatar_user_8_1733658137-96x96.jpeg","contentUrl":"https:\/\/portalnpm.com\/wp-content\/uploads\/2024\/12\/avatar_user_8_1733658137-96x96.jpeg","caption":"Zenilton Lima"},"url":"https:\/\/portalnpm.com\/index.php\/author\/zenilton\/"}]}},"jetpack_sharing_enabled":true,"jetpack_featured_media_url":"","_links":{"self":[{"href":"https:\/\/portalnpm.com\/index.php\/wp-json\/wp\/v2\/posts\/13184"}],"collection":[{"href":"https:\/\/portalnpm.com\/index.php\/wp-json\/wp\/v2\/posts"}],"about":[{"href":"https:\/\/portalnpm.com\/index.php\/wp-json\/wp\/v2\/types\/post"}],"author":[{"embeddable":true,"href":"https:\/\/portalnpm.com\/index.php\/wp-json\/wp\/v2\/users\/8"}],"replies":[{"embeddable":true,"href":"https:\/\/portalnpm.com\/index.php\/wp-json\/wp\/v2\/comments?post=13184"}],"version-history":[{"count":0,"href":"https:\/\/portalnpm.com\/index.php\/wp-json\/wp\/v2\/posts\/13184\/revisions"}],"wp:featuredmedia":[{"embeddable":true,"href":"https:\/\/portalnpm.com\/index.php\/wp-json\/"}],"wp:attachment":[{"href":"https:\/\/portalnpm.com\/index.php\/wp-json\/wp\/v2\/media?parent=13184"}],"wp:term":[{"taxonomy":"category","embeddable":true,"href":"https:\/\/portalnpm.com\/index.php\/wp-json\/wp\/v2\/categories?post=13184"},{"taxonomy":"post_tag","embeddable":true,"href":"https:\/\/portalnpm.com\/index.php\/wp-json\/wp\/v2\/tags?post=13184"}],"curies":[{"name":"wp","href":"https:\/\/api.w.org\/{rel}","templated":true}]}}