{"id":1322,"date":"2018-09-11T09:22:48","date_gmt":"2018-09-11T12:22:48","guid":{"rendered":"http:\/\/srv.portalnpm.com.br\/?p=1322"},"modified":"2018-09-11T09:22:48","modified_gmt":"2018-09-11T12:22:48","slug":"candidato-ao-senado-ex-governador-do-parana-beto-richa-e-preso-em-curitiba","status":"publish","type":"post","link":"https:\/\/portalnpm.com\/index.php\/2018\/09\/11\/candidato-ao-senado-ex-governador-do-parana-beto-richa-e-preso-em-curitiba\/","title":{"rendered":"Candidato ao Senado, ex-governador do Paran\u00e1 Beto Richa \u00e9 preso em Curitiba"},"content":{"rendered":"<p style=\"text-align: justify;\">O ex-governador do Paran\u00e1 e candidato ao Senado\u00a0<a href=\"https:\/\/gauchazh.clicrbs.com.br\/ultimas-noticias\/tag\/beto-richa\/\" target=\"_top\" rel=\"noopener\"><strong>Beto Richa (PSDB)<\/strong><\/a>, sua mulher Fernanda Richa e seu ex-chefe de gabinete Deonilson Roldo foram presos nesta ter\u00e7a-feira (11). As ordens de pris\u00e3o s\u00e3o da Justi\u00e7a do Estado e foram cumpridas pelo Gaeco, do Minist\u00e9rio P\u00fablico do Paran\u00e1.<\/p>\n<p style=\"text-align: justify;\">A investiga\u00e7\u00e3o est\u00e1 ligada ao Programa Patrulha do Campo.<\/p>\n<p style=\"text-align: justify;\">Al\u00e9m dessa ofensiva, aliados de Beto Richa foram alvo de mandados da Justi\u00e7a Federal do Paran\u00e1. Tamb\u00e9m nessa ter\u00e7a, Deonilson Roldo foi alvo de um mandado de pris\u00e3o da\u00a0<a href=\"https:\/\/gauchazh.clicrbs.com.br\/ultimas-noticias\/tag\/lava-jato\/\" target=\"_top\" rel=\"noopener\"><strong>Opera\u00e7\u00e3o Lava-Jato<\/strong><\/a>. A Pol\u00edcia Federal (PF) deflagrou a Opera\u00e7\u00e3o Piloto nos estados da Bahia, de S\u00e3o Paulo e do Paran\u00e1.<\/p>\n<p style=\"text-align: justify;\">Aproximadamente 180 policiais federais cumprem 36 ordens judicias nas cidades de Salvador, S\u00e3o Paulo, Lupian\u00f3polis (PR), Colombo (PR) e Curitiba.<\/p>\n<p style=\"text-align: justify;\">Em nota, a PF informou que a investiga\u00e7\u00e3o mira suposto pagamento milion\u00e1rio de vantagem indevida, em 2014, pelo Setor de Opera\u00e7\u00f5es Estruturadas do Grupo Odebrecht, o departamento de propina da empreiteira, para agentes p\u00fablicos e privados no Estado Paran\u00e1. Segundo os investigadores, a contrapartida seria um poss\u00edvel direcionamento do processo licitat\u00f3rio para investimento na duplica\u00e7\u00e3o, manuten\u00e7\u00e3o e opera\u00e7\u00e3o da rodovia estadual PR-323 na modalidade parceria p\u00fablico-privada.<\/p>\n<p style=\"text-align: justify;\">As condutas investigadas podem configurar os delitos de corrup\u00e7\u00e3o ativa e passiva, fraude \u00e0 licita\u00e7\u00e3o e lavagem de dinheiro.<\/p>\n<p style=\"text-align: justify;\">O nome dado \u00e0 opera\u00e7\u00e3o policial remete a codinome atribu\u00eddo pela Odebrecht em seus controles de repasses de pagamentos indevidos a um investigado nesta opera\u00e7\u00e3o policial.<\/p>\n<p style=\"text-align: justify;\">Os presos ser\u00e3o levados \u00e0 Superintend\u00eancia da Pol\u00edcia Federal em Curitiba\/PR onde permanecer\u00e3o \u00e0 disposi\u00e7\u00e3o da Justi\u00e7a.<\/p>\n<h2 style=\"text-align: justify;\">Os mandados da Pol\u00edcia Federal<\/h2>\n<p style=\"text-align: justify;\">SALVADOR<br \/>\n1 mandado de busca e apreens\u00e3o<\/p>\n<p style=\"text-align: justify;\">S\u00c3O PAULO<br \/>\n1 mandado de busca e apreens\u00e3o<\/p>\n<p style=\"text-align: justify;\">LUPIAN\u00d3POLIS (PR)<br \/>\n2 mandados de busca e apreens\u00e3o<\/p>\n<p style=\"text-align: justify;\">COLOMBO (PR)<br \/>\n1 mandado de busca e apreens\u00e3o<\/p>\n<p style=\"text-align: justify;\">CURITIBA (PR)<br \/>\n28 mandados de busca e apreens\u00e3o<br \/>\n2 mandados de pris\u00e3o preventiva<br \/>\n1 mandado de pris\u00e3o tempor\u00e1ria.<\/p>\n<p style=\"text-align: justify;\"><strong>Fonte: GauchaZH<\/strong><\/p>\n","protected":false},"excerpt":{"rendered":"<p>O ex-governador do Paran\u00e1 e candidato ao Senado\u00a0Beto Richa (PSDB), sua mulher Fernanda Richa e seu ex-chefe de gabinete Deonilson Roldo foram presos nesta ter\u00e7a-feira (11). As ordens de pris\u00e3o s\u00e3o da Justi\u00e7a do Estado e foram cumpridas pelo Gaeco, do Minist\u00e9rio P\u00fablico do Paran\u00e1. A investiga\u00e7\u00e3o est\u00e1 ligada ao Programa Patrulha do Campo. Al\u00e9m &hellip;<\/p>\n","protected":false},"author":3,"featured_media":1323,"comment_status":"open","ping_status":"open","sticky":false,"template":"","format":"standard","meta":{"content-type":"","rop_custom_images_group":[],"rop_custom_messages_group":[],"rop_publish_now":"initial","rop_publish_now_accounts":{"facebook_2648258775420054_1618374048415101":""},"rop_publish_now_history":[],"rop_publish_now_status":"pending","footnotes":"","_jetpack_memberships_contains_paid_content":false},"categories":[113,118,130],"tags":[748,698,749],"yoast_head":"<!-- This site is optimized with the Yoast SEO plugin v22.3 - https:\/\/yoast.com\/wordpress\/plugins\/seo\/ -->\n<title>Candidato ao Senado, ex-governador do Paran\u00e1 Beto Richa \u00e9 preso em Curitiba - Portal NPM<\/title>\n<meta name=\"robots\" content=\"index, follow, max-snippet:-1, max-image-preview:large, max-video-preview:-1\" \/>\n<link rel=\"canonical\" href=\"https:\/\/portalnpm.com\/index.php\/2018\/09\/11\/candidato-ao-senado-ex-governador-do-parana-beto-richa-e-preso-em-curitiba\/\" \/>\n<meta property=\"og:locale\" content=\"pt_BR\" \/>\n<meta property=\"og:type\" content=\"article\" \/>\n<meta property=\"og:title\" content=\"Candidato ao Senado, ex-governador do Paran\u00e1 Beto Richa \u00e9 preso em Curitiba - Portal NPM\" \/>\n<meta property=\"og:description\" content=\"O ex-governador do Paran\u00e1 e candidato ao Senado\u00a0Beto Richa (PSDB), sua mulher Fernanda Richa e seu ex-chefe de gabinete Deonilson Roldo foram presos nesta ter\u00e7a-feira (11). As ordens de pris\u00e3o s\u00e3o da Justi\u00e7a do Estado e foram cumpridas pelo Gaeco, do Minist\u00e9rio P\u00fablico do Paran\u00e1. A investiga\u00e7\u00e3o est\u00e1 ligada ao Programa Patrulha do Campo. Al\u00e9m &hellip;\" \/>\n<meta property=\"og:url\" content=\"https:\/\/portalnpm.com\/index.php\/2018\/09\/11\/candidato-ao-senado-ex-governador-do-parana-beto-richa-e-preso-em-curitiba\/\" \/>\n<meta property=\"og:site_name\" content=\"Portal NPM\" \/>\n<meta property=\"article:published_time\" content=\"2018-09-11T12:22:48+00:00\" \/>\n<meta property=\"og:image\" content=\"https:\/\/portalnpm.com\/wp-content\/uploads\/2018\/09\/18079078.jpg\" \/>\n\t<meta property=\"og:image:width\" content=\"580\" \/>\n\t<meta property=\"og:image:height\" content=\"387\" \/>\n\t<meta property=\"og:image:type\" content=\"image\/jpeg\" \/>\n<meta name=\"author\" content=\"Luis Alberto\" \/>\n<meta name=\"twitter:card\" content=\"summary_large_image\" \/>\n<meta name=\"twitter:label1\" content=\"Escrito por\" \/>\n\t<meta name=\"twitter:data1\" content=\"Luis Alberto\" \/>\n\t<meta name=\"twitter:label2\" content=\"Est. tempo de leitura\" \/>\n\t<meta name=\"twitter:data2\" content=\"2 minutos\" \/>\n<script type=\"application\/ld+json\" class=\"yoast-schema-graph\">{\"@context\":\"https:\/\/schema.org\",\"@graph\":[{\"@type\":\"WebPage\",\"@id\":\"https:\/\/portalnpm.com\/index.php\/2018\/09\/11\/candidato-ao-senado-ex-governador-do-parana-beto-richa-e-preso-em-curitiba\/\",\"url\":\"https:\/\/portalnpm.com\/index.php\/2018\/09\/11\/candidato-ao-senado-ex-governador-do-parana-beto-richa-e-preso-em-curitiba\/\",\"name\":\"Candidato ao Senado, ex-governador do Paran\u00e1 Beto Richa \u00e9 preso em Curitiba - Portal NPM\",\"isPartOf\":{\"@id\":\"https:\/\/portalnpm.com\/#website\"},\"primaryImageOfPage\":{\"@id\":\"https:\/\/portalnpm.com\/index.php\/2018\/09\/11\/candidato-ao-senado-ex-governador-do-parana-beto-richa-e-preso-em-curitiba\/#primaryimage\"},\"image\":{\"@id\":\"https:\/\/portalnpm.com\/index.php\/2018\/09\/11\/candidato-ao-senado-ex-governador-do-parana-beto-richa-e-preso-em-curitiba\/#primaryimage\"},\"thumbnailUrl\":\"https:\/\/portalnpm.com\/wp-content\/uploads\/2018\/09\/18079078.jpg\",\"datePublished\":\"2018-09-11T12:22:48+00:00\",\"dateModified\":\"2018-09-11T12:22:48+00:00\",\"author\":{\"@id\":\"https:\/\/portalnpm.com\/#\/schema\/person\/5c8006acdf71774cd4e7a5ab98482152\"},\"breadcrumb\":{\"@id\":\"https:\/\/portalnpm.com\/index.php\/2018\/09\/11\/candidato-ao-senado-ex-governador-do-parana-beto-richa-e-preso-em-curitiba\/#breadcrumb\"},\"inLanguage\":\"pt-BR\",\"potentialAction\":[{\"@type\":\"ReadAction\",\"target\":[\"https:\/\/portalnpm.com\/index.php\/2018\/09\/11\/candidato-ao-senado-ex-governador-do-parana-beto-richa-e-preso-em-curitiba\/\"]}]},{\"@type\":\"ImageObject\",\"inLanguage\":\"pt-BR\",\"@id\":\"https:\/\/portalnpm.com\/index.php\/2018\/09\/11\/candidato-ao-senado-ex-governador-do-parana-beto-richa-e-preso-em-curitiba\/#primaryimage\",\"url\":\"https:\/\/portalnpm.com\/wp-content\/uploads\/2018\/09\/18079078.jpg\",\"contentUrl\":\"https:\/\/portalnpm.com\/wp-content\/uploads\/2018\/09\/18079078.jpg\",\"width\":580,\"height\":387},{\"@type\":\"BreadcrumbList\",\"@id\":\"https:\/\/portalnpm.com\/index.php\/2018\/09\/11\/candidato-ao-senado-ex-governador-do-parana-beto-richa-e-preso-em-curitiba\/#breadcrumb\",\"itemListElement\":[{\"@type\":\"ListItem\",\"position\":1,\"name\":\"In\u00edcio\",\"item\":\"https:\/\/portalnpm.com\/\"},{\"@type\":\"ListItem\",\"position\":2,\"name\":\"Candidato ao Senado, ex-governador do Paran\u00e1 Beto Richa \u00e9 preso em Curitiba\"}]},{\"@type\":\"WebSite\",\"@id\":\"https:\/\/portalnpm.com\/#website\",\"url\":\"https:\/\/portalnpm.com\/\",\"name\":\"Portal NPM\",\"description\":\"Not\u00edcias em Primeira M\u00e3o\",\"potentialAction\":[{\"@type\":\"SearchAction\",\"target\":{\"@type\":\"EntryPoint\",\"urlTemplate\":\"https:\/\/portalnpm.com\/?s={search_term_string}\"},\"query-input\":\"required name=search_term_string\"}],\"inLanguage\":\"pt-BR\"},{\"@type\":\"Person\",\"@id\":\"https:\/\/portalnpm.com\/#\/schema\/person\/5c8006acdf71774cd4e7a5ab98482152\",\"name\":\"Luis Alberto\",\"image\":{\"@type\":\"ImageObject\",\"inLanguage\":\"pt-BR\",\"@id\":\"https:\/\/portalnpm.com\/#\/schema\/person\/image\/\",\"url\":\"https:\/\/portalnpm.com\/wp-content\/uploads\/2024\/12\/avatar_user_3_1734699769-96x96.jpeg\",\"contentUrl\":\"https:\/\/portalnpm.com\/wp-content\/uploads\/2024\/12\/avatar_user_3_1734699769-96x96.jpeg\",\"caption\":\"Luis Alberto\"},\"description\":\"Editor-geral do Portal NPM, \u00e9 formado como T\u00e9cnico em Seguran\u00e7a do Trabalho pela Escola Metropolitana de Cursos T\u00e9cnicos. Det\u00e9m ainda licenciatura em Educa\u00e7\u00e3o F\u00edsica e bacharelado em Ci\u00eancias Pol\u00edticas, ambos obtidos pela institui\u00e7\u00e3o Anhanguera\/UNOPAR.\",\"url\":\"https:\/\/portalnpm.com\/index.php\/author\/pereira\/\"}]}<\/script>\n<!-- \/ Yoast SEO plugin. -->","yoast_head_json":{"title":"Candidato ao Senado, ex-governador do Paran\u00e1 Beto Richa \u00e9 preso em Curitiba - Portal NPM","robots":{"index":"index","follow":"follow","max-snippet":"max-snippet:-1","max-image-preview":"max-image-preview:large","max-video-preview":"max-video-preview:-1"},"canonical":"https:\/\/portalnpm.com\/index.php\/2018\/09\/11\/candidato-ao-senado-ex-governador-do-parana-beto-richa-e-preso-em-curitiba\/","og_locale":"pt_BR","og_type":"article","og_title":"Candidato ao Senado, ex-governador do Paran\u00e1 Beto Richa \u00e9 preso em Curitiba - Portal NPM","og_description":"O ex-governador do Paran\u00e1 e candidato ao Senado\u00a0Beto Richa (PSDB), sua mulher Fernanda Richa e seu ex-chefe de gabinete Deonilson Roldo foram presos nesta ter\u00e7a-feira (11). As ordens de pris\u00e3o s\u00e3o da Justi\u00e7a do Estado e foram cumpridas pelo Gaeco, do Minist\u00e9rio P\u00fablico do Paran\u00e1. A investiga\u00e7\u00e3o est\u00e1 ligada ao Programa Patrulha do Campo. Al\u00e9m &hellip;","og_url":"https:\/\/portalnpm.com\/index.php\/2018\/09\/11\/candidato-ao-senado-ex-governador-do-parana-beto-richa-e-preso-em-curitiba\/","og_site_name":"Portal NPM","article_published_time":"2018-09-11T12:22:48+00:00","og_image":[{"width":580,"height":387,"url":"https:\/\/portalnpm.com\/wp-content\/uploads\/2018\/09\/18079078.jpg","type":"image\/jpeg"}],"author":"Luis Alberto","twitter_card":"summary_large_image","twitter_misc":{"Escrito por":"Luis Alberto","Est. tempo de leitura":"2 minutos"},"schema":{"@context":"https:\/\/schema.org","@graph":[{"@type":"WebPage","@id":"https:\/\/portalnpm.com\/index.php\/2018\/09\/11\/candidato-ao-senado-ex-governador-do-parana-beto-richa-e-preso-em-curitiba\/","url":"https:\/\/portalnpm.com\/index.php\/2018\/09\/11\/candidato-ao-senado-ex-governador-do-parana-beto-richa-e-preso-em-curitiba\/","name":"Candidato ao Senado, ex-governador do Paran\u00e1 Beto Richa \u00e9 preso em Curitiba - Portal NPM","isPartOf":{"@id":"https:\/\/portalnpm.com\/#website"},"primaryImageOfPage":{"@id":"https:\/\/portalnpm.com\/index.php\/2018\/09\/11\/candidato-ao-senado-ex-governador-do-parana-beto-richa-e-preso-em-curitiba\/#primaryimage"},"image":{"@id":"https:\/\/portalnpm.com\/index.php\/2018\/09\/11\/candidato-ao-senado-ex-governador-do-parana-beto-richa-e-preso-em-curitiba\/#primaryimage"},"thumbnailUrl":"https:\/\/portalnpm.com\/wp-content\/uploads\/2018\/09\/18079078.jpg","datePublished":"2018-09-11T12:22:48+00:00","dateModified":"2018-09-11T12:22:48+00:00","author":{"@id":"https:\/\/portalnpm.com\/#\/schema\/person\/5c8006acdf71774cd4e7a5ab98482152"},"breadcrumb":{"@id":"https:\/\/portalnpm.com\/index.php\/2018\/09\/11\/candidato-ao-senado-ex-governador-do-parana-beto-richa-e-preso-em-curitiba\/#breadcrumb"},"inLanguage":"pt-BR","potentialAction":[{"@type":"ReadAction","target":["https:\/\/portalnpm.com\/index.php\/2018\/09\/11\/candidato-ao-senado-ex-governador-do-parana-beto-richa-e-preso-em-curitiba\/"]}]},{"@type":"ImageObject","inLanguage":"pt-BR","@id":"https:\/\/portalnpm.com\/index.php\/2018\/09\/11\/candidato-ao-senado-ex-governador-do-parana-beto-richa-e-preso-em-curitiba\/#primaryimage","url":"https:\/\/portalnpm.com\/wp-content\/uploads\/2018\/09\/18079078.jpg","contentUrl":"https:\/\/portalnpm.com\/wp-content\/uploads\/2018\/09\/18079078.jpg","width":580,"height":387},{"@type":"BreadcrumbList","@id":"https:\/\/portalnpm.com\/index.php\/2018\/09\/11\/candidato-ao-senado-ex-governador-do-parana-beto-richa-e-preso-em-curitiba\/#breadcrumb","itemListElement":[{"@type":"ListItem","position":1,"name":"In\u00edcio","item":"https:\/\/portalnpm.com\/"},{"@type":"ListItem","position":2,"name":"Candidato ao Senado, ex-governador do Paran\u00e1 Beto Richa \u00e9 preso em Curitiba"}]},{"@type":"WebSite","@id":"https:\/\/portalnpm.com\/#website","url":"https:\/\/portalnpm.com\/","name":"Portal NPM","description":"Not\u00edcias em Primeira M\u00e3o","potentialAction":[{"@type":"SearchAction","target":{"@type":"EntryPoint","urlTemplate":"https:\/\/portalnpm.com\/?s={search_term_string}"},"query-input":"required name=search_term_string"}],"inLanguage":"pt-BR"},{"@type":"Person","@id":"https:\/\/portalnpm.com\/#\/schema\/person\/5c8006acdf71774cd4e7a5ab98482152","name":"Luis Alberto","image":{"@type":"ImageObject","inLanguage":"pt-BR","@id":"https:\/\/portalnpm.com\/#\/schema\/person\/image\/","url":"https:\/\/portalnpm.com\/wp-content\/uploads\/2024\/12\/avatar_user_3_1734699769-96x96.jpeg","contentUrl":"https:\/\/portalnpm.com\/wp-content\/uploads\/2024\/12\/avatar_user_3_1734699769-96x96.jpeg","caption":"Luis Alberto"},"description":"Editor-geral do Portal NPM, \u00e9 formado como T\u00e9cnico em Seguran\u00e7a do Trabalho pela Escola Metropolitana de Cursos T\u00e9cnicos. Det\u00e9m ainda licenciatura em Educa\u00e7\u00e3o F\u00edsica e bacharelado em Ci\u00eancias Pol\u00edticas, ambos obtidos pela institui\u00e7\u00e3o Anhanguera\/UNOPAR.","url":"https:\/\/portalnpm.com\/index.php\/author\/pereira\/"}]}},"jetpack_sharing_enabled":true,"jetpack_featured_media_url":"https:\/\/portalnpm.com\/wp-content\/uploads\/2018\/09\/18079078.jpg","_links":{"self":[{"href":"https:\/\/portalnpm.com\/index.php\/wp-json\/wp\/v2\/posts\/1322"}],"collection":[{"href":"https:\/\/portalnpm.com\/index.php\/wp-json\/wp\/v2\/posts"}],"about":[{"href":"https:\/\/portalnpm.com\/index.php\/wp-json\/wp\/v2\/types\/post"}],"author":[{"embeddable":true,"href":"https:\/\/portalnpm.com\/index.php\/wp-json\/wp\/v2\/users\/3"}],"replies":[{"embeddable":true,"href":"https:\/\/portalnpm.com\/index.php\/wp-json\/wp\/v2\/comments?post=1322"}],"version-history":[{"count":0,"href":"https:\/\/portalnpm.com\/index.php\/wp-json\/wp\/v2\/posts\/1322\/revisions"}],"wp:featuredmedia":[{"embeddable":true,"href":"https:\/\/portalnpm.com\/index.php\/wp-json\/wp\/v2\/media\/1323"}],"wp:attachment":[{"href":"https:\/\/portalnpm.com\/index.php\/wp-json\/wp\/v2\/media?parent=1322"}],"wp:term":[{"taxonomy":"category","embeddable":true,"href":"https:\/\/portalnpm.com\/index.php\/wp-json\/wp\/v2\/categories?post=1322"},{"taxonomy":"post_tag","embeddable":true,"href":"https:\/\/portalnpm.com\/index.php\/wp-json\/wp\/v2\/tags?post=1322"}],"curies":[{"name":"wp","href":"https:\/\/api.w.org\/{rel}","templated":true}]}}