{"id":13230,"date":"2019-11-08T18:14:32","date_gmt":"2019-11-08T21:14:32","guid":{"rendered":"http:\/\/srv.portalnpm.com.br\/?p=13230"},"modified":"2019-11-08T18:14:32","modified_gmt":"2019-11-08T21:14:32","slug":"apos-580-dias-ex-presidente-lula-deixa-a-prisao-em-curitiba","status":"publish","type":"post","link":"https:\/\/portalnpm.com\/index.php\/2019\/11\/08\/apos-580-dias-ex-presidente-lula-deixa-a-prisao-em-curitiba\/","title":{"rendered":"Ap\u00f3s 580 dias, ex-presidente Lula deixa a pris\u00e3o em Curitiba"},"content":{"rendered":"<h2 class=\"subtitle\">Petista \u00e9 um dos beneficiados pela decis\u00e3o do STF que determina a pris\u00e3o ap\u00f3s o fim do processo (transitado em julgado) e n\u00e3o mais na 2\u00aa inst\u00e2ncia<\/h2>\n<p><img fetchpriority=\"high\" decoding=\"async\" class=\"alignnone size-full wp-image-13233\" src=\"http:\/\/portalnpm.com\/wp-content\/uploads\/2019\/11\/lula-08112019174434677.jpeg\" alt=\"\" width=\"660\" height=\"360\" \/><\/p>\n<p style=\"text-align: justify;\">O ex-presidente Luiz In\u00e1cio Lula da Silva (PT) deixou a pris\u00e3o em Curitiba na tarde desta sexta-feira (8). Ele estava preso desde abril do ano passado, na Superintend\u00eancia da Pol\u00edcia Federal, na capital paranaense.<\/p>\n<p style=\"text-align: justify;\">Ele \u00e9 um dos beneficiados pela\u00a0<a title=\"decis\u00e3o do STF que determinou a pris\u00e3o de r\u00e9us ap\u00f3s todos os recursos na Justi\u00e7a\" href=\"https:\/\/noticias.r7.com\/brasil\/justica-determina-que-lula-deixe-a-prisao-08112019\" target=\"_top\" rel=\"noopener noreferrer\"><strong>decis\u00e3o do STF que determinou a pris\u00e3o de r\u00e9us ap\u00f3s todos os recursos na Justi\u00e7a<\/strong><\/a>, e n\u00e3o mais ap\u00f3s a segunda inst\u00e2ncia.<\/p>\n<p style=\"text-align: justify;\">A defesa do\u00a0<a title=\"ex-presidente entrou com o pedido na Justi\u00e7a\" href=\"https:\/\/noticias.r7.com\/politica\/defesa-de-lula-pede-a-justica-que-ex-presidente-deixe-prisao-08112019\" target=\"_top\" rel=\"noopener noreferrer\"><strong>ex-presidente entrou com o pedido na Justi\u00e7a<\/strong><\/a>\u00a0nesta sexta. Lula estava encarcerado desde abril de 2018 ap\u00f3s duas condena\u00e7\u00f5es, em primeira e segunda inst\u00e2ncias, pela propriedade do tr\u00edplex do Guaruj\u00e1.<\/p>\n<p style=\"text-align: justify;\">O juiz Danilo Pereira J\u00fanior, da 12\u00aa Vara Federal de Curitiba, expediu o alvar\u00e1 de soltura \u00e0s 16h16.<\/p>\n<p style=\"text-align: justify;\">O caso foi denunciado pela for\u00e7a-tarefa da Opera\u00e7\u00e3o Lava Jato. O ex-presidente tamb\u00e9m j\u00e1 foi condenado em primeira inst\u00e2ncia pelo s\u00edtio de Atibaia.<\/p>\n<p style=\"text-align: justify;\"><strong>Supremo<\/strong><\/p>\n<p style=\"text-align: justify;\">Na noite de quinta-feira (7), o STF decidiu, por seis votos a cinco, que os r\u00e9us do Brasil podem ser presos somente ap\u00f3s o fim do processo, com o esgotamento de todos os recursos.<\/p>\n<p style=\"text-align: justify;\">Os votos contr\u00e1rios \u00e0 pris\u00e3o ap\u00f3s a condena\u00e7\u00e3o em segunda inst\u00e2ncia foram do presidente do STF, Dias Toffoli, assim como o relator das a\u00e7\u00f5es, Marco Aur\u00e9lio Mello, e os ministros Rosa Weber, Ricardo Lewandowski, Gilmar Mendes e Celso de Mello. Foram derrotados os ministros Alexandre de Moraes, Edson Fachin, Luiz Fux, Lu\u00eds Roberto Barroso e C\u00e1rmen L\u00facia.<\/p>\n<p style=\"text-align: justify;\"><strong>Fonte: Record\/R7<\/strong><\/p>\n","protected":false},"excerpt":{"rendered":"<p>Petista \u00e9 um dos beneficiados pela decis\u00e3o do STF que determina a pris\u00e3o ap\u00f3s o fim do processo (transitado em julgado) e n\u00e3o mais na 2\u00aa inst\u00e2ncia O ex-presidente Luiz In\u00e1cio Lula da Silva (PT) deixou a pris\u00e3o em Curitiba na tarde desta sexta-feira (8). Ele estava preso desde abril do ano passado, na Superintend\u00eancia &hellip;<\/p>\n","protected":false},"author":3,"featured_media":13232,"comment_status":"open","ping_status":"open","sticky":false,"template":"","format":"standard","meta":{"content-type":"","rop_custom_images_group":[],"rop_custom_messages_group":[],"rop_publish_now":"initial","rop_publish_now_accounts":{"facebook_2648258775420054_1618374048415101":""},"rop_publish_now_history":[],"rop_publish_now_status":"pending","footnotes":"","_jetpack_memberships_contains_paid_content":false},"categories":[113],"tags":[3546,3547,536],"yoast_head":"<!-- This site is optimized with the Yoast SEO plugin v22.3 - https:\/\/yoast.com\/wordpress\/plugins\/seo\/ -->\n<title>Ap\u00f3s 580 dias, ex-presidente Lula deixa a pris\u00e3o em Curitiba - Portal NPM<\/title>\n<meta name=\"robots\" content=\"index, follow, max-snippet:-1, max-image-preview:large, max-video-preview:-1\" \/>\n<link rel=\"canonical\" href=\"https:\/\/portalnpm.com\/index.php\/2019\/11\/08\/apos-580-dias-ex-presidente-lula-deixa-a-prisao-em-curitiba\/\" \/>\n<meta property=\"og:locale\" content=\"pt_BR\" \/>\n<meta property=\"og:type\" content=\"article\" \/>\n<meta property=\"og:title\" content=\"Ap\u00f3s 580 dias, ex-presidente Lula deixa a pris\u00e3o em Curitiba - Portal NPM\" \/>\n<meta property=\"og:description\" content=\"Petista \u00e9 um dos beneficiados pela decis\u00e3o do STF que determina a pris\u00e3o ap\u00f3s o fim do processo (transitado em julgado) e n\u00e3o mais na 2\u00aa inst\u00e2ncia O ex-presidente Luiz In\u00e1cio Lula da Silva (PT) deixou a pris\u00e3o em Curitiba na tarde desta sexta-feira (8). Ele estava preso desde abril do ano passado, na Superintend\u00eancia &hellip;\" \/>\n<meta property=\"og:url\" content=\"https:\/\/portalnpm.com\/index.php\/2019\/11\/08\/apos-580-dias-ex-presidente-lula-deixa-a-prisao-em-curitiba\/\" \/>\n<meta property=\"og:site_name\" content=\"Portal NPM\" \/>\n<meta property=\"article:published_time\" content=\"2019-11-08T21:14:32+00:00\" \/>\n<meta name=\"author\" content=\"Luis Alberto\" \/>\n<meta name=\"twitter:card\" content=\"summary_large_image\" \/>\n<meta name=\"twitter:label1\" content=\"Escrito por\" \/>\n\t<meta name=\"twitter:data1\" content=\"Luis Alberto\" \/>\n\t<meta name=\"twitter:label2\" content=\"Est. tempo de leitura\" \/>\n\t<meta name=\"twitter:data2\" content=\"1 minuto\" \/>\n<script type=\"application\/ld+json\" class=\"yoast-schema-graph\">{\"@context\":\"https:\/\/schema.org\",\"@graph\":[{\"@type\":\"WebPage\",\"@id\":\"https:\/\/portalnpm.com\/index.php\/2019\/11\/08\/apos-580-dias-ex-presidente-lula-deixa-a-prisao-em-curitiba\/\",\"url\":\"https:\/\/portalnpm.com\/index.php\/2019\/11\/08\/apos-580-dias-ex-presidente-lula-deixa-a-prisao-em-curitiba\/\",\"name\":\"Ap\u00f3s 580 dias, ex-presidente Lula deixa a pris\u00e3o em Curitiba - Portal NPM\",\"isPartOf\":{\"@id\":\"https:\/\/portalnpm.com\/#website\"},\"primaryImageOfPage\":{\"@id\":\"https:\/\/portalnpm.com\/index.php\/2019\/11\/08\/apos-580-dias-ex-presidente-lula-deixa-a-prisao-em-curitiba\/#primaryimage\"},\"image\":{\"@id\":\"https:\/\/portalnpm.com\/index.php\/2019\/11\/08\/apos-580-dias-ex-presidente-lula-deixa-a-prisao-em-curitiba\/#primaryimage\"},\"thumbnailUrl\":\"\",\"datePublished\":\"2019-11-08T21:14:32+00:00\",\"dateModified\":\"2019-11-08T21:14:32+00:00\",\"author\":{\"@id\":\"https:\/\/portalnpm.com\/#\/schema\/person\/5c8006acdf71774cd4e7a5ab98482152\"},\"breadcrumb\":{\"@id\":\"https:\/\/portalnpm.com\/index.php\/2019\/11\/08\/apos-580-dias-ex-presidente-lula-deixa-a-prisao-em-curitiba\/#breadcrumb\"},\"inLanguage\":\"pt-BR\",\"potentialAction\":[{\"@type\":\"ReadAction\",\"target\":[\"https:\/\/portalnpm.com\/index.php\/2019\/11\/08\/apos-580-dias-ex-presidente-lula-deixa-a-prisao-em-curitiba\/\"]}]},{\"@type\":\"ImageObject\",\"inLanguage\":\"pt-BR\",\"@id\":\"https:\/\/portalnpm.com\/index.php\/2019\/11\/08\/apos-580-dias-ex-presidente-lula-deixa-a-prisao-em-curitiba\/#primaryimage\",\"url\":\"\",\"contentUrl\":\"\"},{\"@type\":\"BreadcrumbList\",\"@id\":\"https:\/\/portalnpm.com\/index.php\/2019\/11\/08\/apos-580-dias-ex-presidente-lula-deixa-a-prisao-em-curitiba\/#breadcrumb\",\"itemListElement\":[{\"@type\":\"ListItem\",\"position\":1,\"name\":\"In\u00edcio\",\"item\":\"https:\/\/portalnpm.com\/\"},{\"@type\":\"ListItem\",\"position\":2,\"name\":\"Ap\u00f3s 580 dias, ex-presidente Lula deixa a pris\u00e3o em Curitiba\"}]},{\"@type\":\"WebSite\",\"@id\":\"https:\/\/portalnpm.com\/#website\",\"url\":\"https:\/\/portalnpm.com\/\",\"name\":\"Portal NPM\",\"description\":\"Not\u00edcias em Primeira M\u00e3o\",\"potentialAction\":[{\"@type\":\"SearchAction\",\"target\":{\"@type\":\"EntryPoint\",\"urlTemplate\":\"https:\/\/portalnpm.com\/?s={search_term_string}\"},\"query-input\":\"required name=search_term_string\"}],\"inLanguage\":\"pt-BR\"},{\"@type\":\"Person\",\"@id\":\"https:\/\/portalnpm.com\/#\/schema\/person\/5c8006acdf71774cd4e7a5ab98482152\",\"name\":\"Luis Alberto\",\"image\":{\"@type\":\"ImageObject\",\"inLanguage\":\"pt-BR\",\"@id\":\"https:\/\/portalnpm.com\/#\/schema\/person\/image\/\",\"url\":\"https:\/\/portalnpm.com\/wp-content\/uploads\/2024\/12\/avatar_user_3_1734699769-96x96.jpeg\",\"contentUrl\":\"https:\/\/portalnpm.com\/wp-content\/uploads\/2024\/12\/avatar_user_3_1734699769-96x96.jpeg\",\"caption\":\"Luis Alberto\"},\"description\":\"Editor-geral do Portal NPM, \u00e9 formado como T\u00e9cnico em Seguran\u00e7a do Trabalho pela Escola Metropolitana de Cursos T\u00e9cnicos. Det\u00e9m ainda licenciatura em Educa\u00e7\u00e3o F\u00edsica e bacharelado em Ci\u00eancias Pol\u00edticas, ambos obtidos pela institui\u00e7\u00e3o Anhanguera\/UNOPAR.\",\"url\":\"https:\/\/portalnpm.com\/index.php\/author\/pereira\/\"}]}<\/script>\n<!-- \/ Yoast SEO plugin. -->","yoast_head_json":{"title":"Ap\u00f3s 580 dias, ex-presidente Lula deixa a pris\u00e3o em Curitiba - Portal NPM","robots":{"index":"index","follow":"follow","max-snippet":"max-snippet:-1","max-image-preview":"max-image-preview:large","max-video-preview":"max-video-preview:-1"},"canonical":"https:\/\/portalnpm.com\/index.php\/2019\/11\/08\/apos-580-dias-ex-presidente-lula-deixa-a-prisao-em-curitiba\/","og_locale":"pt_BR","og_type":"article","og_title":"Ap\u00f3s 580 dias, ex-presidente Lula deixa a pris\u00e3o em Curitiba - Portal NPM","og_description":"Petista \u00e9 um dos beneficiados pela decis\u00e3o do STF que determina a pris\u00e3o ap\u00f3s o fim do processo (transitado em julgado) e n\u00e3o mais na 2\u00aa inst\u00e2ncia O ex-presidente Luiz In\u00e1cio Lula da Silva (PT) deixou a pris\u00e3o em Curitiba na tarde desta sexta-feira (8). Ele estava preso desde abril do ano passado, na Superintend\u00eancia &hellip;","og_url":"https:\/\/portalnpm.com\/index.php\/2019\/11\/08\/apos-580-dias-ex-presidente-lula-deixa-a-prisao-em-curitiba\/","og_site_name":"Portal NPM","article_published_time":"2019-11-08T21:14:32+00:00","author":"Luis Alberto","twitter_card":"summary_large_image","twitter_misc":{"Escrito por":"Luis Alberto","Est. tempo de leitura":"1 minuto"},"schema":{"@context":"https:\/\/schema.org","@graph":[{"@type":"WebPage","@id":"https:\/\/portalnpm.com\/index.php\/2019\/11\/08\/apos-580-dias-ex-presidente-lula-deixa-a-prisao-em-curitiba\/","url":"https:\/\/portalnpm.com\/index.php\/2019\/11\/08\/apos-580-dias-ex-presidente-lula-deixa-a-prisao-em-curitiba\/","name":"Ap\u00f3s 580 dias, ex-presidente Lula deixa a pris\u00e3o em Curitiba - Portal NPM","isPartOf":{"@id":"https:\/\/portalnpm.com\/#website"},"primaryImageOfPage":{"@id":"https:\/\/portalnpm.com\/index.php\/2019\/11\/08\/apos-580-dias-ex-presidente-lula-deixa-a-prisao-em-curitiba\/#primaryimage"},"image":{"@id":"https:\/\/portalnpm.com\/index.php\/2019\/11\/08\/apos-580-dias-ex-presidente-lula-deixa-a-prisao-em-curitiba\/#primaryimage"},"thumbnailUrl":"","datePublished":"2019-11-08T21:14:32+00:00","dateModified":"2019-11-08T21:14:32+00:00","author":{"@id":"https:\/\/portalnpm.com\/#\/schema\/person\/5c8006acdf71774cd4e7a5ab98482152"},"breadcrumb":{"@id":"https:\/\/portalnpm.com\/index.php\/2019\/11\/08\/apos-580-dias-ex-presidente-lula-deixa-a-prisao-em-curitiba\/#breadcrumb"},"inLanguage":"pt-BR","potentialAction":[{"@type":"ReadAction","target":["https:\/\/portalnpm.com\/index.php\/2019\/11\/08\/apos-580-dias-ex-presidente-lula-deixa-a-prisao-em-curitiba\/"]}]},{"@type":"ImageObject","inLanguage":"pt-BR","@id":"https:\/\/portalnpm.com\/index.php\/2019\/11\/08\/apos-580-dias-ex-presidente-lula-deixa-a-prisao-em-curitiba\/#primaryimage","url":"","contentUrl":""},{"@type":"BreadcrumbList","@id":"https:\/\/portalnpm.com\/index.php\/2019\/11\/08\/apos-580-dias-ex-presidente-lula-deixa-a-prisao-em-curitiba\/#breadcrumb","itemListElement":[{"@type":"ListItem","position":1,"name":"In\u00edcio","item":"https:\/\/portalnpm.com\/"},{"@type":"ListItem","position":2,"name":"Ap\u00f3s 580 dias, ex-presidente Lula deixa a pris\u00e3o em Curitiba"}]},{"@type":"WebSite","@id":"https:\/\/portalnpm.com\/#website","url":"https:\/\/portalnpm.com\/","name":"Portal NPM","description":"Not\u00edcias em Primeira M\u00e3o","potentialAction":[{"@type":"SearchAction","target":{"@type":"EntryPoint","urlTemplate":"https:\/\/portalnpm.com\/?s={search_term_string}"},"query-input":"required name=search_term_string"}],"inLanguage":"pt-BR"},{"@type":"Person","@id":"https:\/\/portalnpm.com\/#\/schema\/person\/5c8006acdf71774cd4e7a5ab98482152","name":"Luis Alberto","image":{"@type":"ImageObject","inLanguage":"pt-BR","@id":"https:\/\/portalnpm.com\/#\/schema\/person\/image\/","url":"https:\/\/portalnpm.com\/wp-content\/uploads\/2024\/12\/avatar_user_3_1734699769-96x96.jpeg","contentUrl":"https:\/\/portalnpm.com\/wp-content\/uploads\/2024\/12\/avatar_user_3_1734699769-96x96.jpeg","caption":"Luis Alberto"},"description":"Editor-geral do Portal NPM, \u00e9 formado como T\u00e9cnico em Seguran\u00e7a do Trabalho pela Escola Metropolitana de Cursos T\u00e9cnicos. Det\u00e9m ainda licenciatura em Educa\u00e7\u00e3o F\u00edsica e bacharelado em Ci\u00eancias Pol\u00edticas, ambos obtidos pela institui\u00e7\u00e3o Anhanguera\/UNOPAR.","url":"https:\/\/portalnpm.com\/index.php\/author\/pereira\/"}]}},"jetpack_sharing_enabled":true,"jetpack_featured_media_url":"","_links":{"self":[{"href":"https:\/\/portalnpm.com\/index.php\/wp-json\/wp\/v2\/posts\/13230"}],"collection":[{"href":"https:\/\/portalnpm.com\/index.php\/wp-json\/wp\/v2\/posts"}],"about":[{"href":"https:\/\/portalnpm.com\/index.php\/wp-json\/wp\/v2\/types\/post"}],"author":[{"embeddable":true,"href":"https:\/\/portalnpm.com\/index.php\/wp-json\/wp\/v2\/users\/3"}],"replies":[{"embeddable":true,"href":"https:\/\/portalnpm.com\/index.php\/wp-json\/wp\/v2\/comments?post=13230"}],"version-history":[{"count":0,"href":"https:\/\/portalnpm.com\/index.php\/wp-json\/wp\/v2\/posts\/13230\/revisions"}],"wp:featuredmedia":[{"embeddable":true,"href":"https:\/\/portalnpm.com\/index.php\/wp-json\/"}],"wp:attachment":[{"href":"https:\/\/portalnpm.com\/index.php\/wp-json\/wp\/v2\/media?parent=13230"}],"wp:term":[{"taxonomy":"category","embeddable":true,"href":"https:\/\/portalnpm.com\/index.php\/wp-json\/wp\/v2\/categories?post=13230"},{"taxonomy":"post_tag","embeddable":true,"href":"https:\/\/portalnpm.com\/index.php\/wp-json\/wp\/v2\/tags?post=13230"}],"curies":[{"name":"wp","href":"https:\/\/api.w.org\/{rel}","templated":true}]}}