{"id":1359,"date":"2018-09-14T11:41:27","date_gmt":"2018-09-14T14:41:27","guid":{"rendered":"http:\/\/srv.portalnpm.com.br\/?p=1359"},"modified":"2018-09-14T11:41:27","modified_gmt":"2018-09-14T14:41:27","slug":"video-jovem-fica-na-mira-de-arma-e-tem-cabelo-cortado-aposcaso-com-namorado-da-rival-caso-aconteceu-no-piaui","status":"publish","type":"post","link":"https:\/\/portalnpm.com\/index.php\/2018\/09\/14\/video-jovem-fica-na-mira-de-arma-e-tem-cabelo-cortado-aposcaso-com-namorado-da-rival-caso-aconteceu-no-piaui\/","title":{"rendered":"V\u00eddeo: jovem fica na mira de arma e tem cabelo cortado ap\u00f3s&#8217;caso&#8217; com namorado da rival; Caso aconteceu no Piau\u00ed"},"content":{"rendered":"<p style=\"text-align: justify;\">Uma jovem de 18 anos foi amea\u00e7ada com uma arma e teve o cabelo cortado ap\u00f3s se relacionar com o namorado de uma rival.<\/p>\n<p style=\"text-align: justify;\">O caso aconteceu no bairro Lourival Parente, na Zona Sul de Teresina. Pelo menos dois homens e tr\u00eas mulheres participaram da a\u00e7\u00e3o que aconteceu ap\u00f3s o grupo cham\u00e1-la para sair.<\/p>\n<p style=\"text-align: justify;\">Segundo mat\u00e9ria da TV Meio Norte, a\u00a0v\u00edtima, que mora na Vila Jerusal\u00e9m, est\u00e1 traumatizada e a fam\u00edlia deve acionar a justi\u00e7a.<\/p>\n<p><strong>VEJA O V\u00cdDEO<\/strong><\/p>\n<div id=\"fb-root\" class=\" fb_reset\">\n<div>\n<div><\/div>\n<\/div>\n<\/div>\n<div class=\"fb-video fb_iframe_widget fb_iframe_widget_fluid_desktop fb_iframe_widget_fluid\" data-href=\"https:\/\/www.facebook.com\/ronda180\/videos\/1408877995912247\/\" data-width=\"640\"><iframe class=\"\" title=\"fb:video Facebook Social Plugin\" src=\"https:\/\/www.facebook.com\/v3.1\/plugins\/video.php?app_id=&amp;channel=https%3A%2F%2Fstaticxx.facebook.com%2Fconnect%2Fxd_arbiter%2Fr%2FkO5a7GzG6AF.js%3Fversion%3D42%23cb%3Df29e9f429564784%26domain%3Dwww.portalenoticias.com.br%26origin%3Dhttps%253A%252F%252Fwww.portalenoticias.com.br%252Ff38a336dacb0d8c%26relation%3Dparent.parent&amp;container_width=340&amp;href=https%3A%2F%2Fwww.facebook.com%2Fronda180%2Fvideos%2F1408877995912247%2F&amp;locale=en_US&amp;sdk=joey&amp;width=640\" name=\"f45cdf882369d8\" width=\"640px\" height=\"1000px\" frameborder=\"0\" scrolling=\"no\" allowfullscreen=\"allowfullscreen\" data-mce-fragment=\"1\"><\/iframe><\/div>\n<div class=\"media is-Thirdparty js-thirdparty\" contenteditable=\"false\"><\/div>\n<p><strong>Fonte:180graus<\/strong><\/p>\n","protected":false},"excerpt":{"rendered":"<p>Uma jovem de 18 anos foi amea\u00e7ada com uma arma e teve o cabelo cortado ap\u00f3s se relacionar com o namorado de uma rival. O caso aconteceu no bairro Lourival Parente, na Zona Sul de Teresina. Pelo menos dois homens e tr\u00eas mulheres participaram da a\u00e7\u00e3o que aconteceu ap\u00f3s o grupo cham\u00e1-la para sair. Segundo &hellip;<\/p>\n","protected":false},"author":3,"featured_media":1360,"comment_status":"open","ping_status":"open","sticky":false,"template":"","format":"standard","meta":{"content-type":"","rop_custom_images_group":[],"rop_custom_messages_group":[],"rop_publish_now":"initial","rop_publish_now_accounts":{"facebook_2648258775420054_1618374048415101":""},"rop_publish_now_history":[],"rop_publish_now_status":"pending","footnotes":"","_jetpack_memberships_contains_paid_content":false},"categories":[113,118],"tags":[754,172,187],"yoast_head":"<!-- This site is optimized with the Yoast SEO plugin v22.3 - https:\/\/yoast.com\/wordpress\/plugins\/seo\/ -->\n<title>V\u00eddeo: jovem fica na mira de arma e tem cabelo cortado ap\u00f3s&#039;caso&#039; com namorado da rival; Caso aconteceu no Piau\u00ed - Portal NPM<\/title>\n<meta name=\"robots\" content=\"index, follow, max-snippet:-1, max-image-preview:large, max-video-preview:-1\" \/>\n<link rel=\"canonical\" href=\"https:\/\/portalnpm.com\/index.php\/2018\/09\/14\/video-jovem-fica-na-mira-de-arma-e-tem-cabelo-cortado-aposcaso-com-namorado-da-rival-caso-aconteceu-no-piaui\/\" \/>\n<meta property=\"og:locale\" content=\"pt_BR\" \/>\n<meta property=\"og:type\" content=\"article\" \/>\n<meta property=\"og:title\" content=\"V\u00eddeo: jovem fica na mira de arma e tem cabelo cortado ap\u00f3s&#039;caso&#039; com namorado da rival; Caso aconteceu no Piau\u00ed - Portal NPM\" \/>\n<meta property=\"og:description\" content=\"Uma jovem de 18 anos foi amea\u00e7ada com uma arma e teve o cabelo cortado ap\u00f3s se relacionar com o namorado de uma rival. O caso aconteceu no bairro Lourival Parente, na Zona Sul de Teresina. Pelo menos dois homens e tr\u00eas mulheres participaram da a\u00e7\u00e3o que aconteceu ap\u00f3s o grupo cham\u00e1-la para sair. Segundo &hellip;\" \/>\n<meta property=\"og:url\" content=\"https:\/\/portalnpm.com\/index.php\/2018\/09\/14\/video-jovem-fica-na-mira-de-arma-e-tem-cabelo-cortado-aposcaso-com-namorado-da-rival-caso-aconteceu-no-piaui\/\" \/>\n<meta property=\"og:site_name\" content=\"Portal NPM\" \/>\n<meta property=\"article:published_time\" content=\"2018-09-14T14:41:27+00:00\" \/>\n<meta property=\"og:image\" content=\"https:\/\/portalnpm.com\/wp-content\/uploads\/2018\/09\/jovem2018piaui.jpg\" \/>\n\t<meta property=\"og:image:width\" content=\"620\" \/>\n\t<meta property=\"og:image:height\" content=\"323\" \/>\n\t<meta property=\"og:image:type\" content=\"image\/jpeg\" \/>\n<meta name=\"author\" content=\"Luis Alberto\" \/>\n<meta name=\"twitter:card\" content=\"summary_large_image\" \/>\n<meta name=\"twitter:label1\" content=\"Escrito por\" \/>\n\t<meta name=\"twitter:data1\" content=\"Luis Alberto\" \/>\n<script type=\"application\/ld+json\" class=\"yoast-schema-graph\">{\"@context\":\"https:\/\/schema.org\",\"@graph\":[{\"@type\":\"WebPage\",\"@id\":\"https:\/\/portalnpm.com\/index.php\/2018\/09\/14\/video-jovem-fica-na-mira-de-arma-e-tem-cabelo-cortado-aposcaso-com-namorado-da-rival-caso-aconteceu-no-piaui\/\",\"url\":\"https:\/\/portalnpm.com\/index.php\/2018\/09\/14\/video-jovem-fica-na-mira-de-arma-e-tem-cabelo-cortado-aposcaso-com-namorado-da-rival-caso-aconteceu-no-piaui\/\",\"name\":\"V\u00eddeo: jovem fica na mira de arma e tem cabelo cortado ap\u00f3s'caso' com namorado da rival; Caso aconteceu no Piau\u00ed - Portal NPM\",\"isPartOf\":{\"@id\":\"https:\/\/portalnpm.com\/#website\"},\"primaryImageOfPage\":{\"@id\":\"https:\/\/portalnpm.com\/index.php\/2018\/09\/14\/video-jovem-fica-na-mira-de-arma-e-tem-cabelo-cortado-aposcaso-com-namorado-da-rival-caso-aconteceu-no-piaui\/#primaryimage\"},\"image\":{\"@id\":\"https:\/\/portalnpm.com\/index.php\/2018\/09\/14\/video-jovem-fica-na-mira-de-arma-e-tem-cabelo-cortado-aposcaso-com-namorado-da-rival-caso-aconteceu-no-piaui\/#primaryimage\"},\"thumbnailUrl\":\"https:\/\/portalnpm.com\/wp-content\/uploads\/2018\/09\/jovem2018piaui.jpg\",\"datePublished\":\"2018-09-14T14:41:27+00:00\",\"dateModified\":\"2018-09-14T14:41:27+00:00\",\"author\":{\"@id\":\"https:\/\/portalnpm.com\/#\/schema\/person\/5c8006acdf71774cd4e7a5ab98482152\"},\"breadcrumb\":{\"@id\":\"https:\/\/portalnpm.com\/index.php\/2018\/09\/14\/video-jovem-fica-na-mira-de-arma-e-tem-cabelo-cortado-aposcaso-com-namorado-da-rival-caso-aconteceu-no-piaui\/#breadcrumb\"},\"inLanguage\":\"pt-BR\",\"potentialAction\":[{\"@type\":\"ReadAction\",\"target\":[\"https:\/\/portalnpm.com\/index.php\/2018\/09\/14\/video-jovem-fica-na-mira-de-arma-e-tem-cabelo-cortado-aposcaso-com-namorado-da-rival-caso-aconteceu-no-piaui\/\"]}]},{\"@type\":\"ImageObject\",\"inLanguage\":\"pt-BR\",\"@id\":\"https:\/\/portalnpm.com\/index.php\/2018\/09\/14\/video-jovem-fica-na-mira-de-arma-e-tem-cabelo-cortado-aposcaso-com-namorado-da-rival-caso-aconteceu-no-piaui\/#primaryimage\",\"url\":\"https:\/\/portalnpm.com\/wp-content\/uploads\/2018\/09\/jovem2018piaui.jpg\",\"contentUrl\":\"https:\/\/portalnpm.com\/wp-content\/uploads\/2018\/09\/jovem2018piaui.jpg\",\"width\":620,\"height\":323},{\"@type\":\"BreadcrumbList\",\"@id\":\"https:\/\/portalnpm.com\/index.php\/2018\/09\/14\/video-jovem-fica-na-mira-de-arma-e-tem-cabelo-cortado-aposcaso-com-namorado-da-rival-caso-aconteceu-no-piaui\/#breadcrumb\",\"itemListElement\":[{\"@type\":\"ListItem\",\"position\":1,\"name\":\"In\u00edcio\",\"item\":\"https:\/\/portalnpm.com\/\"},{\"@type\":\"ListItem\",\"position\":2,\"name\":\"V\u00eddeo: jovem fica na mira de arma e tem cabelo cortado ap\u00f3s&#8217;caso&#8217; com namorado da rival; Caso aconteceu no Piau\u00ed\"}]},{\"@type\":\"WebSite\",\"@id\":\"https:\/\/portalnpm.com\/#website\",\"url\":\"https:\/\/portalnpm.com\/\",\"name\":\"Portal NPM\",\"description\":\"Not\u00edcias em Primeira M\u00e3o\",\"potentialAction\":[{\"@type\":\"SearchAction\",\"target\":{\"@type\":\"EntryPoint\",\"urlTemplate\":\"https:\/\/portalnpm.com\/?s={search_term_string}\"},\"query-input\":\"required name=search_term_string\"}],\"inLanguage\":\"pt-BR\"},{\"@type\":\"Person\",\"@id\":\"https:\/\/portalnpm.com\/#\/schema\/person\/5c8006acdf71774cd4e7a5ab98482152\",\"name\":\"Luis Alberto\",\"image\":{\"@type\":\"ImageObject\",\"inLanguage\":\"pt-BR\",\"@id\":\"https:\/\/portalnpm.com\/#\/schema\/person\/image\/\",\"url\":\"https:\/\/portalnpm.com\/wp-content\/uploads\/2024\/12\/avatar_user_3_1734699769-96x96.jpeg\",\"contentUrl\":\"https:\/\/portalnpm.com\/wp-content\/uploads\/2024\/12\/avatar_user_3_1734699769-96x96.jpeg\",\"caption\":\"Luis Alberto\"},\"description\":\"Editor-geral do Portal NPM, \u00e9 formado como T\u00e9cnico em Seguran\u00e7a do Trabalho pela Escola Metropolitana de Cursos T\u00e9cnicos. Det\u00e9m ainda licenciatura em Educa\u00e7\u00e3o F\u00edsica e bacharelado em Ci\u00eancias Pol\u00edticas, ambos obtidos pela institui\u00e7\u00e3o Anhanguera\/UNOPAR.\",\"url\":\"https:\/\/portalnpm.com\/index.php\/author\/pereira\/\"}]}<\/script>\n<!-- \/ Yoast SEO plugin. -->","yoast_head_json":{"title":"V\u00eddeo: jovem fica na mira de arma e tem cabelo cortado ap\u00f3s'caso' com namorado da rival; Caso aconteceu no Piau\u00ed - Portal NPM","robots":{"index":"index","follow":"follow","max-snippet":"max-snippet:-1","max-image-preview":"max-image-preview:large","max-video-preview":"max-video-preview:-1"},"canonical":"https:\/\/portalnpm.com\/index.php\/2018\/09\/14\/video-jovem-fica-na-mira-de-arma-e-tem-cabelo-cortado-aposcaso-com-namorado-da-rival-caso-aconteceu-no-piaui\/","og_locale":"pt_BR","og_type":"article","og_title":"V\u00eddeo: jovem fica na mira de arma e tem cabelo cortado ap\u00f3s'caso' com namorado da rival; Caso aconteceu no Piau\u00ed - Portal NPM","og_description":"Uma jovem de 18 anos foi amea\u00e7ada com uma arma e teve o cabelo cortado ap\u00f3s se relacionar com o namorado de uma rival. O caso aconteceu no bairro Lourival Parente, na Zona Sul de Teresina. Pelo menos dois homens e tr\u00eas mulheres participaram da a\u00e7\u00e3o que aconteceu ap\u00f3s o grupo cham\u00e1-la para sair. Segundo &hellip;","og_url":"https:\/\/portalnpm.com\/index.php\/2018\/09\/14\/video-jovem-fica-na-mira-de-arma-e-tem-cabelo-cortado-aposcaso-com-namorado-da-rival-caso-aconteceu-no-piaui\/","og_site_name":"Portal NPM","article_published_time":"2018-09-14T14:41:27+00:00","og_image":[{"width":620,"height":323,"url":"https:\/\/portalnpm.com\/wp-content\/uploads\/2018\/09\/jovem2018piaui.jpg","type":"image\/jpeg"}],"author":"Luis Alberto","twitter_card":"summary_large_image","twitter_misc":{"Escrito por":"Luis Alberto"},"schema":{"@context":"https:\/\/schema.org","@graph":[{"@type":"WebPage","@id":"https:\/\/portalnpm.com\/index.php\/2018\/09\/14\/video-jovem-fica-na-mira-de-arma-e-tem-cabelo-cortado-aposcaso-com-namorado-da-rival-caso-aconteceu-no-piaui\/","url":"https:\/\/portalnpm.com\/index.php\/2018\/09\/14\/video-jovem-fica-na-mira-de-arma-e-tem-cabelo-cortado-aposcaso-com-namorado-da-rival-caso-aconteceu-no-piaui\/","name":"V\u00eddeo: jovem fica na mira de arma e tem cabelo cortado ap\u00f3s'caso' com namorado da rival; Caso aconteceu no Piau\u00ed - Portal NPM","isPartOf":{"@id":"https:\/\/portalnpm.com\/#website"},"primaryImageOfPage":{"@id":"https:\/\/portalnpm.com\/index.php\/2018\/09\/14\/video-jovem-fica-na-mira-de-arma-e-tem-cabelo-cortado-aposcaso-com-namorado-da-rival-caso-aconteceu-no-piaui\/#primaryimage"},"image":{"@id":"https:\/\/portalnpm.com\/index.php\/2018\/09\/14\/video-jovem-fica-na-mira-de-arma-e-tem-cabelo-cortado-aposcaso-com-namorado-da-rival-caso-aconteceu-no-piaui\/#primaryimage"},"thumbnailUrl":"https:\/\/portalnpm.com\/wp-content\/uploads\/2018\/09\/jovem2018piaui.jpg","datePublished":"2018-09-14T14:41:27+00:00","dateModified":"2018-09-14T14:41:27+00:00","author":{"@id":"https:\/\/portalnpm.com\/#\/schema\/person\/5c8006acdf71774cd4e7a5ab98482152"},"breadcrumb":{"@id":"https:\/\/portalnpm.com\/index.php\/2018\/09\/14\/video-jovem-fica-na-mira-de-arma-e-tem-cabelo-cortado-aposcaso-com-namorado-da-rival-caso-aconteceu-no-piaui\/#breadcrumb"},"inLanguage":"pt-BR","potentialAction":[{"@type":"ReadAction","target":["https:\/\/portalnpm.com\/index.php\/2018\/09\/14\/video-jovem-fica-na-mira-de-arma-e-tem-cabelo-cortado-aposcaso-com-namorado-da-rival-caso-aconteceu-no-piaui\/"]}]},{"@type":"ImageObject","inLanguage":"pt-BR","@id":"https:\/\/portalnpm.com\/index.php\/2018\/09\/14\/video-jovem-fica-na-mira-de-arma-e-tem-cabelo-cortado-aposcaso-com-namorado-da-rival-caso-aconteceu-no-piaui\/#primaryimage","url":"https:\/\/portalnpm.com\/wp-content\/uploads\/2018\/09\/jovem2018piaui.jpg","contentUrl":"https:\/\/portalnpm.com\/wp-content\/uploads\/2018\/09\/jovem2018piaui.jpg","width":620,"height":323},{"@type":"BreadcrumbList","@id":"https:\/\/portalnpm.com\/index.php\/2018\/09\/14\/video-jovem-fica-na-mira-de-arma-e-tem-cabelo-cortado-aposcaso-com-namorado-da-rival-caso-aconteceu-no-piaui\/#breadcrumb","itemListElement":[{"@type":"ListItem","position":1,"name":"In\u00edcio","item":"https:\/\/portalnpm.com\/"},{"@type":"ListItem","position":2,"name":"V\u00eddeo: jovem fica na mira de arma e tem cabelo cortado ap\u00f3s&#8217;caso&#8217; com namorado da rival; Caso aconteceu no Piau\u00ed"}]},{"@type":"WebSite","@id":"https:\/\/portalnpm.com\/#website","url":"https:\/\/portalnpm.com\/","name":"Portal NPM","description":"Not\u00edcias em Primeira M\u00e3o","potentialAction":[{"@type":"SearchAction","target":{"@type":"EntryPoint","urlTemplate":"https:\/\/portalnpm.com\/?s={search_term_string}"},"query-input":"required name=search_term_string"}],"inLanguage":"pt-BR"},{"@type":"Person","@id":"https:\/\/portalnpm.com\/#\/schema\/person\/5c8006acdf71774cd4e7a5ab98482152","name":"Luis Alberto","image":{"@type":"ImageObject","inLanguage":"pt-BR","@id":"https:\/\/portalnpm.com\/#\/schema\/person\/image\/","url":"https:\/\/portalnpm.com\/wp-content\/uploads\/2024\/12\/avatar_user_3_1734699769-96x96.jpeg","contentUrl":"https:\/\/portalnpm.com\/wp-content\/uploads\/2024\/12\/avatar_user_3_1734699769-96x96.jpeg","caption":"Luis Alberto"},"description":"Editor-geral do Portal NPM, \u00e9 formado como T\u00e9cnico em Seguran\u00e7a do Trabalho pela Escola Metropolitana de Cursos T\u00e9cnicos. Det\u00e9m ainda licenciatura em Educa\u00e7\u00e3o F\u00edsica e bacharelado em Ci\u00eancias Pol\u00edticas, ambos obtidos pela institui\u00e7\u00e3o Anhanguera\/UNOPAR.","url":"https:\/\/portalnpm.com\/index.php\/author\/pereira\/"}]}},"jetpack_sharing_enabled":true,"jetpack_featured_media_url":"https:\/\/portalnpm.com\/wp-content\/uploads\/2018\/09\/jovem2018piaui.jpg","_links":{"self":[{"href":"https:\/\/portalnpm.com\/index.php\/wp-json\/wp\/v2\/posts\/1359"}],"collection":[{"href":"https:\/\/portalnpm.com\/index.php\/wp-json\/wp\/v2\/posts"}],"about":[{"href":"https:\/\/portalnpm.com\/index.php\/wp-json\/wp\/v2\/types\/post"}],"author":[{"embeddable":true,"href":"https:\/\/portalnpm.com\/index.php\/wp-json\/wp\/v2\/users\/3"}],"replies":[{"embeddable":true,"href":"https:\/\/portalnpm.com\/index.php\/wp-json\/wp\/v2\/comments?post=1359"}],"version-history":[{"count":0,"href":"https:\/\/portalnpm.com\/index.php\/wp-json\/wp\/v2\/posts\/1359\/revisions"}],"wp:featuredmedia":[{"embeddable":true,"href":"https:\/\/portalnpm.com\/index.php\/wp-json\/wp\/v2\/media\/1360"}],"wp:attachment":[{"href":"https:\/\/portalnpm.com\/index.php\/wp-json\/wp\/v2\/media?parent=1359"}],"wp:term":[{"taxonomy":"category","embeddable":true,"href":"https:\/\/portalnpm.com\/index.php\/wp-json\/wp\/v2\/categories?post=1359"},{"taxonomy":"post_tag","embeddable":true,"href":"https:\/\/portalnpm.com\/index.php\/wp-json\/wp\/v2\/tags?post=1359"}],"curies":[{"name":"wp","href":"https:\/\/api.w.org\/{rel}","templated":true}]}}