{"id":14092,"date":"2019-11-19T08:06:46","date_gmt":"2019-11-19T11:06:46","guid":{"rendered":"http:\/\/srv.portalnpm.com.br\/?p=14092"},"modified":"2019-11-19T08:06:46","modified_gmt":"2019-11-19T11:06:46","slug":"pesquisa-do-instituto-opiniao-mostra-empate-tecnico-para-prefeito-de-araripina-pe-veja-os-numeros","status":"publish","type":"post","link":"https:\/\/portalnpm.com\/index.php\/2019\/11\/19\/pesquisa-do-instituto-opiniao-mostra-empate-tecnico-para-prefeito-de-araripina-pe-veja-os-numeros\/","title":{"rendered":"Pesquisa do Instituto Opini\u00e3o mostra empate t\u00e9cnico para prefeito de Araripina &#8211; PE ; veja os n\u00fameros!"},"content":{"rendered":"<p style=\"text-align: justify;\">Maior col\u00e9gio eleitoral do Sert\u00e3o do Araripe, o munic\u00edpio de Araripina, a 684 km do Recife, promete uma elei\u00e7\u00e3o extremamente acirrada em 2020. Se o pleito fosse hoje, haveria um empate t\u00e9cnico, segundo atesta pesquisa do Instituto Opini\u00e3o contratada com exclusividade pelo Blog do Magno Martins. Candidato \u00e0 reelei\u00e7\u00e3o, o prefeito Raimundo Pimentel (PSL) aparece em primeiro com 26,8% das inten\u00e7\u00f5es de voto, seguido de perto pelo pr\u00e9-candidato do PSDB, Bringel Filho, com 23%. Coladinho nos dois concorrentes, o candidato do SOLIDARIEDADE, Ti\u00e3o do Gesso, desponta com 22,8%. Em \u00faltimo, Aluizio (PSC) pontua em 13,8%. Brancos e nulos somam 4,8% e indecisos apenas 8,8%.<\/p>\n<p style=\"text-align: justify;\">\n<p style=\"text-align: justify;\">Na espont\u00e2nea, modelo pelo qual o entrevistado \u00e9 for\u00e7ado a lembrar o nome do postulante sem o aux\u00edlio da cartela, Pimentel tamb\u00e9m desponta em primeiro, com 14,3% e o segundo \u00e9 Aluizio, com 6,5%, enquanto Ti\u00e3o do Gesso foi citado por 6,3% e Bringel, pai do pr\u00e9-candidato Bringel Filho, se situa na faixa dos 6%. S\u00e3o citados ainda Bringel Filho, com 5,5%, Lula Sampaio (0,3%), Alexandre Arraes (0,3%) e Evil\u00e1sio Mateus (0,3%). Neste cen\u00e1rio, indecisos sobem para 58,7% e brancos e nulos somam 1,8%.<\/p>\n<p style=\"text-align: justify;\">O levantamento foi a campo entre os dias 12, 13 e 14 passados, sendo aplicados 400 question\u00e1rios. A margem de erro \u00e9 4,9 pontos percentuais para mais ou para menos. A modalidade de pesquisa adotada envolveu a t\u00e9cnica de Survey, que consiste na aplica\u00e7\u00e3o de question\u00e1rios estruturados e padronizados a uma amostra representativa do universo de investiga\u00e7\u00e3o. Foram realizadas entrevistas pessoais e domiciliares. O intervalo de confian\u00e7a \u00e9 de 95%.<\/p>\n<p style=\"text-align: justify;\">O Instituto verificou tamb\u00e9m o n\u00edvel de rejei\u00e7\u00e3o dos candidatos, aparecendo o prefeito em primeiro lugar. Entre os que responderam ao levantamento, 28,1% disseram que n\u00e3o votariam de jeito nenhum em Raimundo Pimentel. Pela ordem, aparece em segundo lugar Bringel Filho, com 19,3%, seguido por Aluizio, com 16,5%, enquanto Ti\u00e3o do Gesso, o menos rejeitado, tem 15,8%. Dos entrevistados, 3,5% disseram que rejeitam todos e 16,8% n\u00e3o rejeitam nenhum.<\/p>\n<p style=\"text-align: justify;\">O Instituto Opini\u00e3o tamb\u00e9m testou um cen\u00e1rio pelo qual o prefeito Raimundo Pimentel \u00e9 substitu\u00eddo pelo vereador Evil\u00e1sio Mateus e, novamente, se configura o empate t\u00e9cnico, s\u00f3 com uma diferen\u00e7a: quem assume a lideran\u00e7a \u00e9 Bringel Filho, com 25,9%, seguido por Ti\u00e3o do Gesso, com 24,5%, enquanto Evil\u00e1sio tem 22% e Aluizio, 16,3%. Neste universo, brancos e nulos representam 3,8% e 7,5% se apresentaram indecisos.<\/p>\n<p style=\"text-align: justify;\">Estratificando a pesquisa, Pimentel aparece melhor situado entre os eleitores com grau de instru\u00e7\u00e3o superior (34%), entre os eleitores com renda familiar acima de tr\u00eas sal\u00e1rios m\u00ednimos (33,2%) e entre os eleitores na faixa et\u00e1ria entre 35 a 44 anos (27,9%). Por sexo, a maioria dos seus eleitores \u00e9 masculina (30,5%), enquanto 23,8% s\u00e3o mulheres. J\u00e1 o tucano Bringel Filho se situa melhor entre os eleitores com grau de instru\u00e7\u00e3o at\u00e9 o 9\u00ba ano (25,6%), entre os eleitores na faixa et\u00e1ria de 35 a 44 anos (25,3%), entre os eleitores com renda familiar at\u00e9 dois sal\u00e1rios m\u00ednimos (24,1%).<\/p>\n<p style=\"text-align: justify;\">Por sexo, 23,5% s\u00e3o mulheres e 22,5%, homens. Ti\u00e3o do Gesso, por sua vez, tem 25,8% dos eleitores na faixa et\u00e1ria acima de 60 anos, 25,6% entre os eleitores com grau de instru\u00e7\u00e3o at\u00e9 o 9\u00ba ano e 23,8% entre os que ganham at\u00e9 dois sal\u00e1rios. Por sexo, 23,5% s\u00e3o femininos e 21,9%, femininos. Por \u00faltimo, Aluizio tem seus melhores percentuais entre os eleitores jovens, na faixa et\u00e1ria de 16 a 24 anos (18,8%), entre os eleitores com renda familiar at\u00e9 dois sal\u00e1rios m\u00ednimos (14,7%) e entre os eleitores com grau de instru\u00e7\u00e3o com ensino m\u00e9dio (14,5%). Por sexo, 14,6% s\u00e3o femininos e 12,8%, masculinos.<\/p>\n<p style=\"text-align: justify;\"><strong>AVALIA\u00c7\u00c3O DE GEST\u00d5ES<\/strong><\/p>\n<p style=\"text-align: justify;\">Na mesma pesquisa, o Instituto quis saber o grau de satisfa\u00e7\u00e3o do eleitorado de Araripina com os tr\u00eas n\u00edveis de poder. O prefeito Raimundo Pimentel aparece com aprova\u00e7\u00e3o pela metade dos entrevistados. Dos que foram ouvidos, 50,5% disseram que aprovam a sua gest\u00e3o e 41% manifestaram desaprova\u00e7\u00e3o. J\u00e1 o Governo Paulo C\u00e2mara tem 38% de desaprova\u00e7\u00e3o e apenas 17% de aprova\u00e7\u00e3o, enquanto o Governo Bolsonaro \u00e9 reprovado por 62% e aprovado por apenas 10%.<\/p>\n<p style=\"text-align: justify;\"><strong>Fonte:\u00a0Blog do Magno Martins<\/strong><\/p>\n","protected":false},"excerpt":{"rendered":"<p>Maior col\u00e9gio eleitoral do Sert\u00e3o do Araripe, o munic\u00edpio de Araripina, a 684 km do Recife, promete uma elei\u00e7\u00e3o extremamente acirrada em 2020. Se o pleito fosse hoje, haveria um empate t\u00e9cnico, segundo atesta pesquisa do Instituto Opini\u00e3o contratada com exclusividade pelo Blog do Magno Martins. Candidato \u00e0 reelei\u00e7\u00e3o, o prefeito Raimundo Pimentel (PSL) aparece &hellip;<\/p>\n","protected":false},"author":3,"featured_media":14093,"comment_status":"open","ping_status":"open","sticky":false,"template":"","format":"standard","meta":{"content-type":"","rop_custom_images_group":[],"rop_custom_messages_group":[],"rop_publish_now":"initial","rop_publish_now_accounts":{"facebook_2648258775420054_1618374048415101":""},"rop_publish_now_history":[],"rop_publish_now_status":"pending","footnotes":"","_jetpack_memberships_contains_paid_content":false},"categories":[113,130],"tags":[667,129,135],"yoast_head":"<!-- This site is optimized with the Yoast SEO plugin v22.3 - https:\/\/yoast.com\/wordpress\/plugins\/seo\/ -->\n<title>Pesquisa do Instituto Opini\u00e3o mostra empate t\u00e9cnico para prefeito de Araripina - PE ; veja os n\u00fameros! - Portal NPM<\/title>\n<meta name=\"robots\" content=\"index, follow, max-snippet:-1, max-image-preview:large, max-video-preview:-1\" \/>\n<link rel=\"canonical\" href=\"https:\/\/portalnpm.com\/index.php\/2019\/11\/19\/pesquisa-do-instituto-opiniao-mostra-empate-tecnico-para-prefeito-de-araripina-pe-veja-os-numeros\/\" \/>\n<meta property=\"og:locale\" content=\"pt_BR\" \/>\n<meta property=\"og:type\" content=\"article\" \/>\n<meta property=\"og:title\" content=\"Pesquisa do Instituto Opini\u00e3o mostra empate t\u00e9cnico para prefeito de Araripina - PE ; veja os n\u00fameros! - Portal NPM\" \/>\n<meta property=\"og:description\" content=\"Maior col\u00e9gio eleitoral do Sert\u00e3o do Araripe, o munic\u00edpio de Araripina, a 684 km do Recife, promete uma elei\u00e7\u00e3o extremamente acirrada em 2020. Se o pleito fosse hoje, haveria um empate t\u00e9cnico, segundo atesta pesquisa do Instituto Opini\u00e3o contratada com exclusividade pelo Blog do Magno Martins. Candidato \u00e0 reelei\u00e7\u00e3o, o prefeito Raimundo Pimentel (PSL) aparece &hellip;\" \/>\n<meta property=\"og:url\" content=\"https:\/\/portalnpm.com\/index.php\/2019\/11\/19\/pesquisa-do-instituto-opiniao-mostra-empate-tecnico-para-prefeito-de-araripina-pe-veja-os-numeros\/\" \/>\n<meta property=\"og:site_name\" content=\"Portal NPM\" \/>\n<meta property=\"article:published_time\" content=\"2019-11-19T11:06:46+00:00\" \/>\n<meta name=\"author\" content=\"Luis Alberto\" \/>\n<meta name=\"twitter:card\" content=\"summary_large_image\" \/>\n<meta name=\"twitter:label1\" content=\"Escrito por\" \/>\n\t<meta name=\"twitter:data1\" content=\"Luis Alberto\" \/>\n\t<meta name=\"twitter:label2\" content=\"Est. tempo de leitura\" \/>\n\t<meta name=\"twitter:data2\" content=\"3 minutos\" \/>\n<script type=\"application\/ld+json\" class=\"yoast-schema-graph\">{\"@context\":\"https:\/\/schema.org\",\"@graph\":[{\"@type\":\"WebPage\",\"@id\":\"https:\/\/portalnpm.com\/index.php\/2019\/11\/19\/pesquisa-do-instituto-opiniao-mostra-empate-tecnico-para-prefeito-de-araripina-pe-veja-os-numeros\/\",\"url\":\"https:\/\/portalnpm.com\/index.php\/2019\/11\/19\/pesquisa-do-instituto-opiniao-mostra-empate-tecnico-para-prefeito-de-araripina-pe-veja-os-numeros\/\",\"name\":\"Pesquisa do Instituto Opini\u00e3o mostra empate t\u00e9cnico para prefeito de Araripina - PE ; veja os n\u00fameros! - Portal NPM\",\"isPartOf\":{\"@id\":\"https:\/\/portalnpm.com\/#website\"},\"primaryImageOfPage\":{\"@id\":\"https:\/\/portalnpm.com\/index.php\/2019\/11\/19\/pesquisa-do-instituto-opiniao-mostra-empate-tecnico-para-prefeito-de-araripina-pe-veja-os-numeros\/#primaryimage\"},\"image\":{\"@id\":\"https:\/\/portalnpm.com\/index.php\/2019\/11\/19\/pesquisa-do-instituto-opiniao-mostra-empate-tecnico-para-prefeito-de-araripina-pe-veja-os-numeros\/#primaryimage\"},\"thumbnailUrl\":\"\",\"datePublished\":\"2019-11-19T11:06:46+00:00\",\"dateModified\":\"2019-11-19T11:06:46+00:00\",\"author\":{\"@id\":\"https:\/\/portalnpm.com\/#\/schema\/person\/5c8006acdf71774cd4e7a5ab98482152\"},\"breadcrumb\":{\"@id\":\"https:\/\/portalnpm.com\/index.php\/2019\/11\/19\/pesquisa-do-instituto-opiniao-mostra-empate-tecnico-para-prefeito-de-araripina-pe-veja-os-numeros\/#breadcrumb\"},\"inLanguage\":\"pt-BR\",\"potentialAction\":[{\"@type\":\"ReadAction\",\"target\":[\"https:\/\/portalnpm.com\/index.php\/2019\/11\/19\/pesquisa-do-instituto-opiniao-mostra-empate-tecnico-para-prefeito-de-araripina-pe-veja-os-numeros\/\"]}]},{\"@type\":\"ImageObject\",\"inLanguage\":\"pt-BR\",\"@id\":\"https:\/\/portalnpm.com\/index.php\/2019\/11\/19\/pesquisa-do-instituto-opiniao-mostra-empate-tecnico-para-prefeito-de-araripina-pe-veja-os-numeros\/#primaryimage\",\"url\":\"\",\"contentUrl\":\"\"},{\"@type\":\"BreadcrumbList\",\"@id\":\"https:\/\/portalnpm.com\/index.php\/2019\/11\/19\/pesquisa-do-instituto-opiniao-mostra-empate-tecnico-para-prefeito-de-araripina-pe-veja-os-numeros\/#breadcrumb\",\"itemListElement\":[{\"@type\":\"ListItem\",\"position\":1,\"name\":\"In\u00edcio\",\"item\":\"https:\/\/portalnpm.com\/\"},{\"@type\":\"ListItem\",\"position\":2,\"name\":\"Pesquisa do Instituto Opini\u00e3o mostra empate t\u00e9cnico para prefeito de Araripina &#8211; PE ; veja os n\u00fameros!\"}]},{\"@type\":\"WebSite\",\"@id\":\"https:\/\/portalnpm.com\/#website\",\"url\":\"https:\/\/portalnpm.com\/\",\"name\":\"Portal NPM\",\"description\":\"Not\u00edcias em Primeira M\u00e3o\",\"potentialAction\":[{\"@type\":\"SearchAction\",\"target\":{\"@type\":\"EntryPoint\",\"urlTemplate\":\"https:\/\/portalnpm.com\/?s={search_term_string}\"},\"query-input\":\"required name=search_term_string\"}],\"inLanguage\":\"pt-BR\"},{\"@type\":\"Person\",\"@id\":\"https:\/\/portalnpm.com\/#\/schema\/person\/5c8006acdf71774cd4e7a5ab98482152\",\"name\":\"Luis Alberto\",\"image\":{\"@type\":\"ImageObject\",\"inLanguage\":\"pt-BR\",\"@id\":\"https:\/\/portalnpm.com\/#\/schema\/person\/image\/\",\"url\":\"https:\/\/portalnpm.com\/wp-content\/uploads\/2024\/12\/avatar_user_3_1734699769-96x96.jpeg\",\"contentUrl\":\"https:\/\/portalnpm.com\/wp-content\/uploads\/2024\/12\/avatar_user_3_1734699769-96x96.jpeg\",\"caption\":\"Luis Alberto\"},\"description\":\"Editor-geral do Portal NPM, \u00e9 formado como T\u00e9cnico em Seguran\u00e7a do Trabalho pela Escola Metropolitana de Cursos T\u00e9cnicos. Det\u00e9m ainda licenciatura em Educa\u00e7\u00e3o F\u00edsica e bacharelado em Ci\u00eancias Pol\u00edticas, ambos obtidos pela institui\u00e7\u00e3o Anhanguera\/UNOPAR.\",\"url\":\"https:\/\/portalnpm.com\/index.php\/author\/pereira\/\"}]}<\/script>\n<!-- \/ Yoast SEO plugin. -->","yoast_head_json":{"title":"Pesquisa do Instituto Opini\u00e3o mostra empate t\u00e9cnico para prefeito de Araripina - PE ; veja os n\u00fameros! - Portal NPM","robots":{"index":"index","follow":"follow","max-snippet":"max-snippet:-1","max-image-preview":"max-image-preview:large","max-video-preview":"max-video-preview:-1"},"canonical":"https:\/\/portalnpm.com\/index.php\/2019\/11\/19\/pesquisa-do-instituto-opiniao-mostra-empate-tecnico-para-prefeito-de-araripina-pe-veja-os-numeros\/","og_locale":"pt_BR","og_type":"article","og_title":"Pesquisa do Instituto Opini\u00e3o mostra empate t\u00e9cnico para prefeito de Araripina - PE ; veja os n\u00fameros! - Portal NPM","og_description":"Maior col\u00e9gio eleitoral do Sert\u00e3o do Araripe, o munic\u00edpio de Araripina, a 684 km do Recife, promete uma elei\u00e7\u00e3o extremamente acirrada em 2020. Se o pleito fosse hoje, haveria um empate t\u00e9cnico, segundo atesta pesquisa do Instituto Opini\u00e3o contratada com exclusividade pelo Blog do Magno Martins. Candidato \u00e0 reelei\u00e7\u00e3o, o prefeito Raimundo Pimentel (PSL) aparece &hellip;","og_url":"https:\/\/portalnpm.com\/index.php\/2019\/11\/19\/pesquisa-do-instituto-opiniao-mostra-empate-tecnico-para-prefeito-de-araripina-pe-veja-os-numeros\/","og_site_name":"Portal NPM","article_published_time":"2019-11-19T11:06:46+00:00","author":"Luis Alberto","twitter_card":"summary_large_image","twitter_misc":{"Escrito por":"Luis Alberto","Est. tempo de leitura":"3 minutos"},"schema":{"@context":"https:\/\/schema.org","@graph":[{"@type":"WebPage","@id":"https:\/\/portalnpm.com\/index.php\/2019\/11\/19\/pesquisa-do-instituto-opiniao-mostra-empate-tecnico-para-prefeito-de-araripina-pe-veja-os-numeros\/","url":"https:\/\/portalnpm.com\/index.php\/2019\/11\/19\/pesquisa-do-instituto-opiniao-mostra-empate-tecnico-para-prefeito-de-araripina-pe-veja-os-numeros\/","name":"Pesquisa do Instituto Opini\u00e3o mostra empate t\u00e9cnico para prefeito de Araripina - PE ; veja os n\u00fameros! - Portal NPM","isPartOf":{"@id":"https:\/\/portalnpm.com\/#website"},"primaryImageOfPage":{"@id":"https:\/\/portalnpm.com\/index.php\/2019\/11\/19\/pesquisa-do-instituto-opiniao-mostra-empate-tecnico-para-prefeito-de-araripina-pe-veja-os-numeros\/#primaryimage"},"image":{"@id":"https:\/\/portalnpm.com\/index.php\/2019\/11\/19\/pesquisa-do-instituto-opiniao-mostra-empate-tecnico-para-prefeito-de-araripina-pe-veja-os-numeros\/#primaryimage"},"thumbnailUrl":"","datePublished":"2019-11-19T11:06:46+00:00","dateModified":"2019-11-19T11:06:46+00:00","author":{"@id":"https:\/\/portalnpm.com\/#\/schema\/person\/5c8006acdf71774cd4e7a5ab98482152"},"breadcrumb":{"@id":"https:\/\/portalnpm.com\/index.php\/2019\/11\/19\/pesquisa-do-instituto-opiniao-mostra-empate-tecnico-para-prefeito-de-araripina-pe-veja-os-numeros\/#breadcrumb"},"inLanguage":"pt-BR","potentialAction":[{"@type":"ReadAction","target":["https:\/\/portalnpm.com\/index.php\/2019\/11\/19\/pesquisa-do-instituto-opiniao-mostra-empate-tecnico-para-prefeito-de-araripina-pe-veja-os-numeros\/"]}]},{"@type":"ImageObject","inLanguage":"pt-BR","@id":"https:\/\/portalnpm.com\/index.php\/2019\/11\/19\/pesquisa-do-instituto-opiniao-mostra-empate-tecnico-para-prefeito-de-araripina-pe-veja-os-numeros\/#primaryimage","url":"","contentUrl":""},{"@type":"BreadcrumbList","@id":"https:\/\/portalnpm.com\/index.php\/2019\/11\/19\/pesquisa-do-instituto-opiniao-mostra-empate-tecnico-para-prefeito-de-araripina-pe-veja-os-numeros\/#breadcrumb","itemListElement":[{"@type":"ListItem","position":1,"name":"In\u00edcio","item":"https:\/\/portalnpm.com\/"},{"@type":"ListItem","position":2,"name":"Pesquisa do Instituto Opini\u00e3o mostra empate t\u00e9cnico para prefeito de Araripina &#8211; PE ; veja os n\u00fameros!"}]},{"@type":"WebSite","@id":"https:\/\/portalnpm.com\/#website","url":"https:\/\/portalnpm.com\/","name":"Portal NPM","description":"Not\u00edcias em Primeira M\u00e3o","potentialAction":[{"@type":"SearchAction","target":{"@type":"EntryPoint","urlTemplate":"https:\/\/portalnpm.com\/?s={search_term_string}"},"query-input":"required name=search_term_string"}],"inLanguage":"pt-BR"},{"@type":"Person","@id":"https:\/\/portalnpm.com\/#\/schema\/person\/5c8006acdf71774cd4e7a5ab98482152","name":"Luis Alberto","image":{"@type":"ImageObject","inLanguage":"pt-BR","@id":"https:\/\/portalnpm.com\/#\/schema\/person\/image\/","url":"https:\/\/portalnpm.com\/wp-content\/uploads\/2024\/12\/avatar_user_3_1734699769-96x96.jpeg","contentUrl":"https:\/\/portalnpm.com\/wp-content\/uploads\/2024\/12\/avatar_user_3_1734699769-96x96.jpeg","caption":"Luis Alberto"},"description":"Editor-geral do Portal NPM, \u00e9 formado como T\u00e9cnico em Seguran\u00e7a do Trabalho pela Escola Metropolitana de Cursos T\u00e9cnicos. Det\u00e9m ainda licenciatura em Educa\u00e7\u00e3o F\u00edsica e bacharelado em Ci\u00eancias Pol\u00edticas, ambos obtidos pela institui\u00e7\u00e3o Anhanguera\/UNOPAR.","url":"https:\/\/portalnpm.com\/index.php\/author\/pereira\/"}]}},"jetpack_sharing_enabled":true,"jetpack_featured_media_url":"","_links":{"self":[{"href":"https:\/\/portalnpm.com\/index.php\/wp-json\/wp\/v2\/posts\/14092"}],"collection":[{"href":"https:\/\/portalnpm.com\/index.php\/wp-json\/wp\/v2\/posts"}],"about":[{"href":"https:\/\/portalnpm.com\/index.php\/wp-json\/wp\/v2\/types\/post"}],"author":[{"embeddable":true,"href":"https:\/\/portalnpm.com\/index.php\/wp-json\/wp\/v2\/users\/3"}],"replies":[{"embeddable":true,"href":"https:\/\/portalnpm.com\/index.php\/wp-json\/wp\/v2\/comments?post=14092"}],"version-history":[{"count":0,"href":"https:\/\/portalnpm.com\/index.php\/wp-json\/wp\/v2\/posts\/14092\/revisions"}],"wp:featuredmedia":[{"embeddable":true,"href":"https:\/\/portalnpm.com\/index.php\/wp-json\/"}],"wp:attachment":[{"href":"https:\/\/portalnpm.com\/index.php\/wp-json\/wp\/v2\/media?parent=14092"}],"wp:term":[{"taxonomy":"category","embeddable":true,"href":"https:\/\/portalnpm.com\/index.php\/wp-json\/wp\/v2\/categories?post=14092"},{"taxonomy":"post_tag","embeddable":true,"href":"https:\/\/portalnpm.com\/index.php\/wp-json\/wp\/v2\/tags?post=14092"}],"curies":[{"name":"wp","href":"https:\/\/api.w.org\/{rel}","templated":true}]}}