{"id":14121,"date":"2019-11-21T16:09:32","date_gmt":"2019-11-21T19:09:32","guid":{"rendered":"http:\/\/srv.portalnpm.com.br\/?p=14121"},"modified":"2019-11-21T16:09:32","modified_gmt":"2019-11-21T19:09:32","slug":"em-alegrete-do-piaui-igreja-assembleia-de-deus-ministerio-madureira-dara-posse-seu-nove-pastor","status":"publish","type":"post","link":"https:\/\/portalnpm.com\/index.php\/2019\/11\/21\/em-alegrete-do-piaui-igreja-assembleia-de-deus-ministerio-madureira-dara-posse-seu-nove-pastor\/","title":{"rendered":"Em Alegrete do Piau\u00ed, Igreja Assembleia de Deus Minist\u00e9rio Madureira dar\u00e1 posse seu novo Pastor"},"content":{"rendered":"<p style=\"text-align: justify;\">Na noite desta quinta-feira, \u00e0s 19:30 horas, a Assembleia de Deus Minist\u00e9rio Madureira de Alegrete do Piau\u00ed dar\u00e1 a posse ao novo pastor dirigente. Trata-se do pastor C\u00edcero Adauto, que foi transferido da congrega\u00e7\u00e3o do povoado Mandacaru, onde estava a frente por um ano e tr\u00eas meses, onde realizou um grande trabalho.<\/p>\n<figure id=\"attachment_14124\" aria-describedby=\"caption-attachment-14124\" style=\"width: 720px\" class=\"wp-caption alignnone\"><img fetchpriority=\"high\" decoding=\"async\" class=\"size-full wp-image-14124\" src=\"http:\/\/portalnpm.com\/wp-content\/uploads\/2019\/11\/IMG-20191121-WA0196.jpg\" alt=\"\" width=\"720\" height=\"792\" \/><figcaption id=\"caption-attachment-14124\" class=\"wp-caption-text\">Pastor C\u00edcero Adauto e a sua esposa, a mission\u00e1ria irm\u00e3 Dineide<\/figcaption><\/figure>\n<p style=\"text-align: justify;\">O pastor C\u00edcero Adauto e a mission\u00e1ria Dineide ir\u00e3o substituir os antigos dirigentes: pastor Fredson Sousa e a mission\u00e1ria Maria Jos\u00e9, que estiveram a frente da Assembleia de Deus Minist\u00e9rio Madureira da cidade de Alegrete por quase seis anos.<\/p>\n<p>&nbsp;<\/p>\n<p><img decoding=\"async\" class=\"alignnone size-full wp-image-14123\" src=\"http:\/\/portalnpm.com\/wp-content\/uploads\/2019\/11\/IMG-20191121-WA0190.jpg\" alt=\"\" width=\"1040\" height=\"584\" \/><\/p>\n<p><a href=\"Em Alegrete do Piau\u00ed, Pastor Fredson Sousa se despede depois de quase seis anos \u261b http:\/\/portalnpm.com\/em-alegrete-do-piaui-pastor-fredson-sousa-se-despede-depois-de-quase-seis-anos\/\">Em Alegrete do Piau\u00ed, Pastor Fredson Sousa se despede depois de quase seis anos \u261b http:\/\/portalnpm.com\/em-alegrete-do-piaui-pastor-fredson-sousa-se-despede-depois-de-quase-seis-anos\/<\/a><\/p>\n","protected":false},"excerpt":{"rendered":"<p>Na noite desta quinta-feira, \u00e0s 19:30 horas, a Assembleia de Deus Minist\u00e9rio Madureira de Alegrete do Piau\u00ed dar\u00e1 a posse ao novo pastor dirigente. Trata-se do pastor C\u00edcero Adauto, que foi transferido da congrega\u00e7\u00e3o do povoado Mandacaru, onde estava a frente por um ano e tr\u00eas meses, onde realizou um grande trabalho. O pastor C\u00edcero &hellip;<\/p>\n","protected":false},"author":3,"featured_media":14122,"comment_status":"open","ping_status":"open","sticky":false,"template":"","format":"standard","meta":{"content-type":"","rop_custom_images_group":[],"rop_custom_messages_group":[],"rop_publish_now":"initial","rop_publish_now_accounts":{"facebook_2648258775420054_1618374048415101":""},"rop_publish_now_history":[],"rop_publish_now_status":"pending","footnotes":"","_jetpack_memberships_contains_paid_content":false},"categories":[110,113,109],"tags":[111,3580,1643],"yoast_head":"<!-- This site is optimized with the Yoast SEO plugin v22.3 - https:\/\/yoast.com\/wordpress\/plugins\/seo\/ -->\n<title>Em Alegrete do Piau\u00ed, Igreja Assembleia de Deus Minist\u00e9rio Madureira dar\u00e1 posse seu novo Pastor - Portal NPM<\/title>\n<meta name=\"robots\" content=\"index, follow, max-snippet:-1, max-image-preview:large, max-video-preview:-1\" \/>\n<link rel=\"canonical\" href=\"https:\/\/portalnpm.com\/index.php\/2019\/11\/21\/em-alegrete-do-piaui-igreja-assembleia-de-deus-ministerio-madureira-dara-posse-seu-nove-pastor\/\" \/>\n<meta property=\"og:locale\" content=\"pt_BR\" \/>\n<meta property=\"og:type\" content=\"article\" \/>\n<meta property=\"og:title\" content=\"Em Alegrete do Piau\u00ed, Igreja Assembleia de Deus Minist\u00e9rio Madureira dar\u00e1 posse seu novo Pastor - Portal NPM\" \/>\n<meta property=\"og:description\" content=\"Na noite desta quinta-feira, \u00e0s 19:30 horas, a Assembleia de Deus Minist\u00e9rio Madureira de Alegrete do Piau\u00ed dar\u00e1 a posse ao novo pastor dirigente. Trata-se do pastor C\u00edcero Adauto, que foi transferido da congrega\u00e7\u00e3o do povoado Mandacaru, onde estava a frente por um ano e tr\u00eas meses, onde realizou um grande trabalho. O pastor C\u00edcero &hellip;\" \/>\n<meta property=\"og:url\" content=\"https:\/\/portalnpm.com\/index.php\/2019\/11\/21\/em-alegrete-do-piaui-igreja-assembleia-de-deus-ministerio-madureira-dara-posse-seu-nove-pastor\/\" \/>\n<meta property=\"og:site_name\" content=\"Portal NPM\" \/>\n<meta property=\"article:published_time\" content=\"2019-11-21T19:09:32+00:00\" \/>\n<meta name=\"author\" content=\"Luis Alberto\" \/>\n<meta name=\"twitter:card\" content=\"summary_large_image\" \/>\n<meta name=\"twitter:label1\" content=\"Escrito por\" \/>\n\t<meta name=\"twitter:data1\" content=\"Luis Alberto\" \/>\n\t<meta name=\"twitter:label2\" content=\"Est. tempo de leitura\" \/>\n\t<meta name=\"twitter:data2\" content=\"1 minuto\" \/>\n<script type=\"application\/ld+json\" class=\"yoast-schema-graph\">{\"@context\":\"https:\/\/schema.org\",\"@graph\":[{\"@type\":\"WebPage\",\"@id\":\"https:\/\/portalnpm.com\/index.php\/2019\/11\/21\/em-alegrete-do-piaui-igreja-assembleia-de-deus-ministerio-madureira-dara-posse-seu-nove-pastor\/\",\"url\":\"https:\/\/portalnpm.com\/index.php\/2019\/11\/21\/em-alegrete-do-piaui-igreja-assembleia-de-deus-ministerio-madureira-dara-posse-seu-nove-pastor\/\",\"name\":\"Em Alegrete do Piau\u00ed, Igreja Assembleia de Deus Minist\u00e9rio Madureira dar\u00e1 posse seu novo Pastor - Portal NPM\",\"isPartOf\":{\"@id\":\"https:\/\/portalnpm.com\/#website\"},\"primaryImageOfPage\":{\"@id\":\"https:\/\/portalnpm.com\/index.php\/2019\/11\/21\/em-alegrete-do-piaui-igreja-assembleia-de-deus-ministerio-madureira-dara-posse-seu-nove-pastor\/#primaryimage\"},\"image\":{\"@id\":\"https:\/\/portalnpm.com\/index.php\/2019\/11\/21\/em-alegrete-do-piaui-igreja-assembleia-de-deus-ministerio-madureira-dara-posse-seu-nove-pastor\/#primaryimage\"},\"thumbnailUrl\":\"\",\"datePublished\":\"2019-11-21T19:09:32+00:00\",\"dateModified\":\"2019-11-21T19:09:32+00:00\",\"author\":{\"@id\":\"https:\/\/portalnpm.com\/#\/schema\/person\/5c8006acdf71774cd4e7a5ab98482152\"},\"breadcrumb\":{\"@id\":\"https:\/\/portalnpm.com\/index.php\/2019\/11\/21\/em-alegrete-do-piaui-igreja-assembleia-de-deus-ministerio-madureira-dara-posse-seu-nove-pastor\/#breadcrumb\"},\"inLanguage\":\"pt-BR\",\"potentialAction\":[{\"@type\":\"ReadAction\",\"target\":[\"https:\/\/portalnpm.com\/index.php\/2019\/11\/21\/em-alegrete-do-piaui-igreja-assembleia-de-deus-ministerio-madureira-dara-posse-seu-nove-pastor\/\"]}]},{\"@type\":\"ImageObject\",\"inLanguage\":\"pt-BR\",\"@id\":\"https:\/\/portalnpm.com\/index.php\/2019\/11\/21\/em-alegrete-do-piaui-igreja-assembleia-de-deus-ministerio-madureira-dara-posse-seu-nove-pastor\/#primaryimage\",\"url\":\"\",\"contentUrl\":\"\"},{\"@type\":\"BreadcrumbList\",\"@id\":\"https:\/\/portalnpm.com\/index.php\/2019\/11\/21\/em-alegrete-do-piaui-igreja-assembleia-de-deus-ministerio-madureira-dara-posse-seu-nove-pastor\/#breadcrumb\",\"itemListElement\":[{\"@type\":\"ListItem\",\"position\":1,\"name\":\"In\u00edcio\",\"item\":\"https:\/\/portalnpm.com\/\"},{\"@type\":\"ListItem\",\"position\":2,\"name\":\"Em Alegrete do Piau\u00ed, Igreja Assembleia de Deus Minist\u00e9rio Madureira dar\u00e1 posse seu novo Pastor\"}]},{\"@type\":\"WebSite\",\"@id\":\"https:\/\/portalnpm.com\/#website\",\"url\":\"https:\/\/portalnpm.com\/\",\"name\":\"Portal NPM\",\"description\":\"Not\u00edcias em Primeira M\u00e3o\",\"potentialAction\":[{\"@type\":\"SearchAction\",\"target\":{\"@type\":\"EntryPoint\",\"urlTemplate\":\"https:\/\/portalnpm.com\/?s={search_term_string}\"},\"query-input\":\"required name=search_term_string\"}],\"inLanguage\":\"pt-BR\"},{\"@type\":\"Person\",\"@id\":\"https:\/\/portalnpm.com\/#\/schema\/person\/5c8006acdf71774cd4e7a5ab98482152\",\"name\":\"Luis Alberto\",\"image\":{\"@type\":\"ImageObject\",\"inLanguage\":\"pt-BR\",\"@id\":\"https:\/\/portalnpm.com\/#\/schema\/person\/image\/\",\"url\":\"https:\/\/portalnpm.com\/wp-content\/uploads\/2024\/12\/avatar_user_3_1734699769-96x96.jpeg\",\"contentUrl\":\"https:\/\/portalnpm.com\/wp-content\/uploads\/2024\/12\/avatar_user_3_1734699769-96x96.jpeg\",\"caption\":\"Luis Alberto\"},\"description\":\"Editor-geral do Portal NPM, \u00e9 formado como T\u00e9cnico em Seguran\u00e7a do Trabalho pela Escola Metropolitana de Cursos T\u00e9cnicos. Det\u00e9m ainda licenciatura em Educa\u00e7\u00e3o F\u00edsica e bacharelado em Ci\u00eancias Pol\u00edticas, ambos obtidos pela institui\u00e7\u00e3o Anhanguera\/UNOPAR.\",\"url\":\"https:\/\/portalnpm.com\/index.php\/author\/pereira\/\"}]}<\/script>\n<!-- \/ Yoast SEO plugin. -->","yoast_head_json":{"title":"Em Alegrete do Piau\u00ed, Igreja Assembleia de Deus Minist\u00e9rio Madureira dar\u00e1 posse seu novo Pastor - Portal NPM","robots":{"index":"index","follow":"follow","max-snippet":"max-snippet:-1","max-image-preview":"max-image-preview:large","max-video-preview":"max-video-preview:-1"},"canonical":"https:\/\/portalnpm.com\/index.php\/2019\/11\/21\/em-alegrete-do-piaui-igreja-assembleia-de-deus-ministerio-madureira-dara-posse-seu-nove-pastor\/","og_locale":"pt_BR","og_type":"article","og_title":"Em Alegrete do Piau\u00ed, Igreja Assembleia de Deus Minist\u00e9rio Madureira dar\u00e1 posse seu novo Pastor - Portal NPM","og_description":"Na noite desta quinta-feira, \u00e0s 19:30 horas, a Assembleia de Deus Minist\u00e9rio Madureira de Alegrete do Piau\u00ed dar\u00e1 a posse ao novo pastor dirigente. Trata-se do pastor C\u00edcero Adauto, que foi transferido da congrega\u00e7\u00e3o do povoado Mandacaru, onde estava a frente por um ano e tr\u00eas meses, onde realizou um grande trabalho. O pastor C\u00edcero &hellip;","og_url":"https:\/\/portalnpm.com\/index.php\/2019\/11\/21\/em-alegrete-do-piaui-igreja-assembleia-de-deus-ministerio-madureira-dara-posse-seu-nove-pastor\/","og_site_name":"Portal NPM","article_published_time":"2019-11-21T19:09:32+00:00","author":"Luis Alberto","twitter_card":"summary_large_image","twitter_misc":{"Escrito por":"Luis Alberto","Est. tempo de leitura":"1 minuto"},"schema":{"@context":"https:\/\/schema.org","@graph":[{"@type":"WebPage","@id":"https:\/\/portalnpm.com\/index.php\/2019\/11\/21\/em-alegrete-do-piaui-igreja-assembleia-de-deus-ministerio-madureira-dara-posse-seu-nove-pastor\/","url":"https:\/\/portalnpm.com\/index.php\/2019\/11\/21\/em-alegrete-do-piaui-igreja-assembleia-de-deus-ministerio-madureira-dara-posse-seu-nove-pastor\/","name":"Em Alegrete do Piau\u00ed, Igreja Assembleia de Deus Minist\u00e9rio Madureira dar\u00e1 posse seu novo Pastor - Portal NPM","isPartOf":{"@id":"https:\/\/portalnpm.com\/#website"},"primaryImageOfPage":{"@id":"https:\/\/portalnpm.com\/index.php\/2019\/11\/21\/em-alegrete-do-piaui-igreja-assembleia-de-deus-ministerio-madureira-dara-posse-seu-nove-pastor\/#primaryimage"},"image":{"@id":"https:\/\/portalnpm.com\/index.php\/2019\/11\/21\/em-alegrete-do-piaui-igreja-assembleia-de-deus-ministerio-madureira-dara-posse-seu-nove-pastor\/#primaryimage"},"thumbnailUrl":"","datePublished":"2019-11-21T19:09:32+00:00","dateModified":"2019-11-21T19:09:32+00:00","author":{"@id":"https:\/\/portalnpm.com\/#\/schema\/person\/5c8006acdf71774cd4e7a5ab98482152"},"breadcrumb":{"@id":"https:\/\/portalnpm.com\/index.php\/2019\/11\/21\/em-alegrete-do-piaui-igreja-assembleia-de-deus-ministerio-madureira-dara-posse-seu-nove-pastor\/#breadcrumb"},"inLanguage":"pt-BR","potentialAction":[{"@type":"ReadAction","target":["https:\/\/portalnpm.com\/index.php\/2019\/11\/21\/em-alegrete-do-piaui-igreja-assembleia-de-deus-ministerio-madureira-dara-posse-seu-nove-pastor\/"]}]},{"@type":"ImageObject","inLanguage":"pt-BR","@id":"https:\/\/portalnpm.com\/index.php\/2019\/11\/21\/em-alegrete-do-piaui-igreja-assembleia-de-deus-ministerio-madureira-dara-posse-seu-nove-pastor\/#primaryimage","url":"","contentUrl":""},{"@type":"BreadcrumbList","@id":"https:\/\/portalnpm.com\/index.php\/2019\/11\/21\/em-alegrete-do-piaui-igreja-assembleia-de-deus-ministerio-madureira-dara-posse-seu-nove-pastor\/#breadcrumb","itemListElement":[{"@type":"ListItem","position":1,"name":"In\u00edcio","item":"https:\/\/portalnpm.com\/"},{"@type":"ListItem","position":2,"name":"Em Alegrete do Piau\u00ed, Igreja Assembleia de Deus Minist\u00e9rio Madureira dar\u00e1 posse seu novo Pastor"}]},{"@type":"WebSite","@id":"https:\/\/portalnpm.com\/#website","url":"https:\/\/portalnpm.com\/","name":"Portal NPM","description":"Not\u00edcias em Primeira M\u00e3o","potentialAction":[{"@type":"SearchAction","target":{"@type":"EntryPoint","urlTemplate":"https:\/\/portalnpm.com\/?s={search_term_string}"},"query-input":"required name=search_term_string"}],"inLanguage":"pt-BR"},{"@type":"Person","@id":"https:\/\/portalnpm.com\/#\/schema\/person\/5c8006acdf71774cd4e7a5ab98482152","name":"Luis Alberto","image":{"@type":"ImageObject","inLanguage":"pt-BR","@id":"https:\/\/portalnpm.com\/#\/schema\/person\/image\/","url":"https:\/\/portalnpm.com\/wp-content\/uploads\/2024\/12\/avatar_user_3_1734699769-96x96.jpeg","contentUrl":"https:\/\/portalnpm.com\/wp-content\/uploads\/2024\/12\/avatar_user_3_1734699769-96x96.jpeg","caption":"Luis Alberto"},"description":"Editor-geral do Portal NPM, \u00e9 formado como T\u00e9cnico em Seguran\u00e7a do Trabalho pela Escola Metropolitana de Cursos T\u00e9cnicos. Det\u00e9m ainda licenciatura em Educa\u00e7\u00e3o F\u00edsica e bacharelado em Ci\u00eancias Pol\u00edticas, ambos obtidos pela institui\u00e7\u00e3o Anhanguera\/UNOPAR.","url":"https:\/\/portalnpm.com\/index.php\/author\/pereira\/"}]}},"jetpack_sharing_enabled":true,"jetpack_featured_media_url":"","_links":{"self":[{"href":"https:\/\/portalnpm.com\/index.php\/wp-json\/wp\/v2\/posts\/14121"}],"collection":[{"href":"https:\/\/portalnpm.com\/index.php\/wp-json\/wp\/v2\/posts"}],"about":[{"href":"https:\/\/portalnpm.com\/index.php\/wp-json\/wp\/v2\/types\/post"}],"author":[{"embeddable":true,"href":"https:\/\/portalnpm.com\/index.php\/wp-json\/wp\/v2\/users\/3"}],"replies":[{"embeddable":true,"href":"https:\/\/portalnpm.com\/index.php\/wp-json\/wp\/v2\/comments?post=14121"}],"version-history":[{"count":0,"href":"https:\/\/portalnpm.com\/index.php\/wp-json\/wp\/v2\/posts\/14121\/revisions"}],"wp:featuredmedia":[{"embeddable":true,"href":"https:\/\/portalnpm.com\/index.php\/wp-json\/"}],"wp:attachment":[{"href":"https:\/\/portalnpm.com\/index.php\/wp-json\/wp\/v2\/media?parent=14121"}],"wp:term":[{"taxonomy":"category","embeddable":true,"href":"https:\/\/portalnpm.com\/index.php\/wp-json\/wp\/v2\/categories?post=14121"},{"taxonomy":"post_tag","embeddable":true,"href":"https:\/\/portalnpm.com\/index.php\/wp-json\/wp\/v2\/tags?post=14121"}],"curies":[{"name":"wp","href":"https:\/\/api.w.org\/{rel}","templated":true}]}}