{"id":14158,"date":"2019-11-22T23:53:31","date_gmt":"2019-11-23T02:53:31","guid":{"rendered":"http:\/\/srv.portalnpm.com.br\/?p=14158"},"modified":"2019-11-22T23:53:31","modified_gmt":"2019-11-23T02:53:31","slug":"alegrete-do-piaui-promotor-abre-inquerito-para-investigar-prefeito-marcio-alencar","status":"publish","type":"post","link":"https:\/\/portalnpm.com\/index.php\/2019\/11\/22\/alegrete-do-piaui-promotor-abre-inquerito-para-investigar-prefeito-marcio-alencar\/","title":{"rendered":"Alegrete do Piau\u00ed | Promotor abre inqu\u00e9rito para investigar prefeito M\u00e1rcio Alencar"},"content":{"rendered":"<p>O procedimento foi instaurado pelo promotor Eduardo Pal\u00e1cio Rocha em face da prefeitura de Alegrete.<\/p>\n<p style=\"text-align: justify;\">O Minist\u00e9rio P\u00fablico do atrav\u00e9s do promotor Eduardo Pal\u00e1cio Rocha, instaurou um inqu\u00e9rito civil, para apurar suposta irregularidade na contrata\u00e7\u00e3o tempor\u00e1ria de 13 professores para a rede p\u00fablica de ensino do munic\u00edpio de Alegrete. A cidade \u00e9 administrada pelo prefeito M\u00e1rcio Alencar.<\/p>\n<p style=\"text-align: justify;\">De acordo com a portaria n.\u00ba 48\/2019, divulgada no Di\u00e1rio Oficial, o MPPI considerou que o munic\u00edpio de Alegrete realizou contrata\u00e7\u00f5es tempor\u00e1rias dos professores para a rede p\u00fablica de ensino, por\u00e9m o per\u00edodo no qual estes devem ministrar aulas compreende o come\u00e7o de mar\u00e7o, finalizando no dia 10 de julho do corrente ano.<\/p>\n<p style=\"text-align: justify;\">O \u00f3rg\u00e3o ministerial considerou ainda que cada ente p\u00fablico necessita de uma lei autorizando a contrata\u00e7\u00e3o tempor\u00e1ria, visto que a contrata\u00e7\u00e3o tempor\u00e1ria necessita, previamente, mesmo que possua lei autorizativa, da publica\u00e7\u00e3o de um ato administrativo pr\u00e9vio, justificando, em raz\u00e3o da vincula\u00e7\u00e3o \u00e0 Teoria dos Motivos Determinantes.<\/p>\n<p style=\"text-align: justify;\">\u201cExpede-se notifica\u00e7\u00e3o do Munic\u00edpio de Alegrete &#8211; PI para que, no prazo de 10 &#8211; dez &#8211; dias \u00fateis, informe sobre a exist\u00eancia, ou n\u00e3o, de Lei Municipal que autorize as contrata\u00e7\u00f5es tempor\u00e1rias e notifica\u00e7\u00e3o ao munic\u00edpio\u00a0para que no prazo de 10-dez- dias uteis informe a conta banc\u00e1ria e a ag\u00eancia de todos os 13 professores contratados temporariamente\u201d, determinou o representante do Minist\u00e9rio P\u00fablico.<\/p>\n<p style=\"text-align: justify;\"><strong>Outro lado\u00a0<\/strong><\/p>\n<p style=\"text-align: justify;\">O\u00a0<strong>Viagora<\/strong>\u00a0procurou o prefeito sobre o assunto, mas at\u00e9 o fechamento da mat\u00e9ria o gestor n\u00e3o foi localizado. O espa\u00e7o permance aberto para esclarecimentos.<\/p>\n<p style=\"text-align: justify;\"><strong>FONTE: Portal Viagora<\/strong><\/p>\n","protected":false},"excerpt":{"rendered":"<p>O procedimento foi instaurado pelo promotor Eduardo Pal\u00e1cio Rocha em face da prefeitura de Alegrete. O Minist\u00e9rio P\u00fablico do atrav\u00e9s do promotor Eduardo Pal\u00e1cio Rocha, instaurou um inqu\u00e9rito civil, para apurar suposta irregularidade na contrata\u00e7\u00e3o tempor\u00e1ria de 13 professores para a rede p\u00fablica de ensino do munic\u00edpio de Alegrete. A cidade \u00e9 administrada pelo prefeito &hellip;<\/p>\n","protected":false},"author":3,"featured_media":14159,"comment_status":"open","ping_status":"open","sticky":false,"template":"","format":"standard","meta":{"content-type":"","rop_custom_images_group":[],"rop_custom_messages_group":[],"rop_publish_now":"initial","rop_publish_now_accounts":{"facebook_2648258775420054_1618374048415101":""},"rop_publish_now_history":[],"rop_publish_now_status":"pending","footnotes":"","_jetpack_memberships_contains_paid_content":false},"categories":[110,109],"tags":[196,2296,135,3590],"yoast_head":"<!-- This site is optimized with the Yoast SEO plugin v22.3 - https:\/\/yoast.com\/wordpress\/plugins\/seo\/ -->\n<title>Alegrete do Piau\u00ed | Promotor abre inqu\u00e9rito para investigar prefeito M\u00e1rcio Alencar - Portal NPM<\/title>\n<meta name=\"robots\" content=\"index, follow, max-snippet:-1, max-image-preview:large, max-video-preview:-1\" \/>\n<link rel=\"canonical\" href=\"https:\/\/portalnpm.com\/index.php\/2019\/11\/22\/alegrete-do-piaui-promotor-abre-inquerito-para-investigar-prefeito-marcio-alencar\/\" \/>\n<meta property=\"og:locale\" content=\"pt_BR\" \/>\n<meta property=\"og:type\" content=\"article\" \/>\n<meta property=\"og:title\" content=\"Alegrete do Piau\u00ed | Promotor abre inqu\u00e9rito para investigar prefeito M\u00e1rcio Alencar - Portal NPM\" \/>\n<meta property=\"og:description\" content=\"O procedimento foi instaurado pelo promotor Eduardo Pal\u00e1cio Rocha em face da prefeitura de Alegrete. O Minist\u00e9rio P\u00fablico do atrav\u00e9s do promotor Eduardo Pal\u00e1cio Rocha, instaurou um inqu\u00e9rito civil, para apurar suposta irregularidade na contrata\u00e7\u00e3o tempor\u00e1ria de 13 professores para a rede p\u00fablica de ensino do munic\u00edpio de Alegrete. A cidade \u00e9 administrada pelo prefeito &hellip;\" \/>\n<meta property=\"og:url\" content=\"https:\/\/portalnpm.com\/index.php\/2019\/11\/22\/alegrete-do-piaui-promotor-abre-inquerito-para-investigar-prefeito-marcio-alencar\/\" \/>\n<meta property=\"og:site_name\" content=\"Portal NPM\" \/>\n<meta property=\"article:published_time\" content=\"2019-11-23T02:53:31+00:00\" \/>\n<meta name=\"author\" content=\"Luis Alberto\" \/>\n<meta name=\"twitter:card\" content=\"summary_large_image\" \/>\n<meta name=\"twitter:label1\" content=\"Escrito por\" \/>\n\t<meta name=\"twitter:data1\" content=\"Luis Alberto\" \/>\n\t<meta name=\"twitter:label2\" content=\"Est. tempo de leitura\" \/>\n\t<meta name=\"twitter:data2\" content=\"1 minuto\" \/>\n<script type=\"application\/ld+json\" class=\"yoast-schema-graph\">{\"@context\":\"https:\/\/schema.org\",\"@graph\":[{\"@type\":\"WebPage\",\"@id\":\"https:\/\/portalnpm.com\/index.php\/2019\/11\/22\/alegrete-do-piaui-promotor-abre-inquerito-para-investigar-prefeito-marcio-alencar\/\",\"url\":\"https:\/\/portalnpm.com\/index.php\/2019\/11\/22\/alegrete-do-piaui-promotor-abre-inquerito-para-investigar-prefeito-marcio-alencar\/\",\"name\":\"Alegrete do Piau\u00ed | Promotor abre inqu\u00e9rito para investigar prefeito M\u00e1rcio Alencar - Portal NPM\",\"isPartOf\":{\"@id\":\"https:\/\/portalnpm.com\/#website\"},\"primaryImageOfPage\":{\"@id\":\"https:\/\/portalnpm.com\/index.php\/2019\/11\/22\/alegrete-do-piaui-promotor-abre-inquerito-para-investigar-prefeito-marcio-alencar\/#primaryimage\"},\"image\":{\"@id\":\"https:\/\/portalnpm.com\/index.php\/2019\/11\/22\/alegrete-do-piaui-promotor-abre-inquerito-para-investigar-prefeito-marcio-alencar\/#primaryimage\"},\"thumbnailUrl\":\"\",\"datePublished\":\"2019-11-23T02:53:31+00:00\",\"dateModified\":\"2019-11-23T02:53:31+00:00\",\"author\":{\"@id\":\"https:\/\/portalnpm.com\/#\/schema\/person\/5c8006acdf71774cd4e7a5ab98482152\"},\"breadcrumb\":{\"@id\":\"https:\/\/portalnpm.com\/index.php\/2019\/11\/22\/alegrete-do-piaui-promotor-abre-inquerito-para-investigar-prefeito-marcio-alencar\/#breadcrumb\"},\"inLanguage\":\"pt-BR\",\"potentialAction\":[{\"@type\":\"ReadAction\",\"target\":[\"https:\/\/portalnpm.com\/index.php\/2019\/11\/22\/alegrete-do-piaui-promotor-abre-inquerito-para-investigar-prefeito-marcio-alencar\/\"]}]},{\"@type\":\"ImageObject\",\"inLanguage\":\"pt-BR\",\"@id\":\"https:\/\/portalnpm.com\/index.php\/2019\/11\/22\/alegrete-do-piaui-promotor-abre-inquerito-para-investigar-prefeito-marcio-alencar\/#primaryimage\",\"url\":\"\",\"contentUrl\":\"\"},{\"@type\":\"BreadcrumbList\",\"@id\":\"https:\/\/portalnpm.com\/index.php\/2019\/11\/22\/alegrete-do-piaui-promotor-abre-inquerito-para-investigar-prefeito-marcio-alencar\/#breadcrumb\",\"itemListElement\":[{\"@type\":\"ListItem\",\"position\":1,\"name\":\"In\u00edcio\",\"item\":\"https:\/\/portalnpm.com\/\"},{\"@type\":\"ListItem\",\"position\":2,\"name\":\"Alegrete do Piau\u00ed | Promotor abre inqu\u00e9rito para investigar prefeito M\u00e1rcio Alencar\"}]},{\"@type\":\"WebSite\",\"@id\":\"https:\/\/portalnpm.com\/#website\",\"url\":\"https:\/\/portalnpm.com\/\",\"name\":\"Portal NPM\",\"description\":\"Not\u00edcias em Primeira M\u00e3o\",\"potentialAction\":[{\"@type\":\"SearchAction\",\"target\":{\"@type\":\"EntryPoint\",\"urlTemplate\":\"https:\/\/portalnpm.com\/?s={search_term_string}\"},\"query-input\":\"required name=search_term_string\"}],\"inLanguage\":\"pt-BR\"},{\"@type\":\"Person\",\"@id\":\"https:\/\/portalnpm.com\/#\/schema\/person\/5c8006acdf71774cd4e7a5ab98482152\",\"name\":\"Luis Alberto\",\"image\":{\"@type\":\"ImageObject\",\"inLanguage\":\"pt-BR\",\"@id\":\"https:\/\/portalnpm.com\/#\/schema\/person\/image\/\",\"url\":\"https:\/\/portalnpm.com\/wp-content\/uploads\/2024\/12\/avatar_user_3_1734699769-96x96.jpeg\",\"contentUrl\":\"https:\/\/portalnpm.com\/wp-content\/uploads\/2024\/12\/avatar_user_3_1734699769-96x96.jpeg\",\"caption\":\"Luis Alberto\"},\"description\":\"Editor-geral do Portal NPM, \u00e9 formado como T\u00e9cnico em Seguran\u00e7a do Trabalho pela Escola Metropolitana de Cursos T\u00e9cnicos. Det\u00e9m ainda licenciatura em Educa\u00e7\u00e3o F\u00edsica e bacharelado em Ci\u00eancias Pol\u00edticas, ambos obtidos pela institui\u00e7\u00e3o Anhanguera\/UNOPAR.\",\"url\":\"https:\/\/portalnpm.com\/index.php\/author\/pereira\/\"}]}<\/script>\n<!-- \/ Yoast SEO plugin. -->","yoast_head_json":{"title":"Alegrete do Piau\u00ed | Promotor abre inqu\u00e9rito para investigar prefeito M\u00e1rcio Alencar - Portal NPM","robots":{"index":"index","follow":"follow","max-snippet":"max-snippet:-1","max-image-preview":"max-image-preview:large","max-video-preview":"max-video-preview:-1"},"canonical":"https:\/\/portalnpm.com\/index.php\/2019\/11\/22\/alegrete-do-piaui-promotor-abre-inquerito-para-investigar-prefeito-marcio-alencar\/","og_locale":"pt_BR","og_type":"article","og_title":"Alegrete do Piau\u00ed | Promotor abre inqu\u00e9rito para investigar prefeito M\u00e1rcio Alencar - Portal NPM","og_description":"O procedimento foi instaurado pelo promotor Eduardo Pal\u00e1cio Rocha em face da prefeitura de Alegrete. O Minist\u00e9rio P\u00fablico do atrav\u00e9s do promotor Eduardo Pal\u00e1cio Rocha, instaurou um inqu\u00e9rito civil, para apurar suposta irregularidade na contrata\u00e7\u00e3o tempor\u00e1ria de 13 professores para a rede p\u00fablica de ensino do munic\u00edpio de Alegrete. A cidade \u00e9 administrada pelo prefeito &hellip;","og_url":"https:\/\/portalnpm.com\/index.php\/2019\/11\/22\/alegrete-do-piaui-promotor-abre-inquerito-para-investigar-prefeito-marcio-alencar\/","og_site_name":"Portal NPM","article_published_time":"2019-11-23T02:53:31+00:00","author":"Luis Alberto","twitter_card":"summary_large_image","twitter_misc":{"Escrito por":"Luis Alberto","Est. tempo de leitura":"1 minuto"},"schema":{"@context":"https:\/\/schema.org","@graph":[{"@type":"WebPage","@id":"https:\/\/portalnpm.com\/index.php\/2019\/11\/22\/alegrete-do-piaui-promotor-abre-inquerito-para-investigar-prefeito-marcio-alencar\/","url":"https:\/\/portalnpm.com\/index.php\/2019\/11\/22\/alegrete-do-piaui-promotor-abre-inquerito-para-investigar-prefeito-marcio-alencar\/","name":"Alegrete do Piau\u00ed | Promotor abre inqu\u00e9rito para investigar prefeito M\u00e1rcio Alencar - Portal NPM","isPartOf":{"@id":"https:\/\/portalnpm.com\/#website"},"primaryImageOfPage":{"@id":"https:\/\/portalnpm.com\/index.php\/2019\/11\/22\/alegrete-do-piaui-promotor-abre-inquerito-para-investigar-prefeito-marcio-alencar\/#primaryimage"},"image":{"@id":"https:\/\/portalnpm.com\/index.php\/2019\/11\/22\/alegrete-do-piaui-promotor-abre-inquerito-para-investigar-prefeito-marcio-alencar\/#primaryimage"},"thumbnailUrl":"","datePublished":"2019-11-23T02:53:31+00:00","dateModified":"2019-11-23T02:53:31+00:00","author":{"@id":"https:\/\/portalnpm.com\/#\/schema\/person\/5c8006acdf71774cd4e7a5ab98482152"},"breadcrumb":{"@id":"https:\/\/portalnpm.com\/index.php\/2019\/11\/22\/alegrete-do-piaui-promotor-abre-inquerito-para-investigar-prefeito-marcio-alencar\/#breadcrumb"},"inLanguage":"pt-BR","potentialAction":[{"@type":"ReadAction","target":["https:\/\/portalnpm.com\/index.php\/2019\/11\/22\/alegrete-do-piaui-promotor-abre-inquerito-para-investigar-prefeito-marcio-alencar\/"]}]},{"@type":"ImageObject","inLanguage":"pt-BR","@id":"https:\/\/portalnpm.com\/index.php\/2019\/11\/22\/alegrete-do-piaui-promotor-abre-inquerito-para-investigar-prefeito-marcio-alencar\/#primaryimage","url":"","contentUrl":""},{"@type":"BreadcrumbList","@id":"https:\/\/portalnpm.com\/index.php\/2019\/11\/22\/alegrete-do-piaui-promotor-abre-inquerito-para-investigar-prefeito-marcio-alencar\/#breadcrumb","itemListElement":[{"@type":"ListItem","position":1,"name":"In\u00edcio","item":"https:\/\/portalnpm.com\/"},{"@type":"ListItem","position":2,"name":"Alegrete do Piau\u00ed | Promotor abre inqu\u00e9rito para investigar prefeito M\u00e1rcio Alencar"}]},{"@type":"WebSite","@id":"https:\/\/portalnpm.com\/#website","url":"https:\/\/portalnpm.com\/","name":"Portal NPM","description":"Not\u00edcias em Primeira M\u00e3o","potentialAction":[{"@type":"SearchAction","target":{"@type":"EntryPoint","urlTemplate":"https:\/\/portalnpm.com\/?s={search_term_string}"},"query-input":"required name=search_term_string"}],"inLanguage":"pt-BR"},{"@type":"Person","@id":"https:\/\/portalnpm.com\/#\/schema\/person\/5c8006acdf71774cd4e7a5ab98482152","name":"Luis Alberto","image":{"@type":"ImageObject","inLanguage":"pt-BR","@id":"https:\/\/portalnpm.com\/#\/schema\/person\/image\/","url":"https:\/\/portalnpm.com\/wp-content\/uploads\/2024\/12\/avatar_user_3_1734699769-96x96.jpeg","contentUrl":"https:\/\/portalnpm.com\/wp-content\/uploads\/2024\/12\/avatar_user_3_1734699769-96x96.jpeg","caption":"Luis Alberto"},"description":"Editor-geral do Portal NPM, \u00e9 formado como T\u00e9cnico em Seguran\u00e7a do Trabalho pela Escola Metropolitana de Cursos T\u00e9cnicos. Det\u00e9m ainda licenciatura em Educa\u00e7\u00e3o F\u00edsica e bacharelado em Ci\u00eancias Pol\u00edticas, ambos obtidos pela institui\u00e7\u00e3o Anhanguera\/UNOPAR.","url":"https:\/\/portalnpm.com\/index.php\/author\/pereira\/"}]}},"jetpack_sharing_enabled":true,"jetpack_featured_media_url":"","_links":{"self":[{"href":"https:\/\/portalnpm.com\/index.php\/wp-json\/wp\/v2\/posts\/14158"}],"collection":[{"href":"https:\/\/portalnpm.com\/index.php\/wp-json\/wp\/v2\/posts"}],"about":[{"href":"https:\/\/portalnpm.com\/index.php\/wp-json\/wp\/v2\/types\/post"}],"author":[{"embeddable":true,"href":"https:\/\/portalnpm.com\/index.php\/wp-json\/wp\/v2\/users\/3"}],"replies":[{"embeddable":true,"href":"https:\/\/portalnpm.com\/index.php\/wp-json\/wp\/v2\/comments?post=14158"}],"version-history":[{"count":0,"href":"https:\/\/portalnpm.com\/index.php\/wp-json\/wp\/v2\/posts\/14158\/revisions"}],"wp:featuredmedia":[{"embeddable":true,"href":"https:\/\/portalnpm.com\/index.php\/wp-json\/"}],"wp:attachment":[{"href":"https:\/\/portalnpm.com\/index.php\/wp-json\/wp\/v2\/media?parent=14158"}],"wp:term":[{"taxonomy":"category","embeddable":true,"href":"https:\/\/portalnpm.com\/index.php\/wp-json\/wp\/v2\/categories?post=14158"},{"taxonomy":"post_tag","embeddable":true,"href":"https:\/\/portalnpm.com\/index.php\/wp-json\/wp\/v2\/tags?post=14158"}],"curies":[{"name":"wp","href":"https:\/\/api.w.org\/{rel}","templated":true}]}}