{"id":14246,"date":"2019-12-02T17:42:44","date_gmt":"2019-12-02T20:42:44","guid":{"rendered":"http:\/\/srv.portalnpm.com.br\/?p=14246"},"modified":"2019-12-02T17:42:44","modified_gmt":"2019-12-02T20:42:44","slug":"pai-e-filha-morrem-apos-veiculo-capotar-no-norte-do-piaui","status":"publish","type":"post","link":"https:\/\/portalnpm.com\/index.php\/2019\/12\/02\/pai-e-filha-morrem-apos-veiculo-capotar-no-norte-do-piaui\/","title":{"rendered":"Pai e filha morrem ap\u00f3s ve\u00edculo capotar no Norte do Piau\u00ed"},"content":{"rendered":"<p style=\"text-align: justify;\">Na tarde de domingo (01\/12), um grave acidente resultou na morte de um homem identificado como Manoel Machado da Silva Filho, de 61 anos e da sua filha, Francisca Machado Silva, de 28 anos, deixando ainda outras tr\u00eas pessoas da mesma fam\u00edlia feridas, pr\u00f3ximo ao \u00a0povoado Olho D\u2019\u00e1gua de Fora, zona rural de Cara\u00fabas do Piau\u00ed, munic\u00edpio da regi\u00e3o norte do\u00a0<span id=\"IL_AD1\" class=\"IL_AD\">Estado<\/span>.<\/p>\n<p>&nbsp;<\/p>\n<p style=\"text-align: justify;\">Segundo testemunhas, o veiculo Fiat Uno Way, ano\/modelo 2012, de cor preta trafegava em uma estrada vicinal que interliga a localidade Ros\u00e1rio, na zona rural de Cara\u00fabas, a vizinha cidade de S\u00e3o Jos\u00e9 do Divino, onde as vitimas s\u00e3o residentes.<\/p>\n<p><img fetchpriority=\"high\" decoding=\"async\" class=\"aligncenter size-full wp-image-14247\" src=\"http:\/\/portalnpm.com\/wp-content\/uploads\/2019\/12\/20191202_173745.jpg\" alt=\"\" width=\"634\" height=\"512\" \/><\/p>\n<p style=\"text-align: justify;\">Por motivos ainda desconhecidos, a pessoa que conduzia o ve\u00edculo perdeu o controle da dire\u00e7\u00e3o e o carro capotou v\u00e1rias vezes, vindo a parar ap\u00f3s bater contra uma cerca de madeira.<\/p>\n<p style=\"text-align: justify;\">Acredita-se que as vitimas fatais ocupavam os bancos da frente n\u00e3o fazendo o uso do cinto de seguran\u00e7a e no acidente acabaram sendo lan\u00e7adas violentamente para fora do veiculo.<\/p>\n<p style=\"text-align: justify;\">Os feridos tratam-se da esposa de Manoel Machado; o marido de Francisca Machado e a filha deles, uma menina de nove anos. A senhora, o genro e a neta ficaram bastante machucados com suspeita de fraturas, na qual foram socorridos por populares e encaminhados ao Hospital da cidade de S\u00e3o Jos\u00e9 do Divino, e na sequ\u00eancia transferidos para o Hospital Estadual Dirceu Arcoverde (Heda) em Parna\u00edba.<\/p>\n<p style=\"text-align: justify;\">A Pol\u00edcia Militar atendeu a ocorr\u00eancia e acionou as equipes do Instituto M\u00e9dico Legal (IML) e da Per\u00edcia Criminal, que ap\u00f3s a realiza\u00e7\u00e3o dos trabalhos de praxe removeram os corpos de pai e filha para o posto avan\u00e7ado do IML em Parna\u00edba.<\/p>\n<p><img decoding=\"async\" class=\"aligncenter size-full wp-image-14248\" src=\"http:\/\/portalnpm.com\/wp-content\/uploads\/2019\/12\/20191202_173942.jpg\" alt=\"\" width=\"581\" height=\"840\" \/><\/p>\n<p><img decoding=\"async\" class=\"aligncenter size-full wp-image-14249\" src=\"http:\/\/portalnpm.com\/wp-content\/uploads\/2019\/12\/20191202_173958.jpg\" alt=\"\" width=\"710\" height=\"440\" \/><\/p>\n<p><strong>Fonte<\/strong>: Meio Norte\u00a0\u00a0com informa\u00e7\u00f5es s\u00e3o do\u00a0Blog do Coveiro.<\/p>\n","protected":false},"excerpt":{"rendered":"<p>Na tarde de domingo (01\/12), um grave acidente resultou na morte de um homem identificado como Manoel Machado da Silva Filho, de 61 anos e da sua filha, Francisca Machado Silva, de 28 anos, deixando ainda outras tr\u00eas pessoas da mesma fam\u00edlia feridas, pr\u00f3ximo ao \u00a0povoado Olho D\u2019\u00e1gua de Fora, zona rural de Cara\u00fabas do &hellip;<\/p>\n","protected":false},"author":8,"featured_media":14250,"comment_status":"open","ping_status":"open","sticky":false,"template":"","format":"standard","meta":{"content-type":"","rop_custom_images_group":[],"rop_custom_messages_group":[],"rop_publish_now":"initial","rop_publish_now_accounts":{"facebook_2648258775420054_1618374048415101":""},"rop_publish_now_history":[],"rop_publish_now_status":"pending","footnotes":"","_jetpack_memberships_contains_paid_content":false},"categories":[145],"tags":[2237,497,1526],"yoast_head":"<!-- This site is optimized with the Yoast SEO plugin v22.3 - https:\/\/yoast.com\/wordpress\/plugins\/seo\/ -->\n<title>Pai e filha morrem ap\u00f3s ve\u00edculo capotar no Norte do Piau\u00ed - Portal NPM<\/title>\n<meta name=\"robots\" content=\"index, follow, max-snippet:-1, max-image-preview:large, max-video-preview:-1\" \/>\n<link rel=\"canonical\" href=\"https:\/\/portalnpm.com\/index.php\/2019\/12\/02\/pai-e-filha-morrem-apos-veiculo-capotar-no-norte-do-piaui\/\" \/>\n<meta property=\"og:locale\" content=\"pt_BR\" \/>\n<meta property=\"og:type\" content=\"article\" \/>\n<meta property=\"og:title\" content=\"Pai e filha morrem ap\u00f3s ve\u00edculo capotar no Norte do Piau\u00ed - Portal NPM\" \/>\n<meta property=\"og:description\" content=\"Na tarde de domingo (01\/12), um grave acidente resultou na morte de um homem identificado como Manoel Machado da Silva Filho, de 61 anos e da sua filha, Francisca Machado Silva, de 28 anos, deixando ainda outras tr\u00eas pessoas da mesma fam\u00edlia feridas, pr\u00f3ximo ao \u00a0povoado Olho D\u2019\u00e1gua de Fora, zona rural de Cara\u00fabas do &hellip;\" \/>\n<meta property=\"og:url\" content=\"https:\/\/portalnpm.com\/index.php\/2019\/12\/02\/pai-e-filha-morrem-apos-veiculo-capotar-no-norte-do-piaui\/\" \/>\n<meta property=\"og:site_name\" content=\"Portal NPM\" \/>\n<meta property=\"article:published_time\" content=\"2019-12-02T20:42:44+00:00\" \/>\n<meta name=\"author\" content=\"Zenilton Lima\" \/>\n<meta name=\"twitter:card\" content=\"summary_large_image\" \/>\n<meta name=\"twitter:label1\" content=\"Escrito por\" \/>\n\t<meta name=\"twitter:data1\" content=\"Zenilton Lima\" \/>\n\t<meta name=\"twitter:label2\" content=\"Est. tempo de leitura\" \/>\n\t<meta name=\"twitter:data2\" content=\"2 minutos\" \/>\n<script type=\"application\/ld+json\" class=\"yoast-schema-graph\">{\"@context\":\"https:\/\/schema.org\",\"@graph\":[{\"@type\":\"WebPage\",\"@id\":\"https:\/\/portalnpm.com\/index.php\/2019\/12\/02\/pai-e-filha-morrem-apos-veiculo-capotar-no-norte-do-piaui\/\",\"url\":\"https:\/\/portalnpm.com\/index.php\/2019\/12\/02\/pai-e-filha-morrem-apos-veiculo-capotar-no-norte-do-piaui\/\",\"name\":\"Pai e filha morrem ap\u00f3s ve\u00edculo capotar no Norte do Piau\u00ed - Portal NPM\",\"isPartOf\":{\"@id\":\"https:\/\/portalnpm.com\/#website\"},\"primaryImageOfPage\":{\"@id\":\"https:\/\/portalnpm.com\/index.php\/2019\/12\/02\/pai-e-filha-morrem-apos-veiculo-capotar-no-norte-do-piaui\/#primaryimage\"},\"image\":{\"@id\":\"https:\/\/portalnpm.com\/index.php\/2019\/12\/02\/pai-e-filha-morrem-apos-veiculo-capotar-no-norte-do-piaui\/#primaryimage\"},\"thumbnailUrl\":\"\",\"datePublished\":\"2019-12-02T20:42:44+00:00\",\"dateModified\":\"2019-12-02T20:42:44+00:00\",\"author\":{\"@id\":\"https:\/\/portalnpm.com\/#\/schema\/person\/35cb55186eae3f074b6783da6d35591e\"},\"breadcrumb\":{\"@id\":\"https:\/\/portalnpm.com\/index.php\/2019\/12\/02\/pai-e-filha-morrem-apos-veiculo-capotar-no-norte-do-piaui\/#breadcrumb\"},\"inLanguage\":\"pt-BR\",\"potentialAction\":[{\"@type\":\"ReadAction\",\"target\":[\"https:\/\/portalnpm.com\/index.php\/2019\/12\/02\/pai-e-filha-morrem-apos-veiculo-capotar-no-norte-do-piaui\/\"]}]},{\"@type\":\"ImageObject\",\"inLanguage\":\"pt-BR\",\"@id\":\"https:\/\/portalnpm.com\/index.php\/2019\/12\/02\/pai-e-filha-morrem-apos-veiculo-capotar-no-norte-do-piaui\/#primaryimage\",\"url\":\"\",\"contentUrl\":\"\"},{\"@type\":\"BreadcrumbList\",\"@id\":\"https:\/\/portalnpm.com\/index.php\/2019\/12\/02\/pai-e-filha-morrem-apos-veiculo-capotar-no-norte-do-piaui\/#breadcrumb\",\"itemListElement\":[{\"@type\":\"ListItem\",\"position\":1,\"name\":\"In\u00edcio\",\"item\":\"https:\/\/portalnpm.com\/\"},{\"@type\":\"ListItem\",\"position\":2,\"name\":\"Pai e filha morrem ap\u00f3s ve\u00edculo capotar no Norte do Piau\u00ed\"}]},{\"@type\":\"WebSite\",\"@id\":\"https:\/\/portalnpm.com\/#website\",\"url\":\"https:\/\/portalnpm.com\/\",\"name\":\"Portal NPM\",\"description\":\"Not\u00edcias em Primeira M\u00e3o\",\"potentialAction\":[{\"@type\":\"SearchAction\",\"target\":{\"@type\":\"EntryPoint\",\"urlTemplate\":\"https:\/\/portalnpm.com\/?s={search_term_string}\"},\"query-input\":\"required name=search_term_string\"}],\"inLanguage\":\"pt-BR\"},{\"@type\":\"Person\",\"@id\":\"https:\/\/portalnpm.com\/#\/schema\/person\/35cb55186eae3f074b6783da6d35591e\",\"name\":\"Zenilton Lima\",\"image\":{\"@type\":\"ImageObject\",\"inLanguage\":\"pt-BR\",\"@id\":\"https:\/\/portalnpm.com\/#\/schema\/person\/image\/\",\"url\":\"https:\/\/portalnpm.com\/wp-content\/uploads\/2024\/12\/avatar_user_8_1733658137-96x96.jpeg\",\"contentUrl\":\"https:\/\/portalnpm.com\/wp-content\/uploads\/2024\/12\/avatar_user_8_1733658137-96x96.jpeg\",\"caption\":\"Zenilton Lima\"},\"url\":\"https:\/\/portalnpm.com\/index.php\/author\/zenilton\/\"}]}<\/script>\n<!-- \/ Yoast SEO plugin. -->","yoast_head_json":{"title":"Pai e filha morrem ap\u00f3s ve\u00edculo capotar no Norte do Piau\u00ed - Portal NPM","robots":{"index":"index","follow":"follow","max-snippet":"max-snippet:-1","max-image-preview":"max-image-preview:large","max-video-preview":"max-video-preview:-1"},"canonical":"https:\/\/portalnpm.com\/index.php\/2019\/12\/02\/pai-e-filha-morrem-apos-veiculo-capotar-no-norte-do-piaui\/","og_locale":"pt_BR","og_type":"article","og_title":"Pai e filha morrem ap\u00f3s ve\u00edculo capotar no Norte do Piau\u00ed - Portal NPM","og_description":"Na tarde de domingo (01\/12), um grave acidente resultou na morte de um homem identificado como Manoel Machado da Silva Filho, de 61 anos e da sua filha, Francisca Machado Silva, de 28 anos, deixando ainda outras tr\u00eas pessoas da mesma fam\u00edlia feridas, pr\u00f3ximo ao \u00a0povoado Olho D\u2019\u00e1gua de Fora, zona rural de Cara\u00fabas do &hellip;","og_url":"https:\/\/portalnpm.com\/index.php\/2019\/12\/02\/pai-e-filha-morrem-apos-veiculo-capotar-no-norte-do-piaui\/","og_site_name":"Portal NPM","article_published_time":"2019-12-02T20:42:44+00:00","author":"Zenilton Lima","twitter_card":"summary_large_image","twitter_misc":{"Escrito por":"Zenilton Lima","Est. tempo de leitura":"2 minutos"},"schema":{"@context":"https:\/\/schema.org","@graph":[{"@type":"WebPage","@id":"https:\/\/portalnpm.com\/index.php\/2019\/12\/02\/pai-e-filha-morrem-apos-veiculo-capotar-no-norte-do-piaui\/","url":"https:\/\/portalnpm.com\/index.php\/2019\/12\/02\/pai-e-filha-morrem-apos-veiculo-capotar-no-norte-do-piaui\/","name":"Pai e filha morrem ap\u00f3s ve\u00edculo capotar no Norte do Piau\u00ed - Portal NPM","isPartOf":{"@id":"https:\/\/portalnpm.com\/#website"},"primaryImageOfPage":{"@id":"https:\/\/portalnpm.com\/index.php\/2019\/12\/02\/pai-e-filha-morrem-apos-veiculo-capotar-no-norte-do-piaui\/#primaryimage"},"image":{"@id":"https:\/\/portalnpm.com\/index.php\/2019\/12\/02\/pai-e-filha-morrem-apos-veiculo-capotar-no-norte-do-piaui\/#primaryimage"},"thumbnailUrl":"","datePublished":"2019-12-02T20:42:44+00:00","dateModified":"2019-12-02T20:42:44+00:00","author":{"@id":"https:\/\/portalnpm.com\/#\/schema\/person\/35cb55186eae3f074b6783da6d35591e"},"breadcrumb":{"@id":"https:\/\/portalnpm.com\/index.php\/2019\/12\/02\/pai-e-filha-morrem-apos-veiculo-capotar-no-norte-do-piaui\/#breadcrumb"},"inLanguage":"pt-BR","potentialAction":[{"@type":"ReadAction","target":["https:\/\/portalnpm.com\/index.php\/2019\/12\/02\/pai-e-filha-morrem-apos-veiculo-capotar-no-norte-do-piaui\/"]}]},{"@type":"ImageObject","inLanguage":"pt-BR","@id":"https:\/\/portalnpm.com\/index.php\/2019\/12\/02\/pai-e-filha-morrem-apos-veiculo-capotar-no-norte-do-piaui\/#primaryimage","url":"","contentUrl":""},{"@type":"BreadcrumbList","@id":"https:\/\/portalnpm.com\/index.php\/2019\/12\/02\/pai-e-filha-morrem-apos-veiculo-capotar-no-norte-do-piaui\/#breadcrumb","itemListElement":[{"@type":"ListItem","position":1,"name":"In\u00edcio","item":"https:\/\/portalnpm.com\/"},{"@type":"ListItem","position":2,"name":"Pai e filha morrem ap\u00f3s ve\u00edculo capotar no Norte do Piau\u00ed"}]},{"@type":"WebSite","@id":"https:\/\/portalnpm.com\/#website","url":"https:\/\/portalnpm.com\/","name":"Portal NPM","description":"Not\u00edcias em Primeira M\u00e3o","potentialAction":[{"@type":"SearchAction","target":{"@type":"EntryPoint","urlTemplate":"https:\/\/portalnpm.com\/?s={search_term_string}"},"query-input":"required name=search_term_string"}],"inLanguage":"pt-BR"},{"@type":"Person","@id":"https:\/\/portalnpm.com\/#\/schema\/person\/35cb55186eae3f074b6783da6d35591e","name":"Zenilton Lima","image":{"@type":"ImageObject","inLanguage":"pt-BR","@id":"https:\/\/portalnpm.com\/#\/schema\/person\/image\/","url":"https:\/\/portalnpm.com\/wp-content\/uploads\/2024\/12\/avatar_user_8_1733658137-96x96.jpeg","contentUrl":"https:\/\/portalnpm.com\/wp-content\/uploads\/2024\/12\/avatar_user_8_1733658137-96x96.jpeg","caption":"Zenilton Lima"},"url":"https:\/\/portalnpm.com\/index.php\/author\/zenilton\/"}]}},"jetpack_sharing_enabled":true,"jetpack_featured_media_url":"","_links":{"self":[{"href":"https:\/\/portalnpm.com\/index.php\/wp-json\/wp\/v2\/posts\/14246"}],"collection":[{"href":"https:\/\/portalnpm.com\/index.php\/wp-json\/wp\/v2\/posts"}],"about":[{"href":"https:\/\/portalnpm.com\/index.php\/wp-json\/wp\/v2\/types\/post"}],"author":[{"embeddable":true,"href":"https:\/\/portalnpm.com\/index.php\/wp-json\/wp\/v2\/users\/8"}],"replies":[{"embeddable":true,"href":"https:\/\/portalnpm.com\/index.php\/wp-json\/wp\/v2\/comments?post=14246"}],"version-history":[{"count":0,"href":"https:\/\/portalnpm.com\/index.php\/wp-json\/wp\/v2\/posts\/14246\/revisions"}],"wp:featuredmedia":[{"embeddable":true,"href":"https:\/\/portalnpm.com\/index.php\/wp-json\/"}],"wp:attachment":[{"href":"https:\/\/portalnpm.com\/index.php\/wp-json\/wp\/v2\/media?parent=14246"}],"wp:term":[{"taxonomy":"category","embeddable":true,"href":"https:\/\/portalnpm.com\/index.php\/wp-json\/wp\/v2\/categories?post=14246"},{"taxonomy":"post_tag","embeddable":true,"href":"https:\/\/portalnpm.com\/index.php\/wp-json\/wp\/v2\/tags?post=14246"}],"curies":[{"name":"wp","href":"https:\/\/api.w.org\/{rel}","templated":true}]}}